{"id":20710,"date":"2020-11-28T19:19:50","date_gmt":"2020-11-28T18:19:50","guid":{"rendered":"http:\/\/lignesauto.fr\/?p=20710"},"modified":"2020-11-28T19:19:50","modified_gmt":"2020-11-28T18:19:50","slug":"celine-manetta-designer-citroen-les-ailes-de-la-passion","status":"publish","type":"post","link":"https:\/\/lignesauto.fr\/?p=20710","title":{"rendered":"C\u00e9line Manetta, designer Citro\u00ebn : les ailes de la passion"},"content":{"rendered":"\n<figure class=\"wp-block-image size-large is-resized\"><img loading=\"lazy\" decoding=\"async\" src=\"http:\/\/lignesauto.fr\/wp-content\/uploads\/2018\/10\/LOGOActus_BD-1024x367.jpg\" alt=\"\" class=\"wp-image-4921\" width=\"443\" height=\"158\" srcset=\"https:\/\/lignesauto.fr\/wp-content\/uploads\/2018\/10\/LOGOActus_BD-1024x367.jpg 1024w, https:\/\/lignesauto.fr\/wp-content\/uploads\/2018\/10\/LOGOActus_BD-300x108.jpg 300w, https:\/\/lignesauto.fr\/wp-content\/uploads\/2018\/10\/LOGOActus_BD-768x276.jpg 768w, https:\/\/lignesauto.fr\/wp-content\/uploads\/2018\/10\/LOGOActus_BD-370x133.jpg 370w, https:\/\/lignesauto.fr\/wp-content\/uploads\/2018\/10\/LOGOActus_BD-1040x373.jpg 1040w, https:\/\/lignesauto.fr\/wp-content\/uploads\/2018\/10\/LOGOActus_BD.jpg 1240w\" sizes=\"(max-width: 443px) 100vw, 443px\" \/><\/figure>\n\n\n\n<p style=\"font-size:18px\">Ils sont nombreux les designers automobiles \u00e0 vouer une passion ind\u00e9fectible pour le monde de l\u2019aviation. Mais une femme vole au-dessus de ces messieurs, exer\u00e7ant son art de peintre de l\u2019air et de l\u2019espace, aujourd\u2019hui adoub\u00e9 par l\u2019Arm\u00e9e de l\u2019Air. De son travail, il ressort une \u00e9motion et une atmosph\u00e8re qui ne peut que s\u00e9duire. Toujours en mouvement, comme le sujet de ses toiles, C\u00e9line met son \u00e9nergie chaque semaine dans son premier m\u00e9tier de \u00ab&nbsp;senior designer int\u00e9rieur&nbsp;\u00bb chez Citro\u00ebn.<\/p>\n\n\n\n<figure class=\"wp-block-image size-large\"><img loading=\"lazy\" decoding=\"async\" width=\"738\" height=\"1024\" src=\"http:\/\/lignesauto.fr\/wp-content\/uploads\/2020\/11\/LIGNESMANETTA_102-738x1024.png\" alt=\"\" class=\"wp-image-20718\" srcset=\"https:\/\/lignesauto.fr\/wp-content\/uploads\/2020\/11\/LIGNESMANETTA_102-738x1024.png 738w, https:\/\/lignesauto.fr\/wp-content\/uploads\/2020\/11\/LIGNESMANETTA_102-216x300.png 216w, https:\/\/lignesauto.fr\/wp-content\/uploads\/2020\/11\/LIGNESMANETTA_102-768x1066.png 768w, https:\/\/lignesauto.fr\/wp-content\/uploads\/2020\/11\/LIGNESMANETTA_102-1107x1536.png 1107w, https:\/\/lignesauto.fr\/wp-content\/uploads\/2020\/11\/LIGNESMANETTA_102.png 1417w\" sizes=\"(max-width: 738px) 100vw, 738px\" \/><\/figure>\n\n\n\n<p style=\"font-size:18px\"><strong>LIGNES\/auto&nbsp;: Votre passion automobile remonte-t-elle \u00e0 votre enfance&nbsp;?<\/strong><br>C\u00e9line Manetta&nbsp;: Ma passion remonte sans doute \u00e0 l\u2019\u00e2ge des jouets&nbsp;! Je n\u2019avais pas de Barbie, je jouais avec des Meccano (ci-dessous) ou les trains HO de mon p\u00e8re, qui a poss\u00e9d\u00e9 une Panhard PL17. Mais j\u2019ai toujours aim\u00e9 les voitures. Je me souviens m\u00eame avoir particip\u00e9 et gagn\u00e9 \u00e0 un concours de dessins dans AUTOplus quand j\u2019\u00e9tais adolescente&#8230;<\/p>\n\n\n\n<figure class=\"wp-block-image size-large\"><img loading=\"lazy\" decoding=\"async\" width=\"1024\" height=\"850\" src=\"http:\/\/lignesauto.fr\/wp-content\/uploads\/2020\/11\/LIGNESMANETTA_00-1024x850.png\" alt=\"\" class=\"wp-image-20719\" srcset=\"https:\/\/lignesauto.fr\/wp-content\/uploads\/2020\/11\/LIGNESMANETTA_00-1024x850.png 1024w, https:\/\/lignesauto.fr\/wp-content\/uploads\/2020\/11\/LIGNESMANETTA_00-300x249.png 300w, https:\/\/lignesauto.fr\/wp-content\/uploads\/2020\/11\/LIGNESMANETTA_00-768x637.png 768w, https:\/\/lignesauto.fr\/wp-content\/uploads\/2020\/11\/LIGNESMANETTA_00.png 1417w\" sizes=\"(max-width: 1024px) 100vw, 1024px\" \/><\/figure>\n\n\n\n<p style=\"font-size:18px\"><strong>Vos dipl\u00f4mes en poche &#8211; bac Arts Appliqu\u00e9s et BTS esth\u00e9tique industrielle &#8211; vous voulez rapidement entrer dans le monde du travail&#8230;<\/strong><br>C.M.&nbsp;: Apr\u00e8s le BTS, je voulais arr\u00eater les \u00e9tudes pour entrer dans le concret. J\u2019ai envoy\u00e9 une lettre pour un entretien chez PSA, mais j\u2019ai re\u00e7u une r\u00e9ponse n\u00e9gative&#8230; Je me suis dit mince, c\u2019est trop t\u00f4t. Alors j\u2019ai cherch\u00e9 un stage chez Renault et j\u2019ai rencontr\u00e9 Jean-Fran\u00e7ois Venet \u00e0 cette occasion. Il \u00e9tait plut\u00f4t enthousiasm\u00e9 par ma d\u00e9marche et m\u2019a ouvert les portes dans la foul\u00e9e. Sauf qu\u2019un stagiaire doit \u00eatre \u00e9tudiant, et moi, je n\u2019\u00e9tais plus \u00e9tudiante&nbsp;!<\/p>\n\n\n\n<figure class=\"wp-block-image size-large\"><img loading=\"lazy\" decoding=\"async\" width=\"1024\" height=\"697\" src=\"http:\/\/lignesauto.fr\/wp-content\/uploads\/2020\/11\/LIGNESMANETTA_14-1024x697.jpg\" alt=\"\" class=\"wp-image-20721\" srcset=\"https:\/\/lignesauto.fr\/wp-content\/uploads\/2020\/11\/LIGNESMANETTA_14-1024x697.jpg 1024w, https:\/\/lignesauto.fr\/wp-content\/uploads\/2020\/11\/LIGNESMANETTA_14-300x204.jpg 300w, https:\/\/lignesauto.fr\/wp-content\/uploads\/2020\/11\/LIGNESMANETTA_14-768x523.jpg 768w, https:\/\/lignesauto.fr\/wp-content\/uploads\/2020\/11\/LIGNESMANETTA_14.jpg 1417w\" sizes=\"(max-width: 1024px) 100vw, 1024px\" \/><figcaption><strong>Jean-Fran\u00e7ois Venet, \u00e0 gauche, lors de l&#8217;\u00e9tude du concept Renault ARGOS<\/strong><\/figcaption><\/figure>\n\n\n\n<p style=\"font-size:18px\"><strong>Et donc, retour \u00e0 la case universitaire&nbsp;!<\/strong><br>C.M. : J\u2019ai sollicit\u00e9 le directeur de l\u2019Institut Europ\u00e9en du Design pour demander \u00e0 passer le dipl\u00f4me d&#8217;\u00e9tude sup\u00e9rieure de concepteur designer, m\u00eame si j\u2019avais six mois de scolarit\u00e9 en retard ! J\u2019ai rattrap\u00e9 ce temps perdu en bossant dur et j\u2019ai pu finaliser mon stage chez Renault.<\/p>\n\n\n\n<p style=\"font-size:18px\"><strong>Forc\u00e9ment, c\u2019est un endroit magique avec des personnages qui le sont tout autant&nbsp;?<\/strong><br>C.M.&nbsp;: J\u2019\u00e9tais au Design Avanc\u00e9 \u00e0 Boulogne Billancourt au milieu de pointures&nbsp;: Jean-Pierre Plou\u00e9, Anne Asensio, Alexandre Malval, Axel Breun ou d\u2019autres encore, comme Thierry Metroz&#8230;<\/p>\n\n\n\n<figure class=\"wp-block-image size-large\"><img loading=\"lazy\" decoding=\"async\" width=\"1024\" height=\"402\" src=\"http:\/\/lignesauto.fr\/wp-content\/uploads\/2020\/11\/LIGNESMANETTA_100-1024x402.png\" alt=\"\" class=\"wp-image-20723\" srcset=\"https:\/\/lignesauto.fr\/wp-content\/uploads\/2020\/11\/LIGNESMANETTA_100-1024x402.png 1024w, https:\/\/lignesauto.fr\/wp-content\/uploads\/2020\/11\/LIGNESMANETTA_100-300x118.png 300w, https:\/\/lignesauto.fr\/wp-content\/uploads\/2020\/11\/LIGNESMANETTA_100-768x301.png 768w, https:\/\/lignesauto.fr\/wp-content\/uploads\/2020\/11\/LIGNESMANETTA_100.png 1417w\" sizes=\"(max-width: 1024px) 100vw, 1024px\" \/><figcaption><strong>La dualit\u00e9 entre le mouvement et la pl\u00e9nitude caract\u00e9rise le Japon o\u00f9 C\u00e9line est partie chercher &#8220;du travail&#8221; !<\/strong><\/figcaption><\/figure>\n\n\n\n<p style=\"font-size:18px\"><strong>Un stage qui ne d\u00e9bouche pourtant pas sur un emploi&nbsp;?<\/strong><br>C.M.&nbsp;: Apr\u00e8s mon stage, j\u2019ai termin\u00e9 mon dipl\u00f4me, et puisque de toute fa\u00e7on je n\u2019avais pas la possibilit\u00e9 de mettre en avant ma petite exp\u00e9rience de designer automobile, je d\u00e9cide de r\u00e9aliser un beau voyage&nbsp;: un aller-retour au Japon&nbsp;! (ci-dessus)<\/p>\n\n\n\n<p style=\"font-size:18px\"><strong>Pour changer de m\u00e9tier ou d\u00e9compresser&nbsp;?<\/strong><br>C.M. : Non, pour trouver un travail ! C\u2019\u00e9tait mon r\u00eave d\u2019aller en Asie, je voulais vivre l\u00e0-bas. J\u2019y suis all\u00e9e sans m\u00eame avoir \u00e9crit un courrier, car je savais que la r\u00e9ponse aurait \u00e9t\u00e9 n\u00e9gative. A l\u2019\u00e9poque, la mentalit\u00e9 dans le milieu \u00e9tait assez masculine, ce qui commence \u00e0 changer. Alors je suis all\u00e9e directement frapper \u00e0 la porte du studio de Mercedes \u00e0 Yokohama. Ma chance a \u00e9t\u00e9 de rencontrer Olivier Boulay qui dirigeait ce studio. Il a \u00e9t\u00e9 totalement stup\u00e9fait de ma d\u00e9marche et a m\u00eame dout\u00e9 lorsqu\u2019il m\u2019a vue d\u00e9bouler avec mon petit portfolio dans son bureau !<\/p>\n\n\n\n<figure class=\"wp-block-image size-large\"><img loading=\"lazy\" decoding=\"async\" width=\"1024\" height=\"576\" src=\"http:\/\/lignesauto.fr\/wp-content\/uploads\/2020\/11\/LIGNESMANETTA_15-1024x576.jpg\" alt=\"\" class=\"wp-image-20725\" srcset=\"https:\/\/lignesauto.fr\/wp-content\/uploads\/2020\/11\/LIGNESMANETTA_15-1024x576.jpg 1024w, https:\/\/lignesauto.fr\/wp-content\/uploads\/2020\/11\/LIGNESMANETTA_15-300x169.jpg 300w, https:\/\/lignesauto.fr\/wp-content\/uploads\/2020\/11\/LIGNESMANETTA_15-768x432.jpg 768w, https:\/\/lignesauto.fr\/wp-content\/uploads\/2020\/11\/LIGNESMANETTA_15.jpg 1417w\" sizes=\"(max-width: 1024px) 100vw, 1024px\" \/><figcaption><strong>Le centre de design Mercedes \u00e0 Sindelfingen<\/strong><\/figcaption><\/figure>\n\n\n\n<p style=\"font-size:18px\"><strong>Quel culot&nbsp;! Et \u00e7a d\u00e9bouche sur quoi&nbsp;?<\/strong><br>C.M.&nbsp;: Il m\u2019a expliqu\u00e9 que ce n\u2019\u00e9tait pas possible de m\u2019embaucher ici, au Japon, car justement Mercedes avait implant\u00e9 ce centre de style pour s\u2019impr\u00e9gner de la culture locale. Ils n\u2019embauchaient que des japonais. Mais Olivier Boulay a quand m\u00eame transmis mon CV \u00e0 la maison m\u00e8re, en me disant qu\u2019il fallait d\u2019abord que je d\u00e9couvre la culture Mercedes avec au moins deux ans \u00e0 Stuttgart. Personnellement, je n\u2019y croyais pas trop&#8230;<\/p>\n\n\n\n<p style=\"font-size:18px\"><strong>Et \u00e7a a finalement fonctionn\u00e9&nbsp;?<\/strong><br>C.M.&nbsp;: Et oui&nbsp;! J\u2019ai \u00e9t\u00e9 appel\u00e9e par la maison m\u00e8re pour un entretien&nbsp;! Ils me confirment qu\u2019ils ont \u00e9dit\u00e9 un contrat et que je pouvais commencer \u00e0 travailler avec eux, d\u2019abord dans les anciens locaux du style, puis au c\u0153ur des studios modernes de Sindelfingen. J\u2019\u00e9tais dans le d\u00e9partement des concept-cars. J\u2019y suis rest\u00e9e de 1996 \u00e0 1998, date \u00e0 laquelle j\u2019ai rejoint le studio de design int\u00e9rieur \u00e0 C\u00f4me en Italie jusqu\u2019en 2000.<\/p>\n\n\n\n<figure class=\"wp-block-image size-large\"><img loading=\"lazy\" decoding=\"async\" width=\"1024\" height=\"683\" src=\"http:\/\/lignesauto.fr\/wp-content\/uploads\/2020\/11\/LIGNESMANETTA_03-1024x683.jpg\" alt=\"\" class=\"wp-image-20729\" srcset=\"https:\/\/lignesauto.fr\/wp-content\/uploads\/2020\/11\/LIGNESMANETTA_03-1024x683.jpg 1024w, https:\/\/lignesauto.fr\/wp-content\/uploads\/2020\/11\/LIGNESMANETTA_03-300x200.jpg 300w, https:\/\/lignesauto.fr\/wp-content\/uploads\/2020\/11\/LIGNESMANETTA_03-768x512.jpg 768w, https:\/\/lignesauto.fr\/wp-content\/uploads\/2020\/11\/LIGNESMANETTA_03.jpg 1417w\" sizes=\"(max-width: 1024px) 100vw, 1024px\" \/><\/figure>\n\n\n\n<p style=\"font-size:18px\"><strong>1996 marque donc le d\u00e9but v\u00e9ritable de votre carri\u00e8re de designer&nbsp;?<\/strong><br>C.M.&nbsp;: Oui, c\u2019\u00e9tait mon premier job de designer. Mais je regrette de n\u2019avoir pas fait suffisamment d\u2019ann\u00e9es dans le d\u00e9partement style des voitures de production chez Mercedes. J\u2019aurais aim\u00e9 emmagasiner plus d\u2019exp\u00e9rience chez eux. C\u2019est vrai que les deux derni\u00e8res ann\u00e9es Mercedes en Italie \u00e9taient sympathiques. C\u2019est en Italie que j\u2019ai fait la connaissance de mon mari, mais l\u00e0-bas, l\u2019ambiance de travail n\u2019avait rien \u00e0 voir avec celle, tr\u00e8s rigoureuse, de l\u2019Allemagne&nbsp;! J\u2019avais envie de rentrer en France.<\/p>\n\n\n\n<p style=\"font-size:18px\"><strong>Et vous repoussez \u00e0 nouveau la porte du groupe PSA\u00a0?!<\/strong><br>C.M.\u00a0: Oui, en 2000 j\u2019ai pass\u00e9 un entretien avec G\u00e9rard Welter. Le courant est pass\u00e9 imm\u00e9diatement entre nous car j\u2019avais \u00e9tudi\u00e9 dans le m\u00eame lyc\u00e9e que lui, au Gu\u00e9 \u00e0 Tresmes (ci-dessous, G\u00e9rard Welter lorsqu&#8217;il est retourn\u00e9 au lyc\u00e9e Gu\u00e9 \u00e0 Tresmes, vers Meaux) Comme Sylvain Henry. C\u2019est certain que cela a jou\u00e9 en ma faveur. Et en plus, G\u00e9rard \u00e9tait un fan de Mercedes, et lorsqu\u2019il a vu mon CV, il m\u2019a donn\u00e9 ma chance.<\/p>\n\n\n\n<figure class=\"wp-block-image size-large\"><img loading=\"lazy\" decoding=\"async\" width=\"1024\" height=\"680\" src=\"http:\/\/lignesauto.fr\/wp-content\/uploads\/2020\/11\/LIGNESMANETTA_04-1024x680.jpg\" alt=\"\" class=\"wp-image-20728\" srcset=\"https:\/\/lignesauto.fr\/wp-content\/uploads\/2020\/11\/LIGNESMANETTA_04-1024x680.jpg 1024w, https:\/\/lignesauto.fr\/wp-content\/uploads\/2020\/11\/LIGNESMANETTA_04-300x199.jpg 300w, https:\/\/lignesauto.fr\/wp-content\/uploads\/2020\/11\/LIGNESMANETTA_04-768x510.jpg 768w, https:\/\/lignesauto.fr\/wp-content\/uploads\/2020\/11\/LIGNESMANETTA_04.jpg 1417w\" sizes=\"(max-width: 1024px) 100vw, 1024px\" \/><\/figure>\n\n\n\n<p style=\"font-size:18px\"><strong>Quel genre de patron \u00e9tait-il pour vous&nbsp;?<\/strong><br>C.M.&nbsp;: G\u00e9rard \u00e9tait assez dur. Tout le monde le craignait un peu car il avait tout appris sur le tas, c\u2019est quelqu\u2019un qui savait de quoi il parlait. Mais l\u2019ambiance \u00e0 la Garenne, avant de basculer \u00e0 l\u2019ADN de V\u00e9lizy, \u00e9tait extraordinaire. On avait l\u00e0-bas tous les corps de m\u00e9tier, de la plasturgie \u00e0 la t\u00f4lerie, tous ces m\u00e9tiers qu\u2019on a depuis sous-trait\u00e9s&#8230; On a perdu ce savoir-faire. Chez Peugeot, j\u2019ai entre autres sign\u00e9 l\u2019int\u00e9rieur du concept-car 907. (ci-dessous)<\/p>\n\n\n\n<figure class=\"wp-block-image size-large\"><img loading=\"lazy\" decoding=\"async\" width=\"1024\" height=\"721\" src=\"http:\/\/lignesauto.fr\/wp-content\/uploads\/2020\/11\/LIGNESMANETTA_06-1024x721.jpg\" alt=\"\" class=\"wp-image-20732\" srcset=\"https:\/\/lignesauto.fr\/wp-content\/uploads\/2020\/11\/LIGNESMANETTA_06-1024x721.jpg 1024w, https:\/\/lignesauto.fr\/wp-content\/uploads\/2020\/11\/LIGNESMANETTA_06-300x211.jpg 300w, https:\/\/lignesauto.fr\/wp-content\/uploads\/2020\/11\/LIGNESMANETTA_06-768x541.jpg 768w, https:\/\/lignesauto.fr\/wp-content\/uploads\/2020\/11\/LIGNESMANETTA_06.jpg 1417w\" sizes=\"(max-width: 1024px) 100vw, 1024px\" \/><\/figure>\n\n\n\n<p style=\"font-size:18px\"><strong>2000-2020, vous venez de c\u00e9l\u00e9brer vos 20 ans chez PSA&nbsp;?!<\/strong><br>C.M.&nbsp;: En 20 ans, j\u2019aurais travaill\u00e9 pour les trois marques, Peugeot, DS et Citro\u00ebn. Depuis 2007 je suis Citro\u00ebn en tant que s\u00e9nior designer int\u00e9rieur&nbsp;o\u00f9 j\u2019ai pu r\u00e9aliser l\u2019int\u00e9rieur de la C5 Airscape avec sa sellerie en bracelet de montre que DS en collaboration avec les selliers r\u00e9utilisera par la suite&#8230; (ci-dessous)<\/p>\n\n\n\n<figure class=\"wp-block-image size-large\"><img loading=\"lazy\" decoding=\"async\" width=\"1024\" height=\"768\" src=\"http:\/\/lignesauto.fr\/wp-content\/uploads\/2020\/11\/LIGNESMANETTA_02-1024x768.jpg\" alt=\"\" class=\"wp-image-20734\" srcset=\"https:\/\/lignesauto.fr\/wp-content\/uploads\/2020\/11\/LIGNESMANETTA_02-1024x768.jpg 1024w, https:\/\/lignesauto.fr\/wp-content\/uploads\/2020\/11\/LIGNESMANETTA_02-300x225.jpg 300w, https:\/\/lignesauto.fr\/wp-content\/uploads\/2020\/11\/LIGNESMANETTA_02-768x576.jpg 768w, https:\/\/lignesauto.fr\/wp-content\/uploads\/2020\/11\/LIGNESMANETTA_02.jpg 1417w\" sizes=\"(max-width: 1024px) 100vw, 1024px\" \/><\/figure>\n\n\n\n<p style=\"font-size:18px\">J&#8217;ai \u00e9galement r\u00e9alis\u00e9 l&#8217;int\u00e9rieur du C-Aircross (ci-dessous) et de son d\u00e9riv\u00e9 s\u00e9rie C3 Aircross, ou encore celui du Berlingo. Sans compter toutes les \u00e9tudes qui n\u2019ont pas abouti. On reste une toute petite \u00e9quipe de sept personnes au design int\u00e9rieur, alors on est sur la br\u00e8che tous les jours&nbsp;!<\/p>\n\n\n\n<figure class=\"wp-block-image size-large\"><img loading=\"lazy\" decoding=\"async\" width=\"1024\" height=\"571\" src=\"http:\/\/lignesauto.fr\/wp-content\/uploads\/2020\/11\/LIGNESMANETTA-1024x571.jpg\" alt=\"\" class=\"wp-image-20735\" srcset=\"https:\/\/lignesauto.fr\/wp-content\/uploads\/2020\/11\/LIGNESMANETTA-1024x571.jpg 1024w, https:\/\/lignesauto.fr\/wp-content\/uploads\/2020\/11\/LIGNESMANETTA-300x167.jpg 300w, https:\/\/lignesauto.fr\/wp-content\/uploads\/2020\/11\/LIGNESMANETTA-768x428.jpg 768w, https:\/\/lignesauto.fr\/wp-content\/uploads\/2020\/11\/LIGNESMANETTA.jpg 1417w\" sizes=\"(max-width: 1024px) 100vw, 1024px\" \/><\/figure>\n\n\n\n<p style=\"font-size:18px\"><strong>Et vous avez une&#8230; seconde vie&nbsp;: artiste peintre pour l\u2019arm\u00e9e de l\u2019Air&nbsp;!<\/strong><br>C.M.&nbsp;: Je cr\u00e9e des toiles depuis au moins dix ans, voire plus&nbsp;! j\u2019ai commenc\u00e9 par peindre des voitures, et mes toiles sont en exposition permanente sous le nom de GIO \u00e0 la galerie Vitesse \u00e0 Paris, rue de Berry (<a href=\"http:\/\/galerievitesse.fr\/les-artistes\/\">http:\/\/galerievitesse.fr\/les-artistes\/<\/a>). Mais j\u2019adore aussi la forme des vieux avions,&nbsp;au m\u00eame titre que j\u2019admire celles des voitures anciennes, celles qu\u2019on appelle les <em>Classiques<\/em>.<\/p>\n\n\n\n<figure class=\"wp-block-image size-large\"><img loading=\"lazy\" decoding=\"async\" width=\"1010\" height=\"1024\" src=\"http:\/\/lignesauto.fr\/wp-content\/uploads\/2020\/11\/LIGNESMANETTA_17-1010x1024.jpg\" alt=\"\" class=\"wp-image-20737\" srcset=\"https:\/\/lignesauto.fr\/wp-content\/uploads\/2020\/11\/LIGNESMANETTA_17-1010x1024.jpg 1010w, https:\/\/lignesauto.fr\/wp-content\/uploads\/2020\/11\/LIGNESMANETTA_17-296x300.jpg 296w, https:\/\/lignesauto.fr\/wp-content\/uploads\/2020\/11\/LIGNESMANETTA_17-768x779.jpg 768w, https:\/\/lignesauto.fr\/wp-content\/uploads\/2020\/11\/LIGNESMANETTA_17.jpg 1417w\" sizes=\"(max-width: 1010px) 100vw, 1010px\" \/><\/figure>\n\n\n\n<p style=\"font-size:18px\">J\u2019ai commenc\u00e9 \u00e0 aller au salon du Bourget, puis \u00e0 des meetings a\u00e9riens. J\u2019ai m\u00eame emmen\u00e9 mon fils \u00e0 qui j\u2019ai pass\u00e9 le virus&nbsp;: il est pilote \u00e0 18 ans et veut entrer dans l\u2019arm\u00e9e de l\u2019Air&nbsp;!<\/p>\n\n\n\n<figure class=\"wp-block-image size-large\"><img loading=\"lazy\" decoding=\"async\" width=\"1024\" height=\"1012\" src=\"http:\/\/lignesauto.fr\/wp-content\/uploads\/2020\/11\/LIGNESMANETTA_16-1024x1012.jpg\" alt=\"\" class=\"wp-image-20738\" srcset=\"https:\/\/lignesauto.fr\/wp-content\/uploads\/2020\/11\/LIGNESMANETTA_16-1024x1012.jpg 1024w, https:\/\/lignesauto.fr\/wp-content\/uploads\/2020\/11\/LIGNESMANETTA_16-300x296.jpg 300w, https:\/\/lignesauto.fr\/wp-content\/uploads\/2020\/11\/LIGNESMANETTA_16-768x759.jpg 768w, https:\/\/lignesauto.fr\/wp-content\/uploads\/2020\/11\/LIGNESMANETTA_16.jpg 1417w\" sizes=\"(max-width: 1024px) 100vw, 1024px\" \/><\/figure>\n\n\n\n<p style=\"font-size:18px\"><strong>Comment acc\u00e8de-t-on au m\u00e9tier de peintre pour l\u2019arm\u00e9e de l\u2019air ?<\/strong><br>C.M.\u00a0: C\u2019est un concours ouvert \u00e0 tous. Il faut exposer ses travaux, qu\u2019il soient des sculptures, des toiles ou des photos. On monte alors un dossier et on est rappel\u00e9 pour proposer deux \u0153uvres physiques devant un jury. Lors de ma pr\u00e9sentation en 2019, j\u2019ai propos\u00e9 une petite aquarelle et une huile sur toile aux dimensions g\u00e9n\u00e9reuses de 50 x 100 afin de mettre toutes les chances de mon c\u00f4t\u00e9.<\/p>\n\n\n\n<figure class=\"wp-block-image size-large\"><img loading=\"lazy\" decoding=\"async\" width=\"1021\" height=\"1024\" src=\"http:\/\/lignesauto.fr\/wp-content\/uploads\/2020\/11\/LIGNESMANETTA_08-1021x1024.jpg\" alt=\"\" class=\"wp-image-20739\" srcset=\"https:\/\/lignesauto.fr\/wp-content\/uploads\/2020\/11\/LIGNESMANETTA_08-1021x1024.jpg 1021w, https:\/\/lignesauto.fr\/wp-content\/uploads\/2020\/11\/LIGNESMANETTA_08-300x300.jpg 300w, https:\/\/lignesauto.fr\/wp-content\/uploads\/2020\/11\/LIGNESMANETTA_08-150x150.jpg 150w, https:\/\/lignesauto.fr\/wp-content\/uploads\/2020\/11\/LIGNESMANETTA_08-768x770.jpg 768w, https:\/\/lignesauto.fr\/wp-content\/uploads\/2020\/11\/LIGNESMANETTA_08.jpg 1417w\" sizes=\"(max-width: 1021px) 100vw, 1021px\" \/><\/figure>\n\n\n\n<p style=\"font-size:18px\"><strong>Et r\u00e9sultat&#8230;<\/strong><br>C.M.&nbsp;: J\u2019ai \u00e9t\u00e9 re\u00e7ue en 2019. C\u2019est un contrat renouvelable et on repr\u00e9sente l\u2019arm\u00e9e de l\u2019Air \u00e0 travers notre art. C\u2019est pour cette raison qu\u2019il faut une certaine stature, car on repr\u00e9sente l\u2019arm\u00e9e. On n\u2019est pas carri\u00e9riste, on ne touche pas de salaire, mais notre agr\u00e9ment est sign\u00e9 par le G\u00e9n\u00e9ral. On doit \u00eatre une trentaine, dont une dizaine est agr\u00e9e \u00e0 vie. Aujourd\u2019hui, j\u2019ai d\u00e9j\u00e0 des travaux de programm\u00e9s, notamment deux toiles \u00e0 r\u00e9aliser pour illustrer la Guerre du Golfe.<\/p>\n\n\n\n<figure class=\"wp-block-image size-large\"><img loading=\"lazy\" decoding=\"async\" width=\"1024\" height=\"512\" src=\"http:\/\/lignesauto.fr\/wp-content\/uploads\/2020\/11\/LIGNESMANETTA_12-1024x512.jpg\" alt=\"\" class=\"wp-image-20743\" srcset=\"https:\/\/lignesauto.fr\/wp-content\/uploads\/2020\/11\/LIGNESMANETTA_12-1024x512.jpg 1024w, https:\/\/lignesauto.fr\/wp-content\/uploads\/2020\/11\/LIGNESMANETTA_12-300x150.jpg 300w, https:\/\/lignesauto.fr\/wp-content\/uploads\/2020\/11\/LIGNESMANETTA_12-768x384.jpg 768w, https:\/\/lignesauto.fr\/wp-content\/uploads\/2020\/11\/LIGNESMANETTA_12.jpg 1417w\" sizes=\"(max-width: 1024px) 100vw, 1024px\" \/><figcaption><strong>Le tiroir de la nouvelle C4 \u00e9tait d\u00e9j\u00e0 pr\u00e9sent dans le concept-car C-Aircross&#8230;<\/strong><\/figcaption><\/figure>\n\n\n\n<p style=\"font-size:18px\"><strong>Existe-t-il des passerelles entre votre m\u00e9tier de designer et cette passion&nbsp;?<\/strong><br>C.M.&nbsp;: Des passerelles&nbsp;? Non, l\u2019automobile est un travail de plus en plus pointu. N\u00e9anmoins, j\u2019arrive \u00e0 garder dans mes dessins de style les m\u00eames rappels graphiques qu\u2019en peinture. Mais sur la r\u00e9flexion en elle-m\u00eame, il n\u2019y a pas de lien&nbsp;!<br><em>Propos recueillis par Christophe Bonnaud<\/em><\/p>\n\n\n\n<p style=\"font-size:18px\"><strong>CLIQUEZ SUR LA PHOTO<\/strong> pour retrouver et commander les \u0153uvres de C\u00e9line Manetta (*)&nbsp;: <a href=\"https:\/\/www.giomanetta.fr\/\">https:\/\/www.giomanetta.fr\/<\/a>&nbsp;&nbsp; (*)possibilit\u00e9 de commandes sp\u00e9ciales<\/p>\n\n\n\n<figure class=\"wp-block-image size-large\"><a href=\"https:\/\/www.giomanetta.fr\/\"><img loading=\"lazy\" decoding=\"async\" width=\"1024\" height=\"329\" src=\"http:\/\/lignesauto.fr\/wp-content\/uploads\/2020\/11\/LIGNESMANETTA_101-1024x329.png\" alt=\"\" class=\"wp-image-20715\" srcset=\"https:\/\/lignesauto.fr\/wp-content\/uploads\/2020\/11\/LIGNESMANETTA_101-1024x329.png 1024w, https:\/\/lignesauto.fr\/wp-content\/uploads\/2020\/11\/LIGNESMANETTA_101-300x96.png 300w, https:\/\/lignesauto.fr\/wp-content\/uploads\/2020\/11\/LIGNESMANETTA_101-768x247.png 768w, https:\/\/lignesauto.fr\/wp-content\/uploads\/2020\/11\/LIGNESMANETTA_101.png 1474w\" sizes=\"(max-width: 1024px) 100vw, 1024px\" \/><\/a><\/figure>\n\n\n\n<p style=\"font-size:17px\"><strong>Comme nous, vous aimez le design, les automobiles et les avions ? Vous devez aussi aimer les acteurs qui ont ch\u00e9ri l&#8217;automobile ! Commandez le nouveau livre &#8220;Bullitt Twist&#8221; sur Steve McQueen et ses passions, format &#8220;roman&#8221;, \u00e9dit\u00e9 par LIGNES\/auto :<\/strong><\/p>\n\n\n\n<figure class=\"wp-block-embed-wordpress wp-block-embed is-type-wp-embed is-provider-le-site-ou-acheter-nos-ouvrages\"><div class=\"wp-block-embed__wrapper\">\nhttps:\/\/lignesautoeditions.fr\/?p=386\n<\/div><\/figure>\n\n\n\n<figure class=\"wp-block-image is-resized\"><img loading=\"lazy\" decoding=\"async\" src=\"http:\/\/lignesauto.fr\/wp-content\/uploads\/2018\/10\/LOGOActus_BD-1024x367.jpg\" alt=\"L\u2019attribut alt de cette image est vide, son nom de fichier est LOGOActus_BD-1024x367.jpg.\" width=\"462\" height=\"165\"\/><\/figure>\n","protected":false},"excerpt":{"rendered":"<p>Ils sont nombreux les designers automobiles \u00e0 vouer une passion ind\u00e9fectible pour le monde de l\u2019aviation. Mais une femme vole au-dessus de ces messieurs, exer\u00e7ant son art de peintre de l\u2019air et de l\u2019espace, aujourd\u2019hui adoub\u00e9 par l\u2019Arm\u00e9e de l\u2019Air. De son travail, il ressort une \u00e9motion et une atmosph\u00e8re [&hellip;]<\/p>\n","protected":false},"author":1,"featured_media":20717,"comment_status":"open","ping_status":"open","sticky":false,"template":"","format":"standard","meta":{"footnotes":""},"categories":[1],"tags":[],"_links":{"self":[{"href":"https:\/\/lignesauto.fr\/index.php?rest_route=\/wp\/v2\/posts\/20710"}],"collection":[{"href":"https:\/\/lignesauto.fr\/index.php?rest_route=\/wp\/v2\/posts"}],"about":[{"href":"https:\/\/lignesauto.fr\/index.php?rest_route=\/wp\/v2\/types\/post"}],"author":[{"embeddable":true,"href":"https:\/\/lignesauto.fr\/index.php?rest_route=\/wp\/v2\/users\/1"}],"replies":[{"embeddable":true,"href":"https:\/\/lignesauto.fr\/index.php?rest_route=%2Fwp%2Fv2%2Fcomments&post=20710"}],"version-history":[{"count":21,"href":"https:\/\/lignesauto.fr\/index.php?rest_route=\/wp\/v2\/posts\/20710\/revisions"}],"predecessor-version":[{"id":20770,"href":"https:\/\/lignesauto.fr\/index.php?rest_route=\/wp\/v2\/posts\/20710\/revisions\/20770"}],"wp:featuredmedia":[{"embeddable":true,"href":"https:\/\/lignesauto.fr\/index.php?rest_route=\/wp\/v2\/media\/20717"}],"wp:attachment":[{"href":"https:\/\/lignesauto.fr\/index.php?rest_route=%2Fwp%2Fv2%2Fmedia&parent=20710"}],"wp:term":[{"taxonomy":"category","embeddable":true,"href":"https:\/\/lignesauto.fr\/index.php?rest_route=%2Fwp%2Fv2%2Fcategories&post=20710"},{"taxonomy":"post_tag","embeddable":true,"href":"https:\/\/lignesauto.fr\/index.php?rest_route=%2Fwp%2Fv2%2Ftags&post=20710"}],"curies":[{"name":"wp","href":"https:\/\/api.w.org\/{rel}","templated":true}]}}