{"id":20750,"date":"2020-11-28T19:18:54","date_gmt":"2020-11-28T18:18:54","guid":{"rendered":"http:\/\/lignesauto.fr\/?p=20750"},"modified":"2020-11-28T19:18:54","modified_gmt":"2020-11-28T18:18:54","slug":"celine-manetta-citroen-designer-the-wings-of-passion","status":"publish","type":"post","link":"https:\/\/lignesauto.fr\/?p=20750","title":{"rendered":"C\u00e9line Manetta, Citro\u00ebn designer: the wings of passion"},"content":{"rendered":"\n<figure class=\"wp-block-image size-large is-resized\"><img loading=\"lazy\" decoding=\"async\" src=\"http:\/\/lignesauto.fr\/wp-content\/uploads\/2018\/10\/LOGOActus_BD-1024x367.jpg\" alt=\"\" class=\"wp-image-4921\" width=\"443\" height=\"158\" srcset=\"https:\/\/lignesauto.fr\/wp-content\/uploads\/2018\/10\/LOGOActus_BD-1024x367.jpg 1024w, https:\/\/lignesauto.fr\/wp-content\/uploads\/2018\/10\/LOGOActus_BD-300x108.jpg 300w, https:\/\/lignesauto.fr\/wp-content\/uploads\/2018\/10\/LOGOActus_BD-768x276.jpg 768w, https:\/\/lignesauto.fr\/wp-content\/uploads\/2018\/10\/LOGOActus_BD-370x133.jpg 370w, https:\/\/lignesauto.fr\/wp-content\/uploads\/2018\/10\/LOGOActus_BD-1040x373.jpg 1040w, https:\/\/lignesauto.fr\/wp-content\/uploads\/2018\/10\/LOGOActus_BD.jpg 1240w\" sizes=\"(max-width: 443px) 100vw, 443px\" \/><\/figure>\n\n\n\n<p style=\"font-size:18px\">Many car designers have an unwavering passion for the world of aviation. But one woman flies above these gentlemen, exercising her art as a painter of air and space, nowadays dubbed by the Air Force. From her work emerges an emotion and an atmosphere that can only seduce. Always on the move, like the subject of her paintings, C\u00e9line puts her energy every week into her first job as &#8220;senior interior designer&#8221; at Citro\u00ebn.<\/p>\n\n\n\n<figure class=\"wp-block-image size-large\"><img loading=\"lazy\" decoding=\"async\" width=\"738\" height=\"1024\" src=\"http:\/\/lignesauto.fr\/wp-content\/uploads\/2020\/11\/LIGNESMANETTA_102-738x1024.png\" alt=\"\" class=\"wp-image-20718\" srcset=\"https:\/\/lignesauto.fr\/wp-content\/uploads\/2020\/11\/LIGNESMANETTA_102-738x1024.png 738w, https:\/\/lignesauto.fr\/wp-content\/uploads\/2020\/11\/LIGNESMANETTA_102-216x300.png 216w, https:\/\/lignesauto.fr\/wp-content\/uploads\/2020\/11\/LIGNESMANETTA_102-768x1066.png 768w, https:\/\/lignesauto.fr\/wp-content\/uploads\/2020\/11\/LIGNESMANETTA_102-1107x1536.png 1107w, https:\/\/lignesauto.fr\/wp-content\/uploads\/2020\/11\/LIGNESMANETTA_102.png 1417w\" sizes=\"(max-width: 738px) 100vw, 738px\" \/><\/figure>\n\n\n\n<p style=\"font-size:18px\"><strong>LIGNES\/auto: Does your passion for cars go back to your childhood?<\/strong><br>C\u00e9line Manetta: My passion undoubtedly goes back to the age of toys! I didn&#8217;t have a Barbie, I used to play with Meccano (below) or the HO trains of my father, who owned a Panhard PL17. But I always liked cars. I even remember entering and winning a drawing competition in AUTOplus when I was a teenager?<\/p>\n\n\n\n<figure class=\"wp-block-image size-large\"><img loading=\"lazy\" decoding=\"async\" width=\"1024\" height=\"850\" src=\"http:\/\/lignesauto.fr\/wp-content\/uploads\/2020\/11\/LIGNESMANETTA_00-1024x850.png\" alt=\"\" class=\"wp-image-20719\" srcset=\"https:\/\/lignesauto.fr\/wp-content\/uploads\/2020\/11\/LIGNESMANETTA_00-1024x850.png 1024w, https:\/\/lignesauto.fr\/wp-content\/uploads\/2020\/11\/LIGNESMANETTA_00-300x249.png 300w, https:\/\/lignesauto.fr\/wp-content\/uploads\/2020\/11\/LIGNESMANETTA_00-768x637.png 768w, https:\/\/lignesauto.fr\/wp-content\/uploads\/2020\/11\/LIGNESMANETTA_00.png 1417w\" sizes=\"(max-width: 1024px) 100vw, 1024px\" \/><\/figure>\n\n\n\n<p style=\"font-size:18px\"><strong>With your diplomas in hand &#8211; Baccalaur\u00e9at in Applied Arts and BTS in Industrial Aesthetics &#8211; you want to enter the world of work quickly\u2026<\/strong><br>C.M. : After the BTS, I wanted to stop studying to enter the concrete world. I sent a letter for an interview at PSA, but I received a negative answer\u2026 I said to myself, slim, it&#8217;s too early. So I looked for an internship at Renault and I met Jean-Fran\u00e7ois Venet on that occasion. He was rather enthusiastic about my approach and opened the doors for me straight away. Except that an intern has to be a student, and I was no longer a student!<\/p>\n\n\n\n<figure class=\"wp-block-image size-large\"><img loading=\"lazy\" decoding=\"async\" width=\"1024\" height=\"697\" src=\"http:\/\/lignesauto.fr\/wp-content\/uploads\/2020\/11\/LIGNESMANETTA_14-1024x697.jpg\" alt=\"\" class=\"wp-image-20721\" srcset=\"https:\/\/lignesauto.fr\/wp-content\/uploads\/2020\/11\/LIGNESMANETTA_14-1024x697.jpg 1024w, https:\/\/lignesauto.fr\/wp-content\/uploads\/2020\/11\/LIGNESMANETTA_14-300x204.jpg 300w, https:\/\/lignesauto.fr\/wp-content\/uploads\/2020\/11\/LIGNESMANETTA_14-768x523.jpg 768w, https:\/\/lignesauto.fr\/wp-content\/uploads\/2020\/11\/LIGNESMANETTA_14.jpg 1417w\" sizes=\"(max-width: 1024px) 100vw, 1024px\" \/><figcaption><strong>Jean-Fran\u00e7ois Venet, on the left, during the study of the Renault ARGOS concept car.<\/strong><\/figcaption><\/figure>\n\n\n\n<p style=\"font-size:18px\"><strong>And so, back to the university hut!<\/strong><br>C.M.: I asked the director of the European Design Institute to apply for the higher education diploma in design design, even though I was six months behind in my studies! I made up for lost time by working hard and I was able to finalise my internship at Renault.<\/p>\n\n\n\n<p style=\"font-size:18px\"><strong>Of course, it&#8217;s a magical place with characters that are just as magical?<\/strong><br>C.M.: I was at the Advanced Design in Boulogne Billancourt in the midst of big names: Jean-Pierre Plou\u00e9, Anne Asensio, Alexandre Malval, Axel Breun and others, like Thierry Metroz\u2026<\/p>\n\n\n\n<figure class=\"wp-block-image size-large\"><img loading=\"lazy\" decoding=\"async\" width=\"1024\" height=\"402\" src=\"http:\/\/lignesauto.fr\/wp-content\/uploads\/2020\/11\/LIGNESMANETTA_100-1024x402.png\" alt=\"\" class=\"wp-image-20723\" srcset=\"https:\/\/lignesauto.fr\/wp-content\/uploads\/2020\/11\/LIGNESMANETTA_100-1024x402.png 1024w, https:\/\/lignesauto.fr\/wp-content\/uploads\/2020\/11\/LIGNESMANETTA_100-300x118.png 300w, https:\/\/lignesauto.fr\/wp-content\/uploads\/2020\/11\/LIGNESMANETTA_100-768x301.png 768w, https:\/\/lignesauto.fr\/wp-content\/uploads\/2020\/11\/LIGNESMANETTA_100.png 1417w\" sizes=\"(max-width: 1024px) 100vw, 1024px\" \/><figcaption><strong>The duality between movement and plenitude characterises Japan, where C\u00e9line went to look for &#8220;work&#8221;!<\/strong><\/figcaption><\/figure>\n\n\n\n<p style=\"font-size:18px\"><strong>An internship that doesn&#8217;t lead to a job?<\/strong><br>C.M. : After my internship, I finished my degree, and since I didn&#8217;t have the opportunity to put forward my little experience as a car designer anyway, I decided to make a nice trip: a round trip to Japan! (above)<\/p>\n\n\n\n<p style=\"font-size:18px\"><strong>To change jobs or relax?<\/strong><br>C.M. : No, to find a job! It was my dream to go to Asia, I wanted to live there. I went there without even writing a letter, because I knew the answer would have been negative. At the time, the mentality was quite masculine, which is beginning to change. So I went straight to knock on the door of Mercedes&#8217; studio in Yokohama. My chance was to meet Olivier Boulay who ran this studio. He was totally stunned by my approach and even doubted when he saw me walk in with my little portfolio in his office!<\/p>\n\n\n\n<figure class=\"wp-block-image size-large\"><img loading=\"lazy\" decoding=\"async\" width=\"1024\" height=\"576\" src=\"http:\/\/lignesauto.fr\/wp-content\/uploads\/2020\/11\/LIGNESMANETTA_15-1024x576.jpg\" alt=\"\" class=\"wp-image-20725\" srcset=\"https:\/\/lignesauto.fr\/wp-content\/uploads\/2020\/11\/LIGNESMANETTA_15-1024x576.jpg 1024w, https:\/\/lignesauto.fr\/wp-content\/uploads\/2020\/11\/LIGNESMANETTA_15-300x169.jpg 300w, https:\/\/lignesauto.fr\/wp-content\/uploads\/2020\/11\/LIGNESMANETTA_15-768x432.jpg 768w, https:\/\/lignesauto.fr\/wp-content\/uploads\/2020\/11\/LIGNESMANETTA_15.jpg 1417w\" sizes=\"(max-width: 1024px) 100vw, 1024px\" \/><figcaption><strong>The Mercedes Design Centre in Sindelfingen<\/strong><\/figcaption><\/figure>\n\n\n\n<p style=\"font-size:18px\"><strong>What nerve! And what does it lead to?<\/strong><br>C.M. : He explained to me that it wasn&#8217;t possible to hire me here in Japan, because Mercedes had set up this style centre to immerse itself in the local culture. They only hired Japanese people. But Olivier Boulay still passed on my CV to the head office, telling me that I first had to discover the Mercedes culture with at least two years in Stuttgart. Personally, I didn&#8217;t believe in it too much\u2026<\/p>\n\n\n\n<p style=\"font-size:18px\"><strong>And it finally worked?<\/strong><br>C.M.: And yes! I was called by the head office for an interview! They confirmed to me that they had drawn up a contract and that I could start working with them, first in the old premises of the style, then in the heart of the modern studios in Sindelfingen. I was in the concept car department. I stayed there from 1996 to 1998, when I joined the interior design studio in Como, Italy, until 2000.<\/p>\n\n\n\n<figure class=\"wp-block-image size-large\"><img loading=\"lazy\" decoding=\"async\" width=\"1024\" height=\"683\" src=\"http:\/\/lignesauto.fr\/wp-content\/uploads\/2020\/11\/LIGNESMANETTA_03-1024x683.jpg\" alt=\"\" class=\"wp-image-20729\" srcset=\"https:\/\/lignesauto.fr\/wp-content\/uploads\/2020\/11\/LIGNESMANETTA_03-1024x683.jpg 1024w, https:\/\/lignesauto.fr\/wp-content\/uploads\/2020\/11\/LIGNESMANETTA_03-300x200.jpg 300w, https:\/\/lignesauto.fr\/wp-content\/uploads\/2020\/11\/LIGNESMANETTA_03-768x512.jpg 768w, https:\/\/lignesauto.fr\/wp-content\/uploads\/2020\/11\/LIGNESMANETTA_03.jpg 1417w\" sizes=\"(max-width: 1024px) 100vw, 1024px\" \/><\/figure>\n\n\n\n<p style=\"font-size:18px\"><strong>So 1996 marked the real beginning of your career as a designer?<\/strong><br>C.M. : Yes, it was my first job as a designer. But I regret not having done enough years in the style department of production cars at Mercedes. I would have liked to have gained more experience with them. It&#8217;s true that the last two years at Mercedes in Italy were nice. I met my husband in Italy, but the working atmosphere there was nothing like the very strict German one! I wanted to go back to France.<\/p>\n\n\n\n<p style=\"font-size:18px\"><strong>And you&#8217;re pushing back the door of the PSA Group again?!<\/strong><br>C.M. : Yes, in 2000 I had an interview with G\u00e9rard Welter. The current passed immediately between us because I had studied in the same high school as him, at the &#8216;Gu\u00e9 \u00e0 Tresmes&#8217; (below, G\u00e9rard Welter when he returned to the high school &#8216;Gu\u00e9 \u00e0 Tresmes&#8217;, towards Meaux). Like Sylvain Henry. It certainly worked in my favour. What&#8217;s more, G\u00e9rard was a Mercedes fan, and when he saw my CV he gave me a chance.<\/p>\n\n\n\n<figure class=\"wp-block-image size-large\"><img loading=\"lazy\" decoding=\"async\" width=\"1024\" height=\"680\" src=\"http:\/\/lignesauto.fr\/wp-content\/uploads\/2020\/11\/LIGNESMANETTA_04-1024x680.jpg\" alt=\"\" class=\"wp-image-20728\" srcset=\"https:\/\/lignesauto.fr\/wp-content\/uploads\/2020\/11\/LIGNESMANETTA_04-1024x680.jpg 1024w, https:\/\/lignesauto.fr\/wp-content\/uploads\/2020\/11\/LIGNESMANETTA_04-300x199.jpg 300w, https:\/\/lignesauto.fr\/wp-content\/uploads\/2020\/11\/LIGNESMANETTA_04-768x510.jpg 768w, https:\/\/lignesauto.fr\/wp-content\/uploads\/2020\/11\/LIGNESMANETTA_04.jpg 1417w\" sizes=\"(max-width: 1024px) 100vw, 1024px\" \/><\/figure>\n\n\n\n<p style=\"font-size:18px\"><strong>What kind of boss was he to you?<\/strong><br>C.M. : Gerard was quite tough. Everybody was a little afraid of him because he had learned everything on the job, he was someone who knew what he was talking about. But the atmosphere at La Garenne, before switching to V\u00e9lizy&#8217;s ADN, was extraordinary. We had all the trades there, from plasturgy to sheet metal work, all the jobs we&#8217;ve since subcontracted\u2026 We have lost this know-how. At Peugeot, I signed, among other things, the interior of the 907 concept car. (below)<\/p>\n\n\n\n<figure class=\"wp-block-image size-large\"><img loading=\"lazy\" decoding=\"async\" width=\"1024\" height=\"721\" src=\"http:\/\/lignesauto.fr\/wp-content\/uploads\/2020\/11\/LIGNESMANETTA_06-1024x721.jpg\" alt=\"\" class=\"wp-image-20732\" srcset=\"https:\/\/lignesauto.fr\/wp-content\/uploads\/2020\/11\/LIGNESMANETTA_06-1024x721.jpg 1024w, https:\/\/lignesauto.fr\/wp-content\/uploads\/2020\/11\/LIGNESMANETTA_06-300x211.jpg 300w, https:\/\/lignesauto.fr\/wp-content\/uploads\/2020\/11\/LIGNESMANETTA_06-768x541.jpg 768w, https:\/\/lignesauto.fr\/wp-content\/uploads\/2020\/11\/LIGNESMANETTA_06.jpg 1417w\" sizes=\"(max-width: 1024px) 100vw, 1024px\" \/><\/figure>\n\n\n\n<p style=\"font-size:18px\"><strong>2000-2020, you have just celebrated your 20th anniversary at PSA?!<\/strong><br>C.M. : In 20 years, I would have worked for all three brands, Peugeot, DS and Citro\u00ebn. Since 2007 I&#8217;ve been with Citro\u00ebn as a senior interior designer where I was able to create the interior of the C5 Airscape in collaboration with the upholsterers (below)<\/p>\n\n\n\n<figure class=\"wp-block-image size-large\"><img loading=\"lazy\" decoding=\"async\" width=\"1024\" height=\"768\" src=\"http:\/\/lignesauto.fr\/wp-content\/uploads\/2020\/11\/LIGNESMANETTA_02-1024x768.jpg\" alt=\"\" class=\"wp-image-20734\" srcset=\"https:\/\/lignesauto.fr\/wp-content\/uploads\/2020\/11\/LIGNESMANETTA_02-1024x768.jpg 1024w, https:\/\/lignesauto.fr\/wp-content\/uploads\/2020\/11\/LIGNESMANETTA_02-300x225.jpg 300w, https:\/\/lignesauto.fr\/wp-content\/uploads\/2020\/11\/LIGNESMANETTA_02-768x576.jpg 768w, https:\/\/lignesauto.fr\/wp-content\/uploads\/2020\/11\/LIGNESMANETTA_02.jpg 1417w\" sizes=\"(max-width: 1024px) 100vw, 1024px\" \/><\/figure>\n\n\n\n<p style=\"font-size:18px\">I also designed the interior of the C-Aircross (below) and its derivative C3 Aircross series, as well as the Berlingo. Not to mention all the studies that didn&#8217;t come to fruition. We&#8217;re still a very small team of seven people in interior design, so we&#8217;re on the go every day!<\/p>\n\n\n\n<figure class=\"wp-block-image size-large\"><img loading=\"lazy\" decoding=\"async\" width=\"1024\" height=\"571\" src=\"http:\/\/lignesauto.fr\/wp-content\/uploads\/2020\/11\/LIGNESMANETTA-1024x571.jpg\" alt=\"\" class=\"wp-image-20735\" srcset=\"https:\/\/lignesauto.fr\/wp-content\/uploads\/2020\/11\/LIGNESMANETTA-1024x571.jpg 1024w, https:\/\/lignesauto.fr\/wp-content\/uploads\/2020\/11\/LIGNESMANETTA-300x167.jpg 300w, https:\/\/lignesauto.fr\/wp-content\/uploads\/2020\/11\/LIGNESMANETTA-768x428.jpg 768w, https:\/\/lignesauto.fr\/wp-content\/uploads\/2020\/11\/LIGNESMANETTA.jpg 1417w\" sizes=\"(max-width: 1024px) 100vw, 1024px\" \/><\/figure>\n\n\n\n<p style=\"font-size:18px\"><strong>And you have a\u2026 second life: painter for the Air Force!<\/strong><br>C.M. : I&#8217;ve been creating paintings for at least ten years, even more! I started by painting cars, and my paintings are on permanent display under the name GIO at the Vitesse gallery in Paris, rue de Berry (<a href=\"http:\/\/galerievitesse.fr\/les-artistes\/\">http:\/\/galerievitesse.fr\/les-artistes\/<\/a>). But I also love the shape of old planes, in the same way that I admire the shape of old cars, the so-called Classics.<\/p>\n\n\n\n<figure class=\"wp-block-image size-large\"><img loading=\"lazy\" decoding=\"async\" width=\"1010\" height=\"1024\" src=\"http:\/\/lignesauto.fr\/wp-content\/uploads\/2020\/11\/LIGNESMANETTA_17-1010x1024.jpg\" alt=\"\" class=\"wp-image-20737\" srcset=\"https:\/\/lignesauto.fr\/wp-content\/uploads\/2020\/11\/LIGNESMANETTA_17-1010x1024.jpg 1010w, https:\/\/lignesauto.fr\/wp-content\/uploads\/2020\/11\/LIGNESMANETTA_17-296x300.jpg 296w, https:\/\/lignesauto.fr\/wp-content\/uploads\/2020\/11\/LIGNESMANETTA_17-768x779.jpg 768w, https:\/\/lignesauto.fr\/wp-content\/uploads\/2020\/11\/LIGNESMANETTA_17.jpg 1417w\" sizes=\"(max-width: 1010px) 100vw, 1010px\" \/><\/figure>\n\n\n\n<p style=\"font-size:18px\">I started going to the Paris Air Show, then to air meetings. I even took my son with me, to whom I passed the virus: he&#8217;s a pilot at 18 and wants to join the Air Force!<\/p>\n\n\n\n<figure class=\"wp-block-image size-large\"><img loading=\"lazy\" decoding=\"async\" width=\"1024\" height=\"1012\" src=\"http:\/\/lignesauto.fr\/wp-content\/uploads\/2020\/11\/LIGNESMANETTA_16-1024x1012.jpg\" alt=\"\" class=\"wp-image-20738\" srcset=\"https:\/\/lignesauto.fr\/wp-content\/uploads\/2020\/11\/LIGNESMANETTA_16-1024x1012.jpg 1024w, https:\/\/lignesauto.fr\/wp-content\/uploads\/2020\/11\/LIGNESMANETTA_16-300x296.jpg 300w, https:\/\/lignesauto.fr\/wp-content\/uploads\/2020\/11\/LIGNESMANETTA_16-768x759.jpg 768w, https:\/\/lignesauto.fr\/wp-content\/uploads\/2020\/11\/LIGNESMANETTA_16.jpg 1417w\" sizes=\"(max-width: 1024px) 100vw, 1024px\" \/><\/figure>\n\n\n\n<p style=\"font-size:18px\">How does one become a painter for the air force?<br>C.M. : It&#8217;s a competition open to all. You have to exhibit your work, whether it be sculptures, paintings or photos. You then put together a file and you are called back to propose two physical works at a jury. During my presentation in 2019, I proposed a small watercolour and an oil on canvas with generous dimensions of 50 x 100 to put all the chances on my side.<\/p>\n\n\n\n<figure class=\"wp-block-image size-large\"><img loading=\"lazy\" decoding=\"async\" width=\"1021\" height=\"1024\" src=\"http:\/\/lignesauto.fr\/wp-content\/uploads\/2020\/11\/LIGNESMANETTA_08-1021x1024.jpg\" alt=\"\" class=\"wp-image-20739\" srcset=\"https:\/\/lignesauto.fr\/wp-content\/uploads\/2020\/11\/LIGNESMANETTA_08-1021x1024.jpg 1021w, https:\/\/lignesauto.fr\/wp-content\/uploads\/2020\/11\/LIGNESMANETTA_08-300x300.jpg 300w, https:\/\/lignesauto.fr\/wp-content\/uploads\/2020\/11\/LIGNESMANETTA_08-150x150.jpg 150w, https:\/\/lignesauto.fr\/wp-content\/uploads\/2020\/11\/LIGNESMANETTA_08-768x770.jpg 768w, https:\/\/lignesauto.fr\/wp-content\/uploads\/2020\/11\/LIGNESMANETTA_08.jpg 1417w\" sizes=\"(max-width: 1021px) 100vw, 1021px\" \/><\/figure>\n\n\n\n<p><strong>And as a result\u2026<\/strong><br>C.M.: I was received in 2019. It&#8217;s a renewable contract and we represent the Air Force through our art. That&#8217;s why you need a certain stature, because we represent the army. We are not careerists, we don&#8217;t receive a salary, but our approval is signed by the General. There must be about thirty of us, ten of whom are approved for life. Today, I already have programmed works, notably two paintings to be made to illustrate the Gulf War.<\/p>\n\n\n\n<figure class=\"wp-block-image size-large\"><img loading=\"lazy\" decoding=\"async\" width=\"1024\" height=\"512\" src=\"http:\/\/lignesauto.fr\/wp-content\/uploads\/2020\/11\/LIGNESMANETTA_12-1024x512.jpg\" alt=\"\" class=\"wp-image-20743\" srcset=\"https:\/\/lignesauto.fr\/wp-content\/uploads\/2020\/11\/LIGNESMANETTA_12-1024x512.jpg 1024w, https:\/\/lignesauto.fr\/wp-content\/uploads\/2020\/11\/LIGNESMANETTA_12-300x150.jpg 300w, https:\/\/lignesauto.fr\/wp-content\/uploads\/2020\/11\/LIGNESMANETTA_12-768x384.jpg 768w, https:\/\/lignesauto.fr\/wp-content\/uploads\/2020\/11\/LIGNESMANETTA_12.jpg 1417w\" sizes=\"(max-width: 1024px) 100vw, 1024px\" \/><figcaption><strong>The drawer of the new C4 was already present in the C-Aircross concept car\u2026<\/strong><\/figcaption><\/figure>\n\n\n\n<p style=\"font-size:18px\"><strong>Are there bridges between your job as a designer and this passion?<\/strong><br>C.M.: Bridges? No, the automobile is an increasingly specialised field. Nevertheless, I manage to keep in my style drawings the same graphic reminders as in painting. But on the reflection itself, there is no link!<br><em>Interview by Christophe Bonnaud<\/em><\/p>\n\n\n\n<p style=\"font-size:18px\"><strong>CLICK ON THE PHOTO to find and order the works of C\u00e9line Manetta <em>: <a href=\"https:\/\/www.giomanetta.fr\/\">https:\/\/www.giomanetta.fr\/<\/a> <\/em>possibility of special orders<\/strong><\/p>\n\n\n\n<figure class=\"wp-block-image size-large\"><a href=\"https:\/\/www.giomanetta.fr\/\"><img loading=\"lazy\" decoding=\"async\" width=\"1024\" height=\"329\" src=\"http:\/\/lignesauto.fr\/wp-content\/uploads\/2020\/11\/LIGNESMANETTA_101-1024x329.png\" alt=\"\" class=\"wp-image-20715\" srcset=\"https:\/\/lignesauto.fr\/wp-content\/uploads\/2020\/11\/LIGNESMANETTA_101-1024x329.png 1024w, https:\/\/lignesauto.fr\/wp-content\/uploads\/2020\/11\/LIGNESMANETTA_101-300x96.png 300w, https:\/\/lignesauto.fr\/wp-content\/uploads\/2020\/11\/LIGNESMANETTA_101-768x247.png 768w, https:\/\/lignesauto.fr\/wp-content\/uploads\/2020\/11\/LIGNESMANETTA_101.png 1474w\" sizes=\"(max-width: 1024px) 100vw, 1024px\" \/><\/a><\/figure>\n\n\n\n<figure class=\"wp-block-image is-resized\"><img loading=\"lazy\" decoding=\"async\" src=\"http:\/\/lignesauto.fr\/wp-content\/uploads\/2018\/10\/LOGOActus_BD-1024x367.jpg\" alt=\"L\u2019attribut alt de cette image est vide, son nom de fichier est LOGOActus_BD-1024x367.jpg.\" width=\"462\" height=\"165\"\/><\/figure>\n","protected":false},"excerpt":{"rendered":"<p>Many car designers have an unwavering passion for the world of aviation. But one woman flies above these gentlemen, exercising her art as a painter of air and space, nowadays dubbed by the Air Force. From her work emerges an emotion and an atmosphere that can only seduce. Always on [&hellip;]<\/p>\n","protected":false},"author":1,"featured_media":20717,"comment_status":"open","ping_status":"open","sticky":false,"template":"","format":"standard","meta":{"footnotes":""},"categories":[1],"tags":[],"_links":{"self":[{"href":"https:\/\/lignesauto.fr\/index.php?rest_route=\/wp\/v2\/posts\/20750"}],"collection":[{"href":"https:\/\/lignesauto.fr\/index.php?rest_route=\/wp\/v2\/posts"}],"about":[{"href":"https:\/\/lignesauto.fr\/index.php?rest_route=\/wp\/v2\/types\/post"}],"author":[{"embeddable":true,"href":"https:\/\/lignesauto.fr\/index.php?rest_route=\/wp\/v2\/users\/1"}],"replies":[{"embeddable":true,"href":"https:\/\/lignesauto.fr\/index.php?rest_route=%2Fwp%2Fv2%2Fcomments&post=20750"}],"version-history":[{"count":17,"href":"https:\/\/lignesauto.fr\/index.php?rest_route=\/wp\/v2\/posts\/20750\/revisions"}],"predecessor-version":[{"id":20768,"href":"https:\/\/lignesauto.fr\/index.php?rest_route=\/wp\/v2\/posts\/20750\/revisions\/20768"}],"wp:featuredmedia":[{"embeddable":true,"href":"https:\/\/lignesauto.fr\/index.php?rest_route=\/wp\/v2\/media\/20717"}],"wp:attachment":[{"href":"https:\/\/lignesauto.fr\/index.php?rest_route=%2Fwp%2Fv2%2Fmedia&parent=20750"}],"wp:term":[{"taxonomy":"category","embeddable":true,"href":"https:\/\/lignesauto.fr\/index.php?rest_route=%2Fwp%2Fv2%2Fcategories&post=20750"},{"taxonomy":"post_tag","embeddable":true,"href":"https:\/\/lignesauto.fr\/index.php?rest_route=%2Fwp%2Fv2%2Ftags&post=20750"}],"curies":[{"name":"wp","href":"https:\/\/api.w.org\/{rel}","templated":true}]}}