{"id":21003,"date":"2021-01-14T10:53:59","date_gmt":"2021-01-14T09:53:59","guid":{"rendered":"http:\/\/lignesauto.fr\/?p=21003"},"modified":"2021-01-14T10:53:59","modified_gmt":"2021-01-14T09:53:59","slug":"25-years-later-the-renault-5-ev-heir-to-the-fifties","status":"publish","type":"post","link":"https:\/\/lignesauto.fr\/?p=21003","title":{"rendered":"25 years later, the Renault 5 EV heir to the Fifties!"},"content":{"rendered":"\n<figure class=\"wp-block-image is-resized\"><img loading=\"lazy\" decoding=\"async\" src=\"http:\/\/lignesauto.fr\/wp-content\/uploads\/2018\/10\/LOGOActus_BD-1024x367.jpg\" alt=\"L\u2019attribut alt de cette image est vide, son nom de fichier est LOGOActus_BD-1024x367.jpg.\" width=\"427\" height=\"152\"\/><\/figure>\n\n\n\n<figure class=\"wp-block-image size-large\"><img loading=\"lazy\" decoding=\"async\" width=\"1024\" height=\"585\" src=\"http:\/\/lignesauto.fr\/wp-content\/uploads\/2021\/01\/2021-Renault-5-Prototype12-1024x585.jpg\" alt=\"\" class=\"wp-image-21024\" srcset=\"https:\/\/lignesauto.fr\/wp-content\/uploads\/2021\/01\/2021-Renault-5-Prototype12-1024x585.jpg 1024w, https:\/\/lignesauto.fr\/wp-content\/uploads\/2021\/01\/2021-Renault-5-Prototype12-300x171.jpg 300w, https:\/\/lignesauto.fr\/wp-content\/uploads\/2021\/01\/2021-Renault-5-Prototype12-768x439.jpg 768w, https:\/\/lignesauto.fr\/wp-content\/uploads\/2021\/01\/2021-Renault-5-Prototype12.jpg 1417w\" sizes=\"(max-width: 1024px) 100vw, 1024px\" \/><\/figure>\n\n\n\n<p style=\"font-size:18px\">When I discovered this Thursday 14th January 2021 the Renault 5 EV unveiled by Luca de Meo, an image instantly impressed the retina of my eyes: 1996 and the Geneva Motor Show, with the presentation of the Renault Fiftie, the rehabilitated 4CV icon!<\/p>\n\n\n\n<figure class=\"wp-block-image size-large\"><img loading=\"lazy\" decoding=\"async\" width=\"1024\" height=\"697\" src=\"http:\/\/lignesauto.fr\/wp-content\/uploads\/2021\/01\/LIGNESAUTOFIFTIE-1024x697.jpg\" alt=\"\" class=\"wp-image-21010\" srcset=\"https:\/\/lignesauto.fr\/wp-content\/uploads\/2021\/01\/LIGNESAUTOFIFTIE-1024x697.jpg 1024w, https:\/\/lignesauto.fr\/wp-content\/uploads\/2021\/01\/LIGNESAUTOFIFTIE-300x204.jpg 300w, https:\/\/lignesauto.fr\/wp-content\/uploads\/2021\/01\/LIGNESAUTOFIFTIE-768x523.jpg 768w, https:\/\/lignesauto.fr\/wp-content\/uploads\/2021\/01\/LIGNESAUTOFIFTIE.jpg 1417w\" sizes=\"(max-width: 1024px) 100vw, 1024px\" \/><\/figure>\n\n\n\n<p style=\"font-size:18px\">Indeed, on the Renault stand at the 1996 Geneva Motor Show, an ochre-yellow chip deliciously plunges us into positive nostalgia as we celebrate the 50th anniversary of the 4CV. It&#8217;s the Fifty. &#8220;This concept car is a request from Renault&#8217;s communication department, at the time directed by Alain Dubois-Dum\u00e9e&#8221; recalls Patrick Le Qu\u00e9ment. But this car was absolutely not programmed.<\/p>\n\n\n\n<figure class=\"wp-block-image size-large\"><img loading=\"lazy\" decoding=\"async\" width=\"1024\" height=\"682\" src=\"http:\/\/lignesauto.fr\/wp-content\/uploads\/2021\/01\/RENAULTLIGNES_01-1024x682.png\" alt=\"\" class=\"wp-image-20988\" srcset=\"https:\/\/lignesauto.fr\/wp-content\/uploads\/2021\/01\/RENAULTLIGNES_01-1024x682.png 1024w, https:\/\/lignesauto.fr\/wp-content\/uploads\/2021\/01\/RENAULTLIGNES_01-300x200.png 300w, https:\/\/lignesauto.fr\/wp-content\/uploads\/2021\/01\/RENAULTLIGNES_01-768x512.png 768w, https:\/\/lignesauto.fr\/wp-content\/uploads\/2021\/01\/RENAULTLIGNES_01.png 1417w\" sizes=\"(max-width: 1024px) 100vw, 1024px\" \/><\/figure>\n\n\n\n<p style=\"font-size:18px\"><em>&#8220;If it hadn&#8217;t been for this anniversary, we would have designed something other than a small car, but frankly, the 4CV made history, so I put a team on this project. Beno\u00eet Jacob designed an absolutely charming machine that managed to capture the essence of the 4CV&#8217;s bonhomie in a coupe silhouette. Inside, Axel Breun played with simplicity and brought the wicker on board, where Isabelle Charles and B\u00e9n\u00e9dicte de Sainte-Marie took care of the colours and materials. \u00bb<\/em><\/p>\n\n\n\n<figure class=\"wp-block-image size-large\"><img loading=\"lazy\" decoding=\"async\" width=\"1024\" height=\"704\" src=\"http:\/\/lignesauto.fr\/wp-content\/uploads\/2021\/01\/RENAULTLIGNES_02-1024x704.png\" alt=\"\" class=\"wp-image-20990\" srcset=\"https:\/\/lignesauto.fr\/wp-content\/uploads\/2021\/01\/RENAULTLIGNES_02-1024x704.png 1024w, https:\/\/lignesauto.fr\/wp-content\/uploads\/2021\/01\/RENAULTLIGNES_02-300x206.png 300w, https:\/\/lignesauto.fr\/wp-content\/uploads\/2021\/01\/RENAULTLIGNES_02-768x528.png 768w, https:\/\/lignesauto.fr\/wp-content\/uploads\/2021\/01\/RENAULTLIGNES_02.png 1417w\" sizes=\"(max-width: 1024px) 100vw, 1024px\" \/><\/figure>\n\n\n\n<p style=\"font-size:18px\">In the end, Fiftie is a car &#8220;full of charm&#8221; and, like the Twingo three years before it, seduced with a rather smiling face! This car, which went against Renault Design&#8217;s desire to go back to strong concepts, with a touch of futurism, finally pleased everyone, including Le Qu\u00e9ment! &#8220;I loved the rear end with its kite lights, very much in the friendly spirit of Beno\u00eet Jacob!&#8221;<\/p>\n\n\n\n<figure class=\"wp-block-image size-large\"><img loading=\"lazy\" decoding=\"async\" width=\"1024\" height=\"675\" src=\"http:\/\/lignesauto.fr\/wp-content\/uploads\/2021\/01\/RENAULTLIGNES_04-1024x675.jpg\" alt=\"\" class=\"wp-image-20991\" srcset=\"https:\/\/lignesauto.fr\/wp-content\/uploads\/2021\/01\/RENAULTLIGNES_04-1024x675.jpg 1024w, https:\/\/lignesauto.fr\/wp-content\/uploads\/2021\/01\/RENAULTLIGNES_04-300x198.jpg 300w, https:\/\/lignesauto.fr\/wp-content\/uploads\/2021\/01\/RENAULTLIGNES_04-768x506.jpg 768w, https:\/\/lignesauto.fr\/wp-content\/uploads\/2021\/01\/RENAULTLIGNES_04.jpg 1417w\" sizes=\"(max-width: 1024px) 100vw, 1024px\" \/><\/figure>\n\n\n\n<p style=\"font-size:18px\">On this project, Jacob was in the final competition with Stefan Guarda and Mark Walters. However, Beno\u00eet Jacob explained to us in 1996 that &#8220;we had an interesting rear end but the front end seemed a bit heavy, so we modified it to find the lighter and smaller side of the 4CV.&#8221; As for Axel Breun, he thought about rattan from the start because &#8220;I was looking for a really different material that contrasts with the rather cold aluminium. Rattan is a pleasant material to the touch and is reminiscent of the 1950s with picnic baskets!&#8221;<\/p>\n\n\n\n<figure class=\"wp-block-image size-large\"><img loading=\"lazy\" decoding=\"async\" width=\"1024\" height=\"697\" src=\"http:\/\/lignesauto.fr\/wp-content\/uploads\/2021\/01\/RENAULTLIGNES_06-1024x697.jpg\" alt=\"\" class=\"wp-image-20992\" srcset=\"https:\/\/lignesauto.fr\/wp-content\/uploads\/2021\/01\/RENAULTLIGNES_06-1024x697.jpg 1024w, https:\/\/lignesauto.fr\/wp-content\/uploads\/2021\/01\/RENAULTLIGNES_06-300x204.jpg 300w, https:\/\/lignesauto.fr\/wp-content\/uploads\/2021\/01\/RENAULTLIGNES_06-768x523.jpg 768w, https:\/\/lignesauto.fr\/wp-content\/uploads\/2021\/01\/RENAULTLIGNES_06.jpg 1417w\" sizes=\"(max-width: 1024px) 100vw, 1024px\" \/><\/figure>\n\n\n\n<p style=\"font-size:18px\">Above, from left to right: Axel Breun for the interior, Beno\u00eet Jacob for the exterior, Patrick le Qu\u00e9ment, Jean-Marie Souquet and, from the back, Jean-Fran\u00e7ois Venet, whose intimate portrait you will find at the end of January in the quarterly LIGNES\/auto#02 (to be ordered at the end of January on our e-commerce site: <a href=\"https:\/\/lignesautoeditions.fr\/\">https:\/\/lignesautoeditions.fr\/<\/a>).<\/p>\n\n\n\n<figure class=\"wp-block-image size-large\"><img loading=\"lazy\" decoding=\"async\" width=\"1024\" height=\"768\" src=\"http:\/\/lignesauto.fr\/wp-content\/uploads\/2021\/01\/RENAULTLIGNES_03-1024x768.jpg\" alt=\"\" class=\"wp-image-20989\" srcset=\"https:\/\/lignesauto.fr\/wp-content\/uploads\/2021\/01\/RENAULTLIGNES_03-1024x768.jpg 1024w, https:\/\/lignesauto.fr\/wp-content\/uploads\/2021\/01\/RENAULTLIGNES_03-300x225.jpg 300w, https:\/\/lignesauto.fr\/wp-content\/uploads\/2021\/01\/RENAULTLIGNES_03-768x576.jpg 768w, https:\/\/lignesauto.fr\/wp-content\/uploads\/2021\/01\/RENAULTLIGNES_03.jpg 1417w\" sizes=\"(max-width: 1024px) 100vw, 1024px\" \/><\/figure>\n\n\n\n<p style=\"font-size:18px\">It is the D3 workshop (below) then managed by Bernard Pene, who stayed thirteen years at Renault before creating his own company. The D3 and Renault Industrial Design teams gave birth to a Fiftie so endearing that production was then envisaged. The concept car was studied on the technical platform of the Spider, with a central rear engine. For the latter, it was a new, ultralight 1.2 DF7 with 60 bhp.<\/p>\n\n\n\n<figure class=\"wp-block-image size-large\"><img loading=\"lazy\" decoding=\"async\" width=\"1024\" height=\"701\" src=\"http:\/\/lignesauto.fr\/wp-content\/uploads\/2021\/01\/RENAULTLIGNES_07-1024x701.jpg\" alt=\"\" class=\"wp-image-20993\" srcset=\"https:\/\/lignesauto.fr\/wp-content\/uploads\/2021\/01\/RENAULTLIGNES_07-1024x701.jpg 1024w, https:\/\/lignesauto.fr\/wp-content\/uploads\/2021\/01\/RENAULTLIGNES_07-300x205.jpg 300w, https:\/\/lignesauto.fr\/wp-content\/uploads\/2021\/01\/RENAULTLIGNES_07-768x526.jpg 768w, https:\/\/lignesauto.fr\/wp-content\/uploads\/2021\/01\/RENAULTLIGNES_07.jpg 1417w\" sizes=\"(max-width: 1024px) 100vw, 1024px\" \/><\/figure>\n\n\n\n<p style=\"font-size:18px\">The architecture thus imposes two unique places and, on the industrial side, production in a factory capable of manufacturing small series. Alpine&#8217;s factory in Dieppe is, of course, being considered. In the end, the project was quickly abandoned, as Patrick Le Qu\u00e9ment recalls. &#8220;At the time, we watched a lot of the Japanese who manufactured many small series, but we quickly realised that it wasn&#8217;t for us!&#8221;<\/p>\n\n\n\n<figure class=\"wp-block-image size-large\"><img loading=\"lazy\" decoding=\"async\" width=\"1024\" height=\"679\" src=\"http:\/\/lignesauto.fr\/wp-content\/uploads\/2021\/01\/RENAULTLIGNES_05-1024x679.jpeg\" alt=\"\" class=\"wp-image-20994\" srcset=\"https:\/\/lignesauto.fr\/wp-content\/uploads\/2021\/01\/RENAULTLIGNES_05-1024x679.jpeg 1024w, https:\/\/lignesauto.fr\/wp-content\/uploads\/2021\/01\/RENAULTLIGNES_05-300x199.jpeg 300w, https:\/\/lignesauto.fr\/wp-content\/uploads\/2021\/01\/RENAULTLIGNES_05-768x509.jpeg 768w, https:\/\/lignesauto.fr\/wp-content\/uploads\/2021\/01\/RENAULTLIGNES_05.jpeg 1417w\" sizes=\"(max-width: 1024px) 100vw, 1024px\" \/><\/figure>\n\n\n\n<p style=\"font-size:18px\">In 2021, a quarter of a century later, the R5 EV can be considered a descendant of this Z-07 project. The story stutters but this time it&#8217;s the right one: a mythical Renault will be given its modernised version and\u2026 totally electrified!<\/p>\n\n\n\n<figure class=\"wp-block-image is-resized\"><img loading=\"lazy\" decoding=\"async\" src=\"http:\/\/lignesauto.fr\/wp-content\/uploads\/2018\/10\/LOGOActus_BD-1024x367.jpg\" alt=\"L\u2019attribut alt de cette image est vide, son nom de fichier est LOGOActus_BD-1024x367.jpg.\" width=\"460\" height=\"164\"\/><\/figure>\n","protected":false},"excerpt":{"rendered":"<p>When I discovered this Thursday 14th January 2021 the Renault 5 EV unveiled by Luca de Meo, an image instantly impressed the retina of my eyes: 1996 and the Geneva Motor Show, with the presentation of the Renault Fiftie, the rehabilitated 4CV icon! Indeed, on the Renault stand at the [&hellip;]<\/p>\n","protected":false},"author":1,"featured_media":21027,"comment_status":"open","ping_status":"open","sticky":false,"template":"","format":"standard","meta":{"footnotes":""},"categories":[1],"tags":[],"_links":{"self":[{"href":"https:\/\/lignesauto.fr\/index.php?rest_route=\/wp\/v2\/posts\/21003"}],"collection":[{"href":"https:\/\/lignesauto.fr\/index.php?rest_route=\/wp\/v2\/posts"}],"about":[{"href":"https:\/\/lignesauto.fr\/index.php?rest_route=\/wp\/v2\/types\/post"}],"author":[{"embeddable":true,"href":"https:\/\/lignesauto.fr\/index.php?rest_route=\/wp\/v2\/users\/1"}],"replies":[{"embeddable":true,"href":"https:\/\/lignesauto.fr\/index.php?rest_route=%2Fwp%2Fv2%2Fcomments&post=21003"}],"version-history":[{"count":12,"href":"https:\/\/lignesauto.fr\/index.php?rest_route=\/wp\/v2\/posts\/21003\/revisions"}],"predecessor-version":[{"id":21031,"href":"https:\/\/lignesauto.fr\/index.php?rest_route=\/wp\/v2\/posts\/21003\/revisions\/21031"}],"wp:featuredmedia":[{"embeddable":true,"href":"https:\/\/lignesauto.fr\/index.php?rest_route=\/wp\/v2\/media\/21027"}],"wp:attachment":[{"href":"https:\/\/lignesauto.fr\/index.php?rest_route=%2Fwp%2Fv2%2Fmedia&parent=21003"}],"wp:term":[{"taxonomy":"category","embeddable":true,"href":"https:\/\/lignesauto.fr\/index.php?rest_route=%2Fwp%2Fv2%2Fcategories&post=21003"},{"taxonomy":"post_tag","embeddable":true,"href":"https:\/\/lignesauto.fr\/index.php?rest_route=%2Fwp%2Fv2%2Ftags&post=21003"}],"curies":[{"name":"wp","href":"https:\/\/api.w.org\/{rel}","templated":true}]}}