{"id":21017,"date":"2021-01-14T10:59:59","date_gmt":"2021-01-14T09:59:59","guid":{"rendered":"http:\/\/lignesauto.fr\/?p=21017"},"modified":"2021-01-14T12:28:49","modified_gmt":"2021-01-14T11:28:49","slug":"le-retour-de-la-r5-en-100-electrique","status":"publish","type":"post","link":"https:\/\/lignesauto.fr\/?p=21017","title":{"rendered":"Le retour de la R5 en 100% \u00e9lectrique !"},"content":{"rendered":"\n<figure class=\"wp-block-image size-large is-resized\"><img loading=\"lazy\" decoding=\"async\" src=\"http:\/\/lignesauto.fr\/wp-content\/uploads\/2018\/10\/LOGOActus_BD-1024x367.jpg\" alt=\"\" class=\"wp-image-4921\" width=\"436\" height=\"155\" srcset=\"https:\/\/lignesauto.fr\/wp-content\/uploads\/2018\/10\/LOGOActus_BD-1024x367.jpg 1024w, https:\/\/lignesauto.fr\/wp-content\/uploads\/2018\/10\/LOGOActus_BD-300x108.jpg 300w, https:\/\/lignesauto.fr\/wp-content\/uploads\/2018\/10\/LOGOActus_BD-370x133.jpg 370w, https:\/\/lignesauto.fr\/wp-content\/uploads\/2018\/10\/LOGOActus_BD-1040x373.jpg 1040w, https:\/\/lignesauto.fr\/wp-content\/uploads\/2018\/10\/LOGOActus_BD.jpg 1240w\" sizes=\"(max-width: 436px) 100vw, 436px\" \/><\/figure>\n\n\n\n<figure class=\"wp-block-image size-large\"><img loading=\"lazy\" decoding=\"async\" width=\"1024\" height=\"695\" src=\"http:\/\/lignesauto.fr\/wp-content\/uploads\/2021\/01\/2021-Renault-5-Prototype-et-Gilles-VIDAL-designer-1024x695.jpg\" alt=\"\" class=\"wp-image-21019\" srcset=\"https:\/\/lignesauto.fr\/wp-content\/uploads\/2021\/01\/2021-Renault-5-Prototype-et-Gilles-VIDAL-designer-1024x695.jpg 1024w, https:\/\/lignesauto.fr\/wp-content\/uploads\/2021\/01\/2021-Renault-5-Prototype-et-Gilles-VIDAL-designer-300x204.jpg 300w, https:\/\/lignesauto.fr\/wp-content\/uploads\/2021\/01\/2021-Renault-5-Prototype-et-Gilles-VIDAL-designer-768x521.jpg 768w, https:\/\/lignesauto.fr\/wp-content\/uploads\/2021\/01\/2021-Renault-5-Prototype-et-Gilles-VIDAL-designer.jpg 1417w\" sizes=\"(max-width: 1024px) 100vw, 1024px\" \/><\/figure>\n\n\n\n<p><em>\u00ab Le design de Renault 5 Prototype s\u2019inspire d\u2019un mod\u00e8le culte de notre patrimoine. Ce mod\u00e8le incarne simplement la modernit\u00e9, un v\u00e9hicule ancr\u00e9 dans son temps : urbain, \u00e9lectrique, charmant. \u00bb<\/em> Voil\u00e0 les premiers mots officiels du nouveau patron du design Renault, Gilles Vidal (ci-dessus).<\/p>\n\n\n\n<figure class=\"wp-block-image size-large\"><img loading=\"lazy\" decoding=\"async\" width=\"1024\" height=\"585\" src=\"http:\/\/lignesauto.fr\/wp-content\/uploads\/2021\/01\/2021-Renault-5-Prototype4-1024x585.jpg\" alt=\"\" class=\"wp-image-21020\" srcset=\"https:\/\/lignesauto.fr\/wp-content\/uploads\/2021\/01\/2021-Renault-5-Prototype4-1024x585.jpg 1024w, https:\/\/lignesauto.fr\/wp-content\/uploads\/2021\/01\/2021-Renault-5-Prototype4-300x171.jpg 300w, https:\/\/lignesauto.fr\/wp-content\/uploads\/2021\/01\/2021-Renault-5-Prototype4-768x439.jpg 768w, https:\/\/lignesauto.fr\/wp-content\/uploads\/2021\/01\/2021-Renault-5-Prototype4.jpg 1417w\" sizes=\"(max-width: 1024px) 100vw, 1024px\" \/><\/figure>\n\n\n\n<p>M\u00eame si \u00e9videmment en \u00e9tant chez Renault depuis le 13 novembre dernier, Gilles a d\u00e9couvert ce projet que Luca de Meo a relanc\u00e9 (et g\u00e9r\u00e9 par Fran\u00e7ois Leboine) voici mois de six mois. L&#8217;interrogation \u00e9tait de savoir qui de la R5 ou de la R4 qui f\u00eate ses 60 ans cette ann\u00e9e allait \u00eatre choisi pour que Renault refasse le coupe de la Fiat 500. C&#8217;est donc la R5.<\/p>\n\n\n\n<figure class=\"wp-block-image size-large\"><img loading=\"lazy\" decoding=\"async\" width=\"1024\" height=\"585\" src=\"http:\/\/lignesauto.fr\/wp-content\/uploads\/2021\/01\/2021-Renault-5-Prototype5-1024x585.jpg\" alt=\"\" class=\"wp-image-21021\" srcset=\"https:\/\/lignesauto.fr\/wp-content\/uploads\/2021\/01\/2021-Renault-5-Prototype5-1024x585.jpg 1024w, https:\/\/lignesauto.fr\/wp-content\/uploads\/2021\/01\/2021-Renault-5-Prototype5-300x171.jpg 300w, https:\/\/lignesauto.fr\/wp-content\/uploads\/2021\/01\/2021-Renault-5-Prototype5-768x438.jpg 768w, https:\/\/lignesauto.fr\/wp-content\/uploads\/2021\/01\/2021-Renault-5-Prototype5.jpg 1417w\" sizes=\"(max-width: 1024px) 100vw, 1024px\" \/><\/figure>\n\n\n\n<p><strong>`Voici le communiqu\u00e9 officiel et court sur cette tr\u00e8s bonne nouvelle !<\/strong><br>L&#8217;\u00e2me d&#8217;une marque vient de ses racines. Sans sombrer dans le pass\u00e9, elle doit y rester attach\u00e9e et s\u2019en inspirer pour retrouver l&#8217;esprit des temps glorieux. C&#8217;est le r\u00f4le de Renault 5 Prototype : montrer que Renault va d\u00e9mocratiser la voiture \u00e9lectrique en Europe avec une approche moderne de la voiture populaire et essentielle.<\/p>\n\n\n\n<figure class=\"wp-block-image size-large\"><img loading=\"lazy\" decoding=\"async\" width=\"1024\" height=\"585\" src=\"http:\/\/lignesauto.fr\/wp-content\/uploads\/2021\/01\/2021-Renault-5-Prototype6-1024x585.jpg\" alt=\"\" class=\"wp-image-21022\" srcset=\"https:\/\/lignesauto.fr\/wp-content\/uploads\/2021\/01\/2021-Renault-5-Prototype6-1024x585.jpg 1024w, https:\/\/lignesauto.fr\/wp-content\/uploads\/2021\/01\/2021-Renault-5-Prototype6-300x171.jpg 300w, https:\/\/lignesauto.fr\/wp-content\/uploads\/2021\/01\/2021-Renault-5-Prototype6-768x439.jpg 768w, https:\/\/lignesauto.fr\/wp-content\/uploads\/2021\/01\/2021-Renault-5-Prototype6.jpg 1417w\" sizes=\"(max-width: 1024px) 100vw, 1024px\" \/><\/figure>\n\n\n\n<p>Renault 5 Prototype est une citadine compacte pleine de charme qui propulse vers l&#8217;avenir l&#8217;une des ic\u00f4nes intemporelles de Renault, avec une touche de modernit\u00e9 100 % \u00e9lectrique. Elle a gard\u00e9 son c\u00f4t\u00e9 fun et espi\u00e8gle, avec une carrosserie jaune tr\u00e8s \u00ab pop \u00bb. <\/p>\n\n\n\n<figure class=\"wp-block-image size-large\"><img loading=\"lazy\" decoding=\"async\" width=\"1024\" height=\"585\" src=\"http:\/\/lignesauto.fr\/wp-content\/uploads\/2021\/01\/2021-Renault-5-Prototype9-1024x585.jpg\" alt=\"\" class=\"wp-image-21023\" srcset=\"https:\/\/lignesauto.fr\/wp-content\/uploads\/2021\/01\/2021-Renault-5-Prototype9-1024x585.jpg 1024w, https:\/\/lignesauto.fr\/wp-content\/uploads\/2021\/01\/2021-Renault-5-Prototype9-300x171.jpg 300w, https:\/\/lignesauto.fr\/wp-content\/uploads\/2021\/01\/2021-Renault-5-Prototype9-768x439.jpg 768w, https:\/\/lignesauto.fr\/wp-content\/uploads\/2021\/01\/2021-Renault-5-Prototype9.jpg 1417w\" sizes=\"(max-width: 1024px) 100vw, 1024px\" \/><\/figure>\n\n\n\n<p>L&#8217;\u00e9quipe design de Gilles Vidal s&#8217;est inspir\u00e9e d&#8217;un mod\u00e8le embl\u00e9matique du patrimoine Renault, connu et reconnu \u00e0 travers le monde, la R5. Renault 5 Prototype reprend les grandes lignes de son design originel. L&#8217;approche moderne est \u00e9galement visible dans les finitions et les mat\u00e9riaux choisis qui s&#8217;inspirent de l\u2019univers de l&#8217;\u00e9lectronique, du mobilier et du sport.<\/p>\n\n\n\n<figure class=\"wp-block-image size-large\"><img loading=\"lazy\" decoding=\"async\" width=\"1024\" height=\"585\" src=\"http:\/\/lignesauto.fr\/wp-content\/uploads\/2021\/01\/2021-Renault-5-Prototype12-1024x585.jpg\" alt=\"\" class=\"wp-image-21024\" srcset=\"https:\/\/lignesauto.fr\/wp-content\/uploads\/2021\/01\/2021-Renault-5-Prototype12-1024x585.jpg 1024w, https:\/\/lignesauto.fr\/wp-content\/uploads\/2021\/01\/2021-Renault-5-Prototype12-300x171.jpg 300w, https:\/\/lignesauto.fr\/wp-content\/uploads\/2021\/01\/2021-Renault-5-Prototype12-768x439.jpg 768w, https:\/\/lignesauto.fr\/wp-content\/uploads\/2021\/01\/2021-Renault-5-Prototype12.jpg 1417w\" sizes=\"(max-width: 1024px) 100vw, 1024px\" \/><\/figure>\n\n\n\n<p>La R5 est imm\u00e9diatement reconnaissable, mais gr\u00e2ce \u00e0 un traitement moderne des lignes et des surfaces avec des d\u00e9tails futuristes (lumi\u00e8res, face avant, etc.), le r\u00e9sultat offre un design r\u00e9solument contemporain. Les \u00e9l\u00e9ments de style inspir\u00e9s de la R5 originelle et modernis\u00e9s cachent des fonctions modernes : la prise d&#8217;air du capot cache la trappe de recharge, les feux arri\u00e8re int\u00e8grent des d\u00e9flecteurs a\u00e9rodynamiques, et les phares antibrouillard dans le pare-chocs sont devenus des feux de jour \u00e0 LED. Des clins d\u2019\u0153il au \u00ab 5 \u00bb originel se retrouvent au niveau de la grille lat\u00e9rale, des roues et du logo arri\u00e8re.<\/p>\n\n\n\n<figure class=\"wp-block-image size-large\"><img loading=\"lazy\" decoding=\"async\" width=\"1024\" height=\"585\" src=\"http:\/\/lignesauto.fr\/wp-content\/uploads\/2021\/01\/2021-Renault-5-Prototype18-1024x585.jpg\" alt=\"\" class=\"wp-image-21025\" srcset=\"https:\/\/lignesauto.fr\/wp-content\/uploads\/2021\/01\/2021-Renault-5-Prototype18-1024x585.jpg 1024w, https:\/\/lignesauto.fr\/wp-content\/uploads\/2021\/01\/2021-Renault-5-Prototype18-300x171.jpg 300w, https:\/\/lignesauto.fr\/wp-content\/uploads\/2021\/01\/2021-Renault-5-Prototype18-768x439.jpg 768w, https:\/\/lignesauto.fr\/wp-content\/uploads\/2021\/01\/2021-Renault-5-Prototype18.jpg 1417w\" sizes=\"(max-width: 1024px) 100vw, 1024px\" \/><\/figure>\n\n\n\n<p>L\u2019avant et le toit en tissu s\u2019inspirent de l\u2019univers du mobilier pour donner une touche de charme \u00ab \u00e0 la fran\u00e7aise \u00bb au v\u00e9hicule, un soup\u00e7on de malice et de caract\u00e8re qui joue sur la nostalgie. Les logos avant et arri\u00e8re s\u2019allument pour donner vie \u00e0 la voiture. Enfin, le drapeau fran\u00e7ais sur les r\u00e9troviseurs ext\u00e9rieurs souligne la \u00ab French touch \u00bb du v\u00e9hicule, quand les lampes d&#8217;appui-t\u00eate et les informations affich\u00e9es sur le petit \u00e9cran transparent du tableau de bord vous invitent \u00e0 embarquer et \u00e0 voyager.<\/p>\n\n\n\n<h2 class=\"wp-block-heading\"><strong>A LIRE : La R5 EV h\u00e9riti\u00e8re de la Fiftie<\/strong><\/h2>\n\n\n\n<figure class=\"wp-block-embed-wordpress wp-block-embed is-type-wp-embed is-provider-design-actualite-archives\"><div class=\"wp-block-embed__wrapper\">\n<blockquote class=\"wp-embedded-content\" data-secret=\"hi8PaV0aMX\"><a href=\"https:\/\/lignesauto.fr\/?p=20983\">25 ans apr\u00e8s, la Renault 5 EV h\u00e9riti\u00e8re de la Fiftie !<\/a><\/blockquote><iframe class=\"wp-embedded-content\" sandbox=\"allow-scripts\" security=\"restricted\" style=\"position: absolute; clip: rect(1px, 1px, 1px, 1px);\" title=\"&#8220;25 ans apr\u00e8s, la Renault 5 EV h\u00e9riti\u00e8re de la Fiftie !&#8221; &#8212; LIGNES\/auto\" src=\"https:\/\/lignesauto.fr\/?p=20983&#038;embed=true#?secret=rstWxhc1qC#?secret=hi8PaV0aMX\" data-secret=\"hi8PaV0aMX\" width=\"600\" height=\"338\" frameborder=\"0\" marginwidth=\"0\" marginheight=\"0\" scrolling=\"no\"><\/iframe>\n<\/div><\/figure>\n\n\n\n<figure class=\"wp-block-image is-resized\"><img loading=\"lazy\" decoding=\"async\" src=\"http:\/\/lignesauto.fr\/wp-content\/uploads\/2018\/10\/LOGOActus_BD-1024x367.jpg\" alt=\"L\u2019attribut alt de cette image est vide, son nom de fichier est LOGOActus_BD-1024x367.jpg.\" width=\"378\" height=\"135\"\/><\/figure>\n","protected":false},"excerpt":{"rendered":"<p>\u00ab Le design de Renault 5 Prototype s\u2019inspire d\u2019un mod\u00e8le culte de notre patrimoine. Ce mod\u00e8le incarne simplement la modernit\u00e9, un v\u00e9hicule ancr\u00e9 dans son temps : urbain, \u00e9lectrique, charmant. \u00bb Voil\u00e0 les premiers mots officiels du nouveau patron du design Renault, Gilles Vidal (ci-dessus). M\u00eame si \u00e9videmment en \u00e9tant [&hellip;]<\/p>\n","protected":false},"author":1,"featured_media":21020,"comment_status":"open","ping_status":"open","sticky":false,"template":"","format":"standard","meta":{"footnotes":""},"categories":[1],"tags":[],"_links":{"self":[{"href":"https:\/\/lignesauto.fr\/index.php?rest_route=\/wp\/v2\/posts\/21017"}],"collection":[{"href":"https:\/\/lignesauto.fr\/index.php?rest_route=\/wp\/v2\/posts"}],"about":[{"href":"https:\/\/lignesauto.fr\/index.php?rest_route=\/wp\/v2\/types\/post"}],"author":[{"embeddable":true,"href":"https:\/\/lignesauto.fr\/index.php?rest_route=\/wp\/v2\/users\/1"}],"replies":[{"embeddable":true,"href":"https:\/\/lignesauto.fr\/index.php?rest_route=%2Fwp%2Fv2%2Fcomments&post=21017"}],"version-history":[{"count":4,"href":"https:\/\/lignesauto.fr\/index.php?rest_route=\/wp\/v2\/posts\/21017\/revisions"}],"predecessor-version":[{"id":21038,"href":"https:\/\/lignesauto.fr\/index.php?rest_route=\/wp\/v2\/posts\/21017\/revisions\/21038"}],"wp:featuredmedia":[{"embeddable":true,"href":"https:\/\/lignesauto.fr\/index.php?rest_route=\/wp\/v2\/media\/21020"}],"wp:attachment":[{"href":"https:\/\/lignesauto.fr\/index.php?rest_route=%2Fwp%2Fv2%2Fmedia&parent=21017"}],"wp:term":[{"taxonomy":"category","embeddable":true,"href":"https:\/\/lignesauto.fr\/index.php?rest_route=%2Fwp%2Fv2%2Fcategories&post=21017"},{"taxonomy":"post_tag","embeddable":true,"href":"https:\/\/lignesauto.fr\/index.php?rest_route=%2Fwp%2Fv2%2Ftags&post=21017"}],"curies":[{"name":"wp","href":"https:\/\/api.w.org\/{rel}","templated":true}]}}