{"id":21054,"date":"2021-01-19T17:57:28","date_gmt":"2021-01-19T16:57:28","guid":{"rendered":"http:\/\/lignesauto.fr\/?p=21054"},"modified":"2021-01-21T17:43:03","modified_gmt":"2021-01-21T16:43:03","slug":"patrick-le-quement-parle-de-la-future-r5-electrique","status":"publish","type":"post","link":"https:\/\/lignesauto.fr\/?p=21054","title":{"rendered":"Patrick le Qu\u00e9ment parle de la future R5 \u00e9lectrique"},"content":{"rendered":"\n<p style=\"font-size:18px\">Patrick le Qu\u00e9ment a quitt\u00e9 la direction du Design Industriel de Renault le 4 novembre 2009, apr\u00e8s 22 ans chez le constructeur fran\u00e7ais. Aujourd&#8217;hui toujours au fait de l&#8217;actualit\u00e9 automobile, il \u0153uvre, entre autre, au dessin de bateaux pour plusieurs constructeurs. Infatigable, \u00e0 plus de 75 ans, il reste actif et a bien voulu commenter la renaissance de la R5 pour nous.<\/p>\n\n\n\n<figure class=\"wp-block-image size-large\"><img loading=\"lazy\" decoding=\"async\" width=\"683\" height=\"1024\" src=\"http:\/\/lignesauto.fr\/wp-content\/uploads\/2021\/01\/LAE_100-683x1024.jpg\" alt=\"\" class=\"wp-image-21084\" srcset=\"https:\/\/lignesauto.fr\/wp-content\/uploads\/2021\/01\/LAE_100-683x1024.jpg 683w, https:\/\/lignesauto.fr\/wp-content\/uploads\/2021\/01\/LAE_100-200x300.jpg 200w, https:\/\/lignesauto.fr\/wp-content\/uploads\/2021\/01\/LAE_100-768x1152.jpg 768w, https:\/\/lignesauto.fr\/wp-content\/uploads\/2021\/01\/LAE_100-1024x1536.jpg 1024w, https:\/\/lignesauto.fr\/wp-content\/uploads\/2021\/01\/LAE_100-1365x2048.jpg 1365w, https:\/\/lignesauto.fr\/wp-content\/uploads\/2021\/01\/LAE_100.jpg 1417w\" sizes=\"(max-width: 683px) 100vw, 683px\" \/><\/figure>\n\n\n\n<figure class=\"wp-block-image size-large is-resized\"><img loading=\"lazy\" decoding=\"async\" src=\"http:\/\/lignesauto.fr\/wp-content\/uploads\/2018\/10\/LOGOActus_BD-1024x367.jpg\" alt=\"\" class=\"wp-image-4921\" width=\"431\" height=\"154\" srcset=\"https:\/\/lignesauto.fr\/wp-content\/uploads\/2018\/10\/LOGOActus_BD-1024x367.jpg 1024w, https:\/\/lignesauto.fr\/wp-content\/uploads\/2018\/10\/LOGOActus_BD-300x108.jpg 300w, https:\/\/lignesauto.fr\/wp-content\/uploads\/2018\/10\/LOGOActus_BD-768x276.jpg 768w, https:\/\/lignesauto.fr\/wp-content\/uploads\/2018\/10\/LOGOActus_BD-370x133.jpg 370w, https:\/\/lignesauto.fr\/wp-content\/uploads\/2018\/10\/LOGOActus_BD-1040x373.jpg 1040w, https:\/\/lignesauto.fr\/wp-content\/uploads\/2018\/10\/LOGOActus_BD.jpg 1240w\" sizes=\"(max-width: 431px) 100vw, 431px\" \/><\/figure>\n\n\n\n<p style=\"font-size:18px\">Concernant le r\u00e9tro-design, Patrick le Qu\u00e9ment rappelle &#8220;qu&#8217;il a d\u00e9but\u00e9 avec la fameuse Beetle Concept-1 (ci-dessous) de J.Mays, il y a 27 ans, lors du salon de Detroit en 1994.&#8221; Le Qu\u00e9ment n&#8217;a jamais \u00e9t\u00e9 reconnu comme un grand fan du r\u00e9tro-design. &#8220;C\u2019est vrai que ma tendance a toujours \u00e9t\u00e9 de regarder vers l\u2019avant.&#8221;<\/p>\n\n\n\n<figure class=\"wp-block-image size-large\"><img loading=\"lazy\" decoding=\"async\" width=\"1024\" height=\"819\" src=\"http:\/\/lignesauto.fr\/wp-content\/uploads\/2021\/01\/LAE_200-1024x819.jpg\" alt=\"\" class=\"wp-image-21068\" srcset=\"https:\/\/lignesauto.fr\/wp-content\/uploads\/2021\/01\/LAE_200-1024x819.jpg 1024w, https:\/\/lignesauto.fr\/wp-content\/uploads\/2021\/01\/LAE_200-300x240.jpg 300w, https:\/\/lignesauto.fr\/wp-content\/uploads\/2021\/01\/LAE_200-768x614.jpg 768w, https:\/\/lignesauto.fr\/wp-content\/uploads\/2021\/01\/LAE_200-1536x1229.jpg 1536w, https:\/\/lignesauto.fr\/wp-content\/uploads\/2021\/01\/LAE_200.jpg 1575w\" sizes=\"(max-width: 1024px) 100vw, 1024px\" \/><\/figure>\n\n\n\n<p style=\"font-size:18px\">&#8220;Apr\u00e8s mon d\u00e9part, lorsque le design Renault a travaill\u00e9 sur la Twingo III avec Daimler, il y a eu cette tentation de faire un rapprochement avec la R5, et plus pr\u00e9cis\u00e9ment la version sportive Turbo (ci-dessous). Il y a eu des projets int\u00e9ressants mais le management de l\u2019\u00e9poque a choisi de prendre un peu recul par rapport aux signes trop identifiants de la R5, comme les phares notamment.&#8221;<\/p>\n\n\n\n<figure class=\"wp-block-image size-large\"><img loading=\"lazy\" decoding=\"async\" width=\"1024\" height=\"682\" src=\"http:\/\/lignesauto.fr\/wp-content\/uploads\/2021\/01\/Capture-de\u0301cran-2021-01-19-a\u0300-17.10.12-1024x682.png\" alt=\"\" class=\"wp-image-21091\" srcset=\"https:\/\/lignesauto.fr\/wp-content\/uploads\/2021\/01\/Capture-de\u0301cran-2021-01-19-a\u0300-17.10.12-1024x682.png 1024w, https:\/\/lignesauto.fr\/wp-content\/uploads\/2021\/01\/Capture-de\u0301cran-2021-01-19-a\u0300-17.10.12-300x200.png 300w, https:\/\/lignesauto.fr\/wp-content\/uploads\/2021\/01\/Capture-de\u0301cran-2021-01-19-a\u0300-17.10.12-768x512.png 768w, https:\/\/lignesauto.fr\/wp-content\/uploads\/2021\/01\/Capture-de\u0301cran-2021-01-19-a\u0300-17.10.12.png 1417w\" sizes=\"(max-width: 1024px) 100vw, 1024px\" \/><\/figure>\n\n\n\n<p style=\"font-size:18px\">Ce r\u00e9tro-design, Le Qu\u00e9ment n&#8217;a jamais voulu en entendre parler lorsqu&#8217;il \u00e9tait aux commandes de Renault Design Industriel, \u00e0 l&#8217;exception du concept-car Fifitie (lire ici : <a href=\"http:\/\/lignesauto.fr\/?p=20983\">FIFTIE<\/a><a href=\"http:\/\/lignesauto.fr\/?p=20983\"><\/a>). Mais &#8220;m\u00eame si je ne vais pas dire que seuls les imb\u00e9ciles ne changent pas d\u2019avis, dans le contexte actuel, la R5 Prototype d\u00e9voil\u00e9e \u00e0 l&#8217;occasion de Renaulution est une bonne op\u00e9ration.&#8221;<\/p>\n\n\n\n<figure class=\"wp-block-image size-large\"><img loading=\"lazy\" decoding=\"async\" width=\"1024\" height=\"585\" src=\"http:\/\/lignesauto.fr\/wp-content\/uploads\/2021\/01\/LAE_06-1024x585.jpg\" alt=\"\" class=\"wp-image-21070\" srcset=\"https:\/\/lignesauto.fr\/wp-content\/uploads\/2021\/01\/LAE_06-1024x585.jpg 1024w, https:\/\/lignesauto.fr\/wp-content\/uploads\/2021\/01\/LAE_06-300x171.jpg 300w, https:\/\/lignesauto.fr\/wp-content\/uploads\/2021\/01\/LAE_06-768x439.jpg 768w, https:\/\/lignesauto.fr\/wp-content\/uploads\/2021\/01\/LAE_06-1536x877.jpg 1536w, https:\/\/lignesauto.fr\/wp-content\/uploads\/2021\/01\/LAE_06-2048x1170.jpg 2048w\" sizes=\"(max-width: 1024px) 100vw, 1024px\" \/><\/figure>\n\n\n\n<p style=\"font-size:18px\">&#8220;On voit bien que la marque s\u2019\u00e9tait un peu \u00e9gar\u00e9e et on arrivait difficilement \u00e0 capter ce qu\u2019\u00e9tait Renault. Luca de Meo a \u00e9t\u00e9 clair en exprimant sa volont\u00e9 de revenir vers des produits forts, qui se remarquent. Ici, avec le concept R5, on fait face \u00e0 la premi\u00e8re des voitures de l\u2019\u00e8re de Meo. On ne sait pas encore quelle plateforme sera retenue mais cette information est capitale, car \u00e7a peut avoir une grande influence sur les proportions. La Twingo actuelle par exemple a des proportions dict\u00e9es par la Smart, un package qui correspond bien \u00e0 ce que Mercedes d\u00e9sirait.&#8221;<\/p>\n\n\n\n<figure class=\"wp-block-image size-large\"><img loading=\"lazy\" decoding=\"async\" width=\"1024\" height=\"585\" src=\"http:\/\/lignesauto.fr\/wp-content\/uploads\/2021\/01\/LAE_07-1024x585.jpg\" alt=\"\" class=\"wp-image-21071\" srcset=\"https:\/\/lignesauto.fr\/wp-content\/uploads\/2021\/01\/LAE_07-1024x585.jpg 1024w, https:\/\/lignesauto.fr\/wp-content\/uploads\/2021\/01\/LAE_07-300x171.jpg 300w, https:\/\/lignesauto.fr\/wp-content\/uploads\/2021\/01\/LAE_07-768x439.jpg 768w, https:\/\/lignesauto.fr\/wp-content\/uploads\/2021\/01\/LAE_07-1536x878.jpg 1536w, https:\/\/lignesauto.fr\/wp-content\/uploads\/2021\/01\/LAE_07-2048x1171.jpg 2048w\" sizes=\"(max-width: 1024px) 100vw, 1024px\" \/><\/figure>\n\n\n\n<p style=\"font-size:18px\">&#8220;Sur cette R5 Prototype, il existe plein de signes rappelant la voiture d&#8217;origine, comme la ceinture de caisse avec le montant arri\u00e8re. C\u2019est tr\u00e8s bien dessin\u00e9 avec le pavillon s\u00e9par\u00e9, comme sur une Mini. Il y a les phares et les feux arri\u00e8re caract\u00e9ristiques et aussi pas mal d&#8217;appels du pied c\u00f4t\u00e9 graphisme vers Vasarely. On retrouve ce c\u00f4t\u00e9 &#8220;Op&#8217;Art&#8221; avec le nouveau losange pr\u00e9sent sur la R5&#8243; (ci-dessous)<\/p>\n\n\n\n<figure class=\"wp-block-image size-large\"><img loading=\"lazy\" decoding=\"async\" width=\"1024\" height=\"744\" src=\"http:\/\/lignesauto.fr\/wp-content\/uploads\/2021\/01\/LAE_222-1024x744.png\" alt=\"\" class=\"wp-image-21072\" srcset=\"https:\/\/lignesauto.fr\/wp-content\/uploads\/2021\/01\/LAE_222-1024x744.png 1024w, https:\/\/lignesauto.fr\/wp-content\/uploads\/2021\/01\/LAE_222-300x218.png 300w, https:\/\/lignesauto.fr\/wp-content\/uploads\/2021\/01\/LAE_222-768x558.png 768w, https:\/\/lignesauto.fr\/wp-content\/uploads\/2021\/01\/LAE_222.png 1417w\" sizes=\"(max-width: 1024px) 100vw, 1024px\" \/><figcaption><strong>A gauche, le logo de 1972, l&#8217;ann\u00e9e de la R5<\/strong><\/figcaption><\/figure>\n\n\n\n<p style=\"font-size:18px\">&#8220;La voiture est sympathique, elle exprime une \u00e9volution forte dans le langage du style style Renault. Le design est assez marqu\u00e9 avec des carres franches. Les designers ont bien r\u00e9interpr\u00e9t\u00e9 la R5, mais plut\u00f4t celle de Gandini, la Supercinq de 1984 avec son c\u00f4t\u00e9 de caisse tr\u00e8s simple, avec de belles sections, sans animation. Tout se passe alors \u00e0 l&#8217;avant et \u00e0 l&#8217;arri\u00e8re o\u00f9 l&#8217;on retrouve vraiment la R5.&#8221;<\/p>\n\n\n\n<figure class=\"wp-block-image size-large\"><img loading=\"lazy\" decoding=\"async\" width=\"1024\" height=\"768\" src=\"http:\/\/lignesauto.fr\/wp-content\/uploads\/2021\/01\/LAE_09-1024x768.jpg\" alt=\"\" class=\"wp-image-21074\" srcset=\"https:\/\/lignesauto.fr\/wp-content\/uploads\/2021\/01\/LAE_09-1024x768.jpg 1024w, https:\/\/lignesauto.fr\/wp-content\/uploads\/2021\/01\/LAE_09-300x225.jpg 300w, https:\/\/lignesauto.fr\/wp-content\/uploads\/2021\/01\/LAE_09-768x576.jpg 768w, https:\/\/lignesauto.fr\/wp-content\/uploads\/2021\/01\/LAE_09-1536x1152.jpg 1536w, https:\/\/lignesauto.fr\/wp-content\/uploads\/2021\/01\/LAE_09-2048x1536.jpg 2048w\" sizes=\"(max-width: 1024px) 100vw, 1024px\" \/><\/figure>\n\n\n\n<p style=\"font-size:18px\">&#8220;Je dirais quand m\u00eame que ce concept-car est un peu trop bavard. Il g\u00e9n\u00e8re trop de messages. Je reste un adepte de la maxime de Battista Pinin Farina qui disait &#8220;<em>simplifiiez, simplifiez, et quand vous pensez avoir termin\u00e9, enlevez encore une ligne !<\/em>&#8220;<\/p>\n\n\n\n<figure class=\"wp-block-image size-large\"><img loading=\"lazy\" decoding=\"async\" width=\"1024\" height=\"683\" src=\"http:\/\/lignesauto.fr\/wp-content\/uploads\/2021\/01\/LAE_02-1024x683.jpg\" alt=\"\" class=\"wp-image-21075\" srcset=\"https:\/\/lignesauto.fr\/wp-content\/uploads\/2021\/01\/LAE_02-1024x683.jpg 1024w, https:\/\/lignesauto.fr\/wp-content\/uploads\/2021\/01\/LAE_02-300x200.jpg 300w, https:\/\/lignesauto.fr\/wp-content\/uploads\/2021\/01\/LAE_02-768x512.jpg 768w, https:\/\/lignesauto.fr\/wp-content\/uploads\/2021\/01\/LAE_02-1536x1024.jpg 1536w, https:\/\/lignesauto.fr\/wp-content\/uploads\/2021\/01\/LAE_02-2048x1365.jpg 2048w\" sizes=\"(max-width: 1024px) 100vw, 1024px\" \/><\/figure>\n\n\n\n<p style=\"font-size:18px\">&#8220;Je suis moins fan de certains d\u00e9tails, mais globalement l&#8217;exercice est r\u00e9ussi,. \u00c9videmment, c&#8217;est compliqu\u00e9 pour un designer de parler du travail d\u2019un autre designer, car il ne l&#8217;aurait pas fait exactement comme \u00e7a&#8230; N\u00e9anmoins je dis bravo, car c&#8217;est une voiture qui va faire parler de Renault et les designers ont su lui ajouter une \u00e2me, du ressenti. La voiture d\u00e9gage de l\u2019\u00e9motion, ce qui n\u2019est pas toujours les cas avec les autres voitures de la gamme.&#8221;<\/p>\n\n\n\n<figure class=\"wp-block-image size-large\"><img loading=\"lazy\" decoding=\"async\" width=\"1024\" height=\"585\" src=\"http:\/\/lignesauto.fr\/wp-content\/uploads\/2021\/01\/2021-Renault-5-Prototype9-1024x585.jpg\" alt=\"\" class=\"wp-image-21023\" srcset=\"https:\/\/lignesauto.fr\/wp-content\/uploads\/2021\/01\/2021-Renault-5-Prototype9-1024x585.jpg 1024w, https:\/\/lignesauto.fr\/wp-content\/uploads\/2021\/01\/2021-Renault-5-Prototype9-300x171.jpg 300w, https:\/\/lignesauto.fr\/wp-content\/uploads\/2021\/01\/2021-Renault-5-Prototype9-768x439.jpg 768w, https:\/\/lignesauto.fr\/wp-content\/uploads\/2021\/01\/2021-Renault-5-Prototype9.jpg 1417w\" sizes=\"(max-width: 1024px) 100vw, 1024px\" \/><\/figure>\n\n\n\n<p style=\"font-size:18px\">&#8220;La R5 Prototype n&#8217;a pas le gabarit de l&#8217;originale, elle est plut\u00f4t grosse mais pas plus qu&#8217;une MINI de BMW par rapport \u00e0 la Mini originelle ! Pour se rapprocher de la R5, on aurait aim\u00e9 que la voiture soit moins imposante car l&#8217;essentiel de la R5 de 1972, c&#8217;est qu&#8217;elle \u00e9tait une parfaite citadine. Ici, l&#8217;objectif a \u00e9t\u00e9 de reprendre l&#8217;expression de la R5, pas son format.&#8221;<\/p>\n\n\n\n<figure class=\"wp-block-image size-large\"><img loading=\"lazy\" decoding=\"async\" width=\"1024\" height=\"533\" src=\"http:\/\/lignesauto.fr\/wp-content\/uploads\/2021\/01\/LAE_300-1024x533.png\" alt=\"\" class=\"wp-image-21078\" srcset=\"https:\/\/lignesauto.fr\/wp-content\/uploads\/2021\/01\/LAE_300-1024x533.png 1024w, https:\/\/lignesauto.fr\/wp-content\/uploads\/2021\/01\/LAE_300-300x156.png 300w, https:\/\/lignesauto.fr\/wp-content\/uploads\/2021\/01\/LAE_300-768x400.png 768w, https:\/\/lignesauto.fr\/wp-content\/uploads\/2021\/01\/LAE_300.png 1417w\" sizes=\"(max-width: 1024px) 100vw, 1024px\" \/><\/figure>\n\n\n\n<p style=\"font-size:18px\">Concernant les annonces faites pour la marque Alpine qui devient 100% \u00e9lectrique et qui donnera naissance \u00e0 une rempla\u00e7ante de la Berlinette par un coup\u00e9 con\u00e7u en commun avec Lotus, Patrick le Qu\u00e9ment se souvient tr\u00e8s bien de la Berlinette Z11 qui faillit \u00eatre industrialis\u00e9e en 2001, voici 20 ans (ci-dessous) en partenariat, d\u00e9j\u00e0, avec Lotus !<\/p>\n\n\n\n<figure class=\"wp-block-image size-large\"><img loading=\"lazy\" decoding=\"async\" width=\"1024\" height=\"549\" src=\"http:\/\/lignesauto.fr\/wp-content\/uploads\/2021\/01\/LAE_22-1024x549.jpg\" alt=\"\" class=\"wp-image-21100\" srcset=\"https:\/\/lignesauto.fr\/wp-content\/uploads\/2021\/01\/LAE_22-1024x549.jpg 1024w, https:\/\/lignesauto.fr\/wp-content\/uploads\/2021\/01\/LAE_22-300x161.jpg 300w, https:\/\/lignesauto.fr\/wp-content\/uploads\/2021\/01\/LAE_22-768x412.jpg 768w, https:\/\/lignesauto.fr\/wp-content\/uploads\/2021\/01\/LAE_22-1536x824.jpg 1536w, https:\/\/lignesauto.fr\/wp-content\/uploads\/2021\/01\/LAE_22-2048x1098.jpg 2048w\" sizes=\"(max-width: 1024px) 100vw, 1024px\" \/><\/figure>\n\n\n\n<p style=\"font-size:18px\">&#8220;A l&#8217;\u00e9poque, Lotus avait aussi sa part de responsabilit\u00e9 dans l&#8217;abandon du projet. On n&#8217;\u00e9tait pas arriv\u00e9 \u00e0 finaliser un contrat satisfaisant. Clairement, Lotus a toujours des comp\u00e9tences pour concevoir des produits ing\u00e9nieux dans le contexte de la bataille du poids. Cette association me para\u00eet donc naturelle, dans l\u2019esprit Alpine et Lotus qui restent tr\u00e8s proches. \u00c7a ne me choque pas.&#8221;<\/p>\n\n\n\n<figure class=\"wp-block-image size-large\"><img loading=\"lazy\" decoding=\"async\" width=\"1024\" height=\"698\" src=\"http:\/\/lignesauto.fr\/wp-content\/uploads\/2021\/01\/LAE_01-1024x698.jpg\" alt=\"\" class=\"wp-image-21081\" srcset=\"https:\/\/lignesauto.fr\/wp-content\/uploads\/2021\/01\/LAE_01-1024x698.jpg 1024w, https:\/\/lignesauto.fr\/wp-content\/uploads\/2021\/01\/LAE_01-300x205.jpg 300w, https:\/\/lignesauto.fr\/wp-content\/uploads\/2021\/01\/LAE_01-768x524.jpg 768w, https:\/\/lignesauto.fr\/wp-content\/uploads\/2021\/01\/LAE_01.jpg 1280w\" sizes=\"(max-width: 1024px) 100vw, 1024px\" \/><figcaption><strong>La rempla\u00e7ante de l&#8217;A110 sera 100% \u00e9lectrique<\/strong><\/figcaption><\/figure>\n\n\n\n<p style=\"font-size:18px\">Alpine qui se dirige vers une v\u00e9ritable gamme 100% \u00e9lectrique avec une berline compacte, un crossover et une rempla\u00e7ante de la Berlinette. Le Qu\u00e9ment nous dit que &#8220;c\u2019est un peu la revanche de cette marque sur Renault, apr\u00e8s avoir \u00e9t\u00e9 sacrifi\u00e9e pendant trop longtemps aux c\u00f4t\u00e9s d&#8217;une mont\u00e9e en puissance de Renault Sport et Renault F1. Alpine est une belle marque. Le retour de l&#8217;A110 a \u00e9t\u00e9 r\u00e9ussi, j\u2019esp\u00e8re que la suite sera au m\u00eame niveau d\u2019excellence car j\u2019ai un peu peur de la tentation qui peut y avoir de continuer avec le badge Alpine, mais en s\u2019\u00e9garant des fondamentaux associ\u00e9s \u00e0 la marque.&#8221;<\/p>\n\n\n\n<figure class=\"wp-block-image size-large\"><img loading=\"lazy\" decoding=\"async\" width=\"1024\" height=\"768\" src=\"http:\/\/lignesauto.fr\/wp-content\/uploads\/2020\/11\/LIGNESAUTO_FT_201-1024x768.jpg\" alt=\"\" class=\"wp-image-20372\" srcset=\"https:\/\/lignesauto.fr\/wp-content\/uploads\/2020\/11\/LIGNESAUTO_FT_201-1024x768.jpg 1024w, https:\/\/lignesauto.fr\/wp-content\/uploads\/2020\/11\/LIGNESAUTO_FT_201-300x225.jpg 300w, https:\/\/lignesauto.fr\/wp-content\/uploads\/2020\/11\/LIGNESAUTO_FT_201-768x576.jpg 768w, https:\/\/lignesauto.fr\/wp-content\/uploads\/2020\/11\/LIGNESAUTO_FT_201.jpg 1417w\" sizes=\"(max-width: 1024px) 100vw, 1024px\" \/><figcaption><strong>Le concept-car A110-50, le plus embl\u00e9matique, g\u00e9r\u00e9 par Axel Breun.<\/strong><\/figcaption><\/figure>\n\n\n\n<p style=\"font-size:18px\">Et sur le th\u00e8me de la ru\u00e9e vers le 100 % \u00e9lectrique, qu&#8217;en pense Patrick le Qu\u00e9ment ? &#8220;Je fais confiance aux ing\u00e9nieurs et designers pour enfin nous lib\u00e9rer de certaines contraintes qui sont associ\u00e9s aux moteurs thermiques. Je suis toujours surpris quand je vois des voitures 100% \u00e9lectriques arborant d\u2019\u00e9normes calandres (ci-dessous, concept BMW iNext). Avec l&#8217;\u00e9lectrique, il y a un vrai potentiel pour d\u00e9nicher de nouvelles architectures et de nouvelles expressions. C&#8217;est l\u00e0 o\u00f9 \u00e7a va se passer.&#8221;<\/p>\n\n\n\n<figure class=\"wp-block-image size-large\"><img loading=\"lazy\" decoding=\"async\" width=\"600\" height=\"400\" src=\"http:\/\/lignesauto.fr\/wp-content\/uploads\/2018\/09\/P90322150_lowRes_bmw-vision-inext-des.jpg\" alt=\"\" class=\"wp-image-4387\" srcset=\"https:\/\/lignesauto.fr\/wp-content\/uploads\/2018\/09\/P90322150_lowRes_bmw-vision-inext-des.jpg 600w, https:\/\/lignesauto.fr\/wp-content\/uploads\/2018\/09\/P90322150_lowRes_bmw-vision-inext-des-300x200.jpg 300w, https:\/\/lignesauto.fr\/wp-content\/uploads\/2018\/09\/P90322150_lowRes_bmw-vision-inext-des-370x247.jpg 370w\" sizes=\"(max-width: 600px) 100vw, 600px\" \/><\/figure>\n\n\n\n<p style=\"font-size:18px\">&#8220;Mais pour le moment, le design automobile m\u2019a l\u2019air d\u2019\u00eatre un peu comme le hamster dans sa roue qui cavale, qui cavale, et ne va finalement pas tr\u00e8s loin ! Le tout \u00e9lectrique va vraiment changer la donne. Et \u00e7a va lib\u00e9rer les designers m\u00eame si certains, comme chez BMW, doivent se poser de sacr\u00e9es questions !&#8221;<\/p>\n\n\n\n<figure class=\"wp-block-image size-large\"><img loading=\"lazy\" decoding=\"async\" width=\"1024\" height=\"506\" src=\"http:\/\/lignesauto.fr\/wp-content\/uploads\/2021\/01\/LAE_19-1024x506.jpg\" alt=\"\" class=\"wp-image-21083\" srcset=\"https:\/\/lignesauto.fr\/wp-content\/uploads\/2021\/01\/LAE_19-1024x506.jpg 1024w, https:\/\/lignesauto.fr\/wp-content\/uploads\/2021\/01\/LAE_19-300x148.jpg 300w, https:\/\/lignesauto.fr\/wp-content\/uploads\/2021\/01\/LAE_19-768x379.jpg 768w, https:\/\/lignesauto.fr\/wp-content\/uploads\/2021\/01\/LAE_19-1536x759.jpg 1536w, https:\/\/lignesauto.fr\/wp-content\/uploads\/2021\/01\/LAE_19-2048x1012.jpg 2048w\" sizes=\"(max-width: 1024px) 100vw, 1024px\" \/><figcaption><strong>Luca de Meo refait chez Renault le coup de la Fiat 500 de 2007 !<\/strong><\/figcaption><\/figure>\n\n\n\n<figure class=\"wp-block-image is-resized\"><img loading=\"lazy\" decoding=\"async\" src=\"http:\/\/lignesauto.fr\/wp-content\/uploads\/2018\/10\/LOGOActus_BD-1024x367.jpg\" alt=\"L\u2019attribut alt de cette image est vide, son nom de fichier est LOGOActus_BD-1024x367.jpg.\" width=\"435\" height=\"155\"\/><\/figure>\n","protected":false},"excerpt":{"rendered":"<p>Patrick le Qu\u00e9ment a quitt\u00e9 la direction du Design Industriel de Renault le 4 novembre 2009, apr\u00e8s 22 ans chez le constructeur fran\u00e7ais. Aujourd&#8217;hui toujours au fait de l&#8217;actualit\u00e9 automobile, il \u0153uvre, entre autre, au dessin de bateaux pour plusieurs constructeurs. Infatigable, \u00e0 plus de 75 ans, il reste actif [&hellip;]<\/p>\n","protected":false},"author":1,"featured_media":21066,"comment_status":"open","ping_status":"open","sticky":false,"template":"","format":"standard","meta":{"footnotes":""},"categories":[1],"tags":[],"_links":{"self":[{"href":"https:\/\/lignesauto.fr\/index.php?rest_route=\/wp\/v2\/posts\/21054"}],"collection":[{"href":"https:\/\/lignesauto.fr\/index.php?rest_route=\/wp\/v2\/posts"}],"about":[{"href":"https:\/\/lignesauto.fr\/index.php?rest_route=\/wp\/v2\/types\/post"}],"author":[{"embeddable":true,"href":"https:\/\/lignesauto.fr\/index.php?rest_route=\/wp\/v2\/users\/1"}],"replies":[{"embeddable":true,"href":"https:\/\/lignesauto.fr\/index.php?rest_route=%2Fwp%2Fv2%2Fcomments&post=21054"}],"version-history":[{"count":35,"href":"https:\/\/lignesauto.fr\/index.php?rest_route=\/wp\/v2\/posts\/21054\/revisions"}],"predecessor-version":[{"id":21156,"href":"https:\/\/lignesauto.fr\/index.php?rest_route=\/wp\/v2\/posts\/21054\/revisions\/21156"}],"wp:featuredmedia":[{"embeddable":true,"href":"https:\/\/lignesauto.fr\/index.php?rest_route=\/wp\/v2\/media\/21066"}],"wp:attachment":[{"href":"https:\/\/lignesauto.fr\/index.php?rest_route=%2Fwp%2Fv2%2Fmedia&parent=21054"}],"wp:term":[{"taxonomy":"category","embeddable":true,"href":"https:\/\/lignesauto.fr\/index.php?rest_route=%2Fwp%2Fv2%2Fcategories&post=21054"},{"taxonomy":"post_tag","embeddable":true,"href":"https:\/\/lignesauto.fr\/index.php?rest_route=%2Fwp%2Fv2%2Ftags&post=21054"}],"curies":[{"name":"wp","href":"https:\/\/api.w.org\/{rel}","templated":true}]}}