{"id":21124,"date":"2021-01-20T08:29:40","date_gmt":"2021-01-20T07:29:40","guid":{"rendered":"http:\/\/lignesauto.fr\/?p=21124"},"modified":"2021-01-23T14:06:51","modified_gmt":"2021-01-23T13:06:51","slug":"jean-pierre-ploue-et-ralph-gilles-nouveaux-maitres-du-design-stellantis","status":"publish","type":"post","link":"https:\/\/lignesauto.fr\/?p=21124","title":{"rendered":"Jean-Pierre Plou\u00e9 et Ralph Gilles, nouveaux ma\u00eetres du design Stellantis"},"content":{"rendered":"\n<figure class=\"wp-block-image size-large is-resized\"><img loading=\"lazy\" decoding=\"async\" src=\"http:\/\/lignesauto.fr\/wp-content\/uploads\/2018\/10\/LOGOActus_BD-1024x367.jpg\" alt=\"\" class=\"wp-image-4921\" width=\"383\" height=\"136\" srcset=\"https:\/\/lignesauto.fr\/wp-content\/uploads\/2018\/10\/LOGOActus_BD-1024x367.jpg 1024w, https:\/\/lignesauto.fr\/wp-content\/uploads\/2018\/10\/LOGOActus_BD-300x108.jpg 300w, https:\/\/lignesauto.fr\/wp-content\/uploads\/2018\/10\/LOGOActus_BD-1040x373.jpg 1040w, https:\/\/lignesauto.fr\/wp-content\/uploads\/2018\/10\/LOGOActus_BD.jpg 1240w\" sizes=\"(max-width: 383px) 100vw, 383px\" \/><\/figure>\n\n\n\n<p style=\"font-size:18px\">La fusion entre les groupes PSA et FCA est act\u00e9e et regroupe sous sa banni\u00e8re pas moins de 14 marques. Le design de ces 14 entit\u00e9s va \u00eatre pilot\u00e9 au sommet du d\u00e9partement cr\u00e9ativit\u00e9 par deux hommes. L&#8217;un est issu du groupe FCA : Ralph Gilles, l&#8217;autre du groupe PSA, Jean-Pierre Plou\u00e9.<\/p>\n\n\n\n<figure class=\"wp-block-image size-large\"><img loading=\"lazy\" decoding=\"async\" width=\"1024\" height=\"640\" src=\"http:\/\/lignesauto.fr\/wp-content\/uploads\/2021\/01\/LAE_3031-1024x640.jpg\" alt=\"\" class=\"wp-image-21127\" srcset=\"https:\/\/lignesauto.fr\/wp-content\/uploads\/2021\/01\/LAE_3031-1024x640.jpg 1024w, https:\/\/lignesauto.fr\/wp-content\/uploads\/2021\/01\/LAE_3031-300x188.jpg 300w, https:\/\/lignesauto.fr\/wp-content\/uploads\/2021\/01\/LAE_3031-768x480.jpg 768w, https:\/\/lignesauto.fr\/wp-content\/uploads\/2021\/01\/LAE_3031.jpg 1417w\" sizes=\"(max-width: 1024px) 100vw, 1024px\" \/><\/figure>\n\n\n\n<p style=\"font-size:18px\">Ralph Gilles, ci-dessus, prend en charge la direction des designs des marques <strong>Chrysler, Dodge, Jeep, Maserati et Fiat (Am\u00e9rique latine<\/strong>).<\/p>\n\n\n\n<figure class=\"wp-block-image size-large\"><img loading=\"lazy\" decoding=\"async\" width=\"1024\" height=\"683\" src=\"http:\/\/lignesauto.fr\/wp-content\/uploads\/2021\/01\/LAE_3030-1024x683.jpg\" alt=\"\" class=\"wp-image-21130\" srcset=\"https:\/\/lignesauto.fr\/wp-content\/uploads\/2021\/01\/LAE_3030-1024x683.jpg 1024w, https:\/\/lignesauto.fr\/wp-content\/uploads\/2021\/01\/LAE_3030-300x200.jpg 300w, https:\/\/lignesauto.fr\/wp-content\/uploads\/2021\/01\/LAE_3030-768x512.jpg 768w, https:\/\/lignesauto.fr\/wp-content\/uploads\/2021\/01\/LAE_3030.jpg 1417w\" sizes=\"(max-width: 1024px) 100vw, 1024px\" \/><\/figure>\n\n\n\n<p style=\"font-size:18px\">Jean-Pierre Plou\u00e9, ci-dessus, est \u00e0 la t\u00eate des designs <strong>Citro\u00ebn, Peugeot, DS et Opel\/Vauhall<\/strong> comme auparavant, auxquels s&#8217;ajoutent les marques  <strong>Abarth, Alfa-Romeo<\/strong> (dont le patron est l&#8217;ex-boss de Peugeot : Jean-Philippe Imparato), <strong>Lancia<\/strong> (qui n&#8217;est donc pas tout \u00e0 fait mort&#8230;) et aussi <strong>Fiat hors Am\u00e9rique Latine<\/strong>.<\/p>\n\n\n\n<figure class=\"wp-block-image size-large\"><img loading=\"lazy\" decoding=\"async\" width=\"1024\" height=\"778\" src=\"http:\/\/lignesauto.fr\/wp-content\/uploads\/2021\/01\/LAE_3037-1024x778.jpg\" alt=\"\" class=\"wp-image-21138\" srcset=\"https:\/\/lignesauto.fr\/wp-content\/uploads\/2021\/01\/LAE_3037-1024x778.jpg 1024w, https:\/\/lignesauto.fr\/wp-content\/uploads\/2021\/01\/LAE_3037-300x228.jpg 300w, https:\/\/lignesauto.fr\/wp-content\/uploads\/2021\/01\/LAE_3037-768x583.jpg 768w, https:\/\/lignesauto.fr\/wp-content\/uploads\/2021\/01\/LAE_3037.jpg 1417w\" sizes=\"(max-width: 1024px) 100vw, 1024px\" \/><\/figure>\n\n\n\n<p style=\"font-size:18px\">La petite contrari\u00e9t\u00e9 vient peut-\u00eatre de <strong>Maserati<\/strong>. On pensait qu&#8217;elle pourrait s&#8217;allier \u00e0&#8230; DS (en hommage \u00e0 la SM de 1970, ci-dessus) mais pour le reste, tout est coh\u00e9rent dans cette nouvelle organisation. Alfa Romeo notamment est entre les mains de deux hommes qui se connaissent bien, Jean-Pierre Plou\u00e9 et Jean-Philippe Imparato. <strong>Reste \u00e0 conna\u00eetre qui sera le directeur design de cette entit\u00e9&#8230;<\/strong> Pr\u00e9cisons \u00e9galement que le patron d&#8217;Alfa Romeo est remplac\u00e9 chez Peugeot par l&#8217;ancienne patronne de Citro\u00ebn, Linda Jackson.<\/p>\n\n\n\n<figure class=\"wp-block-image size-large\"><img loading=\"lazy\" decoding=\"async\" width=\"1024\" height=\"354\" src=\"http:\/\/lignesauto.fr\/wp-content\/uploads\/2021\/01\/LAE_3033-1024x354.png\" alt=\"\" class=\"wp-image-21134\" srcset=\"https:\/\/lignesauto.fr\/wp-content\/uploads\/2021\/01\/LAE_3033-1024x354.png 1024w, https:\/\/lignesauto.fr\/wp-content\/uploads\/2021\/01\/LAE_3033-300x104.png 300w, https:\/\/lignesauto.fr\/wp-content\/uploads\/2021\/01\/LAE_3033-768x266.png 768w, https:\/\/lignesauto.fr\/wp-content\/uploads\/2021\/01\/LAE_3033.png 1417w\" sizes=\"(max-width: 1024px) 100vw, 1024px\" \/><\/figure>\n\n\n\n<p style=\"font-size:18px\"><strong>Ses entretiens sont rares, mais nous avons rencontr\u00e9 Jean-Pierre Plou\u00e9 (ci-dessus) pour c\u00e9l\u00e9brer ensemble ses 20 ann\u00e9es de design au sein du groupe PSA. Vous retrouverez ce sujet in\u00e9dit de 14 pages dans le trimestriel LIGNES\/auto#02 \u00e0 commander fin janvier ici : <a href=\"https:\/\/lignesautoeditions.fr\/\">https:\/\/lignesautoeditions.fr\/<\/a><\/strong><\/p>\n\n\n\n<figure class=\"wp-block-image size-large\"><img loading=\"lazy\" decoding=\"async\" width=\"1024\" height=\"718\" src=\"http:\/\/lignesauto.fr\/wp-content\/uploads\/2021\/01\/LAE_3032-1024x718.png\" alt=\"\" class=\"wp-image-21133\" srcset=\"https:\/\/lignesauto.fr\/wp-content\/uploads\/2021\/01\/LAE_3032-1024x718.png 1024w, https:\/\/lignesauto.fr\/wp-content\/uploads\/2021\/01\/LAE_3032-300x210.png 300w, https:\/\/lignesauto.fr\/wp-content\/uploads\/2021\/01\/LAE_3032-768x539.png 768w, https:\/\/lignesauto.fr\/wp-content\/uploads\/2021\/01\/LAE_3032.png 1417w\" sizes=\"(max-width: 1024px) 100vw, 1024px\" \/><\/figure>\n\n\n\n<figure class=\"wp-block-image is-resized\"><img loading=\"lazy\" decoding=\"async\" src=\"http:\/\/lignesauto.fr\/wp-content\/uploads\/2018\/10\/LOGOActus_BD-1024x367.jpg\" alt=\"L\u2019attribut alt de cette image est vide, son nom de fichier est LOGOActus_BD-1024x367.jpg.\" width=\"456\" height=\"163\"\/><\/figure>\n","protected":false},"excerpt":{"rendered":"<p>La fusion entre les groupes PSA et FCA est act\u00e9e et regroupe sous sa banni\u00e8re pas moins de 14 marques. Le design de ces 14 entit\u00e9s va \u00eatre pilot\u00e9 au sommet du d\u00e9partement cr\u00e9ativit\u00e9 par deux hommes. L&#8217;un est issu du groupe FCA : Ralph Gilles, l&#8217;autre du groupe PSA, [&hellip;]<\/p>\n","protected":false},"author":1,"featured_media":21132,"comment_status":"open","ping_status":"open","sticky":false,"template":"","format":"standard","meta":{"footnotes":""},"categories":[1],"tags":[],"_links":{"self":[{"href":"https:\/\/lignesauto.fr\/index.php?rest_route=\/wp\/v2\/posts\/21124"}],"collection":[{"href":"https:\/\/lignesauto.fr\/index.php?rest_route=\/wp\/v2\/posts"}],"about":[{"href":"https:\/\/lignesauto.fr\/index.php?rest_route=\/wp\/v2\/types\/post"}],"author":[{"embeddable":true,"href":"https:\/\/lignesauto.fr\/index.php?rest_route=\/wp\/v2\/users\/1"}],"replies":[{"embeddable":true,"href":"https:\/\/lignesauto.fr\/index.php?rest_route=%2Fwp%2Fv2%2Fcomments&post=21124"}],"version-history":[{"count":14,"href":"https:\/\/lignesauto.fr\/index.php?rest_route=\/wp\/v2\/posts\/21124\/revisions"}],"predecessor-version":[{"id":21158,"href":"https:\/\/lignesauto.fr\/index.php?rest_route=\/wp\/v2\/posts\/21124\/revisions\/21158"}],"wp:featuredmedia":[{"embeddable":true,"href":"https:\/\/lignesauto.fr\/index.php?rest_route=\/wp\/v2\/media\/21132"}],"wp:attachment":[{"href":"https:\/\/lignesauto.fr\/index.php?rest_route=%2Fwp%2Fv2%2Fmedia&parent=21124"}],"wp:term":[{"taxonomy":"category","embeddable":true,"href":"https:\/\/lignesauto.fr\/index.php?rest_route=%2Fwp%2Fv2%2Fcategories&post=21124"},{"taxonomy":"post_tag","embeddable":true,"href":"https:\/\/lignesauto.fr\/index.php?rest_route=%2Fwp%2Fv2%2Ftags&post=21124"}],"curies":[{"name":"wp","href":"https:\/\/api.w.org\/{rel}","templated":true}]}}