{"id":21159,"date":"2021-07-26T07:01:00","date_gmt":"2021-07-26T05:01:00","guid":{"rendered":"http:\/\/lignesauto.fr\/?p=21159"},"modified":"2021-07-26T07:19:07","modified_gmt":"2021-07-26T05:19:07","slug":"nouvelle-ds4-son-style-passe-aux-rayons-x","status":"publish","type":"post","link":"https:\/\/lignesauto.fr\/?p=21159","title":{"rendered":"DS4, bient\u00f4t sur la route : son style pass\u00e9 aux rayons-X"},"content":{"rendered":"\n<figure class=\"wp-block-image size-large is-resized\"><img loading=\"lazy\" decoding=\"async\" src=\"http:\/\/lignesauto.fr\/wp-content\/uploads\/2018\/10\/LOGOActus_BD-1024x367.jpg\" alt=\"\" class=\"wp-image-4921\" width=\"392\" height=\"140\" srcset=\"https:\/\/lignesauto.fr\/wp-content\/uploads\/2018\/10\/LOGOActus_BD-1024x367.jpg 1024w, https:\/\/lignesauto.fr\/wp-content\/uploads\/2018\/10\/LOGOActus_BD-300x108.jpg 300w, https:\/\/lignesauto.fr\/wp-content\/uploads\/2018\/10\/LOGOActus_BD-768x276.jpg 768w, https:\/\/lignesauto.fr\/wp-content\/uploads\/2018\/10\/LOGOActus_BD-370x133.jpg 370w, https:\/\/lignesauto.fr\/wp-content\/uploads\/2018\/10\/LOGOActus_BD-1040x373.jpg 1040w, https:\/\/lignesauto.fr\/wp-content\/uploads\/2018\/10\/LOGOActus_BD.jpg 1240w\" sizes=\"(max-width: 392px) 100vw, 392px\" \/><\/figure>\n\n\n\n<figure class=\"wp-block-image size-large\"><img loading=\"lazy\" decoding=\"async\" width=\"1024\" height=\"625\" src=\"http:\/\/lignesauto.fr\/wp-content\/uploads\/2021\/01\/LIGNESDS4_888-1024x625.png\" alt=\"\" class=\"wp-image-21310\" srcset=\"https:\/\/lignesauto.fr\/wp-content\/uploads\/2021\/01\/LIGNESDS4_888-1024x625.png 1024w, https:\/\/lignesauto.fr\/wp-content\/uploads\/2021\/01\/LIGNESDS4_888-300x183.png 300w, https:\/\/lignesauto.fr\/wp-content\/uploads\/2021\/01\/LIGNESDS4_888-768x469.png 768w, https:\/\/lignesauto.fr\/wp-content\/uploads\/2021\/01\/LIGNESDS4_888.png 1417w\" sizes=\"(max-width: 1024px) 100vw, 1024px\" \/><\/figure>\n\n\n\n<p style=\"font-size:18px\">La voil\u00e0 enfin cette DS4, celle qui devrait faire exploser le compteur des ventes de la jeune marque fran\u00e7aise. Car cette berline premium vise le segment des compactes, le fameux segment C, avec ses 4,40 m de longueur, contre 4,12 \u00e0 la DS3 Crossback et 4,57 au SUV DS7. C&#8217;est elle qui devrait donc constituer l&#8217;ancrage de la marque sur les diff\u00e9rents march\u00e9s europ\u00e9ens. Et elle a de sacr\u00e9s atouts, \u00e0 commencer par son design.<\/p>\n\n\n\n<h2 class=\"wp-block-heading\"><strong>De nouvelles proportions <\/strong><\/h2>\n\n\n\n<figure class=\"wp-block-image size-large\"><img loading=\"lazy\" decoding=\"async\" width=\"1024\" height=\"641\" src=\"http:\/\/lignesauto.fr\/wp-content\/uploads\/2021\/01\/LIGNESDS_08-1024x641.png\" alt=\"\" class=\"wp-image-21163\" srcset=\"https:\/\/lignesauto.fr\/wp-content\/uploads\/2021\/01\/LIGNESDS_08-1024x641.png 1024w, https:\/\/lignesauto.fr\/wp-content\/uploads\/2021\/01\/LIGNESDS_08-300x188.png 300w, https:\/\/lignesauto.fr\/wp-content\/uploads\/2021\/01\/LIGNESDS_08-768x481.png 768w, https:\/\/lignesauto.fr\/wp-content\/uploads\/2021\/01\/LIGNESDS_08.png 1417w\" sizes=\"(max-width: 1024px) 100vw, 1024px\" \/><\/figure>\n\n\n\n<p style=\"font-size:18px\">1- Certes, la vue est un l\u00e9ger 3\/4 AV, mais on devine n\u00e9anmoins que l&#8217;adoption de roues gigantesques (jusqu&#8217;\u00e0 20 pouces et 72 cm de diam\u00e8tre) permet d&#8217;abaisser visuellement la silhouette, dont la hauteur correspond seulement \u00e0 deux diam\u00e8tres de roue. Une aubaine pour les designers !<br>2- La cabine est recul\u00e9e au maximum, imposant un long capot moteur, pratiquement plat. Merci \u00e0 la plateforme EMP2 \u00e9volu\u00e9e avec la structure d&#8217;auvent (baie de pare-brise) recul\u00e9e et abaiss\u00e9e. A v\u00e9rifier \u00e0 la conduite : le rayon de braquage avec ces grandes roues et le moteur transversal&#8230;<\/p>\n\n\n\n<figure class=\"wp-block-image size-large\"><img loading=\"lazy\" decoding=\"async\" width=\"1024\" height=\"801\" src=\"http:\/\/lignesauto.fr\/wp-content\/uploads\/2021\/01\/lignesds-a\u0300e\u0301-1024x801.png\" alt=\"\" class=\"wp-image-21209\" srcset=\"https:\/\/lignesauto.fr\/wp-content\/uploads\/2021\/01\/lignesds-a\u0300e\u0301-1024x801.png 1024w, https:\/\/lignesauto.fr\/wp-content\/uploads\/2021\/01\/lignesds-a\u0300e\u0301-300x235.png 300w, https:\/\/lignesauto.fr\/wp-content\/uploads\/2021\/01\/lignesds-a\u0300e\u0301-768x601.png 768w, https:\/\/lignesauto.fr\/wp-content\/uploads\/2021\/01\/lignesds-a\u0300e\u0301.png 1417w\" sizes=\"(max-width: 1024px) 100vw, 1024px\" \/><\/figure>\n\n\n\n<p style=\"font-size:18px\">En termes de proportions, la DS4 compar\u00e9e \u00e0 la BMW S\u00e9rie 1 (ci-dessus) adopte des roues de grand diam\u00e8tre qui rehaussent l&#8217;ensemble et lui conf\u00e8re un petit air de crossover. Il est vrai que DS s&#8217;attaque \u00e0 la fois aux berlines premium mais aussi aux crossovers. Une silhouette plut\u00f4t que deux : est-ce un manque de moyens ? &#8220;Pas du tout&#8221; nous dit Thierry M\u00e9troz, directeur du Design DS, &#8220;le th\u00e8me de ce design qui prend le meilleur des deux mondes \u00e9tait act\u00e9 d\u00e8s le lancement du projet.&#8221;<\/p>\n\n\n\n<figure class=\"wp-block-image size-large\"><img loading=\"lazy\" decoding=\"async\" width=\"1024\" height=\"584\" src=\"http:\/\/lignesauto.fr\/wp-content\/uploads\/2021\/01\/LIGNES-DS-CROSS_03-1-1024x584.png\" alt=\"\" class=\"wp-image-21211\" srcset=\"https:\/\/lignesauto.fr\/wp-content\/uploads\/2021\/01\/LIGNES-DS-CROSS_03-1-1024x584.png 1024w, https:\/\/lignesauto.fr\/wp-content\/uploads\/2021\/01\/LIGNES-DS-CROSS_03-1-300x171.png 300w, https:\/\/lignesauto.fr\/wp-content\/uploads\/2021\/01\/LIGNES-DS-CROSS_03-1-768x438.png 768w, https:\/\/lignesauto.fr\/wp-content\/uploads\/2021\/01\/LIGNES-DS-CROSS_03-1.png 1417w\" sizes=\"(max-width: 1024px) 100vw, 1024px\" \/><\/figure>\n\n\n\n<p><strong>COMMANDEZ ICI LE DEUXI\u00c8ME VOLUME DE LA COLLECTION LIGNES\/auto AVEC &#8211; ENTRE AUTRE &#8211; UN REPORTAGE SUR LES 20 ANS DE JEAN-PIERRE PLOU\u00c9 CHEZ PSA : <a href=\"https:\/\/lignesautoeditions.fr\">https:\/\/lignesautoeditions.fr<\/a> <\/strong><\/p>\n\n\n\n<h2 class=\"wp-block-heading\"><strong>Une poupe tr\u00e8s dynamique<\/strong><\/h2>\n\n\n\n<figure class=\"wp-block-image size-large\"><img loading=\"lazy\" decoding=\"async\" width=\"1024\" height=\"554\" src=\"http:\/\/lignesauto.fr\/wp-content\/uploads\/2021\/01\/LIGNESDS_0000-1024x554.png\" alt=\"\" class=\"wp-image-21167\" srcset=\"https:\/\/lignesauto.fr\/wp-content\/uploads\/2021\/01\/LIGNESDS_0000-1024x554.png 1024w, https:\/\/lignesauto.fr\/wp-content\/uploads\/2021\/01\/LIGNESDS_0000-300x162.png 300w, https:\/\/lignesauto.fr\/wp-content\/uploads\/2021\/01\/LIGNESDS_0000-768x415.png 768w, https:\/\/lignesauto.fr\/wp-content\/uploads\/2021\/01\/LIGNESDS_0000.png 1417w\" sizes=\"(max-width: 1024px) 100vw, 1024px\" \/><\/figure>\n\n\n\n<p style=\"font-size:18px\">C&#8217;est sans doute sous cet angle que la DS4 affirme une r\u00e9elle singularit\u00e9 dans le segment des compactes premium :<br>1- le c\u00f4t\u00e9 de caisse s&#8217;enroule jusqu&#8217;au hayon (en 1&#8242; \u00e0 droite). Ce dernier est-il en mat\u00e9riaux composites ? Non, les emboutisseurs ont, une fois encore, \u00e9t\u00e9 mis \u00e0 rude \u00e9preuve !<br>2-Les feux adoptent le th\u00e8me des \u00e9cailles mais copient aussi ceux des Porsche, avec notamment un volume en creux du plus bel effet (en 2&#8242; \u00e0 droite et ci-dessous)<br>3- L&#8217;ar\u00eate verticale vive est impos\u00e9e par une recherche a\u00e9rodynamique pouss\u00e9e. Le &#8220;A&#8221; du concept ASL (A\u00e9ro&#8230;). De nombreuses heures \u00e0 la soufflerie de Saint-Cyr.<br>4- Comme sur la C4, les enjoliveurs de portes d\u00e9bordent sous le bas de caisse et cette arche noire tente de rendre la silhouette (t\u00f4l\u00e9e) plus a\u00e9rienne.<br>5- La vitre de custode est quasiment plate.<\/p>\n\n\n\n<figure class=\"wp-block-image size-large\"><img loading=\"lazy\" decoding=\"async\" width=\"1024\" height=\"731\" src=\"http:\/\/lignesauto.fr\/wp-content\/uploads\/2021\/01\/LIGNESDS_10-1024x731.png\" alt=\"\" class=\"wp-image-21191\" srcset=\"https:\/\/lignesauto.fr\/wp-content\/uploads\/2021\/01\/LIGNESDS_10-1024x731.png 1024w, https:\/\/lignesauto.fr\/wp-content\/uploads\/2021\/01\/LIGNESDS_10-300x214.png 300w, https:\/\/lignesauto.fr\/wp-content\/uploads\/2021\/01\/LIGNESDS_10-768x548.png 768w, https:\/\/lignesauto.fr\/wp-content\/uploads\/2021\/01\/LIGNESDS_10.png 1417w\" sizes=\"(max-width: 1024px) 100vw, 1024px\" \/><figcaption><strong>Des feux arri\u00e8re d&#8217;une Porsche ? Non, ceux de la DS4 !<\/strong><\/figcaption><\/figure>\n\n\n\n<h2 class=\"wp-block-heading\"><strong>Capot sobre et baie de pare-brise abaiss\u00e9e<\/strong><\/h2>\n\n\n\n<figure class=\"wp-block-image size-large\"><img loading=\"lazy\" decoding=\"async\" width=\"1024\" height=\"572\" src=\"http:\/\/lignesauto.fr\/wp-content\/uploads\/2021\/01\/LIGNESDS_03-1024x572.png\" alt=\"\" class=\"wp-image-21189\" srcset=\"https:\/\/lignesauto.fr\/wp-content\/uploads\/2021\/01\/LIGNESDS_03-1024x572.png 1024w, https:\/\/lignesauto.fr\/wp-content\/uploads\/2021\/01\/LIGNESDS_03-300x167.png 300w, https:\/\/lignesauto.fr\/wp-content\/uploads\/2021\/01\/LIGNESDS_03-768x429.png 768w, https:\/\/lignesauto.fr\/wp-content\/uploads\/2021\/01\/LIGNESDS_03.png 1417w\" sizes=\"(max-width: 1024px) 100vw, 1024px\" \/><\/figure>\n\n\n\n<p style=\"font-size:18px\">Pas de complication d&#8217;emboutissage sur le capot (contrairement aux flancs, voir plus bas&#8230;) avec deux lignes claires et un embouti central qui, sur cette berline, ne re\u00e7oit pas le sabre guilloch\u00e9 (en 2). A noter que le capot est coiffant et non &#8220;carrossier&#8221; et dispose (en 1) d&#8217;un syst\u00e8me actif de choc pi\u00e9ton : il se soul\u00e8ve l\u00e9g\u00e8rement au niveau du pare-brise.<\/p>\n\n\n\n<h2 class=\"wp-block-heading\"><strong>Les incontournables du style DS sont l\u00e0 <\/strong><\/h2>\n\n\n\n<figure class=\"wp-block-image size-large\"><img loading=\"lazy\" decoding=\"async\" width=\"1024\" height=\"637\" src=\"http:\/\/lignesauto.fr\/wp-content\/uploads\/2021\/01\/LIGNESDS4_905-1024x637.png\" alt=\"\" class=\"wp-image-21194\" srcset=\"https:\/\/lignesauto.fr\/wp-content\/uploads\/2021\/01\/LIGNESDS4_905-1024x637.png 1024w, https:\/\/lignesauto.fr\/wp-content\/uploads\/2021\/01\/LIGNESDS4_905-300x187.png 300w, https:\/\/lignesauto.fr\/wp-content\/uploads\/2021\/01\/LIGNESDS4_905-768x477.png 768w, https:\/\/lignesauto.fr\/wp-content\/uploads\/2021\/01\/LIGNESDS4_905.png 1417w\" sizes=\"(max-width: 1024px) 100vw, 1024px\" \/><\/figure>\n\n\n\n<p style=\"font-size:18px\">1- Les trois optiques en forme de diamant (dont une paire tournante au centre) sont bien pr\u00e9sentes.<br>2- La premi\u00e8re lame du double <em>wings<\/em> est tr\u00e8s discr\u00e8te et noire sur la version Performance.<br>3- Les feux diurnes sont d\u00e9doubl\u00e9s en deux fines lames.<br>4- La seconde lame du double <em>wings<\/em> s\u00e9pare les deux entr\u00e9es d&#8217;air.<br>5- La calandre est toujours aussi imposante et diamant\u00e9e.<\/p>\n\n\n\n<h2 class=\"wp-block-heading\"><strong>Comme l\u2019\u00c9tat, DS cache ses radars !<\/strong><\/h2>\n\n\n\n<figure class=\"wp-block-image size-large\"><img loading=\"lazy\" decoding=\"async\" width=\"1024\" height=\"703\" src=\"http:\/\/lignesauto.fr\/wp-content\/uploads\/2021\/01\/LIGNESDS4_902-1024x703.png\" alt=\"\" class=\"wp-image-21195\" srcset=\"https:\/\/lignesauto.fr\/wp-content\/uploads\/2021\/01\/LIGNESDS4_902-1024x703.png 1024w, https:\/\/lignesauto.fr\/wp-content\/uploads\/2021\/01\/LIGNESDS4_902-300x206.png 300w, https:\/\/lignesauto.fr\/wp-content\/uploads\/2021\/01\/LIGNESDS4_902-768x527.png 768w, https:\/\/lignesauto.fr\/wp-content\/uploads\/2021\/01\/LIGNESDS4_902.png 1417w\" sizes=\"(max-width: 1024px) 100vw, 1024px\" \/><\/figure>\n\n\n\n<p style=\"font-size:18px\">Cam\u00e9ra et radars (en 1) sont implant\u00e9s DANS le logo DS de la calandre (comme sur DS9). Un logo qui, rappelons-le, est constitu\u00e9 de trois chevrons Citro\u00ebn, dont un plein pour le &#8220;D&#8221; et deux superpos\u00e9s pour le &#8220;S&#8221;. N&#8217;ayons pas peur d&#8217;\u00e9crire que ce camouflage est mieux r\u00e9alis\u00e9 que sur une Mercedes Classe S ! (ci-dessous) Mais \u00e0 la d\u00e9charge de l&#8217;Allemande, elle embarque plus d&#8217;aides \u00e0 la conduite&#8230;<\/p>\n\n\n\n<figure class=\"wp-block-image size-large\"><img loading=\"lazy\" decoding=\"async\" width=\"1024\" height=\"760\" src=\"http:\/\/lignesauto.fr\/wp-content\/uploads\/2021\/01\/LIGNERSDS4_909-1024x760.png\" alt=\"\" class=\"wp-image-21198\" srcset=\"https:\/\/lignesauto.fr\/wp-content\/uploads\/2021\/01\/LIGNERSDS4_909-1024x760.png 1024w, https:\/\/lignesauto.fr\/wp-content\/uploads\/2021\/01\/LIGNERSDS4_909-300x223.png 300w, https:\/\/lignesauto.fr\/wp-content\/uploads\/2021\/01\/LIGNERSDS4_909-768x570.png 768w, https:\/\/lignesauto.fr\/wp-content\/uploads\/2021\/01\/LIGNERSDS4_909.png 1417w\" sizes=\"(max-width: 1024px) 100vw, 1024px\" \/><\/figure>\n\n\n\n<p style=\"font-size:18px\">Techniquement, la DS4 repose sur une \u00e9volution de la plateforme EMP2. Plus l\u00e9g\u00e8re, elle permet \u00e9galement de red\u00e9finir les proportions des silhouettes qui l&#8217;habillent avec un auvent de pare-brise abaiss\u00e9. Les suspensions de la DS4 sont in\u00e9dites et, comme celles de la DS9, une cam\u00e9ra &#8220;lit&#8221; la route et anticipe le r\u00e9glage ad\u00e9quat. Mais le train arri\u00e8re &#8220;classique&#8221; ne peut pas embarquer de seconde machine \u00e9lectrique pour faire de la DS4 une DS4x4&#8230; La DS4 Hybride de 225 ch reste donc une traction.<\/p>\n\n\n\n<figure class=\"wp-block-image size-large\"><img loading=\"lazy\" decoding=\"async\" width=\"1024\" height=\"576\" src=\"http:\/\/lignesauto.fr\/wp-content\/uploads\/2021\/01\/LIGNESDS4_901-1024x576.jpg\" alt=\"\" class=\"wp-image-21265\" srcset=\"https:\/\/lignesauto.fr\/wp-content\/uploads\/2021\/01\/LIGNESDS4_901-1024x576.jpg 1024w, https:\/\/lignesauto.fr\/wp-content\/uploads\/2021\/01\/LIGNESDS4_901-300x169.jpg 300w, https:\/\/lignesauto.fr\/wp-content\/uploads\/2021\/01\/LIGNESDS4_901-768x432.jpg 768w, https:\/\/lignesauto.fr\/wp-content\/uploads\/2021\/01\/LIGNESDS4_901.jpg 1417w\" sizes=\"(max-width: 1024px) 100vw, 1024px\" \/><\/figure>\n\n\n\n<p style=\"font-size:18px\">Pour l&#8217;heure, cette silhouette DS4 est propos\u00e9e avec une motorisation diesel (130 ch), trois essence (130, 180 et 225 ch) et une essence hybride rechargeable de 225 ch. Apr\u00e8s avoir \u00e9t\u00e9 envisag\u00e9e \u00e0 Sochaux, la production de la DS4 sera r\u00e9alis\u00e9e par l&#8217;usine Opel de R\u00fcsselsheim. <\/p>\n\n\n\n<figure class=\"wp-block-image size-large\"><img loading=\"lazy\" decoding=\"async\" width=\"1024\" height=\"621\" src=\"http:\/\/lignesauto.fr\/wp-content\/uploads\/2021\/01\/LIGNESDS4_999-1024x621.png\" alt=\"\" class=\"wp-image-21312\" srcset=\"https:\/\/lignesauto.fr\/wp-content\/uploads\/2021\/01\/LIGNESDS4_999-1024x621.png 1024w, https:\/\/lignesauto.fr\/wp-content\/uploads\/2021\/01\/LIGNESDS4_999-300x182.png 300w, https:\/\/lignesauto.fr\/wp-content\/uploads\/2021\/01\/LIGNESDS4_999-768x466.png 768w, https:\/\/lignesauto.fr\/wp-content\/uploads\/2021\/01\/LIGNESDS4_999.png 1417w\" sizes=\"(max-width: 1024px) 100vw, 1024px\" \/><\/figure>\n\n\n\n<h2 class=\"wp-block-heading\"><strong>Les emboutisseurs sont au top !<\/strong><\/h2>\n\n\n\n<figure class=\"wp-block-image size-large\"><img loading=\"lazy\" decoding=\"async\" width=\"1024\" height=\"814\" src=\"http:\/\/lignesauto.fr\/wp-content\/uploads\/2021\/01\/LIGNESDS_01-1024x814.png\" alt=\"\" class=\"wp-image-21164\" srcset=\"https:\/\/lignesauto.fr\/wp-content\/uploads\/2021\/01\/LIGNESDS_01-1024x814.png 1024w, https:\/\/lignesauto.fr\/wp-content\/uploads\/2021\/01\/LIGNESDS_01-300x238.png 300w, https:\/\/lignesauto.fr\/wp-content\/uploads\/2021\/01\/LIGNESDS_01-768x610.png 768w, https:\/\/lignesauto.fr\/wp-content\/uploads\/2021\/01\/LIGNESDS_01.png 1417w\" sizes=\"(max-width: 1024px) 100vw, 1024px\" \/><\/figure>\n\n\n\n<p style=\"font-size:18px\">Le c\u00f4t\u00e9 de caisse et les porti\u00e8res sont sculpt\u00e9s. On d\u00e9couvre \u00e0 la fois des mises en volumes subtiles avec des ailes tout en rondeurs, et de nombreuses lignes franches. L&#8217;emboutissage de ces pi\u00e8ces n\u00e9cessite une qualit\u00e9 d&#8217;industrialisation assez pouss\u00e9e. L&#8217;usine Opel de R\u00fcsselsheim a la pression ! On retrouve un embouti triangulaire en amont de la porte avant, un tic du design PSA (mais pas seulement) travaill\u00e9 diff\u00e9remment sur les Peugeot 2008, Citro\u00ebn C4 et DS4. Le dessin des flancs de la DS4 est complexe, alternant des emboutis marqu\u00e9s et droits avec des volumes nettement plus sensuels. Mais le travail est parfaitement ex\u00e9cut\u00e9 gr\u00e2ce \u00e0 une collaboration \u00e9troite entre le design et les emboutisseurs (localis\u00e9s \u00e0 Sochaux) qui ont r\u00e9alis\u00e9 des merveilles !<\/p>\n\n\n\n<h2 class=\"wp-block-heading\"><strong>La &#8220;DS4 CROSS&#8221;<\/strong> (presque) identique \u00e0 la DS4<\/h2>\n\n\n\n<figure class=\"wp-block-image size-large\"><img loading=\"lazy\" decoding=\"async\" width=\"846\" height=\"1024\" src=\"http:\/\/lignesauto.fr\/wp-content\/uploads\/2021\/01\/LIGNES-DS-CROSS_04-846x1024.png\" alt=\"\" class=\"wp-image-21201\" srcset=\"https:\/\/lignesauto.fr\/wp-content\/uploads\/2021\/01\/LIGNES-DS-CROSS_04-846x1024.png 846w, https:\/\/lignesauto.fr\/wp-content\/uploads\/2021\/01\/LIGNES-DS-CROSS_04-248x300.png 248w, https:\/\/lignesauto.fr\/wp-content\/uploads\/2021\/01\/LIGNES-DS-CROSS_04-768x930.png 768w, https:\/\/lignesauto.fr\/wp-content\/uploads\/2021\/01\/LIGNES-DS-CROSS_04-1269x1536.png 1269w, https:\/\/lignesauto.fr\/wp-content\/uploads\/2021\/01\/LIGNES-DS-CROSS_04.png 1417w\" sizes=\"(max-width: 846px) 100vw, 846px\" \/><\/figure>\n\n\n\n<p style=\"font-size:18px\"><strong>La version &#8220;Cross&#8221; diff\u00e8re tr\u00e8s l\u00e9g\u00e8rement de la DS4 :<\/strong><br>1- Barres de toit noires<br>2- Pas de jonc chrom\u00e9 mais des joncs de finition noirs<br>3- Pas de jonc chrom\u00e9 sur les bas de caisse et logo CROSS (aile AV)<br>4- \u00c9l\u00e9ment du bouclier AR sp\u00e9cifique avec sabot chrom\u00e9<br>La teinte de caisse est monochrome, comme sur une DS4 lorsqu&#8217;on ne choisit pas l&#8217;option &#8220;biton&#8221;.<\/p>\n\n\n\n<p style=\"font-size:18px\">Dommage de n&#8217;avoir pas trouv\u00e9 une autre appellation que celle de &#8220;Cross&#8221;, tr\u00e8s commune. Elle se retrouve sur de nombreux mod\u00e8les, notamment la nouvelle Fiat Tipo (ci-dessous) ou encore la Yaris Yaris Cross. Un petit &#8220;braimstorming&#8221; \u00e0 organiser d&#8217;ici la commercialisation ?! <\/p>\n\n\n\n<figure class=\"wp-block-image size-large\"><img loading=\"lazy\" decoding=\"async\" width=\"1024\" height=\"1024\" src=\"http:\/\/lignesauto.fr\/wp-content\/uploads\/2021\/01\/LIGNESDS_90-1024x1024.jpg\" alt=\"\" class=\"wp-image-21178\" srcset=\"https:\/\/lignesauto.fr\/wp-content\/uploads\/2021\/01\/LIGNESDS_90-1024x1024.jpg 1024w, https:\/\/lignesauto.fr\/wp-content\/uploads\/2021\/01\/LIGNESDS_90-300x300.jpg 300w, https:\/\/lignesauto.fr\/wp-content\/uploads\/2021\/01\/LIGNESDS_90-150x150.jpg 150w, https:\/\/lignesauto.fr\/wp-content\/uploads\/2021\/01\/LIGNESDS_90-768x768.jpg 768w, https:\/\/lignesauto.fr\/wp-content\/uploads\/2021\/01\/LIGNESDS_90.jpg 1417w\" sizes=\"(max-width: 1024px) 100vw, 1024px\" \/><\/figure>\n\n\n\n<h2 class=\"wp-block-heading\"><strong>Signature lumineuse : il va falloir trouver autre chose&#8230;<\/strong><\/h2>\n\n\n\n<figure class=\"wp-block-image size-large\"><img loading=\"lazy\" decoding=\"async\" width=\"1024\" height=\"295\" src=\"http:\/\/lignesauto.fr\/wp-content\/uploads\/2021\/01\/LIGNESDS_22-1024x295.png\" alt=\"\" class=\"wp-image-21165\" srcset=\"https:\/\/lignesauto.fr\/wp-content\/uploads\/2021\/01\/LIGNESDS_22-1024x295.png 1024w, https:\/\/lignesauto.fr\/wp-content\/uploads\/2021\/01\/LIGNESDS_22-300x86.png 300w, https:\/\/lignesauto.fr\/wp-content\/uploads\/2021\/01\/LIGNESDS_22-768x221.png 768w, https:\/\/lignesauto.fr\/wp-content\/uploads\/2021\/01\/LIGNESDS_22.png 1417w\" sizes=\"(max-width: 1024px) 100vw, 1024px\" \/><\/figure>\n\n\n\n<p style=\"font-size:18px\">Vivement l&#8217;arriv\u00e9e de la nouvelle signature lumineuse inspir\u00e9e des derniers concept-cars de DS (ci-dessous), car la DS4 rejoint un club de moins en moins ferm\u00e9 o\u00f9 les feux de jour adoptent des formes de plus en plus alambiqu\u00e9es.<\/p>\n\n\n\n<figure class=\"wp-block-image size-large\"><img loading=\"lazy\" decoding=\"async\" width=\"819\" height=\"1024\" src=\"http:\/\/lignesauto.fr\/wp-content\/uploads\/2021\/01\/JOUTDS4-819x1024.jpg\" alt=\"\" class=\"wp-image-21306\" srcset=\"https:\/\/lignesauto.fr\/wp-content\/uploads\/2021\/01\/JOUTDS4-819x1024.jpg 819w, https:\/\/lignesauto.fr\/wp-content\/uploads\/2021\/01\/JOUTDS4-240x300.jpg 240w, https:\/\/lignesauto.fr\/wp-content\/uploads\/2021\/01\/JOUTDS4-768x960.jpg 768w, https:\/\/lignesauto.fr\/wp-content\/uploads\/2021\/01\/JOUTDS4-1228x1536.jpg 1228w, https:\/\/lignesauto.fr\/wp-content\/uploads\/2021\/01\/JOUTDS4.jpg 1417w\" sizes=\"(max-width: 819px) 100vw, 819px\" \/><\/figure>\n\n\n\n<p style=\"font-size:18px\">Aux crocs droits des Peugeot, DS (avec la DS4) et Renault (avec sa prochaine e-M\u00e9gane) r\u00e9pliquent avec des signatures en forme de &#8220;C&#8221;, puis de &#8220;Z&#8221;, le tout positionn\u00e9 assez bas. Gare aux trottoirs !<\/p>\n\n\n\n<p style=\"font-size:18px\">A l&#8217;arri\u00e8re on retrouve les feux en \u00e9cailles (grav\u00e9es au laser) r\u00e9unis par une baguette chrom\u00e9e ci-dessous.<\/p>\n\n\n\n<figure class=\"wp-block-image size-large\"><img loading=\"lazy\" decoding=\"async\" width=\"1024\" height=\"803\" src=\"http:\/\/lignesauto.fr\/wp-content\/uploads\/2021\/02\/B-1024x803.png\" alt=\"\" class=\"wp-image-21386\" srcset=\"https:\/\/lignesauto.fr\/wp-content\/uploads\/2021\/02\/B-1024x803.png 1024w, https:\/\/lignesauto.fr\/wp-content\/uploads\/2021\/02\/B-300x235.png 300w, https:\/\/lignesauto.fr\/wp-content\/uploads\/2021\/02\/B-768x602.png 768w, https:\/\/lignesauto.fr\/wp-content\/uploads\/2021\/02\/B.png 1417w\" sizes=\"(max-width: 1024px) 100vw, 1024px\" \/><\/figure>\n\n\n\n<h2 class=\"wp-block-heading\"><strong>A bord, la simplicit\u00e9 gagne du terrain<\/strong><\/h2>\n\n\n\n<p style=\"font-size:18px\">DS tourne la page DS3 Crossback et simplifie l&#8217;environnement du conducteur et de ses passagers \u00e0 bord de la DS4. &#8220;Le mot d&#8217;ordre \u00e9tait la s\u00e9r\u00e9nit\u00e9&#8221; nous confie Thierry M\u00e9troz. La planche de bord profite de l&#8217;abaissement de l&#8217;auvent de pare-brise. Elle est pourtant massive, en remontant tr\u00e8s haut, sans pour autant &#8220;engoncer&#8221; les occupants. Le dessin est fluide, simple, pour cacher la technologie embarqu\u00e9e. Elle laisse au conducteur un acc\u00e8s facile aux principales commandes.<\/p>\n\n\n\n<figure class=\"wp-block-image size-large\"><img loading=\"lazy\" decoding=\"async\" width=\"1024\" height=\"453\" src=\"http:\/\/lignesauto.fr\/wp-content\/uploads\/2021\/01\/LIGNESDS4_INTER_02-1024x453.jpg\" alt=\"\" class=\"wp-image-21221\" srcset=\"https:\/\/lignesauto.fr\/wp-content\/uploads\/2021\/01\/LIGNESDS4_INTER_02-1024x453.jpg 1024w, https:\/\/lignesauto.fr\/wp-content\/uploads\/2021\/01\/LIGNESDS4_INTER_02-300x133.jpg 300w, https:\/\/lignesauto.fr\/wp-content\/uploads\/2021\/01\/LIGNESDS4_INTER_02-768x340.jpg 768w, https:\/\/lignesauto.fr\/wp-content\/uploads\/2021\/01\/LIGNESDS4_INTER_02.jpg 1417w\" sizes=\"(max-width: 1024px) 100vw, 1024px\" \/><\/figure>\n\n\n\n<p style=\"font-size:18px\">Notons que les porti\u00e8res embarquent les a\u00e9rateurs lat\u00e9raux. Quant aux m\u00e9daillons d&#8217;habillage, ils sont superbes dans leurs formes et leur drap\u00e9 ! La console est haute, profonde (gr\u00e2ce \u00e0 la r\u00e9duction de taille du bloc de clim&#8217;) et b\u00e9n\u00e9ficie \u00e0 son extr\u00e9mit\u00e9 d&#8217;un rangement avec couvercle coulissant, devant lequel se situe le deuxi\u00e8me \u00e9cran qui permet de contr\u00f4ler les raccourcis de commandes (r\u00e9diger une adresse de navigation, r\u00e9pondre au t\u00e9l\u00e9phone, etc.)<\/p>\n\n\n\n<figure class=\"wp-block-image size-large\"><img loading=\"lazy\" decoding=\"async\" width=\"1024\" height=\"435\" src=\"http:\/\/lignesauto.fr\/wp-content\/uploads\/2021\/01\/DS4PLANCHE-1024x435.jpg\" alt=\"\" class=\"wp-image-21223\" srcset=\"https:\/\/lignesauto.fr\/wp-content\/uploads\/2021\/01\/DS4PLANCHE-1024x435.jpg 1024w, https:\/\/lignesauto.fr\/wp-content\/uploads\/2021\/01\/DS4PLANCHE-300x127.jpg 300w, https:\/\/lignesauto.fr\/wp-content\/uploads\/2021\/01\/DS4PLANCHE-768x326.jpg 768w, https:\/\/lignesauto.fr\/wp-content\/uploads\/2021\/01\/DS4PLANCHE.jpg 1417w\" sizes=\"(max-width: 1024px) 100vw, 1024px\" \/><\/figure>\n\n\n\n<p style=\"font-size:18px\">Il faudra s&#8217;habituer \u00e0 aller chercher les commandes de l\u00e8ve-vitres perch\u00e9es au sommet de la porti\u00e8re. Notons \u00e9galement que le flux d&#8217;air central est diffus\u00e9 par des a\u00e9rateurs in\u00e9dits et camoufl\u00e9s derri\u00e8re le sabre en m\u00e9tal guilloch\u00e9 (ci-dessous)<\/p>\n\n\n\n<figure class=\"wp-block-image size-large\"><img loading=\"lazy\" decoding=\"async\" width=\"1024\" height=\"468\" src=\"http:\/\/lignesauto.fr\/wp-content\/uploads\/2021\/01\/INTER-1024x468.png\" alt=\"\" class=\"wp-image-21225\" srcset=\"https:\/\/lignesauto.fr\/wp-content\/uploads\/2021\/01\/INTER-1024x468.png 1024w, https:\/\/lignesauto.fr\/wp-content\/uploads\/2021\/01\/INTER-300x137.png 300w, https:\/\/lignesauto.fr\/wp-content\/uploads\/2021\/01\/INTER-768x351.png 768w, https:\/\/lignesauto.fr\/wp-content\/uploads\/2021\/01\/INTER.png 1417w\" sizes=\"(max-width: 1024px) 100vw, 1024px\" \/><\/figure>\n\n\n\n<p style=\"font-size:18px\">Ci-dessous, l&#8217;\u00e9cran central est visuellement allong\u00e9 car il est int\u00e9gr\u00e9 dans une pi\u00e8ce qui court du bloc d&#8217;instrumentation au rev\u00eatement en face du passager.<\/p>\n\n\n\n<figure class=\"wp-block-image size-large\"><img loading=\"lazy\" decoding=\"async\" width=\"1024\" height=\"426\" src=\"http:\/\/lignesauto.fr\/wp-content\/uploads\/2021\/01\/INTER_01-1024x426.png\" alt=\"\" class=\"wp-image-21227\" srcset=\"https:\/\/lignesauto.fr\/wp-content\/uploads\/2021\/01\/INTER_01-1024x426.png 1024w, https:\/\/lignesauto.fr\/wp-content\/uploads\/2021\/01\/INTER_01-300x125.png 300w, https:\/\/lignesauto.fr\/wp-content\/uploads\/2021\/01\/INTER_01-768x320.png 768w, https:\/\/lignesauto.fr\/wp-content\/uploads\/2021\/01\/INTER_01.png 1417w\" sizes=\"(max-width: 1024px) 100vw, 1024px\" \/><\/figure>\n\n\n\n<p style=\"font-size:18px\">Les (tr\u00e8s ?) anciens et (tr\u00e8s ?) passionn\u00e9s auront peut-\u00eatre remarqu\u00e9 ci-dessous que le dessin du sabre de la planche de bord, en forme d\u2019\u0153il \u00e9gyptien, n&#8217;est pas sans \u00e9voquer un projet de Michel Harmand, grand designer exter-inter de Citro\u00ebn des ann\u00e9es 1960-1970. Mais dans ce cas, j&#8217;imagine qu\u2019il s&#8217;agit d&#8217;un pur hasard&#8230;<\/p>\n\n\n\n<figure class=\"wp-block-image size-large\"><img loading=\"lazy\" decoding=\"async\" width=\"1024\" height=\"710\" src=\"http:\/\/lignesauto.fr\/wp-content\/uploads\/2021\/01\/INTER_03-1024x710.png\" alt=\"\" class=\"wp-image-21233\" srcset=\"https:\/\/lignesauto.fr\/wp-content\/uploads\/2021\/01\/INTER_03-1024x710.png 1024w, https:\/\/lignesauto.fr\/wp-content\/uploads\/2021\/01\/INTER_03-300x208.png 300w, https:\/\/lignesauto.fr\/wp-content\/uploads\/2021\/01\/INTER_03-768x532.png 768w, https:\/\/lignesauto.fr\/wp-content\/uploads\/2021\/01\/INTER_03.png 1417w\" sizes=\"(max-width: 1024px) 100vw, 1024px\" \/><\/figure>\n\n\n\n<h2 class=\"wp-block-heading\"><strong>A LIRE SUR CE SITE : CE QUE LA DS4 DOIT AUX CONCEPT-CARS DS<\/strong><br><\/h2>\n\n\n\n<figure class=\"wp-block-image is-resized\"><img loading=\"lazy\" decoding=\"async\" src=\"http:\/\/lignesauto.fr\/wp-content\/uploads\/2018\/10\/LOGOActus_BD-1024x367.jpg\" alt=\"L\u2019attribut alt de cette image est vide, son nom de fichier est LOGOActus_BD-1024x367.jpg.\" width=\"480\" height=\"171\"\/><\/figure>\n\n\n\n<figure class=\"wp-block-image size-large\"><img loading=\"lazy\" decoding=\"async\" width=\"1024\" height=\"417\" src=\"http:\/\/lignesauto.fr\/wp-content\/uploads\/2021\/01\/LIGNESDS4_EXTER_03-1024x417.jpg\" alt=\"\" class=\"wp-image-21236\" srcset=\"https:\/\/lignesauto.fr\/wp-content\/uploads\/2021\/01\/LIGNESDS4_EXTER_03-1024x417.jpg 1024w, https:\/\/lignesauto.fr\/wp-content\/uploads\/2021\/01\/LIGNESDS4_EXTER_03-300x122.jpg 300w, https:\/\/lignesauto.fr\/wp-content\/uploads\/2021\/01\/LIGNESDS4_EXTER_03-768x313.jpg 768w, https:\/\/lignesauto.fr\/wp-content\/uploads\/2021\/01\/LIGNESDS4_EXTER_03.jpg 1417w\" sizes=\"(max-width: 1024px) 100vw, 1024px\" \/><\/figure>\n","protected":false},"excerpt":{"rendered":"<p>La voil\u00e0 enfin cette DS4, celle qui devrait faire exploser le compteur des ventes de la jeune marque fran\u00e7aise. Car cette berline premium vise le segment des compactes, le fameux segment C, avec ses 4,40 m de longueur, contre 4,12 \u00e0 la DS3 Crossback et 4,57 au SUV DS7. C&#8217;est [&hellip;]<\/p>\n","protected":false},"author":1,"featured_media":21161,"comment_status":"open","ping_status":"open","sticky":false,"template":"","format":"standard","meta":{"footnotes":""},"categories":[1],"tags":[],"_links":{"self":[{"href":"https:\/\/lignesauto.fr\/index.php?rest_route=\/wp\/v2\/posts\/21159"}],"collection":[{"href":"https:\/\/lignesauto.fr\/index.php?rest_route=\/wp\/v2\/posts"}],"about":[{"href":"https:\/\/lignesauto.fr\/index.php?rest_route=\/wp\/v2\/types\/post"}],"author":[{"embeddable":true,"href":"https:\/\/lignesauto.fr\/index.php?rest_route=\/wp\/v2\/users\/1"}],"replies":[{"embeddable":true,"href":"https:\/\/lignesauto.fr\/index.php?rest_route=%2Fwp%2Fv2%2Fcomments&post=21159"}],"version-history":[{"count":95,"href":"https:\/\/lignesauto.fr\/index.php?rest_route=\/wp\/v2\/posts\/21159\/revisions"}],"predecessor-version":[{"id":22540,"href":"https:\/\/lignesauto.fr\/index.php?rest_route=\/wp\/v2\/posts\/21159\/revisions\/22540"}],"wp:featuredmedia":[{"embeddable":true,"href":"https:\/\/lignesauto.fr\/index.php?rest_route=\/wp\/v2\/media\/21161"}],"wp:attachment":[{"href":"https:\/\/lignesauto.fr\/index.php?rest_route=%2Fwp%2Fv2%2Fmedia&parent=21159"}],"wp:term":[{"taxonomy":"category","embeddable":true,"href":"https:\/\/lignesauto.fr\/index.php?rest_route=%2Fwp%2Fv2%2Fcategories&post=21159"},{"taxonomy":"post_tag","embeddable":true,"href":"https:\/\/lignesauto.fr\/index.php?rest_route=%2Fwp%2Fv2%2Ftags&post=21159"}],"curies":[{"name":"wp","href":"https:\/\/api.w.org\/{rel}","templated":true}]}}