{"id":21243,"date":"2021-02-03T14:04:00","date_gmt":"2021-02-03T13:04:00","guid":{"rendered":"http:\/\/lignesauto.fr\/?p=21243"},"modified":"2021-02-03T18:04:19","modified_gmt":"2021-02-03T17:04:19","slug":"ce-que-la-ds4-doit-aux-concept-cars-ds","status":"publish","type":"post","link":"https:\/\/lignesauto.fr\/?p=21243","title":{"rendered":"Ce que la DS4 doit aux concept-cars DS"},"content":{"rendered":"\n<figure class=\"wp-block-image size-large is-resized\"><img loading=\"lazy\" decoding=\"async\" src=\"http:\/\/lignesauto.fr\/wp-content\/uploads\/2018\/10\/LOGOActus_BD-1024x367.jpg\" alt=\"\" class=\"wp-image-4921\" width=\"445\" height=\"159\" srcset=\"https:\/\/lignesauto.fr\/wp-content\/uploads\/2018\/10\/LOGOActus_BD-1024x367.jpg 1024w, https:\/\/lignesauto.fr\/wp-content\/uploads\/2018\/10\/LOGOActus_BD-300x108.jpg 300w, https:\/\/lignesauto.fr\/wp-content\/uploads\/2018\/10\/LOGOActus_BD-768x276.jpg 768w, https:\/\/lignesauto.fr\/wp-content\/uploads\/2018\/10\/LOGOActus_BD-370x133.jpg 370w, https:\/\/lignesauto.fr\/wp-content\/uploads\/2018\/10\/LOGOActus_BD-1040x373.jpg 1040w, https:\/\/lignesauto.fr\/wp-content\/uploads\/2018\/10\/LOGOActus_BD.jpg 1240w\" sizes=\"(max-width: 445px) 100vw, 445px\" \/><\/figure>\n\n\n\n<figure class=\"wp-block-image size-large\"><img loading=\"lazy\" decoding=\"async\" width=\"1024\" height=\"417\" src=\"http:\/\/lignesauto.fr\/wp-content\/uploads\/2021\/01\/LIGNESDS4_EXTER_01-1024x417.jpg\" alt=\"\" class=\"wp-image-21258\" srcset=\"https:\/\/lignesauto.fr\/wp-content\/uploads\/2021\/01\/LIGNESDS4_EXTER_01-1024x417.jpg 1024w, https:\/\/lignesauto.fr\/wp-content\/uploads\/2021\/01\/LIGNESDS4_EXTER_01-300x122.jpg 300w, https:\/\/lignesauto.fr\/wp-content\/uploads\/2021\/01\/LIGNESDS4_EXTER_01-768x313.jpg 768w, https:\/\/lignesauto.fr\/wp-content\/uploads\/2021\/01\/LIGNESDS4_EXTER_01.jpg 1417w\" sizes=\"(max-width: 1024px) 100vw, 1024px\" \/><\/figure>\n\n\n\n<p style=\"font-size:18px\">DS n&#8217;est pas avare en concept-cars. D&#8217;abord parce qu&#8217;il lui a fallu occuper le terrain sans mod\u00e8les nouveaux pendant de longs mois, ensuite parce que l&#8217;\u00e9quipe de designers s&#8217;est concoct\u00e9 des &#8220;manifestes&#8221; pour d\u00e9finir le langage formel de cette marque encore toute jeune.<\/p>\n\n\n\n<figure class=\"wp-block-image size-large\"><img loading=\"lazy\" decoding=\"async\" width=\"1024\" height=\"516\" src=\"http:\/\/lignesauto.fr\/wp-content\/uploads\/2021\/01\/LIGNES-1024x516.jpg\" alt=\"\" class=\"wp-image-21334\" srcset=\"https:\/\/lignesauto.fr\/wp-content\/uploads\/2021\/01\/LIGNES-1024x516.jpg 1024w, https:\/\/lignesauto.fr\/wp-content\/uploads\/2021\/01\/LIGNES-300x151.jpg 300w, https:\/\/lignesauto.fr\/wp-content\/uploads\/2021\/01\/LIGNES-768x387.jpg 768w, https:\/\/lignesauto.fr\/wp-content\/uploads\/2021\/01\/LIGNES-1536x773.jpg 1536w, https:\/\/lignesauto.fr\/wp-content\/uploads\/2021\/01\/LIGNES-2048x1031.jpg 2048w\" sizes=\"(max-width: 1024px) 100vw, 1024px\" \/><figcaption><strong>PHOTO STUDIO DESIGN DS<\/strong><\/figcaption><\/figure>\n\n\n\n<p style=\"font-size:18px\">Les concept-cars DS ne sont donc pas des extrapolations de futurs mod\u00e8les. Mais ils n&#8217;en donnent pas moins des signaux forts sur le style des futures DS. Vrai ou faux ? C&#8217;est ce que nous allons voir&#8230;<\/p>\n\n\n\n<figure class=\"wp-block-image size-large\"><img loading=\"lazy\" decoding=\"async\" width=\"1024\" height=\"551\" src=\"http:\/\/lignesauto.fr\/wp-content\/uploads\/2021\/02\/A-1024x551.png\" alt=\"\" class=\"wp-image-21383\" srcset=\"https:\/\/lignesauto.fr\/wp-content\/uploads\/2021\/02\/A-1024x551.png 1024w, https:\/\/lignesauto.fr\/wp-content\/uploads\/2021\/02\/A-300x162.png 300w, https:\/\/lignesauto.fr\/wp-content\/uploads\/2021\/02\/A-768x414.png 768w, https:\/\/lignesauto.fr\/wp-content\/uploads\/2021\/02\/A.png 1417w\" sizes=\"(max-width: 1024px) 100vw, 1024px\" \/><\/figure>\n\n\n\n<h2 class=\"wp-block-heading\"><strong>Honneur au dernier concept d\u00e9voil\u00e9, la DS4 face \u00e0 la DS ASL<\/strong><\/h2>\n\n\n\n<figure class=\"wp-block-image size-large\"><img loading=\"lazy\" decoding=\"async\" width=\"978\" height=\"1024\" src=\"http:\/\/lignesauto.fr\/wp-content\/uploads\/2021\/01\/Capture-de\u0301cran-2021-01-25-a\u0300-18.50.51-978x1024.png\" alt=\"\" class=\"wp-image-21246\" srcset=\"https:\/\/lignesauto.fr\/wp-content\/uploads\/2021\/01\/Capture-de\u0301cran-2021-01-25-a\u0300-18.50.51-978x1024.png 978w, https:\/\/lignesauto.fr\/wp-content\/uploads\/2021\/01\/Capture-de\u0301cran-2021-01-25-a\u0300-18.50.51-286x300.png 286w, https:\/\/lignesauto.fr\/wp-content\/uploads\/2021\/01\/Capture-de\u0301cran-2021-01-25-a\u0300-18.50.51-768x804.png 768w, https:\/\/lignesauto.fr\/wp-content\/uploads\/2021\/01\/Capture-de\u0301cran-2021-01-25-a\u0300-18.50.51.png 1417w\" sizes=\"(max-width: 978px) 100vw, 978px\" \/><\/figure>\n\n\n\n<p style=\"font-size:18px\">Certes, la nouvelle DS4 ne mesure pas 5 m\u00e8tres de longueur ni m\u00eame 2 m\u00e8tres de large, mais elle adopte clairement des th\u00e8mes esth\u00e9tiques concrets vus sur le concept-car DS ASL de mars 2020. <\/p>\n\n\n\n<figure class=\"wp-block-image size-large\"><img loading=\"lazy\" decoding=\"async\" width=\"1024\" height=\"294\" src=\"http:\/\/lignesauto.fr\/wp-content\/uploads\/2021\/01\/CONCEPTDS4_02-1024x294.png\" alt=\"\" class=\"wp-image-21245\" srcset=\"https:\/\/lignesauto.fr\/wp-content\/uploads\/2021\/01\/CONCEPTDS4_02-1024x294.png 1024w, https:\/\/lignesauto.fr\/wp-content\/uploads\/2021\/01\/CONCEPTDS4_02-300x86.png 300w, https:\/\/lignesauto.fr\/wp-content\/uploads\/2021\/01\/CONCEPTDS4_02-768x221.png 768w, https:\/\/lignesauto.fr\/wp-content\/uploads\/2021\/01\/CONCEPTDS4_02.png 1417w\" sizes=\"(max-width: 1024px) 100vw, 1024px\" \/><\/figure>\n\n\n\n<p style=\"font-size:18px\">C&#8217;est surtout dans son traitement arri\u00e8re, notamment des panneaux de custode que les similitudes apparaissent :<br><strong>1<\/strong>&#8211; le pavillon plongeant avec un \u00e9norme becquet int\u00e9gr\u00e9 coiffe une toute petite vitre de hayon, comme sur l&#8217;ASL.<br><strong>2-<\/strong> la partie sup\u00e9rieure du c\u00f4t\u00e9 de caisse (montant C) a la forme de celle de l&#8217;ASL, la m\u00eame inclinaison et conf\u00e8re le m\u00eame dynamisme au panneau de custode.<br><strong>3<\/strong>&#8211; la minuscule vitre de hayon ainsi que son inclinaison sont pratiquement identiques \u00e0 celles de l&#8217;ASL.<br><strong>4<\/strong>&#8211; on retrouve \u00e9videmment les feux en \u00e9cailles, mais pas les feux verticaux. (en 6 sur la photo de droite) Dommage car l&#8217;ar\u00eate a\u00e9rodynamique de la DS4 se pr\u00eatait \u00e0 les accueillir.<br><strong>5<\/strong>&#8211; les d\u00e9flecteurs a\u00e9rodynamiques de l&#8217;ASL sont r\u00e9interpr\u00e9t\u00e9s sur la DS4 par des ar\u00eates vives int\u00e9gr\u00e9es au bouclier arri\u00e8re.<br><\/p>\n\n\n\n<figure class=\"wp-block-image size-large\"><img loading=\"lazy\" decoding=\"async\" width=\"1024\" height=\"1015\" src=\"http:\/\/lignesauto.fr\/wp-content\/uploads\/2021\/01\/CONCEPTDS4_01-1024x1015.png\" alt=\"\" class=\"wp-image-21251\" srcset=\"https:\/\/lignesauto.fr\/wp-content\/uploads\/2021\/01\/CONCEPTDS4_01-1024x1015.png 1024w, https:\/\/lignesauto.fr\/wp-content\/uploads\/2021\/01\/CONCEPTDS4_01-300x297.png 300w, https:\/\/lignesauto.fr\/wp-content\/uploads\/2021\/01\/CONCEPTDS4_01-150x150.png 150w, https:\/\/lignesauto.fr\/wp-content\/uploads\/2021\/01\/CONCEPTDS4_01-768x761.png 768w, https:\/\/lignesauto.fr\/wp-content\/uploads\/2021\/01\/CONCEPTDS4_01.png 1417w\" sizes=\"(max-width: 1024px) 100vw, 1024px\" \/><\/figure>\n\n\n\n<p style=\"font-size:18px\">Le trait stylistique le plus probant sur les deux v\u00e9hicules DS4 et DS ASL, c&#8217;est ce traitement du panneau de custode avec le sigle DS int\u00e9gr\u00e9 \u00e0 un mouvement dynamique pratiquement identique sur les deux mod\u00e8les. <\/p>\n\n\n\n<h2 class=\"wp-block-heading\"><strong>DS4 face \u00e0 DS E-TENSE<\/strong><\/h2>\n\n\n\n<figure class=\"wp-block-image size-large\"><img loading=\"lazy\" decoding=\"async\" width=\"826\" height=\"1024\" src=\"http:\/\/lignesauto.fr\/wp-content\/uploads\/2021\/01\/CONCEPTDS4_05-826x1024.png\" alt=\"\" class=\"wp-image-21247\" srcset=\"https:\/\/lignesauto.fr\/wp-content\/uploads\/2021\/01\/CONCEPTDS4_05-826x1024.png 826w, https:\/\/lignesauto.fr\/wp-content\/uploads\/2021\/01\/CONCEPTDS4_05-242x300.png 242w, https:\/\/lignesauto.fr\/wp-content\/uploads\/2021\/01\/CONCEPTDS4_05-768x952.png 768w, https:\/\/lignesauto.fr\/wp-content\/uploads\/2021\/01\/CONCEPTDS4_05-1239x1536.png 1239w, https:\/\/lignesauto.fr\/wp-content\/uploads\/2021\/01\/CONCEPTDS4_05.png 1417w\" sizes=\"(max-width: 826px) 100vw, 826px\" \/><\/figure>\n\n\n\n<p style=\"font-size:18px\">Aucun rapport bien s\u00fbr entre le th\u00e8me du coup\u00e9 \u00e9lectrique E-TENSE et la nouvelle DS4. Pourtant, on regrette que le dessin des feux AR n&#8217;ait pas \u00e9t\u00e9 dot\u00e9 de cette signature verticale en &#8220;S&#8221;. L&#8217;\u00e9quipe de designers sous-entend cependant que le futur proche pourrait satisfaire notre demande ! C&#8217;est vrai qu&#8217;il reste encore deux futures DS non r\u00e9v\u00e9l\u00e9es sur les 6 mod\u00e8les annonc\u00e9s (DS3 Crossback, DS7 Crossback, DS9 et DS4)<\/p>\n\n\n\n<h2 class=\"wp-block-heading\"><strong>DS4 face \u00e0 DS X E-TENSE<\/strong><\/h2>\n\n\n\n<figure class=\"wp-block-image size-large\"><img loading=\"lazy\" decoding=\"async\" width=\"1024\" height=\"924\" src=\"http:\/\/lignesauto.fr\/wp-content\/uploads\/2021\/01\/conceptds-a\u0300-1024x924.png\" alt=\"\" class=\"wp-image-21248\" srcset=\"https:\/\/lignesauto.fr\/wp-content\/uploads\/2021\/01\/conceptds-a\u0300-1024x924.png 1024w, https:\/\/lignesauto.fr\/wp-content\/uploads\/2021\/01\/conceptds-a\u0300-300x271.png 300w, https:\/\/lignesauto.fr\/wp-content\/uploads\/2021\/01\/conceptds-a\u0300-768x693.png 768w, https:\/\/lignesauto.fr\/wp-content\/uploads\/2021\/01\/conceptds-a\u0300.png 1417w\" sizes=\"(max-width: 1024px) 100vw, 1024px\" \/><\/figure>\n\n\n\n<p style=\"font-size:18px\">L\u00e0 encore, difficile de confronter un OVNI asym\u00e9trique, coup\u00e9 deux places au long capot, \u00e0 la DS4. N\u00e9anmoins, le travail des flancs du concept-car a certainement inspir\u00e9 celui de la berline compacte. DS \u00e9vite ainsi la critique : non, le triangle lat\u00e9ral embouti sur les portes avant de la DS4 n&#8217;est pas inspir\u00e9 par celui de la Peugeot 2008. Quant \u00e0 la ligne qui remonte en hauteur sur  la porte avant, elle est l\u00e0 pour casser l&#8217;effet de lourdeur de la partie t\u00f4l\u00e9e, afin d&#8217;aller dans le sens d&#8217;une voiture toujours plus &#8220;a\u00e9rienne&#8221;&#8230;<\/p>\n\n\n\n<figure class=\"wp-block-image size-large\"><img loading=\"lazy\" decoding=\"async\" width=\"1024\" height=\"576\" src=\"http:\/\/lignesauto.fr\/wp-content\/uploads\/2021\/01\/CL-18.037.018-1024x576.jpg\" alt=\"\" class=\"wp-image-21250\" srcset=\"https:\/\/lignesauto.fr\/wp-content\/uploads\/2021\/01\/CL-18.037.018-1024x576.jpg 1024w, https:\/\/lignesauto.fr\/wp-content\/uploads\/2021\/01\/CL-18.037.018-300x169.jpg 300w, https:\/\/lignesauto.fr\/wp-content\/uploads\/2021\/01\/CL-18.037.018-768x432.jpg 768w, https:\/\/lignesauto.fr\/wp-content\/uploads\/2021\/01\/CL-18.037.018-1536x865.jpg 1536w, https:\/\/lignesauto.fr\/wp-content\/uploads\/2021\/01\/CL-18.037.018-2048x1153.jpg 2048w\" sizes=\"(max-width: 1024px) 100vw, 1024px\" \/><\/figure>\n\n\n\n<h2 class=\"wp-block-heading\"><strong>DS4 face \u00e0 DS4 Racing<\/strong><\/h2>\n\n\n\n<p style=\"font-size:18px\">Il est un concept-car un peu oubli\u00e9 qui date de l&#8217;\u00e8re &#8220;Citro\u00ebn &#8211; ligne DS&#8221; : la DS4R (R : pour Racing) une sportive qui faillit bien \u00eatre mise en production. Oubli\u00e9e la Citro\u00ebn DS4 haute sur patte : la DS4R est abais\u00e9e et re\u00e7oit le moteur 1.6 turbo de 256 ch et est capable d&#8217;une vitesse maxi de 250 km\/h. Le tout avec des rejets de CO2 \u00e0 faire s&#8217;\u00e9vanouir Greta Thunberg : 155g au km ! Notez que le dessin de la DS4 (version Citro\u00ebn) enfant\u00e9 par Vincent Olivier reste d&#8217;une grande modernit\u00e9.<\/p>\n\n\n\n<figure class=\"wp-block-image size-large\"><img loading=\"lazy\" decoding=\"async\" width=\"1024\" height=\"793\" src=\"http:\/\/lignesauto.fr\/wp-content\/uploads\/2021\/01\/CONCEPTDS4_03-1024x793.png\" alt=\"\" class=\"wp-image-21253\" srcset=\"https:\/\/lignesauto.fr\/wp-content\/uploads\/2021\/01\/CONCEPTDS4_03-1024x793.png 1024w, https:\/\/lignesauto.fr\/wp-content\/uploads\/2021\/01\/CONCEPTDS4_03-300x232.png 300w, https:\/\/lignesauto.fr\/wp-content\/uploads\/2021\/01\/CONCEPTDS4_03-768x595.png 768w, https:\/\/lignesauto.fr\/wp-content\/uploads\/2021\/01\/CONCEPTDS4_03.png 1417w\" sizes=\"(max-width: 1024px) 100vw, 1024px\" \/><\/figure>\n\n\n\n<h2 class=\"wp-block-heading\"><strong>DS4 face \u00e0&#8230; DS4<\/strong><\/h2>\n\n\n\n<p style=\"font-size:18px\">Pour finir, comparons la DS4 \u00e0 la&#8230; DS4, ancienne g\u00e9n\u00e9ration. Si l&#8217;appellation demeure identique, la voiture est totalement diff\u00e9rente. Elle s&#8217;inscrit d\u00e9sormais dans la marque DS, ce n&#8217;est plus une Citro\u00ebn &#8220;ligne DS&#8221; et surtout, elle b\u00e9n\u00e9ficie d&#8217;une plateforme bien plus moderne que celle de la &#8220;Citro\u00ebn&#8221; DS4. Cette superposition des deux voitures ci-dessous d\u00e9voile ce qu&#8217;une plateforme peut changer pour le design.<\/p>\n\n\n\n<figure class=\"wp-block-image size-large\"><img loading=\"lazy\" decoding=\"async\" width=\"971\" height=\"1024\" src=\"http:\/\/lignesauto.fr\/wp-content\/uploads\/2021\/01\/CONCEPTDS4_04-971x1024.png\" alt=\"\" class=\"wp-image-21254\" srcset=\"https:\/\/lignesauto.fr\/wp-content\/uploads\/2021\/01\/CONCEPTDS4_04-971x1024.png 971w, https:\/\/lignesauto.fr\/wp-content\/uploads\/2021\/01\/CONCEPTDS4_04-285x300.png 285w, https:\/\/lignesauto.fr\/wp-content\/uploads\/2021\/01\/CONCEPTDS4_04-768x810.png 768w, https:\/\/lignesauto.fr\/wp-content\/uploads\/2021\/01\/CONCEPTDS4_04.png 1417w\" sizes=\"(max-width: 971px) 100vw, 971px\" \/><\/figure>\n\n\n\n<p style=\"font-size:18px\">La distance entre l&#8217;axe du train avant et la verticale \u00e0 l\u2019aplomb de la baie de pare-brise (une cote qui structure la plateforme et ne peut \u00eatre modifi\u00e9e) est tr\u00e8s sensiblement agrandie avec la nouvelle ELP2 &#8220;V3&#8221;, la cabine est recul\u00e9e sur la nouvelle DS4 qui peut ainsi s&#8217;offrir un long capot moteur, tr\u00e8s automobile. Mais l&#8217;ancienne DS4 mesurait 4,27 m de longueur, contre 4,40 m pour la nouvelle g\u00e9n\u00e9ration.<\/p>\n\n\n\n<figure class=\"wp-block-image is-resized\"><img loading=\"lazy\" decoding=\"async\" src=\"http:\/\/lignesauto.fr\/wp-content\/uploads\/2018\/10\/LOGOActus_BD-1024x367.jpg\" alt=\"L\u2019attribut alt de cette image est vide, son nom de fichier est LOGOActus_BD-1024x367.jpg.\" width=\"438\" height=\"156\"\/><\/figure>\n","protected":false},"excerpt":{"rendered":"<p>DS n&#8217;est pas avare en concept-cars. D&#8217;abord parce qu&#8217;il lui a fallu occuper le terrain sans mod\u00e8les nouveaux pendant de longs mois, ensuite parce que l&#8217;\u00e9quipe de designers s&#8217;est concoct\u00e9 des &#8220;manifestes&#8221; pour d\u00e9finir le langage formel de cette marque encore toute jeune. Les concept-cars DS ne sont donc pas [&hellip;]<\/p>\n","protected":false},"author":1,"featured_media":21248,"comment_status":"open","ping_status":"open","sticky":false,"template":"","format":"standard","meta":{"footnotes":""},"categories":[1],"tags":[],"_links":{"self":[{"href":"https:\/\/lignesauto.fr\/index.php?rest_route=\/wp\/v2\/posts\/21243"}],"collection":[{"href":"https:\/\/lignesauto.fr\/index.php?rest_route=\/wp\/v2\/posts"}],"about":[{"href":"https:\/\/lignesauto.fr\/index.php?rest_route=\/wp\/v2\/types\/post"}],"author":[{"embeddable":true,"href":"https:\/\/lignesauto.fr\/index.php?rest_route=\/wp\/v2\/users\/1"}],"replies":[{"embeddable":true,"href":"https:\/\/lignesauto.fr\/index.php?rest_route=%2Fwp%2Fv2%2Fcomments&post=21243"}],"version-history":[{"count":36,"href":"https:\/\/lignesauto.fr\/index.php?rest_route=\/wp\/v2\/posts\/21243\/revisions"}],"predecessor-version":[{"id":21409,"href":"https:\/\/lignesauto.fr\/index.php?rest_route=\/wp\/v2\/posts\/21243\/revisions\/21409"}],"wp:featuredmedia":[{"embeddable":true,"href":"https:\/\/lignesauto.fr\/index.php?rest_route=\/wp\/v2\/media\/21248"}],"wp:attachment":[{"href":"https:\/\/lignesauto.fr\/index.php?rest_route=%2Fwp%2Fv2%2Fmedia&parent=21243"}],"wp:term":[{"taxonomy":"category","embeddable":true,"href":"https:\/\/lignesauto.fr\/index.php?rest_route=%2Fwp%2Fv2%2Fcategories&post=21243"},{"taxonomy":"post_tag","embeddable":true,"href":"https:\/\/lignesauto.fr\/index.php?rest_route=%2Fwp%2Fv2%2Ftags&post=21243"}],"curies":[{"name":"wp","href":"https:\/\/api.w.org\/{rel}","templated":true}]}}