{"id":21549,"date":"2021-03-16T10:29:15","date_gmt":"2021-03-16T09:29:15","guid":{"rendered":"http:\/\/lignesauto.fr\/?p=21549"},"modified":"2021-03-16T10:29:15","modified_gmt":"2021-03-16T09:29:15","slug":"kia-explique-son-nouveau-langage-formel","status":"publish","type":"post","link":"https:\/\/lignesauto.fr\/?p=21549","title":{"rendered":"Kia explique son nouveau langage formel"},"content":{"rendered":"\n<div class=\"wp-block-image\"><figure class=\"aligncenter size-large is-resized\"><img loading=\"lazy\" decoding=\"async\" src=\"http:\/\/lignesauto.fr\/wp-content\/uploads\/2018\/10\/LOGOActus_BD-1024x367.jpg\" alt=\"\" class=\"wp-image-4921\" width=\"413\" height=\"147\" srcset=\"https:\/\/lignesauto.fr\/wp-content\/uploads\/2018\/10\/LOGOActus_BD-1024x367.jpg 1024w, https:\/\/lignesauto.fr\/wp-content\/uploads\/2018\/10\/LOGOActus_BD-300x108.jpg 300w, https:\/\/lignesauto.fr\/wp-content\/uploads\/2018\/10\/LOGOActus_BD-768x276.jpg 768w, https:\/\/lignesauto.fr\/wp-content\/uploads\/2018\/10\/LOGOActus_BD-370x133.jpg 370w, https:\/\/lignesauto.fr\/wp-content\/uploads\/2018\/10\/LOGOActus_BD-1040x373.jpg 1040w, https:\/\/lignesauto.fr\/wp-content\/uploads\/2018\/10\/LOGOActus_BD.jpg 1240w\" sizes=\"(max-width: 413px) 100vw, 413px\" \/><\/figure><\/div>\n\n\n\n<p style=\"font-size:18px\">Kia Corporation a d\u00e9voil\u00e9 les premi\u00e8res images du design ext\u00e9rieur et int\u00e9rieur de la berline EV6, premier v\u00e9hicule 100% \u00e9lectrique, le cousin de la Hyundai Ioniq5. Cette nouveaut\u00e9 est la premi\u00e8re \u00e0 adopter le nouveau langage formel baptis\u00e9 Opposites United : L\u2019alliance des contraires. Ce langage puise son inspiration, d&#8217;apr\u00e8s la communication design de Kia, &#8220;dans les contrastes observ\u00e9s entre la nature et l\u2019humanit\u00e9.&#8221; Vaste programme !<\/p>\n\n\n\n<figure class=\"wp-block-image size-large\"><img loading=\"lazy\" decoding=\"async\" width=\"1024\" height=\"576\" src=\"http:\/\/lignesauto.fr\/wp-content\/uploads\/2021\/03\/digital-1920x1080-1-1024x576.jpg\" alt=\"\" class=\"wp-image-21556\" srcset=\"https:\/\/lignesauto.fr\/wp-content\/uploads\/2021\/03\/digital-1920x1080-1-1024x576.jpg 1024w, https:\/\/lignesauto.fr\/wp-content\/uploads\/2021\/03\/digital-1920x1080-1-300x169.jpg 300w, https:\/\/lignesauto.fr\/wp-content\/uploads\/2021\/03\/digital-1920x1080-1-768x432.jpg 768w, https:\/\/lignesauto.fr\/wp-content\/uploads\/2021\/03\/digital-1920x1080-1-1536x864.jpg 1536w, https:\/\/lignesauto.fr\/wp-content\/uploads\/2021\/03\/digital-1920x1080-1.jpg 1920w\" sizes=\"(max-width: 1024px) 100vw, 1024px\" \/><\/figure>\n\n\n\n<p style=\"font-size:18px\">&#8220;En tant que premier v\u00e9hicule 100% \u00e9lectrique d\u00e9di\u00e9 de la marque, le EV6 allie un design avant-gardiste centr\u00e9 sur l\u2019humain, accompagn\u00e9 d\u2019une motorisation \u00e9lectrifi\u00e9e. Nous sommes intimement convaincus qu&#8217;il constitue une offre pertinente pour le nouveau march\u00e9 des v\u00e9hicules \u00e9lectriques&#8221; a d\u00e9clar\u00e9 Karim Habib, ci-dessous, Vice-Pr\u00e9sident Senior et Responsable du Design de Kia au niveau mondial. &#8220;Avec EV6, nous avons cherch\u00e9 \u00e0 cr\u00e9er un design distinctif et saisissant, en associant des \u00e9l\u00e9ments stylistiques sophistiqu\u00e9s et high-tech, \u00e0 des volumes riches et \u00e9pur\u00e9s, tout en offrant un espace typique d\u2019un v\u00e9hicule \u00e9lectrique r\u00e9solument futuriste.&#8221;<\/p>\n\n\n\n<figure class=\"wp-block-image size-large\"><img loading=\"lazy\" decoding=\"async\" width=\"1024\" height=\"770\" src=\"http:\/\/lignesauto.fr\/wp-content\/uploads\/2021\/03\/KHLIGNES-1024x770.jpg\" alt=\"\" class=\"wp-image-21563\" srcset=\"https:\/\/lignesauto.fr\/wp-content\/uploads\/2021\/03\/KHLIGNES-1024x770.jpg 1024w, https:\/\/lignesauto.fr\/wp-content\/uploads\/2021\/03\/KHLIGNES-300x225.jpg 300w, https:\/\/lignesauto.fr\/wp-content\/uploads\/2021\/03\/KHLIGNES-768x577.jpg 768w, https:\/\/lignesauto.fr\/wp-content\/uploads\/2021\/03\/KHLIGNES.jpg 1417w\" sizes=\"(max-width: 1024px) 100vw, 1024px\" \/><\/figure>\n\n\n\n<p style=\"font-size:18px\">Opposites United -l&#8217;alliance des contraires- est donc une philosophie de design destin\u00e9e \u00e0 tous les futurs mod\u00e8les Kia. Elle repose sur cinq piliers cl\u00e9s : \u00ab Bold for Nature \u00bb \/ (L\u2019audace par nature), \u00ab Joy for Reason \u00bb \/ (La joie pour raison d\u2019\u00eatre), \u00ab Power to Progress \u00bb \/ (Le pouvoir de progresser), \u00ab Technology for Life \u00bb \/ (La technologie pour la vie), et \u00ab Tension for Serenity \u00bb \/ (La tension comme gage de s\u00e9r\u00e9nit\u00e9).<\/p>\n\n\n\n<figure class=\"wp-block-image size-large\"><img loading=\"lazy\" decoding=\"async\" width=\"1024\" height=\"576\" src=\"http:\/\/lignesauto.fr\/wp-content\/uploads\/2021\/03\/digital-1920x1080-2-1024x576.jpg\" alt=\"\" class=\"wp-image-21557\" srcset=\"https:\/\/lignesauto.fr\/wp-content\/uploads\/2021\/03\/digital-1920x1080-2-1024x576.jpg 1024w, https:\/\/lignesauto.fr\/wp-content\/uploads\/2021\/03\/digital-1920x1080-2-300x169.jpg 300w, https:\/\/lignesauto.fr\/wp-content\/uploads\/2021\/03\/digital-1920x1080-2-768x432.jpg 768w, https:\/\/lignesauto.fr\/wp-content\/uploads\/2021\/03\/digital-1920x1080-2-1536x864.jpg 1536w, https:\/\/lignesauto.fr\/wp-content\/uploads\/2021\/03\/digital-1920x1080-2.jpg 1920w\" sizes=\"(max-width: 1024px) 100vw, 1024px\" \/><\/figure>\n\n\n\n<p style=\"font-size:18px\">Le pilier \u00ab Bold for Nature \u00bb repose sur l\u2019interaction avec la nature, en s\u2019inspirant des d\u00e9tails, des formes et des proportions que l\u2019on peut observer dans la nature. Ce pilier pousse le design \u00e0 s&#8217;inspirer de structures \u00e0 la fois organiques et techniques et se retrouve plut\u00f4t \u00e0 bord sachant que le design ext\u00e9rieur se distingue par une combinaison de lignes simples et \u00e9pur\u00e9es, associ\u00e9es \u00e0 des surfaces \u00e0 l\u2019aspect constamment changeant.<\/p>\n\n\n\n<figure class=\"wp-block-image size-large\"><img loading=\"lazy\" decoding=\"async\" width=\"1024\" height=\"576\" src=\"http:\/\/lignesauto.fr\/wp-content\/uploads\/2021\/03\/digital-1920x1080-5-1024x576.jpg\" alt=\"\" class=\"wp-image-21560\" srcset=\"https:\/\/lignesauto.fr\/wp-content\/uploads\/2021\/03\/digital-1920x1080-5-1024x576.jpg 1024w, https:\/\/lignesauto.fr\/wp-content\/uploads\/2021\/03\/digital-1920x1080-5-300x169.jpg 300w, https:\/\/lignesauto.fr\/wp-content\/uploads\/2021\/03\/digital-1920x1080-5-768x432.jpg 768w, https:\/\/lignesauto.fr\/wp-content\/uploads\/2021\/03\/digital-1920x1080-5-1536x864.jpg 1536w, https:\/\/lignesauto.fr\/wp-content\/uploads\/2021\/03\/digital-1920x1080-5.jpg 1920w\" sizes=\"(max-width: 1024px) 100vw, 1024px\" \/><\/figure>\n\n\n\n<p style=\"font-size:18px\">Le pilier \u00ab Joy for Reason \u00bb est d\u00e9di\u00e9 aux sensations et \u00e0 l&#8217;ambiance qui se d\u00e9gagent des futures Kia, en conjuguant l\u2019\u00e9motionnel et le rationnel &#8220;pour donner naissance \u00e0 des v\u00e9hicules qui auront un impact direct sur l\u2019\u00e9tat d\u2019esprit de leurs passagers en favorisant la relaxation et l\u2019inspiration.&#8221;<\/p>\n\n\n\n<figure class=\"wp-block-image size-large\"><img loading=\"lazy\" decoding=\"async\" width=\"1024\" height=\"576\" src=\"http:\/\/lignesauto.fr\/wp-content\/uploads\/2021\/03\/digital-1920x1080-3-1024x576.jpg\" alt=\"\" class=\"wp-image-21558\" srcset=\"https:\/\/lignesauto.fr\/wp-content\/uploads\/2021\/03\/digital-1920x1080-3-1024x576.jpg 1024w, https:\/\/lignesauto.fr\/wp-content\/uploads\/2021\/03\/digital-1920x1080-3-300x169.jpg 300w, https:\/\/lignesauto.fr\/wp-content\/uploads\/2021\/03\/digital-1920x1080-3-768x432.jpg 768w, https:\/\/lignesauto.fr\/wp-content\/uploads\/2021\/03\/digital-1920x1080-3-1536x864.jpg 1536w, https:\/\/lignesauto.fr\/wp-content\/uploads\/2021\/03\/digital-1920x1080-3.jpg 1920w\" sizes=\"(max-width: 1024px) 100vw, 1024px\" \/><\/figure>\n\n\n\n<p style=\"font-size:18px\">Avec le pilier \u00ab Power to Progress \u00bb Kia continuera de faire \u00e9voluer le design et l\u2019architecture de ses futurs mod\u00e8les en exploitant les comp\u00e9tences et l\u2019expertise qu\u2019elle a acquises ces derni\u00e8res ann\u00e9es au cours de sa mutation stylistique pour donner naissance \u00e0 des concepts r\u00e9solument innovants.<\/p>\n\n\n\n<figure class=\"wp-block-image size-large\"><img loading=\"lazy\" decoding=\"async\" width=\"1024\" height=\"576\" src=\"http:\/\/lignesauto.fr\/wp-content\/uploads\/2021\/03\/digital-1920x1080-4-1024x576.jpg\" alt=\"\" class=\"wp-image-21559\" srcset=\"https:\/\/lignesauto.fr\/wp-content\/uploads\/2021\/03\/digital-1920x1080-4-1024x576.jpg 1024w, https:\/\/lignesauto.fr\/wp-content\/uploads\/2021\/03\/digital-1920x1080-4-300x169.jpg 300w, https:\/\/lignesauto.fr\/wp-content\/uploads\/2021\/03\/digital-1920x1080-4-768x432.jpg 768w, https:\/\/lignesauto.fr\/wp-content\/uploads\/2021\/03\/digital-1920x1080-4-1536x864.jpg 1536w, https:\/\/lignesauto.fr\/wp-content\/uploads\/2021\/03\/digital-1920x1080-4.jpg 1920w\" sizes=\"(max-width: 1024px) 100vw, 1024px\" \/><\/figure>\n\n\n\n<p style=\"font-size:18px\">Le pilier \u00ab Technology for Life \u00bb englobe les nouvelles technologies et les innovations visant \u00e0 am\u00e9liorer encore l&#8217;IHM, l&#8217;interface homme-machine. Les futures Kia b\u00e9n\u00e9ficieront ainsi  d&#8217;innovations technologiques en mati\u00e8re d&#8217;\u00e9clairage, d\u2019haptique et de connectivit\u00e9 embarqu\u00e9e.<\/p>\n\n\n\n<figure class=\"wp-block-image size-large\"><img loading=\"lazy\" decoding=\"async\" width=\"1024\" height=\"576\" src=\"http:\/\/lignesauto.fr\/wp-content\/uploads\/2021\/03\/digital-1920x1080-6-1024x576.jpg\" alt=\"\" class=\"wp-image-21561\" srcset=\"https:\/\/lignesauto.fr\/wp-content\/uploads\/2021\/03\/digital-1920x1080-6-1024x576.jpg 1024w, https:\/\/lignesauto.fr\/wp-content\/uploads\/2021\/03\/digital-1920x1080-6-300x169.jpg 300w, https:\/\/lignesauto.fr\/wp-content\/uploads\/2021\/03\/digital-1920x1080-6-768x432.jpg 768w, https:\/\/lignesauto.fr\/wp-content\/uploads\/2021\/03\/digital-1920x1080-6-1536x864.jpg 1536w, https:\/\/lignesauto.fr\/wp-content\/uploads\/2021\/03\/digital-1920x1080-6.jpg 1920w\" sizes=\"(max-width: 1024px) 100vw, 1024px\" \/><\/figure>\n\n\n\n<p style=\"font-size:18px\">Enfin, Kia \u00e9voque le pilier \u00ab Tension for Serenity \u00bb en ces termes : &#8220;il \u00e9voque la tension existante entre des forces contraires et des contrastes cr\u00e9atifs, et consacre l\u2019\u00e9quilibre stylistique \u00e9manant de deux forces oppos\u00e9es. Il favorise l\u2019\u00e9mergence de concepts de design saisissants qui font appel \u00e0 des d\u00e9tails pr\u00e9cis d\u2019une haute technicit\u00e9 dans le but de cr\u00e9er une r\u00e9elle tension de surface \u2013 et de donner corps \u00e0 une vision unifi\u00e9e du design, tourn\u00e9e vers l\u2019avenir.&#8221;<\/p>\n\n\n\n<p style=\"font-size:18px\">&#8220;Nous souhaitons que nos produits offrent une exp\u00e9rience instinctive et naturelle destin\u00e9e \u00e0 am\u00e9liorer le quotidien de nos clients. Nous avons pour but de cr\u00e9er des v\u00e9hicules \u00e9lectriques tout \u00e0 la fois originaux, ing\u00e9nieux et enthousiasmants. Plus que jamais, les id\u00e9es de nos designers et l\u2019orientation de la marque s&#8217;av\u00e8rent \u00e9troitement li\u00e9es&#8221;, ajoute Karim Habib.<\/p>\n\n\n\n<figure class=\"wp-block-image size-large\"><img loading=\"lazy\" decoding=\"async\" width=\"1024\" height=\"795\" src=\"http:\/\/lignesauto.fr\/wp-content\/uploads\/2021\/03\/Capture-de\u0301cran-2021-03-16-a\u0300-10.19.33-1024x795.png\" alt=\"\" class=\"wp-image-21565\" srcset=\"https:\/\/lignesauto.fr\/wp-content\/uploads\/2021\/03\/Capture-de\u0301cran-2021-03-16-a\u0300-10.19.33-1024x795.png 1024w, https:\/\/lignesauto.fr\/wp-content\/uploads\/2021\/03\/Capture-de\u0301cran-2021-03-16-a\u0300-10.19.33-300x233.png 300w, https:\/\/lignesauto.fr\/wp-content\/uploads\/2021\/03\/Capture-de\u0301cran-2021-03-16-a\u0300-10.19.33-768x596.png 768w, https:\/\/lignesauto.fr\/wp-content\/uploads\/2021\/03\/Capture-de\u0301cran-2021-03-16-a\u0300-10.19.33.png 1417w\" sizes=\"(max-width: 1024px) 100vw, 1024px\" \/><\/figure>\n\n\n\n<p style=\"font-size:18px\">Le crossover Kia EV6 est le fruit de la collaboration entre les trois centres de design de Kia, respectivement situ\u00e9s \u00e0 Namyang (Cor\u00e9e du Sud), Francfort (Allemagne) et Irvine (Californie, \u00c9tats-Unis). Il est le symbole d\u2019une r\u00e9elle \u00e9volution du design de la marque. Et il sera \u00e0 d\u00e9couvrir dans une quinzaine de jours, lors de sa pr\u00e9sentation mondiale.<\/p>\n\n\n\n<div class=\"wp-block-image\"><figure class=\"aligncenter is-resized\"><img loading=\"lazy\" decoding=\"async\" src=\"http:\/\/lignesauto.fr\/wp-content\/uploads\/2018\/10\/LOGOActus_BD-1024x367.jpg\" alt=\"L\u2019attribut alt de cette image est vide, son nom de fichier est LOGOActus_BD-1024x367.jpg.\" width=\"456\" height=\"163\"\/><\/figure><\/div>\n","protected":false},"excerpt":{"rendered":"<p>Kia Corporation a d\u00e9voil\u00e9 les premi\u00e8res images du design ext\u00e9rieur et int\u00e9rieur de la berline EV6, premier v\u00e9hicule 100% \u00e9lectrique, le cousin de la Hyundai Ioniq5. Cette nouveaut\u00e9 est la premi\u00e8re \u00e0 adopter le nouveau langage formel baptis\u00e9 Opposites United : L\u2019alliance des contraires. Ce langage puise son inspiration, d&#8217;apr\u00e8s [&hellip;]<\/p>\n","protected":false},"author":1,"featured_media":21565,"comment_status":"open","ping_status":"open","sticky":false,"template":"","format":"standard","meta":{"footnotes":""},"categories":[1],"tags":[],"_links":{"self":[{"href":"https:\/\/lignesauto.fr\/index.php?rest_route=\/wp\/v2\/posts\/21549"}],"collection":[{"href":"https:\/\/lignesauto.fr\/index.php?rest_route=\/wp\/v2\/posts"}],"about":[{"href":"https:\/\/lignesauto.fr\/index.php?rest_route=\/wp\/v2\/types\/post"}],"author":[{"embeddable":true,"href":"https:\/\/lignesauto.fr\/index.php?rest_route=\/wp\/v2\/users\/1"}],"replies":[{"embeddable":true,"href":"https:\/\/lignesauto.fr\/index.php?rest_route=%2Fwp%2Fv2%2Fcomments&post=21549"}],"version-history":[{"count":17,"href":"https:\/\/lignesauto.fr\/index.php?rest_route=\/wp\/v2\/posts\/21549\/revisions"}],"predecessor-version":[{"id":21574,"href":"https:\/\/lignesauto.fr\/index.php?rest_route=\/wp\/v2\/posts\/21549\/revisions\/21574"}],"wp:featuredmedia":[{"embeddable":true,"href":"https:\/\/lignesauto.fr\/index.php?rest_route=\/wp\/v2\/media\/21565"}],"wp:attachment":[{"href":"https:\/\/lignesauto.fr\/index.php?rest_route=%2Fwp%2Fv2%2Fmedia&parent=21549"}],"wp:term":[{"taxonomy":"category","embeddable":true,"href":"https:\/\/lignesauto.fr\/index.php?rest_route=%2Fwp%2Fv2%2Fcategories&post=21549"},{"taxonomy":"post_tag","embeddable":true,"href":"https:\/\/lignesauto.fr\/index.php?rest_route=%2Fwp%2Fv2%2Ftags&post=21549"}],"curies":[{"name":"wp","href":"https:\/\/api.w.org\/{rel}","templated":true}]}}