{"id":21960,"date":"2022-04-20T10:01:00","date_gmt":"2022-04-20T08:01:00","guid":{"rendered":"http:\/\/lignesauto.fr\/?p=21960"},"modified":"2022-05-14T13:26:04","modified_gmt":"2022-05-14T11:26:04","slug":"nouvelle-citroen-c5-x-vue-par-le-responsable-du-style-interieur","status":"publish","type":"post","link":"https:\/\/lignesauto.fr\/?p=21960","title":{"rendered":"Nouvelle Citro\u00ebn C5 X : vue par le responsable du style int\u00e9rieur"},"content":{"rendered":"\n<div class=\"wp-block-image\"><figure class=\"aligncenter size-large is-resized\"><img loading=\"lazy\" decoding=\"async\" src=\"http:\/\/lignesauto.fr\/wp-content\/uploads\/2018\/10\/LOGOActus_BD-1024x367.jpg\" alt=\"\" class=\"wp-image-4921\" width=\"367\" height=\"131\" srcset=\"https:\/\/lignesauto.fr\/wp-content\/uploads\/2018\/10\/LOGOActus_BD-1024x367.jpg 1024w, https:\/\/lignesauto.fr\/wp-content\/uploads\/2018\/10\/LOGOActus_BD-300x108.jpg 300w, https:\/\/lignesauto.fr\/wp-content\/uploads\/2018\/10\/LOGOActus_BD-768x276.jpg 768w, https:\/\/lignesauto.fr\/wp-content\/uploads\/2018\/10\/LOGOActus_BD-370x133.jpg 370w, https:\/\/lignesauto.fr\/wp-content\/uploads\/2018\/10\/LOGOActus_BD-1040x373.jpg 1040w, https:\/\/lignesauto.fr\/wp-content\/uploads\/2018\/10\/LOGOActus_BD.jpg 1240w\" sizes=\"(max-width: 367px) 100vw, 367px\" \/><\/figure><\/div>\n\n\n\n<p style=\"font-size:18px\">La carri\u00e8re de Jean-Arthur Madelaine est faite d\u2019aller-retour entre Mercedes et BMW, de 2003 \u00e0 2014, entre l\u2019Allemagne, l\u2019Italie et Los Angeles. Il reviendra un petit semestre en 2014 \u00e0 Los Angeles pour travailler chez Tesla avant de poser ses valises cette ann\u00e9e-l\u00e0 chez Citro\u00ebn comme responsable du style int\u00e9rieur. &#8220;Depuis 2014 je suis en charge du style inter Citro\u00ebn, et en plus depuis 2 ans, des \u00e9quipes d\u2019H\u00e9l\u00e8ne Veilleux &nbsp;&#8211; couleurs et mati\u00e8res &#8211; et celles de l\u2019UX (User eXperience) pour la partie graphique.&#8221;<\/p>\n\n\n\n<figure class=\"wp-block-image size-large\"><img loading=\"lazy\" decoding=\"async\" width=\"1024\" height=\"790\" src=\"http:\/\/lignesauto.fr\/wp-content\/uploads\/2021\/04\/CIOMPARO_02-1-1024x790.png\" alt=\"\" class=\"wp-image-21969\" srcset=\"https:\/\/lignesauto.fr\/wp-content\/uploads\/2021\/04\/CIOMPARO_02-1-1024x790.png 1024w, https:\/\/lignesauto.fr\/wp-content\/uploads\/2021\/04\/CIOMPARO_02-1-300x231.png 300w, https:\/\/lignesauto.fr\/wp-content\/uploads\/2021\/04\/CIOMPARO_02-1-768x592.png 768w, https:\/\/lignesauto.fr\/wp-content\/uploads\/2021\/04\/CIOMPARO_02-1.png 1417w\" sizes=\"(max-width: 1024px) 100vw, 1024px\" \/><\/figure>\n\n\n\n<p style=\"font-size:18px\">Depuis 2014, il n\u2019y a pas eu de programme de grande routi\u00e8re, \u00e0 part le d\u00e9veloppement du concept-car CXperience, ci-dessus avec la C5 X. Pourtant, Jean-Arthur nous explique que repartir pratiquement d\u2019une page blanche avec le concept-car en appui, &#8220;\u00e7a apporte justement de la fra\u00eecheur et un regard nouveau&nbsp;! Et c\u2019\u00e9tait bien le r\u00f4le de CXPerience, un superbe exercice.&#8221;<\/p>\n\n\n\n<figure class=\"wp-block-image size-large\"><img loading=\"lazy\" decoding=\"async\" width=\"1024\" height=\"445\" src=\"http:\/\/lignesauto.fr\/wp-content\/uploads\/2021\/04\/LIGNESAUTO_103-1024x445.png\" alt=\"\" class=\"wp-image-21967\" srcset=\"https:\/\/lignesauto.fr\/wp-content\/uploads\/2021\/04\/LIGNESAUTO_103-1024x445.png 1024w, https:\/\/lignesauto.fr\/wp-content\/uploads\/2021\/04\/LIGNESAUTO_103-300x130.png 300w, https:\/\/lignesauto.fr\/wp-content\/uploads\/2021\/04\/LIGNESAUTO_103-768x334.png 768w, https:\/\/lignesauto.fr\/wp-content\/uploads\/2021\/04\/LIGNESAUTO_103.png 1417w\" sizes=\"(max-width: 1024px) 100vw, 1024px\" \/><\/figure>\n\n\n\n<p style=\"font-size:18px\">&#8220;On est une petite \u00e9quipe de designers, et c\u2019est la m\u00eame qui a v\u00e9cu ces deux cr\u00e9ations pratiquement en parall\u00e8le. On s\u2019est donc largement inspir\u00e9 du concept-car mais pour le segment vis\u00e9, on ne pouvait pas int\u00e9grer le jaune ! En revanche on a transf\u00e9r\u00e9 le langage formel sur la C5 X, notamment en reprenant l\u2019esprit du concept qui disposait de part et d\u2019autre de la planche de bord de sorte de tubes avec ce rev\u00eatement de bois en 3D. Le dessin des m\u00e9daillons des portes du concept a \u00e9galement \u00e9t\u00e9 r\u00e9interpr\u00e9t\u00e9 sur C5 X, car on voulait conserver cet esprit d\u2019alc\u00f4ve pour donner de la largeur \u00e0 la voiture. C\u2019est statutaire, parfait pour le segment.&#8221;<\/p>\n\n\n\n<figure class=\"wp-block-image size-large\"><img loading=\"lazy\" decoding=\"async\" width=\"1024\" height=\"814\" src=\"http:\/\/lignesauto.fr\/wp-content\/uploads\/2021\/04\/LIGNES_900-1024x814.png\" alt=\"\" class=\"wp-image-21972\" srcset=\"https:\/\/lignesauto.fr\/wp-content\/uploads\/2021\/04\/LIGNES_900-1024x814.png 1024w, https:\/\/lignesauto.fr\/wp-content\/uploads\/2021\/04\/LIGNES_900-300x239.png 300w, https:\/\/lignesauto.fr\/wp-content\/uploads\/2021\/04\/LIGNES_900-768x611.png 768w, https:\/\/lignesauto.fr\/wp-content\/uploads\/2021\/04\/LIGNES_900.png 1417w\" sizes=\"(max-width: 1024px) 100vw, 1024px\" \/><\/figure>\n\n\n\n<p style=\"font-size:18px\">La traditionnelle planche horizontale des Citro\u00ebn &#8211; la fameuse \u00ab&nbsp;planche piano&nbsp;\u00bb &#8211; conserve ses a\u00e9rateurs lat\u00e9raux verticaux, mais elle \u00e9volue dans sa structure avec trois strates. La strate concernant le d\u00e9cor est nouvelle. &#8220;C\u2019est plus li\u00e9 au segment. On peut se permettre ici cette connexion entre la planche et les portes, avec des ajustements pr\u00e9cis. On ne voit pas forc\u00e9ment \u00e7a sur une voiture du segment inf\u00e9rieur.&nbsp;On retrouve aussi le th\u00e8me du muscle de CXperience , une pi\u00e8ce qui se termine avec les a\u00e9rateurs verticaux. Cet \u00e9l\u00e9ment rond et plein, avec de la technique et le noir brillant dans cette zone &#8211; ou la finition chrome , rappelle les formes g\u00e9n\u00e9reuses du concept.&#8221;<\/p>\n\n\n\n<figure class=\"wp-block-image size-large\"><img loading=\"lazy\" decoding=\"async\" width=\"1024\" height=\"512\" src=\"http:\/\/lignesauto.fr\/wp-content\/uploads\/2021\/04\/CL-21.009.011-1024x512.jpg\" alt=\"\" class=\"wp-image-22087\" srcset=\"https:\/\/lignesauto.fr\/wp-content\/uploads\/2021\/04\/CL-21.009.011-1024x512.jpg 1024w, https:\/\/lignesauto.fr\/wp-content\/uploads\/2021\/04\/CL-21.009.011-300x150.jpg 300w, https:\/\/lignesauto.fr\/wp-content\/uploads\/2021\/04\/CL-21.009.011-768x384.jpg 768w, https:\/\/lignesauto.fr\/wp-content\/uploads\/2021\/04\/CL-21.009.011.jpg 1417w\" sizes=\"(max-width: 1024px) 100vw, 1024px\" \/><\/figure>\n\n\n\n<p style=\"font-size:18px\">C\u2019est le projet du designer br\u00e9silien Diogo Jo qui a \u00e9t\u00e9 retenu. &#8220;Diogo a particip\u00e9 au concours pour le design int\u00e9rieur de CXPerience. Son th\u00e8me n\u2019a pas \u00e9t\u00e9 retenu (l\u2019auteur est J\u00e9r\u00e9my Lebonnois) mais il s\u2019en est inspir\u00e9 pour C5 X. Le concept nous a permis d\u2019exp\u00e9rimenter un langage formel in\u00e9dit et a d\u00e9bouch\u00e9 sur une avance de phase dont on s\u2019est nourri pour le projet de s\u00e9rie.&#8221; Mais CXperience est \u00e9galement une r\u00e9interpr\u00e9tation de la CX de 1974. &#8220;On a eu un moment une CX dans le studio pour voir si certaines choses pouvaient nous inspirer. Nous avons notamment regard\u00e9 le volant monobranche car on voulait une branche inf\u00e9rieure tr\u00e8s large et noir brillant. Ce sont de petits travaux comme ceux-l\u00e0 que l\u2019on puise dans notre patrimoine.&#8221;<\/p>\n\n\n\n<figure class=\"wp-block-image size-large\"><img loading=\"lazy\" decoding=\"async\" width=\"1024\" height=\"683\" src=\"http:\/\/lignesauto.fr\/wp-content\/uploads\/2021\/04\/LIGNESLUNULE-1024x683.jpg\" alt=\"\" class=\"wp-image-21974\" srcset=\"https:\/\/lignesauto.fr\/wp-content\/uploads\/2021\/04\/LIGNESLUNULE-1024x683.jpg 1024w, https:\/\/lignesauto.fr\/wp-content\/uploads\/2021\/04\/LIGNESLUNULE-300x200.jpg 300w, https:\/\/lignesauto.fr\/wp-content\/uploads\/2021\/04\/LIGNESLUNULE-768x512.jpg 768w, https:\/\/lignesauto.fr\/wp-content\/uploads\/2021\/04\/LIGNESLUNULE.jpg 1417w\" sizes=\"(max-width: 1024px) 100vw, 1024px\" \/><figcaption><strong>Lunule de la CX n\u00e9e en 1974<\/strong><\/figcaption><\/figure>\n\n\n\n<p style=\"font-size:18px\">Pourquoi ne pas avoir os\u00e9 un brin de folie en r\u00e9interpr\u00e9tant la lunule de la CX dessin\u00e9e par Michel Harmand&nbsp;? &#8220;On pousse tr\u00e8s loin nos recherches, c\u2019est ce que Jean-Pierre Plou\u00e9 nous demande. C\u2019est notre combat de tous les jours de pousser pour mette des \u00e9l\u00e9ments sp\u00e9cifiques \u00e0 Citro\u00ebn. On peut l\u2019imaginer pour quelque chose qui ne soit pas transversal \u00e0 tout le groupe.&#8221; La lunule regroupait effectivement des commandes qui sont aujourd\u2019hui accessibles via l\u2019\u00e9cran et donc, commun au groupe&#8230; &#8220;Mais tout le travail de Michel Harmand, ses inspirations, sont encore pr\u00e9sents dans le studio car il y a dans nos \u00e9quipes des designers qui ont \u00e9t\u00e9 ses \u00e9l\u00e8ves \u00e0 l\u2019\u00e9poque.&#8221;<\/p>\n\n\n\n<figure class=\"wp-block-image size-large\"><img loading=\"lazy\" decoding=\"async\" width=\"1024\" height=\"450\" src=\"http:\/\/lignesauto.fr\/wp-content\/uploads\/2021\/04\/LIGNES90555-1024x450.png\" alt=\"\" class=\"wp-image-21975\" srcset=\"https:\/\/lignesauto.fr\/wp-content\/uploads\/2021\/04\/LIGNES90555-1024x450.png 1024w, https:\/\/lignesauto.fr\/wp-content\/uploads\/2021\/04\/LIGNES90555-300x132.png 300w, https:\/\/lignesauto.fr\/wp-content\/uploads\/2021\/04\/LIGNES90555-768x338.png 768w, https:\/\/lignesauto.fr\/wp-content\/uploads\/2021\/04\/LIGNES90555.png 1417w\" sizes=\"(max-width: 1024px) 100vw, 1024px\" \/><\/figure>\n\n\n\n<p style=\"font-size:18px\"><strong>1-<\/strong> Le si\u00e8ge devait recevoir le cuir bleu en bout d&#8217;assise. Il le recevra finalement au sommet du dossier.<br><strong>2- <\/strong>L&#8217;interpr\u00e9tation du concept-car CXperience prend toute sa dimension ici avec le d\u00e9cor qui se prolonge sur la porte avec son aspect &#8220;bois&#8221;.<br><strong>3-<\/strong> Les a\u00e9rateurs sont verticaux, comme sur les r\u00e9centes cr\u00e9ations de la marque.<br><strong>4-<\/strong> L&#8217;affichage t\u00eate haute est de la derni\u00e8re g\u00e9n\u00e9ration et param\u00e9trable.<br><strong>5 &#8211;<\/strong> L&#8217;\u00e9cran de 12 pouces est int\u00e9gr\u00e9 au &#8220;muscle&#8221; de la planche de bord.<br><strong>6-<\/strong> Les commandes de climatisations restent de type physiques.<br><strong>7- <\/strong>Une troisi\u00e8me strate permet de cr\u00e9er une zone de d\u00e9cor avec \u00e9clairage d&#8217;ambiance.<\/p>\n\n\n\n<figure class=\"wp-block-image size-large\"><img loading=\"lazy\" decoding=\"async\" width=\"1024\" height=\"576\" src=\"http:\/\/lignesauto.fr\/wp-content\/uploads\/2021\/04\/CL-21.009.013-1024x576.jpg\" alt=\"\" class=\"wp-image-22089\" srcset=\"https:\/\/lignesauto.fr\/wp-content\/uploads\/2021\/04\/CL-21.009.013-1024x576.jpg 1024w, https:\/\/lignesauto.fr\/wp-content\/uploads\/2021\/04\/CL-21.009.013-300x169.jpg 300w, https:\/\/lignesauto.fr\/wp-content\/uploads\/2021\/04\/CL-21.009.013-768x432.jpg 768w, https:\/\/lignesauto.fr\/wp-content\/uploads\/2021\/04\/CL-21.009.013.jpg 1417w\" sizes=\"(max-width: 1024px) 100vw, 1024px\" \/><\/figure>\n\n\n\n<p style=\"font-size:18px\">Un \u00e9cran de 12 pouces \u00e0 bord, comme dans la DS 7 Crossback, c\u2019est assez contraignant pour le dessin int\u00e9rieur&nbsp;! &#8220;Quand on commence \u00e0 dessiner, on sait o\u00f9 se situent les \u00e9l\u00e9ments vitaux de la planche de bord comme les \u00e9crans, les a\u00e9rateurs, etc. Il faut \u00e9videmment prendre en compte leur positionnement et leur int\u00e9gration. On savait au d\u00e9but de nos travaux que l\u2019\u00e9cran \u00e9tait un 12 pouces et qu\u2019il devait \u00eatre implant\u00e9 exactement \u00e0 cet endroit. Il ne faut pas non plus n\u00e9gliger la strat\u00e9gie des responsables du design int\u00e9rieur sur le compromis entre l\u2019int\u00e9gration de l\u2019\u00e9cran d\u2019un point de vue esth\u00e9tique et l\u2019ergonomie d\u2019utilisation. On voulait positionner l\u2019\u00e9cran au-dessus des a\u00e9rateurs, car le placement du duo a\u00e9rateurs-\u00e9cran est l\u2019un de nos principaux challenges, et c\u2019est valable pour tous les constructeurs.&#8221; Peugeot a trait\u00e9 cette contrainte diff\u00e9remment avec sa 308 et ses a\u00e9rateurs log\u00e9s tout en haut de la planche de bord. &#8220;On n\u2019a pas tous la m\u00eame strat\u00e9gie, parce qu\u2019on n\u2019a pas tous les m\u00eames march\u00e9s&nbsp;et forc\u00e9ment \u00e7a varie d\u2019un mod\u00e8le \u00e0 l\u2019autre.&#8221;&nbsp;<\/p>\n\n\n\n<figure class=\"wp-block-image size-large\"><img loading=\"lazy\" decoding=\"async\" width=\"1024\" height=\"768\" src=\"http:\/\/lignesauto.fr\/wp-content\/uploads\/2021\/04\/CL-21.009.039-1024x768.jpg\" alt=\"\" class=\"wp-image-22099\" srcset=\"https:\/\/lignesauto.fr\/wp-content\/uploads\/2021\/04\/CL-21.009.039-1024x768.jpg 1024w, https:\/\/lignesauto.fr\/wp-content\/uploads\/2021\/04\/CL-21.009.039-300x225.jpg 300w, https:\/\/lignesauto.fr\/wp-content\/uploads\/2021\/04\/CL-21.009.039-768x576.jpg 768w, https:\/\/lignesauto.fr\/wp-content\/uploads\/2021\/04\/CL-21.009.039.jpg 1417w\" sizes=\"(max-width: 1024px) 100vw, 1024px\" \/><\/figure>\n\n\n\n<p style=\"font-size:18px\">Quant au timing, il est loin, le temps ou le design int\u00e9rieur se mettait \u00e0 la t\u00e2che bien apr\u00e8s les coll\u00e8gues du style ext\u00e9rieur. &#8220;Le timing aujourd\u2019hui est \u00e0 peu pr\u00e8s identique entre les deux d\u00e9partements. Nous avons quelques jalons sp\u00e9cifiques pour ce qui est des couleurs et mati\u00e8res et tout ce qui se passe dans les \u00e9crans, mais au final, le planning est assez similaire.&#8221;<\/p>\n\n\n\n<figure class=\"wp-block-image size-large\"><img loading=\"lazy\" decoding=\"async\" width=\"683\" height=\"1024\" src=\"http:\/\/lignesauto.fr\/wp-content\/uploads\/2021\/04\/CL-21.009.046-683x1024.jpg\" alt=\"\" class=\"wp-image-22094\" srcset=\"https:\/\/lignesauto.fr\/wp-content\/uploads\/2021\/04\/CL-21.009.046-683x1024.jpg 683w, https:\/\/lignesauto.fr\/wp-content\/uploads\/2021\/04\/CL-21.009.046-200x300.jpg 200w, https:\/\/lignesauto.fr\/wp-content\/uploads\/2021\/04\/CL-21.009.046-768x1152.jpg 768w, https:\/\/lignesauto.fr\/wp-content\/uploads\/2021\/04\/CL-21.009.046-1024x1536.jpg 1024w, https:\/\/lignesauto.fr\/wp-content\/uploads\/2021\/04\/CL-21.009.046-1366x2048.jpg 1366w, https:\/\/lignesauto.fr\/wp-content\/uploads\/2021\/04\/CL-21.009.046.jpg 1417w\" sizes=\"(max-width: 683px) 100vw, 683px\" \/><\/figure>\n\n\n\n<p style=\"font-size:18px\">L\u2019\u00e9quipe de Jean-Arthur Madelaine a-t-elle connu des points durs lors du d\u00e9veloppement de ce programme&nbsp;? &#8220;C\u2019est un peu notre quotidien&nbsp;! Apr\u00e8s avoir travaill\u00e9 sur pas mal de SUV avant ce programme, je pense que l\u00e0 o\u00f9 on a le plus appris avec les designers, c\u2019est vraiment lorsqu\u2019il a fallu trouver toute la subtilit\u00e9 \u00e0 jouer les codes Citro\u00ebn dans un segment tr\u00e8s codifi\u00e9.&#8221; Il est vrai que les designers Citro\u00ebn n\u2019avaient pas connu de projet de grande berline depuis la C6 de 2006&nbsp;! &#8220;On a quand m\u00eame travaill\u00e9 sur la C6 chinoise sur la plateforme BVH3 de l\u2019ancienne Peugeot 508&nbsp;!&#8221; pr\u00e9cise Jean-Arthur.<\/p>\n\n\n\n<figure class=\"wp-block-image size-large\"><img loading=\"lazy\" decoding=\"async\" width=\"991\" height=\"1024\" src=\"http:\/\/lignesauto.fr\/wp-content\/uploads\/2021\/04\/LIGNESECRANSC6-991x1024.png\" alt=\"\" class=\"wp-image-21981\" srcset=\"https:\/\/lignesauto.fr\/wp-content\/uploads\/2021\/04\/LIGNESECRANSC6-991x1024.png 991w, https:\/\/lignesauto.fr\/wp-content\/uploads\/2021\/04\/LIGNESECRANSC6-290x300.png 290w, https:\/\/lignesauto.fr\/wp-content\/uploads\/2021\/04\/LIGNESECRANSC6-768x793.png 768w, https:\/\/lignesauto.fr\/wp-content\/uploads\/2021\/04\/LIGNESECRANSC6.png 1417w\" sizes=\"(max-width: 991px) 100vw, 991px\" \/><\/figure>\n\n\n\n<p style=\"font-size:18px\">Ci-dessus, notez l&#8217;\u00e9volution entre la derni\u00e8re planche de bord de la C6 avec autant de commandes qu&#8217;\u00e0 bord d&#8217;un Soyouz, et celle de la C5 X avec les commandes de climatisations &#8220;physiques&#8221; et les autres int\u00e9gr\u00e9es \u00e0 l&#8217;\u00e9cran tactile.<\/p>\n\n\n\n<p><strong>D\u00c9COUVREZ LA GEN\u00c8SE DE LA DS4 ET LE MAKING-OF DE LA PEUGEOT 308, ET AUSSI L&#8217;INTERVIEW DE GILLES VIDAL, LES ARCHIVES DE LA GEN\u00c8SE DU ROADSTER PEUGEOT 106 ET D&#8217;AUTRES SUJETS IN\u00c9DITS DANS LE TRIMESTRIEL LIGNES\/auto#03 A COMMANDER SUR LE SITE <a href=\"https:\/\/lignesautoeditions.fr\">https:\/\/lignesautoeditions.fr<\/a> D\u00c8S LE JEUDI 22 AVRIL<\/strong><\/p>\n\n\n\n<figure class=\"wp-block-image size-large\"><img loading=\"lazy\" decoding=\"async\" width=\"765\" height=\"500\" src=\"http:\/\/lignesauto.fr\/wp-content\/uploads\/2021\/04\/E-03-765x500-1.png\" alt=\"\" class=\"wp-image-22130\" srcset=\"https:\/\/lignesauto.fr\/wp-content\/uploads\/2021\/04\/E-03-765x500-1.png 765w, https:\/\/lignesauto.fr\/wp-content\/uploads\/2021\/04\/E-03-765x500-1-300x196.png 300w\" sizes=\"(max-width: 765px) 100vw, 765px\" \/><\/figure>\n\n\n\n<div class=\"wp-block-image\"><figure class=\"aligncenter is-resized\"><img loading=\"lazy\" decoding=\"async\" src=\"http:\/\/lignesauto.fr\/wp-content\/uploads\/2018\/10\/LOGOActus_BD-1024x367.jpg\" alt=\"L\u2019attribut alt de cette image est vide, son nom de fichier est LOGOActus_BD-1024x367.jpg.\" width=\"379\" height=\"135\"\/><\/figure><\/div>\n","protected":false},"excerpt":{"rendered":"<p>La carri\u00e8re de Jean-Arthur Madelaine est faite d\u2019aller-retour entre Mercedes et BMW, de 2003 \u00e0 2014, entre l\u2019Allemagne, l\u2019Italie et Los Angeles. Il reviendra un petit semestre en 2014 \u00e0 Los Angeles pour travailler chez Tesla avant de poser ses valises cette ann\u00e9e-l\u00e0 chez Citro\u00ebn comme responsable du style int\u00e9rieur. [&hellip;]<\/p>\n","protected":false},"author":1,"featured_media":21965,"comment_status":"open","ping_status":"open","sticky":false,"template":"","format":"standard","meta":{"footnotes":""},"categories":[1],"tags":[],"_links":{"self":[{"href":"https:\/\/lignesauto.fr\/index.php?rest_route=\/wp\/v2\/posts\/21960"}],"collection":[{"href":"https:\/\/lignesauto.fr\/index.php?rest_route=\/wp\/v2\/posts"}],"about":[{"href":"https:\/\/lignesauto.fr\/index.php?rest_route=\/wp\/v2\/types\/post"}],"author":[{"embeddable":true,"href":"https:\/\/lignesauto.fr\/index.php?rest_route=\/wp\/v2\/users\/1"}],"replies":[{"embeddable":true,"href":"https:\/\/lignesauto.fr\/index.php?rest_route=%2Fwp%2Fv2%2Fcomments&post=21960"}],"version-history":[{"count":35,"href":"https:\/\/lignesauto.fr\/index.php?rest_route=\/wp\/v2\/posts\/21960\/revisions"}],"predecessor-version":[{"id":22137,"href":"https:\/\/lignesauto.fr\/index.php?rest_route=\/wp\/v2\/posts\/21960\/revisions\/22137"}],"wp:featuredmedia":[{"embeddable":true,"href":"https:\/\/lignesauto.fr\/index.php?rest_route=\/wp\/v2\/media\/21965"}],"wp:attachment":[{"href":"https:\/\/lignesauto.fr\/index.php?rest_route=%2Fwp%2Fv2%2Fmedia&parent=21960"}],"wp:term":[{"taxonomy":"category","embeddable":true,"href":"https:\/\/lignesauto.fr\/index.php?rest_route=%2Fwp%2Fv2%2Fcategories&post=21960"},{"taxonomy":"post_tag","embeddable":true,"href":"https:\/\/lignesauto.fr\/index.php?rest_route=%2Fwp%2Fv2%2Ftags&post=21960"}],"curies":[{"name":"wp","href":"https:\/\/api.w.org\/{rel}","templated":true}]}}