{"id":22012,"date":"2021-05-20T09:59:00","date_gmt":"2021-05-20T07:59:00","guid":{"rendered":"http:\/\/lignesauto.fr\/?p=22012"},"modified":"2021-05-21T08:07:13","modified_gmt":"2021-05-21T06:07:13","slug":"mais-a-quel-concept-ressemble-la-citroen-c5-x","status":"publish","type":"post","link":"https:\/\/lignesauto.fr\/?p=22012","title":{"rendered":"Mais \u00e0 quel concept ressemble la Citro\u00ebn C5 X ?"},"content":{"rendered":"\n<div class=\"wp-block-image\"><figure class=\"aligncenter size-large is-resized\"><img loading=\"lazy\" decoding=\"async\" src=\"http:\/\/lignesauto.fr\/wp-content\/uploads\/2018\/10\/LOGOActus_BD-1024x367.jpg\" alt=\"\" class=\"wp-image-4921\" width=\"408\" height=\"145\" srcset=\"https:\/\/lignesauto.fr\/wp-content\/uploads\/2018\/10\/LOGOActus_BD-1024x367.jpg 1024w, https:\/\/lignesauto.fr\/wp-content\/uploads\/2018\/10\/LOGOActus_BD-300x108.jpg 300w, https:\/\/lignesauto.fr\/wp-content\/uploads\/2018\/10\/LOGOActus_BD-1040x373.jpg 1040w, https:\/\/lignesauto.fr\/wp-content\/uploads\/2018\/10\/LOGOActus_BD.jpg 1240w\" sizes=\"(max-width: 408px) 100vw, 408px\" \/><\/figure><\/div>\n\n\n\n<p style=\"font-size:18px\">Les mois qui ont suivi la pr\u00e9sentation du concept-car CXperience en 2016, Linda Jackson, alors directrice de la marque Citro\u00ebn, ne cachait pas que la future grande berline s&#8217;en inspirerait.<\/p>\n\n\n\n<figure class=\"wp-block-image size-large\"><img loading=\"lazy\" decoding=\"async\" width=\"980\" height=\"1024\" src=\"http:\/\/lignesauto.fr\/wp-content\/uploads\/2021\/04\/LIGNES_902-980x1024.png\" alt=\"\" class=\"wp-image-22018\" srcset=\"https:\/\/lignesauto.fr\/wp-content\/uploads\/2021\/04\/LIGNES_902-980x1024.png 980w, https:\/\/lignesauto.fr\/wp-content\/uploads\/2021\/04\/LIGNES_902-287x300.png 287w, https:\/\/lignesauto.fr\/wp-content\/uploads\/2021\/04\/LIGNES_902-768x802.png 768w, https:\/\/lignesauto.fr\/wp-content\/uploads\/2021\/04\/LIGNES_902.png 1417w\" sizes=\"(max-width: 980px) 100vw, 980px\" \/><\/figure>\n\n\n\n<p style=\"font-size:18px\">Les dessins ci-dessus et ci-dessous, de Gr\u00e9gory Blanchet pour le concept, et de Fr\u00e9d\u00e9ric Angibaud pour la C5 X semblaient confirmer cette allusion&#8230;<\/p>\n\n\n\n<figure class=\"wp-block-image size-large\"><img loading=\"lazy\" decoding=\"async\" width=\"1024\" height=\"707\" src=\"http:\/\/lignesauto.fr\/wp-content\/uploads\/2021\/04\/LIGNES_901-1-1024x707.png\" alt=\"\" class=\"wp-image-22023\" srcset=\"https:\/\/lignesauto.fr\/wp-content\/uploads\/2021\/04\/LIGNES_901-1-1024x707.png 1024w, https:\/\/lignesauto.fr\/wp-content\/uploads\/2021\/04\/LIGNES_901-1-300x207.png 300w, https:\/\/lignesauto.fr\/wp-content\/uploads\/2021\/04\/LIGNES_901-1-768x530.png 768w, https:\/\/lignesauto.fr\/wp-content\/uploads\/2021\/04\/LIGNES_901-1.png 1417w\" sizes=\"(max-width: 1024px) 100vw, 1024px\" \/><\/figure>\n\n\n\n<p style=\"font-size:18px\">Mais on le sait, il y a loin entre un concept-car fabriqu\u00e9 sans aucune contrainte industrielle, visant un horizon lointain, et le produit de s\u00e9rie, soumis aux homologations, aux tests client\u00e8les et \u00e0 un usage p\u00e9renne dans le temps ! Ainsi, comme on le voit ci-dessous, la posture de la C5 X n&#8217;a plus grand chose \u00e0 voir avec CXperience, en dehors de th\u00e8mes forts, comme celui d&#8217;un style construit sur des galbes sans ligne de carre.<\/p>\n\n\n\n<figure class=\"wp-block-image size-large\"><img loading=\"lazy\" decoding=\"async\" width=\"1024\" height=\"790\" src=\"http:\/\/lignesauto.fr\/wp-content\/uploads\/2021\/04\/CIOMPARO_02-1024x790.png\" alt=\"\" class=\"wp-image-21879\" srcset=\"https:\/\/lignesauto.fr\/wp-content\/uploads\/2021\/04\/CIOMPARO_02-1024x790.png 1024w, https:\/\/lignesauto.fr\/wp-content\/uploads\/2021\/04\/CIOMPARO_02-300x231.png 300w, https:\/\/lignesauto.fr\/wp-content\/uploads\/2021\/04\/CIOMPARO_02-768x592.png 768w, https:\/\/lignesauto.fr\/wp-content\/uploads\/2021\/04\/CIOMPARO_02.png 1417w\" sizes=\"(max-width: 1024px) 100vw, 1024px\" \/><\/figure>\n\n\n\n<p style=\"font-size:18px\">La rehausse de la garde au sol impos\u00e9e par les grandes roues et les codes SUV (et donc, par les &#8220;enqu\u00eates clients&#8221; nous dit Citro\u00ebn) n&#8217;ont pas permis de conserver l&#8217;attitude abaiss\u00e9e et effil\u00e9e du concept, comme on le devine ci-dessus. Mais alors, \u00e0 quel concept-car de la marque Citro\u00ebn peut-on finalement associer la CX 5 ?<\/p>\n\n\n\n<figure class=\"wp-block-image size-large\"><img loading=\"lazy\" decoding=\"async\" width=\"1024\" height=\"768\" src=\"http:\/\/lignesauto.fr\/wp-content\/uploads\/2021\/04\/1000-1024x768.png\" alt=\"\" class=\"wp-image-22013\" srcset=\"https:\/\/lignesauto.fr\/wp-content\/uploads\/2021\/04\/1000-1024x768.png 1024w, https:\/\/lignesauto.fr\/wp-content\/uploads\/2021\/04\/1000-300x225.png 300w, https:\/\/lignesauto.fr\/wp-content\/uploads\/2021\/04\/1000-768x576.png 768w, https:\/\/lignesauto.fr\/wp-content\/uploads\/2021\/04\/1000-1536x1152.png 1536w, https:\/\/lignesauto.fr\/wp-content\/uploads\/2021\/04\/1000.png 1626w\" sizes=\"(max-width: 1024px) 100vw, 1024px\" \/><\/figure>\n\n\n\n<p style=\"font-size:18px\">Eur\u00eaka : la Citro\u00ebn DS Num\u00e9ro 9 bien s\u00fbr ! Ce concept-car de 2012 (ci-dessus avec la C5 X) est la derni\u00e8re Citro\u00ebn \u00e0 avoir port\u00e9 le logo DS. Arriv\u00e9 deux ans apr\u00e8s la longue Metropolis, il adoptait le concept du shooting-brake et les rondeurs de sa poupe, sans oublier le long capot statutaire. Bref, il annon\u00e7ait le concept retenu pour la C5 X, sans les codes SUV finalement adopt\u00e9s par la nouvelle Citro\u00ebn.<\/p>\n\n\n\n<h2 class=\"wp-block-heading\"><strong>LES POINTS COMMUNS ENTRE LA CITRO\u00cbN DS NUM\u00c9RO 9 ET LA CITRO\u00cbN C5 X <\/strong>:<\/h2>\n\n\n\n<figure class=\"wp-block-image size-large\"><img loading=\"lazy\" decoding=\"async\" width=\"1024\" height=\"768\" src=\"http:\/\/lignesauto.fr\/wp-content\/uploads\/2021\/04\/1000-2-1024x768.png\" alt=\"\" class=\"wp-image-22015\" srcset=\"https:\/\/lignesauto.fr\/wp-content\/uploads\/2021\/04\/1000-2-1024x768.png 1024w, https:\/\/lignesauto.fr\/wp-content\/uploads\/2021\/04\/1000-2-300x225.png 300w, https:\/\/lignesauto.fr\/wp-content\/uploads\/2021\/04\/1000-2-768x576.png 768w, https:\/\/lignesauto.fr\/wp-content\/uploads\/2021\/04\/1000-2.png 1417w\" sizes=\"(max-width: 1024px) 100vw, 1024px\" \/><\/figure>\n\n\n\n<p style=\"font-size:18px\"><strong>1-<\/strong> Capot plat et long.<br><strong>2-<\/strong> Jonc chrom\u00e9 sup\u00e9rieur qui meurt sur la custode.<br><strong>3<\/strong>&#8211; Rehausse de ligne de caisse sur porte arri\u00e8re, comme SM et XM.<br><strong>4- <\/strong>Surface vitr\u00e9e sur la p\u00e9riph\u00e9rie de la caisse.<br><strong>5-<\/strong> Ailes galb\u00e9es sans ligne de carre.<br><strong>6-<\/strong> Long becquet de pavillon participant au caract\u00e8re du style.<br><strong>7-<\/strong> Lame ouverte entre le pavillon et le becquet.<\/p>\n\n\n\n<figure class=\"wp-block-image size-large\"><img loading=\"lazy\" decoding=\"async\" width=\"1024\" height=\"754\" src=\"http:\/\/lignesauto.fr\/wp-content\/uploads\/2021\/04\/Capture-de\u0301cran-2021-04-09-a\u0300-19.06.49-1-1024x754.png\" alt=\"\" class=\"wp-image-22016\" srcset=\"https:\/\/lignesauto.fr\/wp-content\/uploads\/2021\/04\/Capture-de\u0301cran-2021-04-09-a\u0300-19.06.49-1-1024x754.png 1024w, https:\/\/lignesauto.fr\/wp-content\/uploads\/2021\/04\/Capture-de\u0301cran-2021-04-09-a\u0300-19.06.49-1-300x221.png 300w, https:\/\/lignesauto.fr\/wp-content\/uploads\/2021\/04\/Capture-de\u0301cran-2021-04-09-a\u0300-19.06.49-1-768x566.png 768w, https:\/\/lignesauto.fr\/wp-content\/uploads\/2021\/04\/Capture-de\u0301cran-2021-04-09-a\u0300-19.06.49-1.png 1417w\" sizes=\"(max-width: 1024px) 100vw, 1024px\" \/><\/figure>\n\n\n\n<p style=\"font-size:18px\">Il semble qu&#8217;il ne soit pas opportun de mettre en avant ce parall\u00e8le aupr\u00e8s des responsables du projet C5 X. Pourtant, Num\u00e9ro 9 reste une vraie Citro\u00ebn ! Donc tout va bien : ceci reste une histoire de famille\u2026<\/p>\n\n\n\n<figure class=\"wp-block-image size-large\"><img loading=\"lazy\" decoding=\"async\" width=\"1024\" height=\"439\" src=\"http:\/\/lignesauto.fr\/wp-content\/uploads\/2021\/04\/P.228-1024x439.jpg\" alt=\"\" class=\"wp-image-22021\" srcset=\"https:\/\/lignesauto.fr\/wp-content\/uploads\/2021\/04\/P.228-1024x439.jpg 1024w, https:\/\/lignesauto.fr\/wp-content\/uploads\/2021\/04\/P.228-300x129.jpg 300w, https:\/\/lignesauto.fr\/wp-content\/uploads\/2021\/04\/P.228-768x329.jpg 768w, https:\/\/lignesauto.fr\/wp-content\/uploads\/2021\/04\/P.228-1536x658.jpg 1536w, https:\/\/lignesauto.fr\/wp-content\/uploads\/2021\/04\/P.228-2048x878.jpg 2048w\" sizes=\"(max-width: 1024px) 100vw, 1024px\" \/><\/figure>\n\n\n\n<p><strong>D\u00c9COUVREZ LA GEN\u00c8SE DE LA DS4 ET LE MAKING-OF DE LA PEUGEOT 308, ET AUSSI L&#8217;INTERVIEW DE GILLES VIDAL, LES ARCHIVES DE LA GEN\u00c8SE DU ROADSTER PEUGEOT 106 ET D&#8217;AUTRES SUJETS IN\u00c9DITS DANS LE TRIMESTRIEL LIGNES\/auto#03 A COMMANDER SUR LE SITE <a href=\"https:\/\/lignesautoeditions.fr\">https:\/\/lignesautoeditions.fr<\/a> D\u00c8S LE JEUDI 22 AVRIL<\/strong><\/p>\n\n\n\n<figure class=\"wp-block-image size-large\"><img loading=\"lazy\" decoding=\"async\" width=\"765\" height=\"500\" src=\"http:\/\/lignesauto.fr\/wp-content\/uploads\/2021\/04\/E-03-765x500-1.png\" alt=\"\" class=\"wp-image-22130\" srcset=\"https:\/\/lignesauto.fr\/wp-content\/uploads\/2021\/04\/E-03-765x500-1.png 765w, https:\/\/lignesauto.fr\/wp-content\/uploads\/2021\/04\/E-03-765x500-1-300x196.png 300w\" sizes=\"(max-width: 765px) 100vw, 765px\" \/><\/figure>\n\n\n\n<div class=\"wp-block-image\"><figure class=\"aligncenter is-resized\"><img loading=\"lazy\" decoding=\"async\" src=\"http:\/\/lignesauto.fr\/wp-content\/uploads\/2018\/10\/LOGOActus_BD-1024x367.jpg\" alt=\"L\u2019attribut alt de cette image est vide, son nom de fichier est LOGOActus_BD-1024x367.jpg.\" width=\"396\" height=\"141\"\/><\/figure><\/div>\n","protected":false},"excerpt":{"rendered":"<p>Les mois qui ont suivi la pr\u00e9sentation du concept-car CXperience en 2016, Linda Jackson, alors directrice de la marque Citro\u00ebn, ne cachait pas que la future grande berline s&#8217;en inspirerait. Les dessins ci-dessus et ci-dessous, de Gr\u00e9gory Blanchet pour le concept, et de Fr\u00e9d\u00e9ric Angibaud pour la C5 X semblaient [&hellip;]<\/p>\n","protected":false},"author":1,"featured_media":22019,"comment_status":"open","ping_status":"open","sticky":false,"template":"","format":"standard","meta":{"footnotes":""},"categories":[1],"tags":[],"_links":{"self":[{"href":"https:\/\/lignesauto.fr\/index.php?rest_route=\/wp\/v2\/posts\/22012"}],"collection":[{"href":"https:\/\/lignesauto.fr\/index.php?rest_route=\/wp\/v2\/posts"}],"about":[{"href":"https:\/\/lignesauto.fr\/index.php?rest_route=\/wp\/v2\/types\/post"}],"author":[{"embeddable":true,"href":"https:\/\/lignesauto.fr\/index.php?rest_route=\/wp\/v2\/users\/1"}],"replies":[{"embeddable":true,"href":"https:\/\/lignesauto.fr\/index.php?rest_route=%2Fwp%2Fv2%2Fcomments&post=22012"}],"version-history":[{"count":17,"href":"https:\/\/lignesauto.fr\/index.php?rest_route=\/wp\/v2\/posts\/22012\/revisions"}],"predecessor-version":[{"id":22139,"href":"https:\/\/lignesauto.fr\/index.php?rest_route=\/wp\/v2\/posts\/22012\/revisions\/22139"}],"wp:featuredmedia":[{"embeddable":true,"href":"https:\/\/lignesauto.fr\/index.php?rest_route=\/wp\/v2\/media\/22019"}],"wp:attachment":[{"href":"https:\/\/lignesauto.fr\/index.php?rest_route=%2Fwp%2Fv2%2Fmedia&parent=22012"}],"wp:term":[{"taxonomy":"category","embeddable":true,"href":"https:\/\/lignesauto.fr\/index.php?rest_route=%2Fwp%2Fv2%2Fcategories&post=22012"},{"taxonomy":"post_tag","embeddable":true,"href":"https:\/\/lignesauto.fr\/index.php?rest_route=%2Fwp%2Fv2%2Ftags&post=22012"}],"curies":[{"name":"wp","href":"https:\/\/api.w.org\/{rel}","templated":true}]}}