{"id":22239,"date":"2021-06-08T15:58:56","date_gmt":"2021-06-08T13:58:56","guid":{"rendered":"http:\/\/lignesauto.fr\/?p=22239"},"modified":"2021-06-08T15:58:56","modified_gmt":"2021-06-08T13:58:56","slug":"citroen-c3-aircross-son-restylage-explique-par-les-designers-et-chef-de-projet","status":"publish","type":"post","link":"https:\/\/lignesauto.fr\/?p=22239","title":{"rendered":"Citro\u00ebn C3 Aircross : son restylage expliqu\u00e9 par les designers et chef de projet"},"content":{"rendered":"\n<div class=\"wp-block-image\"><figure class=\"aligncenter size-large is-resized\"><img loading=\"lazy\" decoding=\"async\" src=\"http:\/\/lignesauto.fr\/wp-content\/uploads\/2018\/10\/LOGOActus_BD-1024x367.jpg\" alt=\"\" class=\"wp-image-4921\" width=\"423\" height=\"151\" srcset=\"https:\/\/lignesauto.fr\/wp-content\/uploads\/2018\/10\/LOGOActus_BD-1024x367.jpg 1024w, https:\/\/lignesauto.fr\/wp-content\/uploads\/2018\/10\/LOGOActus_BD-300x108.jpg 300w, https:\/\/lignesauto.fr\/wp-content\/uploads\/2018\/10\/LOGOActus_BD-768x276.jpg 768w, https:\/\/lignesauto.fr\/wp-content\/uploads\/2018\/10\/LOGOActus_BD-370x133.jpg 370w, https:\/\/lignesauto.fr\/wp-content\/uploads\/2018\/10\/LOGOActus_BD-1040x373.jpg 1040w, https:\/\/lignesauto.fr\/wp-content\/uploads\/2018\/10\/LOGOActus_BD.jpg 1240w\" sizes=\"(max-width: 423px) 100vw, 423px\" \/><\/figure><\/div>\n\n\n\n<p style=\"font-size:18px\">Pourquoi le restylage de la C3 Aircross est-il si diff\u00e9rent de celui de la berline C3&nbsp;? Parce qu\u2019entre les deux programmes, le patron du design a chang\u00e9&nbsp;! L\u2019arriv\u00e9e de Pierre Leclercq, si elle n\u2019a pas eu d\u2019impact sur la C4, en aura eu (un peu) sur la C5 X et beaucoup sur ce restylage de la C3 Aircross. Derri\u00e8re ce simple bouclier modifi\u00e9, la strat\u00e9gie du design Citro\u00ebn de demain se fait jour avec plus de personnalit\u00e9. Laissons la parole \u00e0 H\u00e9l\u00e8ne Veilleux, responsable des mati\u00e8res et couleurs, Pierre Icard, le designer ext\u00e9rieur et Guillaume Lecombe, le chef de projet (de gauche \u00e0 droite ci-dessous)<\/p>\n\n\n\n<figure class=\"wp-block-image size-large\"><img loading=\"lazy\" decoding=\"async\" width=\"1024\" height=\"768\" src=\"http:\/\/lignesauto.fr\/wp-content\/uploads\/2021\/06\/C3_LIGNES_01-1024x768.jpg\" alt=\"\" class=\"wp-image-22242\" srcset=\"https:\/\/lignesauto.fr\/wp-content\/uploads\/2021\/06\/C3_LIGNES_01-1024x768.jpg 1024w, https:\/\/lignesauto.fr\/wp-content\/uploads\/2021\/06\/C3_LIGNES_01-300x225.jpg 300w, https:\/\/lignesauto.fr\/wp-content\/uploads\/2021\/06\/C3_LIGNES_01-768x576.jpg 768w, https:\/\/lignesauto.fr\/wp-content\/uploads\/2021\/06\/C3_LIGNES_01.jpg 1417w\" sizes=\"(max-width: 1024px) 100vw, 1024px\" \/><\/figure>\n\n\n\n<p style=\"font-size:18px\">Pierre Icard<strong>&nbsp;:<\/strong> &#8220;<em>on a commenc\u00e9 le restylage de la C3 Aircross avant l\u2019arriv\u00e9e de Pierre Leclercq. Il y avait avant son arriv\u00e9e une volont\u00e9 de suivre la voie du restylage de la berline C3 qui venait de se terminer, avec une \u00e9volution douce. On \u00e9tait alors parti dans la&nbsp;m\u00eame philosophie pour la C3 Aircross, mais Pierre a voulu aller plus loin, avec la volont\u00e9 d\u2019affirmer davantage le caract\u00e8re de la face avant. On est reparti d\u2019une page blanche.<\/em>&#8220;<\/p>\n\n\n\n<figure class=\"wp-block-image size-large\"><img loading=\"lazy\" decoding=\"async\" width=\"1024\" height=\"625\" src=\"http:\/\/lignesauto.fr\/wp-content\/uploads\/2021\/06\/C3_LIGNES_26-1024x625.png\" alt=\"\" class=\"wp-image-22244\" srcset=\"https:\/\/lignesauto.fr\/wp-content\/uploads\/2021\/06\/C3_LIGNES_26-1024x625.png 1024w, https:\/\/lignesauto.fr\/wp-content\/uploads\/2021\/06\/C3_LIGNES_26-300x183.png 300w, https:\/\/lignesauto.fr\/wp-content\/uploads\/2021\/06\/C3_LIGNES_26-768x469.png 768w, https:\/\/lignesauto.fr\/wp-content\/uploads\/2021\/06\/C3_LIGNES_26.png 1417w\" sizes=\"(max-width: 1024px) 100vw, 1024px\" \/><\/figure>\n\n\n\n<p style=\"font-size:18px\">La page blanche, celle que Pierre Icard venait de conna\u00eetre avec le projet du concept-car Ami One de 2019 (ci-dessous). &#8220;<em>Oui, je venais effectivement de sortir de ce projet quand j\u2019ai encha\u00een\u00e9 sur le restylage du C3 Aircross.<\/em>&#8221; Sans travailler sur la version de s\u00e9rie de l\u2019Ami&nbsp;? &#8220;<em>Non, ce ne sont pas les m\u00eames designers qui ont travaill\u00e9 sur le concept et le produit de s\u00e9rie&#8230;<\/em>&#8220;<\/p>\n\n\n\n<figure class=\"wp-block-image size-large\"><img loading=\"lazy\" decoding=\"async\" width=\"1024\" height=\"724\" src=\"http:\/\/lignesauto.fr\/wp-content\/uploads\/2019\/02\/LIGNESE03-1024x724.jpg\" alt=\"\" class=\"wp-image-7918\" srcset=\"https:\/\/lignesauto.fr\/wp-content\/uploads\/2019\/02\/LIGNESE03-1024x724.jpg 1024w, https:\/\/lignesauto.fr\/wp-content\/uploads\/2019\/02\/LIGNESE03-300x212.jpg 300w, https:\/\/lignesauto.fr\/wp-content\/uploads\/2019\/02\/LIGNESE03-768x543.jpg 768w, https:\/\/lignesauto.fr\/wp-content\/uploads\/2019\/02\/LIGNESE03-370x262.jpg 370w, https:\/\/lignesauto.fr\/wp-content\/uploads\/2019\/02\/LIGNESE03-1040x735.jpg 1040w, https:\/\/lignesauto.fr\/wp-content\/uploads\/2019\/02\/LIGNESE03.jpg 1276w\" sizes=\"(max-width: 1024px) 100vw, 1024px\" \/><\/figure>\n\n\n\n<p style=\"font-size:18px\">D\u00e8s&nbsp;lors que Pierre Leclercq demande plus de caract\u00e8re \u00e0 la voiture, comment op\u00e8re-t-on&nbsp;? Pierre Icard&nbsp;: &#8220;<em>On s\u2019appuie d\u2019abord sur le regard. Celui de la g\u00e9n\u00e9ration pr\u00e9c\u00e9dente \u00e9tait tr\u00e8s ludique, avec un gros phare. Ici, on a voulu affirmer le c\u00f4t\u00e9 baroudeur avec des optiques moins hautes, plus dynamiques, plus effil\u00e9es gr\u00e2ce \u00e0 la technologie LED.<\/em>&#8221; Et ces petits centim\u00e8tres gagn\u00e9s sur la hauteur de optiques changent tout&nbsp;! &#8220;<em>\u00c7a modifie toutes les proportions. Si on ajoute un centim\u00e8tre en hauteur, il faut tout repenser car les proportions varient profond\u00e9ment&nbsp;!<\/em>&nbsp;\u00bb<\/p>\n\n\n\n<figure class=\"wp-block-image size-large\"><img loading=\"lazy\" decoding=\"async\" width=\"1024\" height=\"656\" src=\"http:\/\/lignesauto.fr\/wp-content\/uploads\/2021\/06\/Capture-de\u0301cran-2021-06-08-a\u0300-15.06.56-1024x656.png\" alt=\"\" class=\"wp-image-22246\" srcset=\"https:\/\/lignesauto.fr\/wp-content\/uploads\/2021\/06\/Capture-de\u0301cran-2021-06-08-a\u0300-15.06.56-1024x656.png 1024w, https:\/\/lignesauto.fr\/wp-content\/uploads\/2021\/06\/Capture-de\u0301cran-2021-06-08-a\u0300-15.06.56-300x192.png 300w, https:\/\/lignesauto.fr\/wp-content\/uploads\/2021\/06\/Capture-de\u0301cran-2021-06-08-a\u0300-15.06.56-768x492.png 768w, https:\/\/lignesauto.fr\/wp-content\/uploads\/2021\/06\/Capture-de\u0301cran-2021-06-08-a\u0300-15.06.56.png 1417w\" sizes=\"(max-width: 1024px) 100vw, 1024px\" \/><\/figure>\n\n\n\n<p style=\"font-size:18px\">Arr\u00eatons-nous quelques instants devant cette Citro\u00ebn C3 Aircross puisque c\u2019est ici qu\u2019on eut lieu les principales modifications. Pierre Icard nous les d\u00e9taille&nbsp;: &#8220;<em>les barres chrom\u00e9es qui partent des logos viennent chercher la nouvelle signature lumineuse mais vous remarquerez que sur la barrette inf\u00e9rieure plus ample, on a appos\u00e9 des stries en d\u00e9grad\u00e9 \u00e9volutif, pour donner plus de richesse et de pr\u00e9cision.<\/em>&#8220;<\/p>\n\n\n\n<figure class=\"wp-block-image size-large\"><img loading=\"lazy\" decoding=\"async\" width=\"1024\" height=\"770\" src=\"http:\/\/lignesauto.fr\/wp-content\/uploads\/2021\/06\/CALANDRE-1024x770.jpg\" alt=\"\" class=\"wp-image-22247\" srcset=\"https:\/\/lignesauto.fr\/wp-content\/uploads\/2021\/06\/CALANDRE-1024x770.jpg 1024w, https:\/\/lignesauto.fr\/wp-content\/uploads\/2021\/06\/CALANDRE-300x225.jpg 300w, https:\/\/lignesauto.fr\/wp-content\/uploads\/2021\/06\/CALANDRE-768x577.jpg 768w, https:\/\/lignesauto.fr\/wp-content\/uploads\/2021\/06\/CALANDRE.jpg 1417w\" sizes=\"(max-width: 1024px) 100vw, 1024px\" \/><\/figure>\n\n\n\n<p style=\"font-size:18px\">&#8220;<em>Juste en dessous, on a les motif de calandre verticaux, qui sont factices mais qui r\u00e9pondent \u00e0 la grande grille inf\u00e9rieure. Pour cet \u00e9l\u00e9ment, on voulait autre chose que des lignes horizontales et le mouvement concave n\u2019est pas li\u00e9 \u00e0 ce qu\u2019il&nbsp;y a derri\u00e8re. Les points durs sont plut\u00f4t au niveau de la poutre derri\u00e8re la calandre inf\u00e9rieure.<\/em>&#8220;<\/p>\n\n\n\n<figure class=\"wp-block-image size-large\"><img loading=\"lazy\" decoding=\"async\" width=\"1024\" height=\"683\" src=\"http:\/\/lignesauto.fr\/wp-content\/uploads\/2021\/06\/CALANDRE-BIS-1024x683.jpg\" alt=\"\" class=\"wp-image-22248\" srcset=\"https:\/\/lignesauto.fr\/wp-content\/uploads\/2021\/06\/CALANDRE-BIS-1024x683.jpg 1024w, https:\/\/lignesauto.fr\/wp-content\/uploads\/2021\/06\/CALANDRE-BIS-300x200.jpg 300w, https:\/\/lignesauto.fr\/wp-content\/uploads\/2021\/06\/CALANDRE-BIS-768x512.jpg 768w, https:\/\/lignesauto.fr\/wp-content\/uploads\/2021\/06\/CALANDRE-BIS.jpg 1417w\" sizes=\"(max-width: 1024px) 100vw, 1024px\" \/><\/figure>\n\n\n\n<p style=\"font-size:18px\">Cette petite calandre factice sup\u00e9rieure &#8220;<em>est un effet de style, elle donne du caract\u00e8re \u00e0 la face, du muscle. En dessous, l\u2019entr\u00e9e d\u2019air est g\u00e9n\u00e9reuse, avec un contour tr\u00e8s structur\u00e9, plus affirm\u00e9 et elle est encadr\u00e9e sur le bouclier de deux zones de \u00ab light catcher&nbsp;\u00bb, des surfaces (ci-dessous) qui vont refl\u00e9ter les rayons du soleil, capter la lumi\u00e8re, et ainsi poser et \u00e9largir la voiture.<\/em>&#8220;<\/p>\n\n\n\n<figure class=\"wp-block-image size-large\"><img loading=\"lazy\" decoding=\"async\" width=\"1024\" height=\"583\" src=\"http:\/\/lignesauto.fr\/wp-content\/uploads\/2021\/06\/LIGHT-1024x583.png\" alt=\"\" class=\"wp-image-22250\" srcset=\"https:\/\/lignesauto.fr\/wp-content\/uploads\/2021\/06\/LIGHT-1024x583.png 1024w, https:\/\/lignesauto.fr\/wp-content\/uploads\/2021\/06\/LIGHT-300x171.png 300w, https:\/\/lignesauto.fr\/wp-content\/uploads\/2021\/06\/LIGHT-768x437.png 768w, https:\/\/lignesauto.fr\/wp-content\/uploads\/2021\/06\/LIGHT.png 1417w\" sizes=\"(max-width: 1024px) 100vw, 1024px\" \/><\/figure>\n\n\n\n<p style=\"font-size:18px\">Le reste de la carrosserie est inchang\u00e9, seuls les feux arri\u00e8re sont plus fonc\u00e9s et surtout, le C3 Aircross&nbsp;accueille de nouvelles jantes &#8220;<em>simples mais splendides. Elles ont \u00e9t\u00e9 dessin\u00e9es par Maxime Pille.<\/em>&#8221; Un restylage est souvent consid\u00e9r\u00e9 comme un travail secondaire. D\u2019ailleurs, il requiert combien de temps&nbsp;? Deux mois, deux ans&nbsp;? &#8220;<em>Non, pas deux mois sinon j\u2019aurais beaucoup de vacances&nbsp;!<\/em>&#8221; s\u2019amuse Pierre Icard. &#8220;<em>C\u2019est un peu plus d\u2019une ann\u00e9e de travail avec toutes les recherches, car le premier dessin apporte rarement la bonne solution, et comme je disais, l\u2019arriv\u00e9e de Pierre Leclercq a fait repartir le projet avec une partie du travail pr\u00e9c\u00e9dent qui a \u00e9t\u00e9 mise de c\u00f4t\u00e9.<\/em>&#8220;<\/p>\n\n\n\n<figure class=\"wp-block-image size-large\"><img loading=\"lazy\" decoding=\"async\" width=\"1024\" height=\"942\" src=\"http:\/\/lignesauto.fr\/wp-content\/uploads\/2021\/06\/C3_LIGNES_25-1024x942.png\" alt=\"\" class=\"wp-image-22252\" srcset=\"https:\/\/lignesauto.fr\/wp-content\/uploads\/2021\/06\/C3_LIGNES_25-1024x942.png 1024w, https:\/\/lignesauto.fr\/wp-content\/uploads\/2021\/06\/C3_LIGNES_25-300x276.png 300w, https:\/\/lignesauto.fr\/wp-content\/uploads\/2021\/06\/C3_LIGNES_25-768x706.png 768w, https:\/\/lignesauto.fr\/wp-content\/uploads\/2021\/06\/C3_LIGNES_25.png 1417w\" sizes=\"(max-width: 1024px) 100vw, 1024px\" \/><\/figure>\n\n\n\n<p style=\"font-size:18px\">Une phase de dessin reste-t-elle obligatoire pour un restylage alors que la \u00ab&nbsp;vraie&nbsp;\u00bb voiture existe d\u00e9j\u00e0&nbsp;? &#8220;<em>Oui, il y a une p\u00e9riode de dessin. Je suis partie d\u2019images et de photos du C3 Aircross et je n\u2019ai redessin\u00e9 que l\u2019avant. Ainsi, on part sur des bases solides avec les bonnes proportions, il n\u2019est pas question de tricher dans ce cas&nbsp;!<\/em>&#8220;<\/p>\n\n\n\n<figure class=\"wp-block-image size-large\"><img loading=\"lazy\" decoding=\"async\" width=\"1024\" height=\"991\" src=\"http:\/\/lignesauto.fr\/wp-content\/uploads\/2021\/06\/C3_LIGNES_27-1024x991.png\" alt=\"\" class=\"wp-image-22262\" srcset=\"https:\/\/lignesauto.fr\/wp-content\/uploads\/2021\/06\/C3_LIGNES_27-1024x991.png 1024w, https:\/\/lignesauto.fr\/wp-content\/uploads\/2021\/06\/C3_LIGNES_27-300x290.png 300w, https:\/\/lignesauto.fr\/wp-content\/uploads\/2021\/06\/C3_LIGNES_27-768x744.png 768w, https:\/\/lignesauto.fr\/wp-content\/uploads\/2021\/06\/C3_LIGNES_27.png 1417w\" sizes=\"(max-width: 1024px) 100vw, 1024px\" \/><\/figure>\n\n\n\n<p style=\"font-size:18px\">Les limites des travaux sont strictement d\u00e9finies, comme le rappelle Guillaume Lecombe&nbsp;: &#8220;<em>d\u00e8s le d\u00e9part, le p\u00e9rim\u00e8tre est d\u00e9termin\u00e9 avec une zone d\u2019action pr\u00e9cise &#8211; en l\u2019occurrence le bouclier avant &#8211; sans pouvoir toucher au reste. On a une enveloppe budg\u00e9taire et on travaille avec les retours client\u00e8le pour d\u00e9finir le cahier des charges de ce projet.<\/em>&#8221; Le travail semble du coup plus ambitieux \u00e0 bord comme le souligne H\u00e9l\u00e8ne Veilleux&nbsp;: &#8220;<em>c\u2019est vrai que ce restylage nous a offert pas mal de libert\u00e9 pour les couleurs et mati\u00e8res avec notamment trois nouvelles harmonies, ces combinaisons entre les si\u00e8ges, le bandeau de tableau de bord et les panneaux de portes.<\/em>&#8220;<\/p>\n\n\n\n<figure class=\"wp-block-image size-large\"><img loading=\"lazy\" decoding=\"async\" width=\"1024\" height=\"768\" src=\"http:\/\/lignesauto.fr\/wp-content\/uploads\/2021\/06\/C3_LIGNES_15-1024x768.jpg\" alt=\"\" class=\"wp-image-22264\" srcset=\"https:\/\/lignesauto.fr\/wp-content\/uploads\/2021\/06\/C3_LIGNES_15-1024x768.jpg 1024w, https:\/\/lignesauto.fr\/wp-content\/uploads\/2021\/06\/C3_LIGNES_15-300x225.jpg 300w, https:\/\/lignesauto.fr\/wp-content\/uploads\/2021\/06\/C3_LIGNES_15-768x576.jpg 768w, https:\/\/lignesauto.fr\/wp-content\/uploads\/2021\/06\/C3_LIGNES_15.jpg 1417w\" sizes=\"(max-width: 1024px) 100vw, 1024px\" \/><figcaption><strong>Nouveau gainage du bandeau de planche de bord<\/strong><br><strong>avec l&#8217;ambiance Metropolitan Graphite<\/strong><\/figcaption><\/figure>\n\n\n\n<p style=\"font-size:18px\">&#8220;<em>En haut de gamme avec l\u2019ambiance Hype Grey, on retrouve la m\u00eame couleur qu\u2019\u00e0 bord de la C5 X, et ce coloris gris-vert qui fait tr\u00e8s statutaire, mais on ne l\u2019a pas travaill\u00e9 de la m\u00eame mani\u00e8re, il est par exemple juste en haut de dossier sur la grande berline. La deuxi\u00e8me ambiance Metropolitan Graphite avec ses hauts de dossiers en chin\u00e9 clair, une bande effet bois donne une harmonie \u00e9l\u00e9gante.<\/em>&#8221; Ci-dessous.<\/p>\n\n\n\n<figure class=\"wp-block-image size-large\"><img loading=\"lazy\" decoding=\"async\" width=\"1024\" height=\"768\" src=\"http:\/\/lignesauto.fr\/wp-content\/uploads\/2021\/06\/C3_LIGNES_12-1024x768.jpg\" alt=\"\" class=\"wp-image-22266\" srcset=\"https:\/\/lignesauto.fr\/wp-content\/uploads\/2021\/06\/C3_LIGNES_12-1024x768.jpg 1024w, https:\/\/lignesauto.fr\/wp-content\/uploads\/2021\/06\/C3_LIGNES_12-300x225.jpg 300w, https:\/\/lignesauto.fr\/wp-content\/uploads\/2021\/06\/C3_LIGNES_12-768x576.jpg 768w, https:\/\/lignesauto.fr\/wp-content\/uploads\/2021\/06\/C3_LIGNES_12.jpg 1417w\" sizes=\"(max-width: 1024px) 100vw, 1024px\" \/><\/figure>\n\n\n\n<p style=\"font-size:18px\">&#8220;<em>Enfin, l\u2019ambiance Urban Bleu, joue avec une teinte gris bleu qui conf\u00e8re une harmonie diff\u00e9rente.<\/em>&#8221; Jouer avec les teintes et les ambiances n\u00e9cessite-t-il de recourir aux maquettes physiques&nbsp;? &#8220;<em>Oui, bien s\u00fbr&nbsp;! On r\u00e9alise des maquettes de si\u00e8ges (qui sont des Adanced Comfort d\u00e9sormais) avec l\u2019apparition de la surpiq\u00fbre identitaire, avec la bande de chevrons. Ce vocabulaire devient transversal dans nos produits, il existe une vraie unit\u00e9 dans notre gamme<\/em>.&#8221;<\/p>\n\n\n\n<figure class=\"wp-block-image size-large\"><img loading=\"lazy\" decoding=\"async\" width=\"1024\" height=\"512\" src=\"http:\/\/lignesauto.fr\/wp-content\/uploads\/2021\/06\/BLEU-1024x512.png\" alt=\"\" class=\"wp-image-22268\" srcset=\"https:\/\/lignesauto.fr\/wp-content\/uploads\/2021\/06\/BLEU-1024x512.png 1024w, https:\/\/lignesauto.fr\/wp-content\/uploads\/2021\/06\/BLEU-300x150.png 300w, https:\/\/lignesauto.fr\/wp-content\/uploads\/2021\/06\/BLEU-768x384.png 768w, https:\/\/lignesauto.fr\/wp-content\/uploads\/2021\/06\/BLEU.png 1417w\" sizes=\"(max-width: 1024px) 100vw, 1024px\" \/><figcaption><strong>L&#8217;ambiance Urban Bleu<\/strong><\/figcaption><\/figure>\n\n\n\n<p style=\"font-size:18px\">Les couleurs et mati\u00e8res ne se vivent pas seulement \u00e0 l\u2019int\u00e9rieur. H\u00e9l\u00e8ne Veilleux et ses \u00e9quipes ont \u00e9galement travaill\u00e9 sur les teintes caisse (trois nouvelles dont une exclusive \u00e0 ce produit, le Kaki Grey) et sur la personnalisation. Une nouveaut\u00e9, la vitre de custode est habill\u00e9e de deux d\u00e9cors selon le Pack Color choisi. &#8220;<em>Quand vous choisissez le pack blanc ou orange (ci-dessous), vous avez un d\u00e9cor simple sur une vitre polycarbonate&#8230;<\/em>&#8220;<\/p>\n\n\n\n<figure class=\"wp-block-image size-large\"><img loading=\"lazy\" decoding=\"async\" width=\"1024\" height=\"768\" src=\"http:\/\/lignesauto.fr\/wp-content\/uploads\/2021\/06\/C3_LIGNES_10-1024x768.jpg\" alt=\"\" class=\"wp-image-22253\" srcset=\"https:\/\/lignesauto.fr\/wp-content\/uploads\/2021\/06\/C3_LIGNES_10-1024x768.jpg 1024w, https:\/\/lignesauto.fr\/wp-content\/uploads\/2021\/06\/C3_LIGNES_10-300x225.jpg 300w, https:\/\/lignesauto.fr\/wp-content\/uploads\/2021\/06\/C3_LIGNES_10-768x576.jpg 768w, https:\/\/lignesauto.fr\/wp-content\/uploads\/2021\/06\/C3_LIGNES_10.jpg 1417w\" sizes=\"(max-width: 1024px) 100vw, 1024px\" \/><\/figure>\n\n\n\n<p style=\"font-size:18px\">&#8220;<em>Lorsque vous choisissez le pack couleur bleu (ci-dessous) ou noir, vous avez une animation diff\u00e9rente constitu\u00e9e d\u2019une feuille de chrome prise dans un vitrage en verre.&nbsp;On voulait ici quelque chose de plus raffin\u00e9.<\/em>&#8220;<\/p>\n\n\n\n<figure class=\"wp-block-image size-large\"><img loading=\"lazy\" decoding=\"async\" width=\"1024\" height=\"768\" src=\"http:\/\/lignesauto.fr\/wp-content\/uploads\/2021\/06\/C3_LIGNES_13-1024x768.jpg\" alt=\"\" class=\"wp-image-22254\" srcset=\"https:\/\/lignesauto.fr\/wp-content\/uploads\/2021\/06\/C3_LIGNES_13-1024x768.jpg 1024w, https:\/\/lignesauto.fr\/wp-content\/uploads\/2021\/06\/C3_LIGNES_13-300x225.jpg 300w, https:\/\/lignesauto.fr\/wp-content\/uploads\/2021\/06\/C3_LIGNES_13-768x576.jpg 768w, https:\/\/lignesauto.fr\/wp-content\/uploads\/2021\/06\/C3_LIGNES_13.jpg 1417w\" sizes=\"(max-width: 1024px) 100vw, 1024px\" \/><\/figure>\n\n\n\n<p style=\"font-size:18px\">Guillaume Lecombe pr\u00e9cise que &#8220;<em>pour cette mi-vie, on d\u00e9sirait monter en gamme.<\/em>&#8221; Mais 70 possibilit\u00e9s de personnalisation, c\u2019est plus compliqu\u00e9 \u00e0 g\u00e9rer industriellement par rapport \u00e0 la pr\u00e9c\u00e9dente g\u00e9n\u00e9ration&nbsp;? Guillaume nous explique au contraire que &#8220;<em>nous avons calm\u00e9 le jeux au niveau des packs couleurs. Sur la pr\u00e9c\u00e9dente g\u00e9n\u00e9ration, on proposait jusqu\u2019au changement de couleur des centres de roues et des barres de toit. Aujourd\u2019hui, ces derni\u00e8res sont de couleur noire.<\/em>&#8221; Pr\u00e9cision, la couleur du pavillon est ind\u00e9pendante du choix du pack couleurs, &#8220;<em>vous pouvez avoir un pavillon couleur caisse, noir ou blanc<\/em>.&#8221;<\/p>\n\n\n\n<figure class=\"wp-block-image size-large\"><img loading=\"lazy\" decoding=\"async\" width=\"1024\" height=\"768\" src=\"http:\/\/lignesauto.fr\/wp-content\/uploads\/2021\/06\/C3_LIGNES_20-1024x768.jpg\" alt=\"\" class=\"wp-image-22257\" srcset=\"https:\/\/lignesauto.fr\/wp-content\/uploads\/2021\/06\/C3_LIGNES_20-1024x768.jpg 1024w, https:\/\/lignesauto.fr\/wp-content\/uploads\/2021\/06\/C3_LIGNES_20-300x225.jpg 300w, https:\/\/lignesauto.fr\/wp-content\/uploads\/2021\/06\/C3_LIGNES_20-768x576.jpg 768w, https:\/\/lignesauto.fr\/wp-content\/uploads\/2021\/06\/C3_LIGNES_20.jpg 1417w\" sizes=\"(max-width: 1024px) 100vw, 1024px\" \/><\/figure>\n\n\n\n<p style=\"font-size:18px\">Pour red\u00e9finir les nouvelles ambiances \u00e0 bord, l\u00e0 encore il faut compter un peu plus d\u2019un an. &#8220;<em>On intervient d\u00e8s le d\u00e9but du projet&#8221; <\/em>explique H\u00e9l\u00e8ne Veilleux<em>. &#8220;On doit r\u00e9aliser les tests avec les nouveaux mat\u00e9riaux et tissus, valider les jalons du programme, v\u00e9rifier chaque association de mat\u00e9riaux, tester les tissus au niveau de l\u2019abrasion, de la tenue \u00e0 la lumi\u00e8re, de l\u2019inflammabilit\u00e9 des mousses, etc.<\/em>&#8220;<\/p>\n\n\n\n<figure class=\"wp-block-image size-large\"><img loading=\"lazy\" decoding=\"async\" width=\"1024\" height=\"512\" src=\"http:\/\/lignesauto.fr\/wp-content\/uploads\/2021\/06\/HDG-1024x512.png\" alt=\"\" class=\"wp-image-22258\" srcset=\"https:\/\/lignesauto.fr\/wp-content\/uploads\/2021\/06\/HDG-1024x512.png 1024w, https:\/\/lignesauto.fr\/wp-content\/uploads\/2021\/06\/HDG-300x150.png 300w, https:\/\/lignesauto.fr\/wp-content\/uploads\/2021\/06\/HDG-768x384.png 768w, https:\/\/lignesauto.fr\/wp-content\/uploads\/2021\/06\/HDG.png 1417w\" sizes=\"(max-width: 1024px) 100vw, 1024px\" \/><figcaption><strong>Ambiance Hype Grey disponible sur la finition haute Shine Pack en option \u00e0 600 \u20ac<\/strong><\/figcaption><\/figure>\n\n\n\n<p style=\"font-size:18px\">Et on est encore loin des homologations de nouveaux mat\u00e9riaux qui vont d\u00e9barquer, comme ce fameux cuir d\u2019ananas (ci-dessous) d\u00e9j\u00e0 \u00e9voqu\u00e9 sur ce site&nbsp;! &#8220;<em>C\u2019est un challenge passionnant d\u2019int\u00e9grer ces nouveaux mat\u00e9riaux dans les voitures de demain avec des contraintes incroyables. Mais c\u2019est notre m\u00e9tier de trouver de nouvelle voie. On reste en veille&nbsp;!<\/em>&#8220;<\/p>\n\n\n\n<figure class=\"wp-block-image size-large\"><img loading=\"lazy\" decoding=\"async\" width=\"1024\" height=\"866\" src=\"http:\/\/lignesauto.fr\/wp-content\/uploads\/2021\/06\/LIGNESAUTOANANAS-1024x866.png\" alt=\"\" class=\"wp-image-22272\" srcset=\"https:\/\/lignesauto.fr\/wp-content\/uploads\/2021\/06\/LIGNESAUTOANANAS-1024x866.png 1024w, https:\/\/lignesauto.fr\/wp-content\/uploads\/2021\/06\/LIGNESAUTOANANAS-300x254.png 300w, https:\/\/lignesauto.fr\/wp-content\/uploads\/2021\/06\/LIGNESAUTOANANAS-768x650.png 768w, https:\/\/lignesauto.fr\/wp-content\/uploads\/2021\/06\/LIGNESAUTOANANAS.png 1417w\" sizes=\"(max-width: 1024px) 100vw, 1024px\" \/><\/figure>\n\n\n\n<p style=\"font-size:18px\">Ah, dernier point \u00e0 souligner&nbsp;qui n\u2019a rien \u00e0 voir avec le design, mais qui montre l\u2019\u00e9volution technologique fulgurante que Citro\u00ebn a connu entre 1948 avec la pr\u00e9sentation de la 2CV, et 2021 avec celle de la C3 Aircross restyl\u00e9e&nbsp;: les cales en bois que la 2CV embarquait \u00e0 bord pour la maintenir gar\u00e9e dans les pentes \u00e9taient gratuites, alors qu\u2019il vous faudra d\u00e9bourser 20 \u20ac&nbsp;pour disposer des cales n\u00e9cessaires \u00e0 maintenir la potentielle roue de secours que vous irez acheter comme accessoire. Ces cales font partie de l\u2019option \u00ab&nbsp;<em>pr\u00e9disposition pour la roue de secours<\/em>&nbsp;\u00bb, option \u00ab&nbsp;<em>indispensable pour le montage d\u2019une roue de secours et qui comprend un jeu de cales pour le coffre.<\/em>&nbsp;\u00bb J\u2019aime bien le monde d\u2019apr\u00e8s&nbsp;!<\/p>\n\n\n\n<figure class=\"wp-block-image size-large\"><img loading=\"lazy\" decoding=\"async\" width=\"1024\" height=\"768\" src=\"http:\/\/lignesauto.fr\/wp-content\/uploads\/2021\/06\/2cv_a_1954-1024x768.jpg\" alt=\"\" class=\"wp-image-22260\" srcset=\"https:\/\/lignesauto.fr\/wp-content\/uploads\/2021\/06\/2cv_a_1954-1024x768.jpg 1024w, https:\/\/lignesauto.fr\/wp-content\/uploads\/2021\/06\/2cv_a_1954-300x225.jpg 300w, https:\/\/lignesauto.fr\/wp-content\/uploads\/2021\/06\/2cv_a_1954-768x576.jpg 768w, https:\/\/lignesauto.fr\/wp-content\/uploads\/2021\/06\/2cv_a_1954.jpg 1417w\" sizes=\"(max-width: 1024px) 100vw, 1024px\" \/><\/figure>\n\n\n\n<div class=\"wp-block-image\"><figure class=\"aligncenter is-resized\"><img loading=\"lazy\" decoding=\"async\" src=\"http:\/\/lignesauto.fr\/wp-content\/uploads\/2018\/10\/LOGOActus_BD-1024x367.jpg\" alt=\"L\u2019attribut alt de cette image est vide, son nom de fichier est LOGOActus_BD-1024x367.jpg.\" width=\"443\" height=\"158\"\/><\/figure><\/div>\n","protected":false},"excerpt":{"rendered":"<p>Pourquoi le restylage de la C3 Aircross est-il si diff\u00e9rent de celui de la berline C3&nbsp;? Parce qu\u2019entre les deux programmes, le patron du design a chang\u00e9&nbsp;! L\u2019arriv\u00e9e de Pierre Leclercq, si elle n\u2019a pas eu d\u2019impact sur la C4, en aura eu (un peu) sur la C5 X et [&hellip;]<\/p>\n","protected":false},"author":1,"featured_media":22262,"comment_status":"open","ping_status":"open","sticky":false,"template":"","format":"standard","meta":{"footnotes":""},"categories":[1],"tags":[],"_links":{"self":[{"href":"https:\/\/lignesauto.fr\/index.php?rest_route=\/wp\/v2\/posts\/22239"}],"collection":[{"href":"https:\/\/lignesauto.fr\/index.php?rest_route=\/wp\/v2\/posts"}],"about":[{"href":"https:\/\/lignesauto.fr\/index.php?rest_route=\/wp\/v2\/types\/post"}],"author":[{"embeddable":true,"href":"https:\/\/lignesauto.fr\/index.php?rest_route=\/wp\/v2\/users\/1"}],"replies":[{"embeddable":true,"href":"https:\/\/lignesauto.fr\/index.php?rest_route=%2Fwp%2Fv2%2Fcomments&post=22239"}],"version-history":[{"count":28,"href":"https:\/\/lignesauto.fr\/index.php?rest_route=\/wp\/v2\/posts\/22239\/revisions"}],"predecessor-version":[{"id":22308,"href":"https:\/\/lignesauto.fr\/index.php?rest_route=\/wp\/v2\/posts\/22239\/revisions\/22308"}],"wp:featuredmedia":[{"embeddable":true,"href":"https:\/\/lignesauto.fr\/index.php?rest_route=\/wp\/v2\/media\/22262"}],"wp:attachment":[{"href":"https:\/\/lignesauto.fr\/index.php?rest_route=%2Fwp%2Fv2%2Fmedia&parent=22239"}],"wp:term":[{"taxonomy":"category","embeddable":true,"href":"https:\/\/lignesauto.fr\/index.php?rest_route=%2Fwp%2Fv2%2Fcategories&post=22239"},{"taxonomy":"post_tag","embeddable":true,"href":"https:\/\/lignesauto.fr\/index.php?rest_route=%2Fwp%2Fv2%2Ftags&post=22239"}],"curies":[{"name":"wp","href":"https:\/\/api.w.org\/{rel}","templated":true}]}}