{"id":2226,"date":"2019-04-03T08:11:04","date_gmt":"2019-04-03T06:11:04","guid":{"rendered":"https:\/\/lignesauto.wordpress.com\/?p=2226"},"modified":"2019-04-02T08:23:05","modified_gmt":"2019-04-02T06:23:05","slug":"lidentite-graphique-element-cle-du-design","status":"publish","type":"post","link":"https:\/\/lignesauto.fr\/?p=2226","title":{"rendered":"L&#8217;identit\u00e9 graphique, \u00e9l\u00e9ment cl\u00e9 du design"},"content":{"rendered":"<p><a href=\"http:\/\/lignesauto.fr\/wp-content\/uploads\/2018\/10\/LOGOActus_BD.jpg\"><img loading=\"lazy\" decoding=\"async\" class=\"alignnone size-medium wp-image-4921\" src=\"http:\/\/lignesauto.fr\/wp-content\/uploads\/2018\/10\/LOGOActus_BD-300x108.jpg\" alt=\"\" width=\"300\" height=\"108\" srcset=\"https:\/\/lignesauto.fr\/wp-content\/uploads\/2018\/10\/LOGOActus_BD-300x108.jpg 300w, https:\/\/lignesauto.fr\/wp-content\/uploads\/2018\/10\/LOGOActus_BD-768x276.jpg 768w, https:\/\/lignesauto.fr\/wp-content\/uploads\/2018\/10\/LOGOActus_BD-1024x367.jpg 1024w, https:\/\/lignesauto.fr\/wp-content\/uploads\/2018\/10\/LOGOActus_BD-370x133.jpg 370w, https:\/\/lignesauto.fr\/wp-content\/uploads\/2018\/10\/LOGOActus_BD-1040x373.jpg 1040w, https:\/\/lignesauto.fr\/wp-content\/uploads\/2018\/10\/LOGOActus_BD.jpg 1240w\" sizes=\"(max-width: 300px) 100vw, 300px\" \/><\/a><img loading=\"lazy\" decoding=\"async\" class=\"alignnone wp-image-2232 size-large\" src=\"http:\/\/lignesauto.fr\/wp-content\/uploads\/2018\/04\/p04_0355_a4-1024x831.jpg\" alt=\"P04_0355_a4\" width=\"1024\" height=\"831\" srcset=\"https:\/\/lignesauto.fr\/wp-content\/uploads\/2018\/04\/p04_0355_a4-1024x831.jpg 1024w, https:\/\/lignesauto.fr\/wp-content\/uploads\/2018\/04\/p04_0355_a4-300x243.jpg 300w, https:\/\/lignesauto.fr\/wp-content\/uploads\/2018\/04\/p04_0355_a4-768x623.jpg 768w\" sizes=\"(max-width: 1024px) 100vw, 1024px\" \/><\/p>\n<p>L&#8217;univers du design automobile, c\u2019est aussi celui de la charte graphique d\u2019une marque. Prenons Porsche\u00a0: son identit\u00e9 graphique se caract\u00e9rise d\u00e8s les premi\u00e8res ann\u00e9es de sa cr\u00e9ation par une police sans &#8220;empattement&#8221;. Les lettres des noms des mod\u00e8les produits sont ainsi li\u00e9es d&#8217;un seul mouvement&#8230; Mais cela vaut pour tout le reste, \u00e0 commencer par les affiches de publicit\u00e9 des ann\u00e9es 1950. A cette \u00e9poque,\u00a0Erich Strenger est devenu un personnage cl\u00e9. Le graphiste de Stuttgart a travaill\u00e9 en tant qu&#8217;artiste <em>freelance<\/em> de l&#8217;automne 1951 jusque dans les ann\u00e9es 1980 et, plus tard, en tant que propri\u00e9taire d&#8217;une agence de publicit\u00e9. Son travail a non seulement donn\u00e9 le ton \u00e0 l&#8217;image ext\u00e9rieure du jeune constructeur, mais a \u00e9galement fa\u00e7onn\u00e9 l&#8217;identit\u00e9 visuelle de la marque Porsche pendant plusieurs ann\u00e9es.<\/p>\n<p><img loading=\"lazy\" decoding=\"async\" class=\"alignnone wp-image-2229 size-large\" src=\"http:\/\/lignesauto.fr\/wp-content\/uploads\/2018\/04\/hav-4323-985x1024.jpg\" alt=\"HAV-4323\" width=\"985\" height=\"1024\" srcset=\"https:\/\/lignesauto.fr\/wp-content\/uploads\/2018\/04\/hav-4323-985x1024.jpg 985w, https:\/\/lignesauto.fr\/wp-content\/uploads\/2018\/04\/hav-4323-289x300.jpg 289w, https:\/\/lignesauto.fr\/wp-content\/uploads\/2018\/04\/hav-4323-768x798.jpg 768w\" sizes=\"(max-width: 985px) 100vw, 985px\" \/><\/p>\n<p>Aux c\u00f4t\u00e9s d&#8217;affiches, de catalogues de vente et de manuels d&#8217;instructions, il a con\u00e7u l&#8217;ensemble du mat\u00e9riel imprim\u00e9 de Porsche. Parall\u00e8lement, il a \u00e9galement particip\u00e9 \u00e0 la conception de la police intemporelle de Porsche. Un lettrage simple\u00a0mais concis et expressif.<\/p>\n<p><img loading=\"lazy\" decoding=\"async\" class=\"alignnone wp-image-2228 size-large\" src=\"http:\/\/lignesauto.fr\/wp-content\/uploads\/2018\/04\/hdi-33280-1024x384.jpg\" alt=\"HDI-33280\" width=\"1024\" height=\"384\" srcset=\"https:\/\/lignesauto.fr\/wp-content\/uploads\/2018\/04\/hdi-33280-1024x384.jpg 1024w, https:\/\/lignesauto.fr\/wp-content\/uploads\/2018\/04\/hdi-33280-300x113.jpg 300w, https:\/\/lignesauto.fr\/wp-content\/uploads\/2018\/04\/hdi-33280-768x288.jpg 768w\" sizes=\"(max-width: 1024px) 100vw, 1024px\" \/><\/p>\n<p>En 1990, Porsche a confi\u00e9 au graphiste et typographe Kurt Weidemann le soin de retravailler les polices Porsche. Il a soigneusement fait de petites corrections, par exemple en r\u00e9duisant l&#8217;\u00e9paisseur de certaines des lignes et les hauteurs et les largeurs des lettres individuelles. La police a \u00e9t\u00e9 rendue plus facile \u00e0 lire, en particulier sur les voiture&#8230; en mouvement !<\/p>\n<p><img loading=\"lazy\" decoding=\"async\" class=\"alignnone wp-image-2233 size-large\" src=\"http:\/\/lignesauto.fr\/wp-content\/uploads\/2018\/04\/p01_1354_a5-1024x761.jpg\" alt=\"P01_1354_a5\" width=\"1024\" height=\"761\" srcset=\"https:\/\/lignesauto.fr\/wp-content\/uploads\/2018\/04\/p01_1354_a5-1024x761.jpg 1024w, https:\/\/lignesauto.fr\/wp-content\/uploads\/2018\/04\/p01_1354_a5-300x223.jpg 300w, https:\/\/lignesauto.fr\/wp-content\/uploads\/2018\/04\/p01_1354_a5-768x571.jpg 768w, https:\/\/lignesauto.fr\/wp-content\/uploads\/2018\/04\/p01_1354_a5.jpg 1598w\" sizes=\"(max-width: 1024px) 100vw, 1024px\" \/><\/p>\n<p>En 2016, l&#8217;agence berlinoise Meta-Design a d\u00e9velopp\u00e9 un nouveau design d&#8217;entreprise pour la marque qui comprend \u00e9galement un nouveau d\u00e9veloppement de la police : \u00ab<em>Porsche Next<\/em>\u00bb a d\u00e9sormais remplac\u00e9 la police \u00ab<em>Porsche Franklin Gothic<\/em>\u00bb utilis\u00e9e \u00e0 l&#8217;automne 2017. La nouvelle police est adapt\u00e9e \u00e0 la presse \u00e9crite, les utilisations en ligne, les affichages et les logos des voitures. Sa clart\u00e9 et son dynamisme symbolisent \u00e9galement l&#8217;entr\u00e9e de Porsche dans l&#8217;\u00e8re num\u00e9rique. <strong>L&#8217;occasion de d\u00e9couvrir le logo originel &#8220;Carrera&#8221;<\/strong> qui fait na\u00eetre tant d&#8217;\u00e9motions aupr\u00e8s des amateurs de voitures de sport !<\/p>\n<p><img loading=\"lazy\" decoding=\"async\" class=\"alignnone wp-image-2230 size-large\" src=\"http:\/\/lignesauto.fr\/wp-content\/uploads\/2018\/04\/hdi-41949-1024x726.jpg\" alt=\"HDI-41949\" width=\"1024\" height=\"726\" srcset=\"https:\/\/lignesauto.fr\/wp-content\/uploads\/2018\/04\/hdi-41949-1024x726.jpg 1024w, https:\/\/lignesauto.fr\/wp-content\/uploads\/2018\/04\/hdi-41949-300x213.jpg 300w, https:\/\/lignesauto.fr\/wp-content\/uploads\/2018\/04\/hdi-41949-768x545.jpg 768w\" sizes=\"(max-width: 1024px) 100vw, 1024px\" \/><br \/>\n<img loading=\"lazy\" decoding=\"async\" class=\"alignnone wp-image-2227 size-large\" src=\"http:\/\/lignesauto.fr\/wp-content\/uploads\/2018\/04\/p01_1049_a4-714x1024.jpg\" alt=\"P01_1049_a4\" width=\"714\" height=\"1024\" srcset=\"https:\/\/lignesauto.fr\/wp-content\/uploads\/2018\/04\/p01_1049_a4-714x1024.jpg 714w, https:\/\/lignesauto.fr\/wp-content\/uploads\/2018\/04\/p01_1049_a4-209x300.jpg 209w, https:\/\/lignesauto.fr\/wp-content\/uploads\/2018\/04\/p01_1049_a4-768x1102.jpg 768w, https:\/\/lignesauto.fr\/wp-content\/uploads\/2018\/04\/p01_1049_a4.jpg 1800w\" sizes=\"(max-width: 714px) 100vw, 714px\" \/><\/p>\n<p><a href=\"http:\/\/lignesauto.fr\/wp-content\/uploads\/2018\/10\/LOGOActus_BD.jpg\"><img loading=\"lazy\" decoding=\"async\" class=\"alignnone size-medium wp-image-4921\" src=\"http:\/\/lignesauto.fr\/wp-content\/uploads\/2018\/10\/LOGOActus_BD-300x108.jpg\" alt=\"\" width=\"300\" height=\"108\" srcset=\"https:\/\/lignesauto.fr\/wp-content\/uploads\/2018\/10\/LOGOActus_BD-300x108.jpg 300w, https:\/\/lignesauto.fr\/wp-content\/uploads\/2018\/10\/LOGOActus_BD-768x276.jpg 768w, https:\/\/lignesauto.fr\/wp-content\/uploads\/2018\/10\/LOGOActus_BD-1024x367.jpg 1024w, https:\/\/lignesauto.fr\/wp-content\/uploads\/2018\/10\/LOGOActus_BD-370x133.jpg 370w, https:\/\/lignesauto.fr\/wp-content\/uploads\/2018\/10\/LOGOActus_BD-1040x373.jpg 1040w, https:\/\/lignesauto.fr\/wp-content\/uploads\/2018\/10\/LOGOActus_BD.jpg 1240w\" sizes=\"(max-width: 300px) 100vw, 300px\" \/><\/a><\/p>\n","protected":false},"excerpt":{"rendered":"<p>L&#8217;univers du design automobile, c\u2019est aussi celui de la charte graphique d\u2019une marque. Prenons Porsche\u00a0: son identit\u00e9 graphique se caract\u00e9rise d\u00e8s les premi\u00e8res ann\u00e9es de sa cr\u00e9ation par une police sans &#8220;empattement&#8221;. Les lettres des noms des mod\u00e8les produits sont ainsi li\u00e9es d&#8217;un seul mouvement&#8230; Mais cela vaut pour tout [&hellip;]<\/p>\n","protected":false},"author":1,"featured_media":5939,"comment_status":"open","ping_status":"open","sticky":false,"template":"","format":"standard","meta":{"footnotes":""},"categories":[1],"tags":[],"_links":{"self":[{"href":"https:\/\/lignesauto.fr\/index.php?rest_route=\/wp\/v2\/posts\/2226"}],"collection":[{"href":"https:\/\/lignesauto.fr\/index.php?rest_route=\/wp\/v2\/posts"}],"about":[{"href":"https:\/\/lignesauto.fr\/index.php?rest_route=\/wp\/v2\/types\/post"}],"author":[{"embeddable":true,"href":"https:\/\/lignesauto.fr\/index.php?rest_route=\/wp\/v2\/users\/1"}],"replies":[{"embeddable":true,"href":"https:\/\/lignesauto.fr\/index.php?rest_route=%2Fwp%2Fv2%2Fcomments&post=2226"}],"version-history":[{"count":3,"href":"https:\/\/lignesauto.fr\/index.php?rest_route=\/wp\/v2\/posts\/2226\/revisions"}],"predecessor-version":[{"id":9148,"href":"https:\/\/lignesauto.fr\/index.php?rest_route=\/wp\/v2\/posts\/2226\/revisions\/9148"}],"wp:featuredmedia":[{"embeddable":true,"href":"https:\/\/lignesauto.fr\/index.php?rest_route=\/wp\/v2\/media\/5939"}],"wp:attachment":[{"href":"https:\/\/lignesauto.fr\/index.php?rest_route=%2Fwp%2Fv2%2Fmedia&parent=2226"}],"wp:term":[{"taxonomy":"category","embeddable":true,"href":"https:\/\/lignesauto.fr\/index.php?rest_route=%2Fwp%2Fv2%2Fcategories&post=2226"},{"taxonomy":"post_tag","embeddable":true,"href":"https:\/\/lignesauto.fr\/index.php?rest_route=%2Fwp%2Fv2%2Ftags&post=2226"}],"curies":[{"name":"wp","href":"https:\/\/api.w.org\/{rel}","templated":true}]}}