{"id":22333,"date":"2021-07-18T09:59:00","date_gmt":"2021-07-18T07:59:00","guid":{"rendered":"http:\/\/lignesauto.fr\/?p=22333"},"modified":"2021-07-20T06:09:39","modified_gmt":"2021-07-20T04:09:39","slug":"bienvenue-a-bord-du-concept-porsche-vision-renndienst","status":"publish","type":"post","link":"https:\/\/lignesauto.fr\/?p=22333","title":{"rendered":"Bienvenue \u00e0 bord du concept Porsche Vision Renndienst"},"content":{"rendered":"\n<div class=\"wp-block-image\"><figure class=\"aligncenter size-large is-resized\"><img loading=\"lazy\" decoding=\"async\" src=\"http:\/\/lignesauto.fr\/wp-content\/uploads\/2018\/10\/LOGOActus_BD-1024x367.jpg\" alt=\"\" class=\"wp-image-4921\" width=\"373\" height=\"133\" srcset=\"https:\/\/lignesauto.fr\/wp-content\/uploads\/2018\/10\/LOGOActus_BD-1024x367.jpg 1024w, https:\/\/lignesauto.fr\/wp-content\/uploads\/2018\/10\/LOGOActus_BD-300x108.jpg 300w, https:\/\/lignesauto.fr\/wp-content\/uploads\/2018\/10\/LOGOActus_BD-768x276.jpg 768w, https:\/\/lignesauto.fr\/wp-content\/uploads\/2018\/10\/LOGOActus_BD-370x133.jpg 370w, https:\/\/lignesauto.fr\/wp-content\/uploads\/2018\/10\/LOGOActus_BD-1040x373.jpg 1040w, https:\/\/lignesauto.fr\/wp-content\/uploads\/2018\/10\/LOGOActus_BD.jpg 1240w\" sizes=\"(max-width: 373px) 100vw, 373px\" \/><\/figure><\/div>\n\n\n\n<p style=\"font-size:18px\">Vous le connaissiez en rouge, le voici devenu blanc et transform\u00e9 un &#8220;monospace&#8221; technologique \u00e0 l&#8217;architecture originale : un pilote \u00e0 l&#8217;avant, deux passagers \u00e0 ses c\u00f4tes, d\u00e9cal\u00e9s, et une banquette accueillante \u00e0 l&#8217;extr\u00eame arri\u00e8re. Voici pour la premi\u00e8re fois r\u00e9v\u00e9l\u00e9 par le magazine Christophorus, l&#8217;habitacle de ce concept-car Porsche. <a href=\"https:\/\/christophorus.porsche.com\/\">https:\/\/christophorus.porsche.com\/<\/a><\/p>\n\n\n\n<figure class=\"wp-block-image size-large\"><img loading=\"lazy\" decoding=\"async\" width=\"1024\" height=\"619\" src=\"http:\/\/lignesauto.fr\/wp-content\/uploads\/2021\/06\/LIGNESPORSCHE_01-1024x619.jpg\" alt=\"\" class=\"wp-image-22338\" srcset=\"https:\/\/lignesauto.fr\/wp-content\/uploads\/2021\/06\/LIGNESPORSCHE_01-1024x619.jpg 1024w, https:\/\/lignesauto.fr\/wp-content\/uploads\/2021\/06\/LIGNESPORSCHE_01-300x181.jpg 300w, https:\/\/lignesauto.fr\/wp-content\/uploads\/2021\/06\/LIGNESPORSCHE_01-768x464.jpg 768w, https:\/\/lignesauto.fr\/wp-content\/uploads\/2021\/06\/LIGNESPORSCHE_01.jpg 1417w\" sizes=\"(max-width: 1024px) 100vw, 1024px\" \/><\/figure>\n\n\n\n<p style=\"font-size:18px\">Le constructeur Allemand se demandait en 2018 &#8220;\u00e0 quoi peut ressembler une Porsche o\u00f9 l&#8217;accent est mis sur l&#8217;exp\u00e9rience de l&#8217;espace ? Une telle voiture est-elle m\u00eame compatible avec les valeurs de la marque Porsche ? Michael Mauer et son \u00e9quipe ont r\u00e9pondu \u00e0 ces questions en 2018 avec une vision automobile inhabituelle :  la Porsche Vision &#8220;Renndienst&#8221;<\/p>\n\n\n\n<figure class=\"wp-block-image size-large\"><img loading=\"lazy\" decoding=\"async\" width=\"1024\" height=\"399\" src=\"http:\/\/lignesauto.fr\/wp-content\/uploads\/2021\/06\/LIGNESPORSCHE_07-1024x399.jpg\" alt=\"\" class=\"wp-image-22339\" srcset=\"https:\/\/lignesauto.fr\/wp-content\/uploads\/2021\/06\/LIGNESPORSCHE_07-1024x399.jpg 1024w, https:\/\/lignesauto.fr\/wp-content\/uploads\/2021\/06\/LIGNESPORSCHE_07-300x117.jpg 300w, https:\/\/lignesauto.fr\/wp-content\/uploads\/2021\/06\/LIGNESPORSCHE_07-768x299.jpg 768w, https:\/\/lignesauto.fr\/wp-content\/uploads\/2021\/06\/LIGNESPORSCHE_07.jpg 1417w\" sizes=\"(max-width: 1024px) 100vw, 1024px\" \/><\/figure>\n\n\n\n<p style=\"font-size:18px\">Porsche explique alors que &#8220;c&#8217;est une variante libre du monospace familial pouvant accueillir jusqu&#8217;\u00e0 six personnes. Ce concept a un anc\u00eatre dans l&#8217;histoire de la marque Porsche : le l\u00e9gendaire fourgon de service de course VW.<\/p>\n\n\n\n<figure class=\"wp-block-image size-large\"><img loading=\"lazy\" decoding=\"async\" width=\"1024\" height=\"799\" src=\"http:\/\/lignesauto.fr\/wp-content\/uploads\/2021\/06\/LIGNESPORSCHE_04-1024x799.jpg\" alt=\"\" class=\"wp-image-22343\" srcset=\"https:\/\/lignesauto.fr\/wp-content\/uploads\/2021\/06\/LIGNESPORSCHE_04-1024x799.jpg 1024w, https:\/\/lignesauto.fr\/wp-content\/uploads\/2021\/06\/LIGNESPORSCHE_04-300x234.jpg 300w, https:\/\/lignesauto.fr\/wp-content\/uploads\/2021\/06\/LIGNESPORSCHE_04-768x599.jpg 768w, https:\/\/lignesauto.fr\/wp-content\/uploads\/2021\/06\/LIGNESPORSCHE_04.jpg 1417w\" sizes=\"(max-width: 1024px) 100vw, 1024px\" \/><\/figure>\n\n\n\n<p style=\"font-size:18px\">Pour Michael Mauer, ci-dessus \u00e0 bord de ce concept, il \u00e9tait clair d\u00e8s le d\u00e9part qu&#8217;une telle Porsche ne devait pas \u00eatre con\u00e7ue et dessin\u00e9e comme un vulgaire monospace. Il devait s&#8217;aventurer sur un nouveau territoire.<\/p>\n\n\n\n<figure class=\"wp-block-image size-large\"><img loading=\"lazy\" decoding=\"async\" width=\"1024\" height=\"515\" src=\"http:\/\/lignesauto.fr\/wp-content\/uploads\/2021\/06\/LIGNESPORSCHE_06-1024x515.jpg\" alt=\"\" class=\"wp-image-22340\" srcset=\"https:\/\/lignesauto.fr\/wp-content\/uploads\/2021\/06\/LIGNESPORSCHE_06-1024x515.jpg 1024w, https:\/\/lignesauto.fr\/wp-content\/uploads\/2021\/06\/LIGNESPORSCHE_06-300x151.jpg 300w, https:\/\/lignesauto.fr\/wp-content\/uploads\/2021\/06\/LIGNESPORSCHE_06-768x386.jpg 768w, https:\/\/lignesauto.fr\/wp-content\/uploads\/2021\/06\/LIGNESPORSCHE_06.jpg 1417w\" sizes=\"(max-width: 1024px) 100vw, 1024px\" \/><\/figure>\n\n\n\n<p style=\"font-size:18px\">L&#8217;\u00e9quipe a donc con\u00e7u une &#8220;navette spatiale&#8221; futuriste aux proportions excitantes, qui allie sportivit\u00e9 et confort de voyage d&#8217;une mani\u00e8re totalement nouvelle, mais qui reste imm\u00e9diatement reconnaissable comme une Porsche. Gr\u00e2ce \u00e0 sa carrosserie aux passages de roues \u00e9vas\u00e9s et le design asym\u00e9trique de ses vitres, ce concept est inclassable. <\/p>\n\n\n\n<figure class=\"wp-block-image size-large\"><img loading=\"lazy\" decoding=\"async\" width=\"1024\" height=\"791\" src=\"http:\/\/lignesauto.fr\/wp-content\/uploads\/2021\/06\/LIGNESPORSCHE_02-1024x791.jpg\" alt=\"\" class=\"wp-image-22341\" srcset=\"https:\/\/lignesauto.fr\/wp-content\/uploads\/2021\/06\/LIGNESPORSCHE_02-1024x791.jpg 1024w, https:\/\/lignesauto.fr\/wp-content\/uploads\/2021\/06\/LIGNESPORSCHE_02-300x232.jpg 300w, https:\/\/lignesauto.fr\/wp-content\/uploads\/2021\/06\/LIGNESPORSCHE_02-768x593.jpg 768w, https:\/\/lignesauto.fr\/wp-content\/uploads\/2021\/06\/LIGNESPORSCHE_02.jpg 1417w\" sizes=\"(max-width: 1024px) 100vw, 1024px\" \/><\/figure>\n\n\n\n<p style=\"font-size:18px\">\u00c0 l&#8217;int\u00e9rieur, les passagers trouvent un habitacle extr\u00eamement confortable et modulable. Le conducteur de la Porsche Vision &#8220;Renndienst&#8221; est assis dans un fauteuil central. Cet emplacement offre une exp\u00e9rience de conduite sportive in\u00e9dite, alors que l&#8217;architecture \u00e0 bord donne aux passagers une vue d\u00e9gag\u00e9e sur l&#8217;avant. La cha\u00eene de traction 100% \u00e9lectrique est situ\u00e9e dans le soubassement  pour gagner de l&#8217;espace.<\/p>\n\n\n\n<figure class=\"wp-block-image size-large\"><img loading=\"lazy\" decoding=\"async\" width=\"1024\" height=\"832\" src=\"http:\/\/lignesauto.fr\/wp-content\/uploads\/2021\/06\/LIGNESPORSCHE_08-1024x832.jpg\" alt=\"\" class=\"wp-image-22342\" srcset=\"https:\/\/lignesauto.fr\/wp-content\/uploads\/2021\/06\/LIGNESPORSCHE_08-1024x832.jpg 1024w, https:\/\/lignesauto.fr\/wp-content\/uploads\/2021\/06\/LIGNESPORSCHE_08-300x244.jpg 300w, https:\/\/lignesauto.fr\/wp-content\/uploads\/2021\/06\/LIGNESPORSCHE_08-768x624.jpg 768w, https:\/\/lignesauto.fr\/wp-content\/uploads\/2021\/06\/LIGNESPORSCHE_08.jpg 1417w\" sizes=\"(max-width: 1024px) 100vw, 1024px\" \/><figcaption><strong>En 1966, Pininfarina dessine la Ferrari 365 P Berlinetta Speciale en positionnant le pilote au centre. En 2018, Porsche reprend cette architecture.<\/strong><\/figcaption><\/figure>\n\n\n\n<p style=\"font-size:18px\">Bien s\u00fbr, le concept-car Vision Porsche &#8220;Renndienst&#8221; n&#8217;est qu&#8217;une id\u00e9e, mais de telles visions exp\u00e9rimentales sont d&#8217;une importance essentielle pour Porsche. Elles permettent d&#8217;explorer de nouvelles possibilit\u00e9s et de remettre en question les modes de pens\u00e9e conventionnelles. Bienvenue \u00e0 bord de la premi\u00e8re Porsche monospace&#8230;<\/p>\n\n\n\n<div class=\"wp-block-image\"><figure class=\"aligncenter is-resized\"><img loading=\"lazy\" decoding=\"async\" src=\"http:\/\/lignesauto.fr\/wp-content\/uploads\/2018\/10\/LOGOActus_BD-1024x367.jpg\" alt=\"L\u2019attribut alt de cette image est vide, son nom de fichier est LOGOActus_BD-1024x367.jpg.\" width=\"409\" height=\"146\"\/><\/figure><\/div>\n","protected":false},"excerpt":{"rendered":"<p>Vous le connaissiez en rouge, le voici devenu blanc et transform\u00e9 un &#8220;monospace&#8221; technologique \u00e0 l&#8217;architecture originale : un pilote \u00e0 l&#8217;avant, deux passagers \u00e0 ses c\u00f4tes, d\u00e9cal\u00e9s, et une banquette accueillante \u00e0 l&#8217;extr\u00eame arri\u00e8re. Voici pour la premi\u00e8re fois r\u00e9v\u00e9l\u00e9 par le magazine Christophorus, l&#8217;habitacle de ce concept-car Porsche. [&hellip;]<\/p>\n","protected":false},"author":1,"featured_media":22339,"comment_status":"open","ping_status":"open","sticky":false,"template":"","format":"standard","meta":{"footnotes":""},"categories":[1],"tags":[],"_links":{"self":[{"href":"https:\/\/lignesauto.fr\/index.php?rest_route=\/wp\/v2\/posts\/22333"}],"collection":[{"href":"https:\/\/lignesauto.fr\/index.php?rest_route=\/wp\/v2\/posts"}],"about":[{"href":"https:\/\/lignesauto.fr\/index.php?rest_route=\/wp\/v2\/types\/post"}],"author":[{"embeddable":true,"href":"https:\/\/lignesauto.fr\/index.php?rest_route=\/wp\/v2\/users\/1"}],"replies":[{"embeddable":true,"href":"https:\/\/lignesauto.fr\/index.php?rest_route=%2Fwp%2Fv2%2Fcomments&post=22333"}],"version-history":[{"count":16,"href":"https:\/\/lignesauto.fr\/index.php?rest_route=\/wp\/v2\/posts\/22333\/revisions"}],"predecessor-version":[{"id":22365,"href":"https:\/\/lignesauto.fr\/index.php?rest_route=\/wp\/v2\/posts\/22333\/revisions\/22365"}],"wp:featuredmedia":[{"embeddable":true,"href":"https:\/\/lignesauto.fr\/index.php?rest_route=\/wp\/v2\/media\/22339"}],"wp:attachment":[{"href":"https:\/\/lignesauto.fr\/index.php?rest_route=%2Fwp%2Fv2%2Fmedia&parent=22333"}],"wp:term":[{"taxonomy":"category","embeddable":true,"href":"https:\/\/lignesauto.fr\/index.php?rest_route=%2Fwp%2Fv2%2Fcategories&post=22333"},{"taxonomy":"post_tag","embeddable":true,"href":"https:\/\/lignesauto.fr\/index.php?rest_route=%2Fwp%2Fv2%2Ftags&post=22333"}],"curies":[{"name":"wp","href":"https:\/\/api.w.org\/{rel}","templated":true}]}}