{"id":22377,"date":"2021-06-25T09:25:19","date_gmt":"2021-06-25T07:25:19","guid":{"rendered":"http:\/\/lignesauto.fr\/?p=22377"},"modified":"2021-06-25T09:33:47","modified_gmt":"2021-06-25T07:33:47","slug":"immersion-une-journee-de-seminaire-design-au-cote-de-philip-nemeth","status":"publish","type":"post","link":"https:\/\/lignesauto.fr\/?p=22377","title":{"rendered":"Immersion : une journ\u00e9e de &#8216;s\u00e9minaire design&#8217; au c\u00f4t\u00e9 de Philip Nemeth"},"content":{"rendered":"\n<div class=\"wp-block-image\"><figure class=\"aligncenter size-large is-resized\"><img loading=\"lazy\" decoding=\"async\" src=\"http:\/\/lignesauto.fr\/wp-content\/uploads\/2018\/10\/LOGOActus_BD-1024x367.jpg\" alt=\"\" class=\"wp-image-4921\" width=\"515\" height=\"184\" srcset=\"https:\/\/lignesauto.fr\/wp-content\/uploads\/2018\/10\/LOGOActus_BD-1024x367.jpg 1024w, https:\/\/lignesauto.fr\/wp-content\/uploads\/2018\/10\/LOGOActus_BD-300x108.jpg 300w, https:\/\/lignesauto.fr\/wp-content\/uploads\/2018\/10\/LOGOActus_BD-768x276.jpg 768w, https:\/\/lignesauto.fr\/wp-content\/uploads\/2018\/10\/LOGOActus_BD-370x133.jpg 370w, https:\/\/lignesauto.fr\/wp-content\/uploads\/2018\/10\/LOGOActus_BD-1040x373.jpg 1040w, https:\/\/lignesauto.fr\/wp-content\/uploads\/2018\/10\/LOGOActus_BD.jpg 1240w\" sizes=\"(max-width: 515px) 100vw, 515px\" \/><\/figure><\/div>\n\n\n\n<figure class=\"wp-block-image size-large\"><img loading=\"lazy\" decoding=\"async\" width=\"1024\" height=\"768\" src=\"http:\/\/lignesauto.fr\/wp-content\/uploads\/2021\/06\/20210619_085530-1024x768.jpg\" alt=\"\" class=\"wp-image-22405\" srcset=\"https:\/\/lignesauto.fr\/wp-content\/uploads\/2021\/06\/20210619_085530-1024x768.jpg 1024w, https:\/\/lignesauto.fr\/wp-content\/uploads\/2021\/06\/20210619_085530-300x225.jpg 300w, https:\/\/lignesauto.fr\/wp-content\/uploads\/2021\/06\/20210619_085530-768x576.jpg 768w, https:\/\/lignesauto.fr\/wp-content\/uploads\/2021\/06\/20210619_085530.jpg 1417w\" sizes=\"(max-width: 1024px) 100vw, 1024px\" \/><\/figure>\n\n\n\n<p style=\"font-size:18px\">Devenir DESIGNER ! Voil\u00e0 le r\u00eave de beaucoup de jeunes cr\u00e9atifs dans l&#8217;\u00e2me et\/ou amoureux de l&#8217;automobile, de l&#8217;Art, de la sculpture ou plus simplement, amoureux de ce m\u00e9tier inconnu, mais si flamboyant !<\/p>\n\n\n\n<figure class=\"wp-block-image size-large\"><img loading=\"lazy\" decoding=\"async\" width=\"1024\" height=\"768\" src=\"http:\/\/lignesauto.fr\/wp-content\/uploads\/2021\/06\/20210619_1613440-1024x768.jpg\" alt=\"\" class=\"wp-image-22406\" srcset=\"https:\/\/lignesauto.fr\/wp-content\/uploads\/2021\/06\/20210619_1613440-1024x768.jpg 1024w, https:\/\/lignesauto.fr\/wp-content\/uploads\/2021\/06\/20210619_1613440-300x225.jpg 300w, https:\/\/lignesauto.fr\/wp-content\/uploads\/2021\/06\/20210619_1613440-768x576.jpg 768w, https:\/\/lignesauto.fr\/wp-content\/uploads\/2021\/06\/20210619_1613440.jpg 1417w\" sizes=\"(max-width: 1024px) 100vw, 1024px\" \/><\/figure>\n\n\n\n<p style=\"font-size:18px\">D\u00e9barquer directement dans une \u00e9cole de Design peut vous sembler un saut dans l&#8217;inconnu. Et si vous t\u00e2tiez le terrain du design automobile avec un s\u00e9minaire didactique, dynamique et passionnant qui, au choix, est organis\u00e9 sur 1, 2 ou 3 jours ? Et si vous vouliez conna\u00eetre votre niveau de dessin, et apprendre les bases au c\u00f4t\u00e9 d&#8217;un expert, avec un s\u00e9minaire \u00e9tal\u00e9, lui, sur trois jours complets ? Ce sont ces formations que propose Philip Nemeth dans un lieu splendide : une ancienne papeterie sur les rives de l&#8217;Eure, ferm\u00e9e en 1968 et r\u00e9habilit\u00e9e en 1990. Elle est situ\u00e9e \u00e0 80 km \u00e0 l&#8217;ouest de Paris. Le ch\u00e2teau d&#8217;Anet construit au XVIe si\u00e8cle est tout proche, lui qui a servi de d\u00e9cor au 3e James Bond ! <\/p>\n\n\n\n<figure class=\"wp-block-image size-large\"><img loading=\"lazy\" decoding=\"async\" width=\"1024\" height=\"768\" src=\"http:\/\/lignesauto.fr\/wp-content\/uploads\/2021\/06\/20210619_090612-1024x768.jpg\" alt=\"\" class=\"wp-image-22407\" srcset=\"https:\/\/lignesauto.fr\/wp-content\/uploads\/2021\/06\/20210619_090612-1024x768.jpg 1024w, https:\/\/lignesauto.fr\/wp-content\/uploads\/2021\/06\/20210619_090612-300x225.jpg 300w, https:\/\/lignesauto.fr\/wp-content\/uploads\/2021\/06\/20210619_090612-768x576.jpg 768w, https:\/\/lignesauto.fr\/wp-content\/uploads\/2021\/06\/20210619_090612.jpg 1417w\" sizes=\"(max-width: 1024px) 100vw, 1024px\" \/><\/figure>\n\n\n\n<p style=\"font-size:18px\">L&#8217;id\u00e9e de ces formations est de passer de la th\u00e9orie \u00e0 la pratique gr\u00e2ce \u00e0 des locaux de plus de 400 m2 divis\u00e9s en deux ensembles : \u00e0 l&#8217;\u00e9tage, l&#8217;accueil et la salle de travail ci-dessous, tr\u00e8s lumineuse, pour \u00e9couter le chef. Et ouvrez grand les oreilles, car l&#8217;homme est capable de vous faire vivre l&#8217;histoire du style automobile sans m\u00eame reprendre son souffle !<\/p>\n\n\n\n<figure class=\"wp-block-image size-large\"><img loading=\"lazy\" decoding=\"async\" width=\"1024\" height=\"768\" src=\"http:\/\/lignesauto.fr\/wp-content\/uploads\/2021\/06\/20210619_091920-1024x768.jpg\" alt=\"\" class=\"wp-image-22409\" srcset=\"https:\/\/lignesauto.fr\/wp-content\/uploads\/2021\/06\/20210619_091920-1024x768.jpg 1024w, https:\/\/lignesauto.fr\/wp-content\/uploads\/2021\/06\/20210619_091920-300x225.jpg 300w, https:\/\/lignesauto.fr\/wp-content\/uploads\/2021\/06\/20210619_091920-768x576.jpg 768w, https:\/\/lignesauto.fr\/wp-content\/uploads\/2021\/06\/20210619_091920.jpg 1417w\" sizes=\"(max-width: 1024px) 100vw, 1024px\" \/><\/figure>\n\n\n\n<p style=\"font-size:18px\">La passion de Philip Nemeth est communicative car il est tr\u00e8s didactique. Rappelons qu&#8217;il a longtemps \u00e9t\u00e9 responsable des formations \u00e0 Strate apr\u00e8s avoir pris la succession du grand Michel Harmand dans cette \u00e9cole. La liste des \u00e9tudiants designers qu&#8217;il a ainsi crois\u00e9s est longue, de S\u00e9bastien Criquet \u00e0 Laurent N\u00e9groni en passant par Sandeep Bhambra ou Julien Famchon&#8230;<\/p>\n\n\n\n<figure class=\"wp-block-image size-large\"><img loading=\"lazy\" decoding=\"async\" width=\"1024\" height=\"768\" src=\"http:\/\/lignesauto.fr\/wp-content\/uploads\/2021\/06\/20210619_123125-1024x768.jpg\" alt=\"\" class=\"wp-image-22411\" srcset=\"https:\/\/lignesauto.fr\/wp-content\/uploads\/2021\/06\/20210619_123125-1024x768.jpg 1024w, https:\/\/lignesauto.fr\/wp-content\/uploads\/2021\/06\/20210619_123125-300x225.jpg 300w, https:\/\/lignesauto.fr\/wp-content\/uploads\/2021\/06\/20210619_123125-768x576.jpg 768w, https:\/\/lignesauto.fr\/wp-content\/uploads\/2021\/06\/20210619_123125.jpg 1417w\" sizes=\"(max-width: 1024px) 100vw, 1024px\" \/><\/figure>\n\n\n\n<p style=\"font-size:18px\">Au rez-de-chauss\u00e9e, un &#8220;garage&#8221; magique ou plus d&#8217;une dizaine de voitures de collection de toutes \u00e9poques permettent de comprendre concr\u00e8tement ce que vous avez appris devant l&#8217;\u00e9cran, un \u00e9tage au dessus.<\/p>\n\n\n\n<figure class=\"wp-block-image size-large\"><img loading=\"lazy\" decoding=\"async\" width=\"1024\" height=\"768\" src=\"http:\/\/lignesauto.fr\/wp-content\/uploads\/2021\/06\/20210619_145954-1024x768.jpg\" alt=\"\" class=\"wp-image-22412\" srcset=\"https:\/\/lignesauto.fr\/wp-content\/uploads\/2021\/06\/20210619_145954-1024x768.jpg 1024w, https:\/\/lignesauto.fr\/wp-content\/uploads\/2021\/06\/20210619_145954-300x225.jpg 300w, https:\/\/lignesauto.fr\/wp-content\/uploads\/2021\/06\/20210619_145954-768x576.jpg 768w, https:\/\/lignesauto.fr\/wp-content\/uploads\/2021\/06\/20210619_145954.jpg 1417w\" sizes=\"(max-width: 1024px) 100vw, 1024px\" \/><\/figure>\n\n\n\n<p style=\"font-size:18px\">J&#8217;ai plong\u00e9 avec d\u00e9lectation dans la journ\u00e9e formation &#8220;d\u00e9couverte, les fondamentaux&#8221;. La petite dizaine &#8220;d\u2019\u00e9l\u00e8ves&#8221; pr\u00e9sents ce jour-l\u00e0 repr\u00e9sentait des univers h\u00e9t\u00e9roclites : de jeunes entrepreneurs, un avocat, un \u00e9l\u00e8ve de l&#8217;\u00e9cole Cr\u00e9apole, un designer reconnu et donc, un journaliste. C&#8217;est l&#8217;int\u00e9r\u00eat de cette journ\u00e9e de &#8220;s\u00e9minaire Design&#8221;, elle est ouverte \u00e0 tous, sans pr\u00e9requis, d\u00e8s l&#8217;\u00e2ge de 16 ans et il y est question des fondamentaux du design, des traits stylistiques expliqu\u00e9s, et de l\u2019\u00e9volution de l\u2019automobile.<\/p>\n\n\n\n<figure class=\"wp-block-image size-large\"><img loading=\"lazy\" decoding=\"async\" width=\"1024\" height=\"768\" src=\"http:\/\/lignesauto.fr\/wp-content\/uploads\/2021\/06\/20210619_161226-1024x768.jpg\" alt=\"\" class=\"wp-image-22413\" srcset=\"https:\/\/lignesauto.fr\/wp-content\/uploads\/2021\/06\/20210619_161226-1024x768.jpg 1024w, https:\/\/lignesauto.fr\/wp-content\/uploads\/2021\/06\/20210619_161226-300x225.jpg 300w, https:\/\/lignesauto.fr\/wp-content\/uploads\/2021\/06\/20210619_161226-768x576.jpg 768w, https:\/\/lignesauto.fr\/wp-content\/uploads\/2021\/06\/20210619_161226.jpg 1417w\" sizes=\"(max-width: 1024px) 100vw, 1024px\" \/><\/figure>\n\n\n\n<p style=\"font-size:18px\">On se sent du coup \u00e0 son aise, car l&#8217;assembl\u00e9e ne ressent pas de pression. Elle est l\u00e0 pour d\u00e9couvrir, apprendre, le tout dans la bonne humeur et toujours avec la passion du ma\u00eetre des lieux qui met \u00e9galement au service des participants ses talents de cuisinier pour la pause de la mi-journ\u00e9e ! Cette formation s&#8217;articule sur une partie th\u00e9orique sur les fondamentaux du design automobile et deux parties plus concr\u00e8tes, autour des voitures, avec notamment l&#8217;\u00e9volution de l&#8217;automobile au cours des d\u00e9cennies en prenant comme exemple la vie de la Mercedes Classe S, dont pratiquement chaque g\u00e9n\u00e9ration est repr\u00e9sent\u00e9e dans ce lieu magique.<\/p>\n\n\n\n<figure class=\"wp-block-image size-large\"><img loading=\"lazy\" decoding=\"async\" width=\"1024\" height=\"768\" src=\"http:\/\/lignesauto.fr\/wp-content\/uploads\/2021\/06\/20210619_152704-1024x768.jpg\" alt=\"\" class=\"wp-image-22414\" srcset=\"https:\/\/lignesauto.fr\/wp-content\/uploads\/2021\/06\/20210619_152704-1024x768.jpg 1024w, https:\/\/lignesauto.fr\/wp-content\/uploads\/2021\/06\/20210619_152704-300x225.jpg 300w, https:\/\/lignesauto.fr\/wp-content\/uploads\/2021\/06\/20210619_152704-768x576.jpg 768w, https:\/\/lignesauto.fr\/wp-content\/uploads\/2021\/06\/20210619_152704.jpg 1417w\" sizes=\"(max-width: 1024px) 100vw, 1024px\" \/><\/figure>\n\n\n\n<p style=\"font-size:18px\">C&#8217;est l&#8217;occasion de d\u00e9couvrir des v\u00e9hicules aussi diff\u00e9rents que le coup\u00e9 BMW Z4 ou l&#8217;Avantime de Renault (ci-dessus) avec un exemplaire assez particulier, puisqu&#8217;il s&#8217;agit d&#8217;une avant-s\u00e9rie. Philip Nemeth raconte l&#8217;histoire du style de ces mod\u00e8les (entre-autre&#8230;) mais il y apporte toute une s\u00e9rie de r\u00e9v\u00e9lations qui plonge son auditoire dans l&#8217;univers de la petite histoire du design automobile. Passionnant.<\/p>\n\n\n\n<figure class=\"wp-block-image size-large\"><img loading=\"lazy\" decoding=\"async\" width=\"1024\" height=\"768\" src=\"http:\/\/lignesauto.fr\/wp-content\/uploads\/2021\/06\/20210619_160628-1024x768.jpg\" alt=\"\" class=\"wp-image-22416\" srcset=\"https:\/\/lignesauto.fr\/wp-content\/uploads\/2021\/06\/20210619_160628-1024x768.jpg 1024w, https:\/\/lignesauto.fr\/wp-content\/uploads\/2021\/06\/20210619_160628-300x225.jpg 300w, https:\/\/lignesauto.fr\/wp-content\/uploads\/2021\/06\/20210619_160628-768x576.jpg 768w, https:\/\/lignesauto.fr\/wp-content\/uploads\/2021\/06\/20210619_160628.jpg 1417w\" sizes=\"(max-width: 1024px) 100vw, 1024px\" \/><\/figure>\n\n\n\n<p style=\"font-size:18px\">\u00c9videmment, le programme est copieux pour une seule journ\u00e9e, mais il permet aux participants d\u2019\u00eatre immerg\u00e9s dans le monde du design automobile de fa\u00e7on tr\u00e8s formatrice et accessible. Vous pouvez aussi choisir la formation avec une ou deux journ\u00e9es suppl\u00e9mentaires o\u00f9 s&#8217;y ajoutent les bases du dessin (jour 2) et les fondamentaux de la maquette (jour 3). D\u00e9couvrez le programme, les dates disponibles et les tarifs ci-dessous en cliquant sur le bouton &#8220;t\u00e9l\u00e9charger&#8221;.<\/p>\n\n\n\n<div class=\"wp-block-file\"><a href=\"http:\/\/lignesauto.fr\/wp-content\/uploads\/2021\/06\/PROGRAMME-AOU\u0308T-SEPTEMBRE.pdf\"><strong>PROGRAMME-AO\u00dbT-SEPTEMBRE<\/strong><\/a><a href=\"http:\/\/lignesauto.fr\/wp-content\/uploads\/2021\/06\/PROGRAMME-AOU\u0308T-SEPTEMBRE.pdf\" class=\"wp-block-file__button\" download>T\u00e9l\u00e9charger<\/a><\/div>\n\n\n\n<figure class=\"wp-block-image size-large\"><img loading=\"lazy\" decoding=\"async\" width=\"1024\" height=\"768\" src=\"http:\/\/lignesauto.fr\/wp-content\/uploads\/2021\/06\/20210619_172052-1024x768.jpg\" alt=\"\" class=\"wp-image-22417\" srcset=\"https:\/\/lignesauto.fr\/wp-content\/uploads\/2021\/06\/20210619_172052-1024x768.jpg 1024w, https:\/\/lignesauto.fr\/wp-content\/uploads\/2021\/06\/20210619_172052-300x225.jpg 300w, https:\/\/lignesauto.fr\/wp-content\/uploads\/2021\/06\/20210619_172052-768x576.jpg 768w, https:\/\/lignesauto.fr\/wp-content\/uploads\/2021\/06\/20210619_172052.jpg 1417w\" sizes=\"(max-width: 1024px) 100vw, 1024px\" \/><\/figure>\n\n\n\n<p style=\"font-size:18px\">A la fin de notre formation d&#8217;un jour, Philip Nemeth en esquisse une autre, celle qui permet d&#8217;acqu\u00e9rir les bases du dessin \u00e0 la main, de ma\u00eetriser les perspectives ou encore la mise en couleur (il est beaucoup question de &#8220;reflets&#8221; dans les formations de Philip Nemteh Consuting !) Cette formation  \u00ab WORKSHOP DESSIN \u00bb court sur trois journ\u00e9es et les deux prochaines sessions sont aux dates des 25-26-27 ao\u00fbt et 27-28-29 octobre 2021. Pour tous les tarifs, conditions et inscriptions, retrouvez les informations sur le PDF ci-dessus.<\/p>\n\n\n\n<figure class=\"wp-block-image size-large\"><img loading=\"lazy\" decoding=\"async\" width=\"1024\" height=\"768\" src=\"http:\/\/lignesauto.fr\/wp-content\/uploads\/2021\/06\/20210619_091752-1024x768.jpg\" alt=\"\" class=\"wp-image-22418\" srcset=\"https:\/\/lignesauto.fr\/wp-content\/uploads\/2021\/06\/20210619_091752-1024x768.jpg 1024w, https:\/\/lignesauto.fr\/wp-content\/uploads\/2021\/06\/20210619_091752-300x225.jpg 300w, https:\/\/lignesauto.fr\/wp-content\/uploads\/2021\/06\/20210619_091752-768x576.jpg 768w, https:\/\/lignesauto.fr\/wp-content\/uploads\/2021\/06\/20210619_091752.jpg 1417w\" sizes=\"(max-width: 1024px) 100vw, 1024px\" \/><figcaption><strong>Ah, d\u00e9sol\u00e9, mais vous n&#8217;aurez pas trop le temps de jouer au baby-foot lors de votre formation!<\/strong><\/figcaption><\/figure>\n\n\n\n<p><strong>POUR VOUS RENDRE SUR LE SITE DE PHILIP NEMETH CONSULTING, CLIQUEZ SUR LA PHOTO CI-DESSOUS<\/strong><\/p>\n\n\n\n<figure class=\"wp-block-image size-large\"><a href=\"http:\/\/philipnemethconsulting.com\/\"><img loading=\"lazy\" decoding=\"async\" width=\"1024\" height=\"469\" src=\"http:\/\/lignesauto.fr\/wp-content\/uploads\/2021\/06\/LIGNESAUTOPHNEMTEH_01-1024x469.png\" alt=\"\" class=\"wp-image-22401\" srcset=\"https:\/\/lignesauto.fr\/wp-content\/uploads\/2021\/06\/LIGNESAUTOPHNEMTEH_01-1024x469.png 1024w, https:\/\/lignesauto.fr\/wp-content\/uploads\/2021\/06\/LIGNESAUTOPHNEMTEH_01-300x137.png 300w, https:\/\/lignesauto.fr\/wp-content\/uploads\/2021\/06\/LIGNESAUTOPHNEMTEH_01-768x352.png 768w, https:\/\/lignesauto.fr\/wp-content\/uploads\/2021\/06\/LIGNESAUTOPHNEMTEH_01.png 1417w\" sizes=\"(max-width: 1024px) 100vw, 1024px\" \/><\/a><\/figure>\n\n\n\n<p><strong>RETROUVEZ L&#8217;INTERVIEW DE PHILIP NEMETH (2019) ET LES INFORMATIONS COMPL\u00c9MENTAIRES SUR LES \u00c9COLES DE DESIGN ICI <\/strong>:<\/p>\n\n\n\n<figure class=\"wp-block-embed is-type-wp-embed is-provider-design-actualite-archives wp-block-embed-design-actualite-archives\"><div class=\"wp-block-embed__wrapper\">\n<blockquote class=\"wp-embedded-content\" data-secret=\"38M6wpFEmz\"><a href=\"https:\/\/lignesauto.fr\/?p=10648\">INTERVIEW &#8211; Philip Nemeth. C&#8217;est la rentr\u00e9e, parlons de la formation des designers<\/a><\/blockquote><iframe class=\"wp-embedded-content\" sandbox=\"allow-scripts\" security=\"restricted\" style=\"position: absolute; clip: rect(1px, 1px, 1px, 1px);\" title=\"&#8220;INTERVIEW &#8211; Philip Nemeth. C&#8217;est la rentr\u00e9e, parlons de la formation des designers&#8221; &#8212; LIGNES\/auto\" src=\"https:\/\/lignesauto.fr\/?p=10648&#038;embed=true#?secret=8T0JpBDal0#?secret=38M6wpFEmz\" data-secret=\"38M6wpFEmz\" width=\"600\" height=\"338\" frameborder=\"0\" marginwidth=\"0\" marginheight=\"0\" scrolling=\"no\"><\/iframe>\n<\/div><\/figure>\n\n\n\n<div class=\"wp-block-image\"><figure class=\"aligncenter is-resized\"><img loading=\"lazy\" decoding=\"async\" src=\"http:\/\/lignesauto.fr\/wp-content\/uploads\/2018\/10\/LOGOActus_BD-1024x367.jpg\" alt=\"L\u2019attribut alt de cette image est vide, son nom de fichier est LOGOActus_BD-1024x367.jpg.\" width=\"416\" height=\"148\"\/><\/figure><\/div>\n","protected":false},"excerpt":{"rendered":"<p>Devenir DESIGNER ! Voil\u00e0 le r\u00eave de beaucoup de jeunes cr\u00e9atifs dans l&#8217;\u00e2me et\/ou amoureux de l&#8217;automobile, de l&#8217;Art, de la sculpture ou plus simplement, amoureux de ce m\u00e9tier inconnu, mais si flamboyant ! D\u00e9barquer directement dans une \u00e9cole de Design peut vous sembler un saut dans l&#8217;inconnu. Et si [&hellip;]<\/p>\n","protected":false},"author":1,"featured_media":22439,"comment_status":"open","ping_status":"open","sticky":false,"template":"","format":"standard","meta":{"footnotes":""},"categories":[1],"tags":[],"_links":{"self":[{"href":"https:\/\/lignesauto.fr\/index.php?rest_route=\/wp\/v2\/posts\/22377"}],"collection":[{"href":"https:\/\/lignesauto.fr\/index.php?rest_route=\/wp\/v2\/posts"}],"about":[{"href":"https:\/\/lignesauto.fr\/index.php?rest_route=\/wp\/v2\/types\/post"}],"author":[{"embeddable":true,"href":"https:\/\/lignesauto.fr\/index.php?rest_route=\/wp\/v2\/users\/1"}],"replies":[{"embeddable":true,"href":"https:\/\/lignesauto.fr\/index.php?rest_route=%2Fwp%2Fv2%2Fcomments&post=22377"}],"version-history":[{"count":49,"href":"https:\/\/lignesauto.fr\/index.php?rest_route=\/wp\/v2\/posts\/22377\/revisions"}],"predecessor-version":[{"id":22458,"href":"https:\/\/lignesauto.fr\/index.php?rest_route=\/wp\/v2\/posts\/22377\/revisions\/22458"}],"wp:featuredmedia":[{"embeddable":true,"href":"https:\/\/lignesauto.fr\/index.php?rest_route=\/wp\/v2\/media\/22439"}],"wp:attachment":[{"href":"https:\/\/lignesauto.fr\/index.php?rest_route=%2Fwp%2Fv2%2Fmedia&parent=22377"}],"wp:term":[{"taxonomy":"category","embeddable":true,"href":"https:\/\/lignesauto.fr\/index.php?rest_route=%2Fwp%2Fv2%2Fcategories&post=22377"},{"taxonomy":"post_tag","embeddable":true,"href":"https:\/\/lignesauto.fr\/index.php?rest_route=%2Fwp%2Fv2%2Ftags&post=22377"}],"curies":[{"name":"wp","href":"https:\/\/api.w.org\/{rel}","templated":true}]}}