{"id":22623,"date":"2021-08-30T06:00:00","date_gmt":"2021-08-30T04:00:00","guid":{"rendered":"http:\/\/lignesauto.fr\/?p=22623"},"modified":"2021-08-31T08:55:18","modified_gmt":"2021-08-31T06:55:18","slug":"the-long-interview-jean-pierre-ploue-talks-about-lancia-alfa-romeo-fiat-second-part","status":"publish","type":"post","link":"https:\/\/lignesauto.fr\/?p=22623","title":{"rendered":"The long interview : Jean-Pierre Plou\u00e9 talks about Lancia, Alfa-Romeo, Fiat. Part 2"},"content":{"rendered":"\n<div class=\"wp-block-image\"><figure class=\"aligncenter size-large is-resized\"><img loading=\"lazy\" decoding=\"async\" src=\"http:\/\/lignesauto.fr\/wp-content\/uploads\/2018\/10\/LOGOActus_BD-1024x367.jpg\" alt=\"\" class=\"wp-image-4921\" width=\"423\" height=\"150\"\/><\/figure><\/div>\n\n\n\n<p style=\"font-size:18px\">Jean-Pierre Plou\u00e9 tells us all about the new design organisation he has set up in Turin. The interview continues. <em>Opening photo of the post: Mika\u00ebl Pennec-Stellantis<\/em><\/p>\n\n\n\n<figure class=\"wp-block-image size-large is-resized\"><img loading=\"lazy\" decoding=\"async\" src=\"http:\/\/lignesauto.fr\/wp-content\/uploads\/2021\/07\/LIGNES_PLOUE_18-1024x557.png\" alt=\"\" class=\"wp-image-22569\" width=\"580\" height=\"315\" srcset=\"https:\/\/lignesauto.fr\/wp-content\/uploads\/2021\/07\/LIGNES_PLOUE_18-1024x557.png 1024w, https:\/\/lignesauto.fr\/wp-content\/uploads\/2021\/07\/LIGNES_PLOUE_18-300x163.png 300w, https:\/\/lignesauto.fr\/wp-content\/uploads\/2021\/07\/LIGNES_PLOUE_18-768x418.png 768w, https:\/\/lignesauto.fr\/wp-content\/uploads\/2021\/07\/LIGNES_PLOUE_18.png 1417w\" sizes=\"(max-width: 580px) 100vw, 580px\" \/><figcaption><strong>When it was in the hands of FCA, the Alfa Romeo brand had a project to renew the GTV coupe. Let&#8217;s hope it will be developed with the new structure!<\/strong><\/figcaption><\/figure>\n\n\n\n<p style=\"font-size:18px\"><strong>After Lancia, let&#8217;s talk about Alfa Romeo. Are you going to be allowed to design mythical silhouettes like the GTV or even the 8C coupe, alongside the crossovers?<\/strong><br>It&#8217;s too early to say. What we want is a real Alfa Romeo, like we want a real Lancia, a real Fiat! We are going to put all our energy into this and rediscover the strength of Alfa Romeo through the products and concepts that have made the brand&#8217;s reputation. Jean-Philippe Imparato, the boss of Alfa Romeo, has the brand engraved in his heart, and his Italian origins and his enthusiasm mean that I am not worried!<\/p>\n\n\n\n<figure class=\"wp-block-image size-large\"><img loading=\"lazy\" decoding=\"async\" width=\"1024\" height=\"733\" src=\"http:\/\/lignesauto.fr\/wp-content\/uploads\/2021\/07\/LIGNES_PLOUE_20-1024x733.jpg\" alt=\"\" class=\"wp-image-22556\" srcset=\"https:\/\/lignesauto.fr\/wp-content\/uploads\/2021\/07\/LIGNES_PLOUE_20-1024x733.jpg 1024w, https:\/\/lignesauto.fr\/wp-content\/uploads\/2021\/07\/LIGNES_PLOUE_20-300x215.jpg 300w, https:\/\/lignesauto.fr\/wp-content\/uploads\/2021\/07\/LIGNES_PLOUE_20-768x550.jpg 768w, https:\/\/lignesauto.fr\/wp-content\/uploads\/2021\/07\/LIGNES_PLOUE_20.jpg 1417w\" sizes=\"(max-width: 1024px) 100vw, 1024px\" \/><figcaption><strong>Alejandro Mesoreno left the VW group for Renault-Dacia, but did not hesitate for long to join Alfa Romeo at Stellantis.<\/strong><\/figcaption><\/figure>\n\n\n\n<p style=\"font-size:18px\"><strong>Alejandro Mesonero, ex-Seat\/Cupra and ex-Dacia, joins you. Was it important to have a Latin design director for Alfa?<\/strong><br>Absolutely, it was even my priority. Alejandro drives an Alfa, it&#8217;s his life&#8217;s passion. When I offered him the job, he was immediately enthusiastic, but I asked him to wait for a weekend of reflection so that his answer would not just be taken on emotion!<\/p>\n\n\n\n<figure class=\"wp-block-image size-large\"><img loading=\"lazy\" decoding=\"async\" width=\"1024\" height=\"681\" src=\"http:\/\/lignesauto.fr\/wp-content\/uploads\/2021\/07\/LIGNES_PLOUE_10-1024x681.jpg\" alt=\"\" class=\"wp-image-22557\" srcset=\"https:\/\/lignesauto.fr\/wp-content\/uploads\/2021\/07\/LIGNES_PLOUE_10-1024x681.jpg 1024w, https:\/\/lignesauto.fr\/wp-content\/uploads\/2021\/07\/LIGNES_PLOUE_10-300x200.jpg 300w, https:\/\/lignesauto.fr\/wp-content\/uploads\/2021\/07\/LIGNES_PLOUE_10-768x511.jpg 768w, https:\/\/lignesauto.fr\/wp-content\/uploads\/2021\/07\/LIGNES_PLOUE_10.jpg 1417w\" sizes=\"(max-width: 1024px) 100vw, 1024px\" \/><\/figure>\n\n\n\n<p style=\"font-size:18px\"><strong>Let&#8217;s talk about Fiat, which is based on the monoculture of the 500 and the Panda. Will the Fiat range of tomorrow still be anchored around the 500?<\/strong><br>No, we have ambitions here too! There is no question of having a 500 line and a Fiat line. There will be the Fiat range with all the products necessary to make it live. We even have a fairly generous product plan for it to ensure that it is present throughout the world, in Europe but also in Mercosur and other international markets.<\/p>\n\n\n\n<figure class=\"wp-block-image size-large\"><img loading=\"lazy\" decoding=\"async\" width=\"1024\" height=\"684\" src=\"http:\/\/lignesauto.fr\/wp-content\/uploads\/2021\/07\/LIGNES_PLOUE_28-1024x684.jpg\" alt=\"\" class=\"wp-image-22570\" srcset=\"https:\/\/lignesauto.fr\/wp-content\/uploads\/2021\/07\/LIGNES_PLOUE_28-1024x684.jpg 1024w, https:\/\/lignesauto.fr\/wp-content\/uploads\/2021\/07\/LIGNES_PLOUE_28-300x200.jpg 300w, https:\/\/lignesauto.fr\/wp-content\/uploads\/2021\/07\/LIGNES_PLOUE_28-768x513.jpg 768w, https:\/\/lignesauto.fr\/wp-content\/uploads\/2021\/07\/LIGNES_PLOUE_28.jpg 1417w\" sizes=\"(max-width: 1024px) 100vw, 1024px\" \/><figcaption><strong>In 2024, the Fiat Europe range will include at least four new models.<\/strong><\/figcaption><\/figure>\n\n\n\n<p style=\"font-size:18px\">For each of our brands, we have to find the right balance and we already know how many Fiat silhouettes we have to develop. These will be products with more synergy than before, perhaps more coherence too, but clearly there will be a complete product line, no more 500 monoculture at all.<\/p>\n\n\n\n<p style=\"font-size:18px\"><strong>Did you have time to prepare all these Italian projects before the merger was officially signed?<\/strong><br>Not on the creative side. But from the very first discussions, we thought about how we could contribute to the rebirth or continuity of these Italian brands, in terms of positioning and team structuring. This is work that we were able to anticipate.<\/p>\n\n\n\n<figure class=\"wp-block-image size-large\"><img loading=\"lazy\" decoding=\"async\" width=\"1024\" height=\"681\" src=\"http:\/\/lignesauto.fr\/wp-content\/uploads\/2021\/07\/LIGNES_PLOUE_11-1024x681.jpg\" alt=\"\" class=\"wp-image-22581\" srcset=\"https:\/\/lignesauto.fr\/wp-content\/uploads\/2021\/07\/LIGNES_PLOUE_11-1024x681.jpg 1024w, https:\/\/lignesauto.fr\/wp-content\/uploads\/2021\/07\/LIGNES_PLOUE_11-300x200.jpg 300w, https:\/\/lignesauto.fr\/wp-content\/uploads\/2021\/07\/LIGNES_PLOUE_11-768x511.jpg 768w, https:\/\/lignesauto.fr\/wp-content\/uploads\/2021\/07\/LIGNES_PLOUE_11.jpg 1417w\" sizes=\"(max-width: 1024px) 100vw, 1024px\" \/><\/figure>\n\n\n\n<p style=\"font-size:18px\"><strong>In short, the design of the Italian brands is created in Turin, that of Citro\u00ebn, Peugeot and DS is born in V\u00e9lizy and finally, that of Opel remains in R\u00fcsselsheim!<\/strong><br>This is THE important rule! This means that all the people in the Stellantis group, including the designers, who work for a brand, must do so in the brand&#8217;s country of origin.<\/p>\n\n\n\n<p style=\"font-size:18px\"><strong>So, as Lancia design manager and head of the Alfa Romeo and Fiat style directors (among others\u2026), you will have to live in Italy?<\/strong><br>Exactly! I&#8217;m moving at the end of August, and not only professionally, but also with the family! I&#8217;m committing myself 200% to this job, because what has to be built or rebuilt is in Italy. There is no question of doing design from a distance.<\/p>\n\n\n\n<figure class=\"wp-block-image size-large\"><img loading=\"lazy\" decoding=\"async\" width=\"1024\" height=\"664\" src=\"http:\/\/lignesauto.fr\/wp-content\/uploads\/2021\/07\/LIGNES_PLOUE_00-1024x664.jpeg\" alt=\"\" class=\"wp-image-22572\" srcset=\"https:\/\/lignesauto.fr\/wp-content\/uploads\/2021\/07\/LIGNES_PLOUE_00-1024x664.jpeg 1024w, https:\/\/lignesauto.fr\/wp-content\/uploads\/2021\/07\/LIGNES_PLOUE_00-300x195.jpeg 300w, https:\/\/lignesauto.fr\/wp-content\/uploads\/2021\/07\/LIGNES_PLOUE_00-768x498.jpeg 768w, https:\/\/lignesauto.fr\/wp-content\/uploads\/2021\/07\/LIGNES_PLOUE_00.jpeg 1417w\" sizes=\"(max-width: 1024px) 100vw, 1024px\" \/><figcaption><strong>Jean-Pierre Plou\u00e9 and Luca Napolitano in the Lancia studio in Turin.<\/strong><\/figcaption><\/figure>\n\n\n\n<p style=\"font-size:18px\">Being in charge of Lancia&#8217;s design gave me the desire and the commitment to be there, for the teams and myself. So I&#8217;ll be there for two weeks and in France, in V\u00e9lizy, for a fortnight. In addition, I&#8217;m learning Italian!<\/p>\n\n\n\n<figure class=\"wp-block-image size-large\"><img loading=\"lazy\" decoding=\"async\" width=\"1024\" height=\"1024\" src=\"http:\/\/lignesauto.fr\/wp-content\/uploads\/2021\/07\/LIGNES_PLOUE_01-1024x1024.jpg\" alt=\"\" class=\"wp-image-22558\" srcset=\"https:\/\/lignesauto.fr\/wp-content\/uploads\/2021\/07\/LIGNES_PLOUE_01-1024x1024.jpg 1024w, https:\/\/lignesauto.fr\/wp-content\/uploads\/2021\/07\/LIGNES_PLOUE_01-300x300.jpg 300w, https:\/\/lignesauto.fr\/wp-content\/uploads\/2021\/07\/LIGNES_PLOUE_01-150x150.jpg 150w, https:\/\/lignesauto.fr\/wp-content\/uploads\/2021\/07\/LIGNES_PLOUE_01-768x768.jpg 768w, https:\/\/lignesauto.fr\/wp-content\/uploads\/2021\/07\/LIGNES_PLOUE_01.jpg 1417w\" sizes=\"(max-width: 1024px) 100vw, 1024px\" \/><figcaption><strong>Matthias Hossann (Peugeot), standing, Pierre Leclercq (Citro\u00ebn) on the left and Thierry M\u00e9troz (DS) on the right with Jean-Pierre Plou\u00e9<\/strong>. <strong><em>Photo : Laurent Nivalle-Stellantis<\/em><\/strong><\/figcaption><\/figure>\n\n\n\n<p style=\"font-size:18px\"><strong>You spend fifteen days a month in V\u00e9lizy, after all!<\/strong><br>I know my French brand managers (above) very well, and everything works well with them. They know where they are going, and the need to know I&#8217;m on their backs is less essential!<\/p>\n\n\n\n<figure class=\"wp-block-image size-large\"><img loading=\"lazy\" decoding=\"async\" width=\"1024\" height=\"600\" src=\"http:\/\/lignesauto.fr\/wp-content\/uploads\/2021\/07\/LIGNES_PLOUE_15-1024x600.jpeg\" alt=\"\" class=\"wp-image-22559\" srcset=\"https:\/\/lignesauto.fr\/wp-content\/uploads\/2021\/07\/LIGNES_PLOUE_15-1024x600.jpeg 1024w, https:\/\/lignesauto.fr\/wp-content\/uploads\/2021\/07\/LIGNES_PLOUE_15-300x176.jpeg 300w, https:\/\/lignesauto.fr\/wp-content\/uploads\/2021\/07\/LIGNES_PLOUE_15-768x450.jpeg 768w, https:\/\/lignesauto.fr\/wp-content\/uploads\/2021\/07\/LIGNES_PLOUE_15.jpeg 1417w\" sizes=\"(max-width: 1024px) 100vw, 1024px\" \/><figcaption><strong>Fran\u00e7ois Leboine has left Renault to join Stellantis as director of design for Fiat-Abarth. He has been replaced at Renault by Sandeep Bhambra from\u2026 Stellantis.<\/strong><\/figcaption><\/figure>\n\n\n\n<p style=\"font-size:18px\"><strong>During this interview, you mentioned product plans for all brands. But beyond the words, do any of these cars already exist in the studios?<\/strong><br>Of course they do! There are models everywhere, in all the studios. Each of the brands is very busy, because as soon as the merger was signed, we started working on the products. Each studio is overflowing! In fact, after our interview, I have a meeting with Fran\u00e7ois Leboine! (above)<\/p>\n\n\n\n<figure class=\"wp-block-image size-large\"><img loading=\"lazy\" decoding=\"async\" width=\"1024\" height=\"810\" src=\"http:\/\/lignesauto.fr\/wp-content\/uploads\/2021\/07\/LIGNES_PLOUE_08-1024x810.png\" alt=\"\" class=\"wp-image-22578\" srcset=\"https:\/\/lignesauto.fr\/wp-content\/uploads\/2021\/07\/LIGNES_PLOUE_08-1024x810.png 1024w, https:\/\/lignesauto.fr\/wp-content\/uploads\/2021\/07\/LIGNES_PLOUE_08-300x237.png 300w, https:\/\/lignesauto.fr\/wp-content\/uploads\/2021\/07\/LIGNES_PLOUE_08-768x608.png 768w, https:\/\/lignesauto.fr\/wp-content\/uploads\/2021\/07\/LIGNES_PLOUE_08.png 1417w\" sizes=\"(max-width: 1024px) 100vw, 1024px\" \/><figcaption><strong>Jean-Pierre Plou\u00e9 and Ralph Gilles<\/strong><\/figcaption><\/figure>\n\n\n\n<p style=\"font-size:18px\"><strong>Style directors of the European branch of Stellantis, under the direction of Jean-Pierre Plou\u00e9:<\/strong><br><em>Alfa Romeo&nbsp;: Alejandro Mesonero<br>Citro\u00ebn&nbsp;: Pierre Leclercq<\/em><br><em>DS&nbsp;: Thierry Metroz<\/em><br><em>Fiat Europe et Abarth&nbsp;: Fran\u00e7ois Leboine<\/em><br><em>Lancia&nbsp;: Jean-Pierre Plou\u00e9<\/em><br><em>Opel et Vauxhall&nbsp;: Mark Adams<\/em><br><em>Peugeot&nbsp;: Matthias Hossann<\/em><\/p>\n\n\n\n<p style=\"font-size:17px\"><strong>Interview conducted by Christophe Bonnaud on Tuesday 27 July 2021. Thank you to Jean-Pierre Plou\u00e9 for taking the time to answer our questions and to his communication team for organising this &#8220;Turin&#8221; meeting.<\/strong><\/p>\n\n\n\n<div class=\"wp-block-image\"><figure class=\"aligncenter is-resized\"><img loading=\"lazy\" decoding=\"async\" src=\"http:\/\/lignesauto.fr\/wp-content\/uploads\/2018\/10\/LOGOActus_BD-1024x367.jpg\" alt=\"L\u2019attribut alt de cette image est vide, son nom de fichier est LOGOActus_BD-1024x367.jpg.\" width=\"492\" height=\"175\"\/><\/figure><\/div>\n","protected":false},"excerpt":{"rendered":"<p>Jean-Pierre Plou\u00e9 tells us all about the new design organisation he has set up in Turin. The interview continues. Opening photo of the post: Mika\u00ebl Pennec-Stellantis After Lancia, let&#8217;s talk about Alfa Romeo. Are you going to be allowed to design mythical silhouettes like the GTV or even the 8C [&hellip;]<\/p>\n","protected":false},"author":1,"featured_media":22701,"comment_status":"open","ping_status":"open","sticky":false,"template":"","format":"standard","meta":{"footnotes":""},"categories":[1],"tags":[],"_links":{"self":[{"href":"https:\/\/lignesauto.fr\/index.php?rest_route=\/wp\/v2\/posts\/22623"}],"collection":[{"href":"https:\/\/lignesauto.fr\/index.php?rest_route=\/wp\/v2\/posts"}],"about":[{"href":"https:\/\/lignesauto.fr\/index.php?rest_route=\/wp\/v2\/types\/post"}],"author":[{"embeddable":true,"href":"https:\/\/lignesauto.fr\/index.php?rest_route=\/wp\/v2\/users\/1"}],"replies":[{"embeddable":true,"href":"https:\/\/lignesauto.fr\/index.php?rest_route=%2Fwp%2Fv2%2Fcomments&post=22623"}],"version-history":[{"count":22,"href":"https:\/\/lignesauto.fr\/index.php?rest_route=\/wp\/v2\/posts\/22623\/revisions"}],"predecessor-version":[{"id":22697,"href":"https:\/\/lignesauto.fr\/index.php?rest_route=\/wp\/v2\/posts\/22623\/revisions\/22697"}],"wp:featuredmedia":[{"embeddable":true,"href":"https:\/\/lignesauto.fr\/index.php?rest_route=\/wp\/v2\/media\/22701"}],"wp:attachment":[{"href":"https:\/\/lignesauto.fr\/index.php?rest_route=%2Fwp%2Fv2%2Fmedia&parent=22623"}],"wp:term":[{"taxonomy":"category","embeddable":true,"href":"https:\/\/lignesauto.fr\/index.php?rest_route=%2Fwp%2Fv2%2Fcategories&post=22623"},{"taxonomy":"post_tag","embeddable":true,"href":"https:\/\/lignesauto.fr\/index.php?rest_route=%2Fwp%2Fv2%2Ftags&post=22623"}],"curies":[{"name":"wp","href":"https:\/\/api.w.org\/{rel}","templated":true}]}}