{"id":22704,"date":"2021-08-13T06:51:11","date_gmt":"2021-08-13T04:51:11","guid":{"rendered":"http:\/\/lignesauto.fr\/?p=22704"},"modified":"2021-08-13T07:07:29","modified_gmt":"2021-08-13T05:07:29","slug":"audi-skysphere-quoi-de-neuf-docteur","status":"publish","type":"post","link":"https:\/\/lignesauto.fr\/?p=22704","title":{"rendered":"Audi Skysphere : quoi de neuf docteur?"},"content":{"rendered":"\n<div class=\"wp-block-image\"><figure class=\"aligncenter size-large is-resized\"><img loading=\"lazy\" decoding=\"async\" src=\"http:\/\/lignesauto.fr\/wp-content\/uploads\/2018\/10\/LOGOActus_BD-1024x367.jpg\" alt=\"\" class=\"wp-image-4921\" width=\"373\" height=\"133\" srcset=\"https:\/\/lignesauto.fr\/wp-content\/uploads\/2018\/10\/LOGOActus_BD-1024x367.jpg 1024w, https:\/\/lignesauto.fr\/wp-content\/uploads\/2018\/10\/LOGOActus_BD-300x108.jpg 300w, https:\/\/lignesauto.fr\/wp-content\/uploads\/2018\/10\/LOGOActus_BD-768x276.jpg 768w, https:\/\/lignesauto.fr\/wp-content\/uploads\/2018\/10\/LOGOActus_BD-370x133.jpg 370w, https:\/\/lignesauto.fr\/wp-content\/uploads\/2018\/10\/LOGOActus_BD-1040x373.jpg 1040w, https:\/\/lignesauto.fr\/wp-content\/uploads\/2018\/10\/LOGOActus_BD.jpg 1240w\" sizes=\"(max-width: 373px) 100vw, 373px\" \/><\/figure><\/div>\n\n\n\n<p style=\"font-size:18px\">Audi pr\u00e9sente le premier concept-cars d&#8217;une trilogie qui offrira demain, en plus de ce grand coup\u00e9 Skysphere, un SUV et une berline au gabarit g\u00e9n\u00e9reux. Ce premier exercice s&#8217;engouffre dans la voie du coup\u00e9 luxueux qui veut red\u00e9finir les bases de ce concept pour les ann\u00e9es futures.<\/p>\n\n\n\n<figure class=\"wp-block-image size-large\"><img loading=\"lazy\" decoding=\"async\" width=\"1024\" height=\"446\" src=\"http:\/\/lignesauto.fr\/wp-content\/uploads\/2021\/08\/AUDI_01-1024x446.jpg\" alt=\"\" class=\"wp-image-22709\" srcset=\"https:\/\/lignesauto.fr\/wp-content\/uploads\/2021\/08\/AUDI_01-1024x446.jpg 1024w, https:\/\/lignesauto.fr\/wp-content\/uploads\/2021\/08\/AUDI_01-300x131.jpg 300w, https:\/\/lignesauto.fr\/wp-content\/uploads\/2021\/08\/AUDI_01-768x334.jpg 768w, https:\/\/lignesauto.fr\/wp-content\/uploads\/2021\/08\/AUDI_01.jpg 1417w\" sizes=\"(max-width: 1024px) 100vw, 1024px\" \/><\/figure>\n\n\n\n<p style=\"font-size:18px\">Inspir\u00e9e de la Horch 853 des ann\u00e9es 30, la Skysphere r\u00e9interpr\u00e8te les mots cl\u00e9s &#8220;dynamisme&#8221; et &#8220;confort&#8221; de la Horch en accueillant deux voitures en une. Une version \u00e0 empattement long pour la d\u00e9l\u00e9gation de conduite de niveau 4, et un empattement court (le bloc avant coulisse vers la baie de l&#8217;auvent, comme sur la Renault Morphoz !) pour le Sport.<\/p>\n\n\n\n<figure class=\"wp-block-image size-large\"><img loading=\"lazy\" decoding=\"async\" width=\"1024\" height=\"387\" src=\"http:\/\/lignesauto.fr\/wp-content\/uploads\/2021\/08\/AUDI_02-1024x387.jpg\" alt=\"\" class=\"wp-image-22711\" srcset=\"https:\/\/lignesauto.fr\/wp-content\/uploads\/2021\/08\/AUDI_02-1024x387.jpg 1024w, https:\/\/lignesauto.fr\/wp-content\/uploads\/2021\/08\/AUDI_02-300x113.jpg 300w, https:\/\/lignesauto.fr\/wp-content\/uploads\/2021\/08\/AUDI_02-768x290.jpg 768w, https:\/\/lignesauto.fr\/wp-content\/uploads\/2021\/08\/AUDI_02.jpg 1417w\" sizes=\"(max-width: 1024px) 100vw, 1024px\" \/><\/figure>\n\n\n\n<p style=\"font-size:18px\">Lors de cette op\u00e9ration, le tableau de bord se d\u00e9ploie, le volant apparait et le p\u00e9dalier surgit du plancher. \u00c9videmment, la Skysphere est 100% \u00e9lectrique. Tr\u00e8s joli concept, \u00e9tudi\u00e9 en num\u00e9rique par le studio de design avanc\u00e9 (Audi Design Loft) implant\u00e9 aux USA \u00e0 Malibu et dirig\u00e9 par le fran\u00e7ais Gael Buzyn (ci-dessous).<\/p>\n\n\n\n<figure class=\"wp-block-image size-large\"><img loading=\"lazy\" decoding=\"async\" width=\"1024\" height=\"569\" src=\"http:\/\/lignesauto.fr\/wp-content\/uploads\/2021\/08\/LIGNES_100-1024x569.png\" alt=\"\" class=\"wp-image-22733\" srcset=\"https:\/\/lignesauto.fr\/wp-content\/uploads\/2021\/08\/LIGNES_100-1024x569.png 1024w, https:\/\/lignesauto.fr\/wp-content\/uploads\/2021\/08\/LIGNES_100-300x167.png 300w, https:\/\/lignesauto.fr\/wp-content\/uploads\/2021\/08\/LIGNES_100-768x427.png 768w, https:\/\/lignesauto.fr\/wp-content\/uploads\/2021\/08\/LIGNES_100.png 1417w\" sizes=\"(max-width: 1024px) 100vw, 1024px\" \/><\/figure>\n\n\n\n<p style=\"font-size:18px\">Comme vous pourrez le lire en septembre dans le trimestriel LIGNES\/auto#05 (disponible vers le 20 septembre sur <a href=\"https:\/\/lignesautoeditions.fr\">https:\/\/lignesautoeditions.fr<\/a>) de l&#8217;aveu d&#8217;Alexandre Malval (directeur du centre de design avanc\u00e9 Mercedes de Sophia Antipolis) le design 100% num\u00e9rique n&#8217;existe pas r\u00e9ellement. Alexandre nous explique que &#8220;<em>nous croyons chez Mercedes \u00e0 l\u2019alliance des deux approches (<\/em>num\u00e9rique et physique<em>) et nous nous gardons bien d\u2019avoir une position dogmatique. Chaque projet est diff\u00e9rent et n\u00e9cessite des moyens appropri\u00e9s, ce qui compte est la r\u00e9activit\u00e9 avec les outils appropri\u00e9s.<\/em>&#8221; Bingo, cela semble \u00eatre identique chez Audi puisque, tout num\u00e9rique qu&#8217;elle soit, l&#8217;\u00e9tude de la Skysphere est quand m\u00eame pass\u00e9e par le stade de la maquette physique, ci-dessous. Tiens, ne serait-ce pas la Grandsphere \u00e0 gauche ?<\/p>\n\n\n\n<figure class=\"wp-block-image size-large\"><img loading=\"lazy\" decoding=\"async\" width=\"1024\" height=\"601\" src=\"http:\/\/lignesauto.fr\/wp-content\/uploads\/2021\/08\/LIGNES_101-1024x601.png\" alt=\"\" class=\"wp-image-22734\" srcset=\"https:\/\/lignesauto.fr\/wp-content\/uploads\/2021\/08\/LIGNES_101-1024x601.png 1024w, https:\/\/lignesauto.fr\/wp-content\/uploads\/2021\/08\/LIGNES_101-300x176.png 300w, https:\/\/lignesauto.fr\/wp-content\/uploads\/2021\/08\/LIGNES_101-768x450.png 768w, https:\/\/lignesauto.fr\/wp-content\/uploads\/2021\/08\/LIGNES_101.png 1417w\" sizes=\"(max-width: 1024px) 100vw, 1024px\" \/><\/figure>\n\n\n\n<p style=\"font-size:18px\">Bref, faisons court, car les vid\u00e9os de la pr\u00e9sentation de ce concept-car sont visibles sur notre page Facebook (<a href=\"https:\/\/www.facebook.com\/lignesauto\">https:\/\/www.facebook.com\/lignesauto<\/a>) et abordons un th\u00e8me que personne n&#8217;a encore approch\u00e9 : cette Audi est-elle r\u00e9volutionnaire ? Non, si l&#8217;on se souvient des concept-cars Mercedes-Maybach Vision-6, Renault Coup\u00e9 C et autre Renault TreZor ci-dessous.<\/p>\n\n\n\n<figure class=\"wp-block-image size-large\"><img loading=\"lazy\" decoding=\"async\" width=\"1024\" height=\"661\" src=\"http:\/\/lignesauto.fr\/wp-content\/uploads\/2021\/08\/LIGNES_200-1024x661.png\" alt=\"\" class=\"wp-image-22738\" srcset=\"https:\/\/lignesauto.fr\/wp-content\/uploads\/2021\/08\/LIGNES_200-1024x661.png 1024w, https:\/\/lignesauto.fr\/wp-content\/uploads\/2021\/08\/LIGNES_200-300x194.png 300w, https:\/\/lignesauto.fr\/wp-content\/uploads\/2021\/08\/LIGNES_200-768x495.png 768w, https:\/\/lignesauto.fr\/wp-content\/uploads\/2021\/08\/LIGNES_200.png 1417w\" sizes=\"(max-width: 1024px) 100vw, 1024px\" \/><\/figure>\n\n\n\n<p style=\"font-size:18px\">Et avec ces trois-l\u00e0, il est question de bagages, et de la mani\u00e8re intelligente dont ils sont embarqu\u00e9s \u00e0 bord. Car avec les nouvelles plateformes d\u00e9di\u00e9es aux v\u00e9hicules 100% \u00e9lectriques, tout un panel d\u2019innovations s&#8217;ouvre pour les designers et architectes : empattement modulable et espaces de rangements in\u00e9dits. Vous avez boucl\u00e9 vos valises ? Suivez-nous !<\/p>\n\n\n\n<figure class=\"wp-block-image size-large\"><img loading=\"lazy\" decoding=\"async\" width=\"1024\" height=\"551\" src=\"http:\/\/lignesauto.fr\/wp-content\/uploads\/2021\/08\/AUDI_05-1024x551.jpg\" alt=\"\" class=\"wp-image-22715\" srcset=\"https:\/\/lignesauto.fr\/wp-content\/uploads\/2021\/08\/AUDI_05-1024x551.jpg 1024w, https:\/\/lignesauto.fr\/wp-content\/uploads\/2021\/08\/AUDI_05-300x161.jpg 300w, https:\/\/lignesauto.fr\/wp-content\/uploads\/2021\/08\/AUDI_05-768x413.jpg 768w, https:\/\/lignesauto.fr\/wp-content\/uploads\/2021\/08\/AUDI_05.jpg 1417w\" sizes=\"(max-width: 1024px) 100vw, 1024px\" \/><\/figure>\n\n\n\n<p style=\"font-size:18px\">A fouiller dans les coffres \u00e0 bagages, on s&#8217;aper\u00e7oit vite que le concept Audi interpr\u00e8te comme ses trois concurrents les m\u00eames th\u00e8mes, voire les m\u00eames architectures. A l&#8217;avant de la Skysphere, les deux \u00e9l\u00e9ments du capot articul\u00e9s se d\u00e9ploient sur deux logements pour accueillir des sacs de golf superbement dessin\u00e9s.<\/p>\n\n\n\n<figure class=\"wp-block-image size-large is-resized\"><img loading=\"lazy\" decoding=\"async\" src=\"http:\/\/lignesauto.fr\/wp-content\/uploads\/2021\/08\/LIGNES_03-1024x1016.png\" alt=\"\" class=\"wp-image-22717\" width=\"580\" height=\"575\" srcset=\"https:\/\/lignesauto.fr\/wp-content\/uploads\/2021\/08\/LIGNES_03-1024x1016.png 1024w, https:\/\/lignesauto.fr\/wp-content\/uploads\/2021\/08\/LIGNES_03-300x298.png 300w, https:\/\/lignesauto.fr\/wp-content\/uploads\/2021\/08\/LIGNES_03-150x150.png 150w, https:\/\/lignesauto.fr\/wp-content\/uploads\/2021\/08\/LIGNES_03-768x762.png 768w, https:\/\/lignesauto.fr\/wp-content\/uploads\/2021\/08\/LIGNES_03.png 1417w\" sizes=\"(max-width: 580px) 100vw, 580px\" \/><\/figure>\n\n\n\n<p style=\"font-size:18px\">Sur la Maybach, ce sont des valises tout aussi esth\u00e9tiques qui prennent place sous le capot, \u00e9galement en deux parties. Mais la Maybach offre d&#8217;autres rangements aux c\u00f4t\u00e9s des valises comme on va le voir plus bas\u2026<\/p>\n\n\n\n<figure class=\"wp-block-image size-large\"><img loading=\"lazy\" decoding=\"async\" width=\"757\" height=\"1024\" src=\"http:\/\/lignesauto.fr\/wp-content\/uploads\/2021\/08\/MAYBACH_03-757x1024.png\" alt=\"\" class=\"wp-image-22723\" srcset=\"https:\/\/lignesauto.fr\/wp-content\/uploads\/2021\/08\/MAYBACH_03-757x1024.png 757w, https:\/\/lignesauto.fr\/wp-content\/uploads\/2021\/08\/MAYBACH_03-222x300.png 222w, https:\/\/lignesauto.fr\/wp-content\/uploads\/2021\/08\/MAYBACH_03-768x1039.png 768w, https:\/\/lignesauto.fr\/wp-content\/uploads\/2021\/08\/MAYBACH_03-1135x1536.png 1135w, https:\/\/lignesauto.fr\/wp-content\/uploads\/2021\/08\/MAYBACH_03.png 1417w\" sizes=\"(max-width: 757px) 100vw, 757px\" \/><\/figure>\n\n\n\n<p style=\"font-size:18px\">Qu&#8217;en est-il  du concept Coup\u00e9 -C (pour Le Corbusier&#8230;) de Renault ? (ci-dessous) Il s&#8217;inspire plut\u00f4t des grandes malles que Gabriel Voisin (ami de Le Corbusier) posait sur les marchepieds de ses Avions Voisin dans les ann\u00e9es 1920. Ainsi, l&#8217;espace de rangement est situ\u00e9 en profondeur dans les longues ailes avant !<\/p>\n\n\n\n<figure class=\"wp-block-image size-large\"><img loading=\"lazy\" decoding=\"async\" width=\"1024\" height=\"767\" src=\"http:\/\/lignesauto.fr\/wp-content\/uploads\/2021\/08\/LECORBUSIER_01-1024x767.jpg\" alt=\"\" class=\"wp-image-22721\" srcset=\"https:\/\/lignesauto.fr\/wp-content\/uploads\/2021\/08\/LECORBUSIER_01-1024x767.jpg 1024w, https:\/\/lignesauto.fr\/wp-content\/uploads\/2021\/08\/LECORBUSIER_01-300x225.jpg 300w, https:\/\/lignesauto.fr\/wp-content\/uploads\/2021\/08\/LECORBUSIER_01-768x576.jpg 768w, https:\/\/lignesauto.fr\/wp-content\/uploads\/2021\/08\/LECORBUSIER_01.jpg 1417w\" sizes=\"(max-width: 1024px) 100vw, 1024px\" \/><\/figure>\n\n\n\n<figure class=\"wp-block-image size-large\"><img loading=\"lazy\" decoding=\"async\" width=\"1024\" height=\"350\" src=\"http:\/\/lignesauto.fr\/wp-content\/uploads\/2021\/08\/LECORBUSIER_03-1024x350.jpg\" alt=\"\" class=\"wp-image-22720\" srcset=\"https:\/\/lignesauto.fr\/wp-content\/uploads\/2021\/08\/LECORBUSIER_03-1024x350.jpg 1024w, https:\/\/lignesauto.fr\/wp-content\/uploads\/2021\/08\/LECORBUSIER_03-300x102.jpg 300w, https:\/\/lignesauto.fr\/wp-content\/uploads\/2021\/08\/LECORBUSIER_03-768x262.jpg 768w, https:\/\/lignesauto.fr\/wp-content\/uploads\/2021\/08\/LECORBUSIER_03.jpg 1417w\" sizes=\"(max-width: 1024px) 100vw, 1024px\" \/><\/figure>\n\n\n\n<p style=\"font-size:18px\">Sur la Renault TreZor de 2016, c&#8217;est une troisi\u00e8me architecture que l&#8217;on d\u00e9couvre avec deux emplacements pour les valises situ\u00e9s au-dessus des jambes des deux occupants ! Les bagages d\u00e9di\u00e9s \u00e0 ces logements prennent place dans le corps de planche de bord, ci-dessous.<\/p>\n\n\n\n<figure class=\"wp-block-image size-large\"><img loading=\"lazy\" decoding=\"async\" width=\"1024\" height=\"576\" src=\"http:\/\/lignesauto.fr\/wp-content\/uploads\/2021\/08\/LIGNES_TREZOR_04-1024x576.jpg\" alt=\"\" class=\"wp-image-22725\" srcset=\"https:\/\/lignesauto.fr\/wp-content\/uploads\/2021\/08\/LIGNES_TREZOR_04-1024x576.jpg 1024w, https:\/\/lignesauto.fr\/wp-content\/uploads\/2021\/08\/LIGNES_TREZOR_04-300x169.jpg 300w, https:\/\/lignesauto.fr\/wp-content\/uploads\/2021\/08\/LIGNES_TREZOR_04-768x432.jpg 768w, https:\/\/lignesauto.fr\/wp-content\/uploads\/2021\/08\/LIGNES_TREZOR_04.jpg 1417w\" sizes=\"(max-width: 1024px) 100vw, 1024px\" \/><\/figure>\n\n\n\n<p style=\"font-size:18px\">Comme la Renault TreZor est dot\u00e9e d&#8217;une verri\u00e8re qui bascule de l&#8217;arri\u00e8re vers l&#8217;avant, il est facile d&#8217;acc\u00e9der \u00e0 vos valises par le dessus de la coque. D\u00e9cid\u00e9ment, vous ne pensiez pas que les designers se creusaient la cervelle pour loger vos bagages ! Vous ne les regarderez plus du m\u00eame \u0153il (les designers, pas vos valises !)<\/p>\n\n\n\n<figure class=\"wp-block-image size-large\"><img loading=\"lazy\" decoding=\"async\" width=\"1024\" height=\"576\" src=\"http:\/\/lignesauto.fr\/wp-content\/uploads\/2021\/08\/LIGNES_TREZOR_03-1024x576.jpg\" alt=\"\" class=\"wp-image-22727\" srcset=\"https:\/\/lignesauto.fr\/wp-content\/uploads\/2021\/08\/LIGNES_TREZOR_03-1024x576.jpg 1024w, https:\/\/lignesauto.fr\/wp-content\/uploads\/2021\/08\/LIGNES_TREZOR_03-300x169.jpg 300w, https:\/\/lignesauto.fr\/wp-content\/uploads\/2021\/08\/LIGNES_TREZOR_03-768x432.jpg 768w, https:\/\/lignesauto.fr\/wp-content\/uploads\/2021\/08\/LIGNES_TREZOR_03.jpg 1417w\" sizes=\"(max-width: 1024px) 100vw, 1024px\" \/><\/figure>\n\n\n\n<p style=\"font-size:18px\">A bord de l&#8217;Audi Skysphere, il existe donc deux architectures de planche de bord, selon que cette derni\u00e8re est d\u00e9ploy\u00e9e ou non. Ci-dessous, on la voit dans sa configuration &#8220;sport&#8221; avec l&#8217;empattement court.<\/p>\n\n\n\n<figure class=\"wp-block-image size-large\"><img loading=\"lazy\" decoding=\"async\" width=\"1024\" height=\"768\" src=\"http:\/\/lignesauto.fr\/wp-content\/uploads\/2021\/08\/AUDI_04-1024x768.jpg\" alt=\"\" class=\"wp-image-22724\" srcset=\"https:\/\/lignesauto.fr\/wp-content\/uploads\/2021\/08\/AUDI_04-1024x768.jpg 1024w, https:\/\/lignesauto.fr\/wp-content\/uploads\/2021\/08\/AUDI_04-300x225.jpg 300w, https:\/\/lignesauto.fr\/wp-content\/uploads\/2021\/08\/AUDI_04-768x576.jpg 768w, https:\/\/lignesauto.fr\/wp-content\/uploads\/2021\/08\/AUDI_04.jpg 1417w\" sizes=\"(max-width: 1024px) 100vw, 1024px\" \/><\/figure>\n\n\n\n<p style=\"font-size:18px\">En version &#8220;lounge et autonome&#8221; ci-dessous, on d\u00e9couvre dans la console allong\u00e9e un r\u00e9ceptacle pour une bouteille de champagne et deux coupes ! Voil\u00e0 que l&#8217;Audi se prend pour une Rolls Royce Boat Tail !<\/p>\n\n\n\n<figure class=\"wp-block-image size-large\"><img loading=\"lazy\" decoding=\"async\" width=\"1024\" height=\"614\" src=\"http:\/\/lignesauto.fr\/wp-content\/uploads\/2021\/08\/AUDI_07-1024x614.jpg\" alt=\"\" class=\"wp-image-22744\" srcset=\"https:\/\/lignesauto.fr\/wp-content\/uploads\/2021\/08\/AUDI_07-1024x614.jpg 1024w, https:\/\/lignesauto.fr\/wp-content\/uploads\/2021\/08\/AUDI_07-300x180.jpg 300w, https:\/\/lignesauto.fr\/wp-content\/uploads\/2021\/08\/AUDI_07-768x461.jpg 768w, https:\/\/lignesauto.fr\/wp-content\/uploads\/2021\/08\/AUDI_07.jpg 1417w\" sizes=\"(max-width: 1024px) 100vw, 1024px\" \/><\/figure>\n\n\n\n<p style=\"font-size:18px\">La Maybach aussi songe \u00e0 rafra\u00eechir les heureux passagers de la Vison-6 avec, \u00e0 l&#8217;arri\u00e8re, un petit frigo avec DEUX bouteilles et, \u00e0 l&#8217;avant, en plus des deux immenses valises, tout le n\u00e9cessaire pour un pique-nique : couverts, plats et m\u00eame parapluie&#8230;<\/p>\n\n\n\n<figure class=\"wp-block-image size-large\"><img loading=\"lazy\" decoding=\"async\" width=\"1024\" height=\"907\" src=\"http:\/\/lignesauto.fr\/wp-content\/uploads\/2021\/08\/LIGNES_01-1024x907.png\" alt=\"\" class=\"wp-image-22708\" srcset=\"https:\/\/lignesauto.fr\/wp-content\/uploads\/2021\/08\/LIGNES_01-1024x907.png 1024w, https:\/\/lignesauto.fr\/wp-content\/uploads\/2021\/08\/LIGNES_01-300x266.png 300w, https:\/\/lignesauto.fr\/wp-content\/uploads\/2021\/08\/LIGNES_01-768x680.png 768w, https:\/\/lignesauto.fr\/wp-content\/uploads\/2021\/08\/LIGNES_01.png 1417w\" sizes=\"(max-width: 1024px) 100vw, 1024px\" \/><\/figure>\n\n\n\n<figure class=\"wp-block-image size-large\"><img loading=\"lazy\" decoding=\"async\" width=\"1024\" height=\"614\" src=\"http:\/\/lignesauto.fr\/wp-content\/uploads\/2021\/08\/MAYBACH_08-1024x614.jpg\" alt=\"\" class=\"wp-image-22722\" srcset=\"https:\/\/lignesauto.fr\/wp-content\/uploads\/2021\/08\/MAYBACH_08-1024x614.jpg 1024w, https:\/\/lignesauto.fr\/wp-content\/uploads\/2021\/08\/MAYBACH_08-300x180.jpg 300w, https:\/\/lignesauto.fr\/wp-content\/uploads\/2021\/08\/MAYBACH_08-768x460.jpg 768w, https:\/\/lignesauto.fr\/wp-content\/uploads\/2021\/08\/MAYBACH_08.jpg 1417w\" sizes=\"(max-width: 1024px) 100vw, 1024px\" \/><\/figure>\n\n\n\n<p style=\"font-size:18px\">Et Renault ? Les designers n&#8217;ont pas pr\u00e9vu de champagne en tous les cas. En revanche, le Coup\u00e9-C a pour lui l&#8217;exclusivit\u00e9 du titre de <em>leader<\/em> puisqu&#8217;il est apparu bien avant ses trois rivales (ci-dessous)<\/p>\n\n\n\n<figure class=\"wp-block-image size-large\"><img loading=\"lazy\" decoding=\"async\" width=\"1024\" height=\"768\" src=\"http:\/\/lignesauto.fr\/wp-content\/uploads\/2021\/08\/LIGNES_TREZOR_02-1024x768.jpg\" alt=\"\" class=\"wp-image-22712\" srcset=\"https:\/\/lignesauto.fr\/wp-content\/uploads\/2021\/08\/LIGNES_TREZOR_02-1024x768.jpg 1024w, https:\/\/lignesauto.fr\/wp-content\/uploads\/2021\/08\/LIGNES_TREZOR_02-300x225.jpg 300w, https:\/\/lignesauto.fr\/wp-content\/uploads\/2021\/08\/LIGNES_TREZOR_02-768x576.jpg 768w, https:\/\/lignesauto.fr\/wp-content\/uploads\/2021\/08\/LIGNES_TREZOR_02.jpg 1417w\" sizes=\"(max-width: 1024px) 100vw, 1024px\" \/><\/figure>\n\n\n\n<p style=\"font-size:18px\">Finalement, le concept Audi est magnifique (on l&#8217;aime, oui&#8230;), valide la conception num\u00e9rique entre deux studios s\u00e9par\u00e9s par un oc\u00e9an (merci au syst\u00e8me de r\u00e9alit\u00e9 virtuelle avec mode collaboratif ) et confirme que les architectures \u00e9lectriques vont r\u00e9volutionner celles de nos futures voitures.<\/p>\n\n\n\n<figure class=\"wp-block-image size-large\"><img loading=\"lazy\" decoding=\"async\" width=\"1024\" height=\"576\" src=\"http:\/\/lignesauto.fr\/wp-content\/uploads\/2021\/08\/AUDI_03-1024x576.jpg\" alt=\"\" class=\"wp-image-22728\" srcset=\"https:\/\/lignesauto.fr\/wp-content\/uploads\/2021\/08\/AUDI_03-1024x576.jpg 1024w, https:\/\/lignesauto.fr\/wp-content\/uploads\/2021\/08\/AUDI_03-300x169.jpg 300w, https:\/\/lignesauto.fr\/wp-content\/uploads\/2021\/08\/AUDI_03-768x432.jpg 768w, https:\/\/lignesauto.fr\/wp-content\/uploads\/2021\/08\/AUDI_03.jpg 1417w\" sizes=\"(max-width: 1024px) 100vw, 1024px\" \/><\/figure>\n\n\n\n<p style=\"font-size:18px\">MAIS, car il y a un mais : il s&#8217;allonge comme une Renault Morphoz de 2019, loge ses bagages comme \u00e0 bord de la Maybach ou de la TreZor, change d&#8217;univers entre son mode de d\u00e9l\u00e9gation de conduite ou pilotage, comme sur la Peugeot Instinct, plagie le dessin de la poupe du concept-car Renault TreZor et ouvre ses portes comme celles d&#8217;une Rolls&#8230; Sans doute ses deux fr\u00e8res (Grandsphere et Urbansphere) qui l&#8217;accompagneront d&#8217;ici l&#8217;an prochain feront-ils moins r\u00eaver, mais apporteront des innovations plus concr\u00e8tes.<\/p>\n\n\n\n<figure class=\"wp-block-image size-large\"><img loading=\"lazy\" decoding=\"async\" width=\"1024\" height=\"395\" src=\"http:\/\/lignesauto.fr\/wp-content\/uploads\/2021\/08\/LIGNES_00-1-1024x395.png\" alt=\"\" class=\"wp-image-22729\" srcset=\"https:\/\/lignesauto.fr\/wp-content\/uploads\/2021\/08\/LIGNES_00-1-1024x395.png 1024w, https:\/\/lignesauto.fr\/wp-content\/uploads\/2021\/08\/LIGNES_00-1-300x116.png 300w, https:\/\/lignesauto.fr\/wp-content\/uploads\/2021\/08\/LIGNES_00-1-768x296.png 768w, https:\/\/lignesauto.fr\/wp-content\/uploads\/2021\/08\/LIGNES_00-1.png 1417w\" sizes=\"(max-width: 1024px) 100vw, 1024px\" \/><\/figure>\n\n\n\n<div class=\"wp-block-image\"><figure class=\"aligncenter size-large is-resized\"><img loading=\"lazy\" decoding=\"async\" src=\"http:\/\/lignesauto.fr\/wp-content\/uploads\/2018\/10\/LOGOActus_BD-1024x367.jpg\" alt=\"\" class=\"wp-image-4921\" width=\"418\" height=\"149\" srcset=\"https:\/\/lignesauto.fr\/wp-content\/uploads\/2018\/10\/LOGOActus_BD-1024x367.jpg 1024w, https:\/\/lignesauto.fr\/wp-content\/uploads\/2018\/10\/LOGOActus_BD-300x108.jpg 300w, https:\/\/lignesauto.fr\/wp-content\/uploads\/2018\/10\/LOGOActus_BD-768x276.jpg 768w, https:\/\/lignesauto.fr\/wp-content\/uploads\/2018\/10\/LOGOActus_BD-370x133.jpg 370w, https:\/\/lignesauto.fr\/wp-content\/uploads\/2018\/10\/LOGOActus_BD-1040x373.jpg 1040w, https:\/\/lignesauto.fr\/wp-content\/uploads\/2018\/10\/LOGOActus_BD.jpg 1240w\" sizes=\"(max-width: 418px) 100vw, 418px\" \/><\/figure><\/div>\n","protected":false},"excerpt":{"rendered":"<p>Audi pr\u00e9sente le premier concept-cars d&#8217;une trilogie qui offrira demain, en plus de ce grand coup\u00e9 Skysphere, un SUV et une berline au gabarit g\u00e9n\u00e9reux. Ce premier exercice s&#8217;engouffre dans la voie du coup\u00e9 luxueux qui veut red\u00e9finir les bases de ce concept pour les ann\u00e9es futures. Inspir\u00e9e de la [&hellip;]<\/p>\n","protected":false},"author":1,"featured_media":22706,"comment_status":"open","ping_status":"open","sticky":false,"template":"","format":"standard","meta":{"footnotes":""},"categories":[1],"tags":[],"_links":{"self":[{"href":"https:\/\/lignesauto.fr\/index.php?rest_route=\/wp\/v2\/posts\/22704"}],"collection":[{"href":"https:\/\/lignesauto.fr\/index.php?rest_route=\/wp\/v2\/posts"}],"about":[{"href":"https:\/\/lignesauto.fr\/index.php?rest_route=\/wp\/v2\/types\/post"}],"author":[{"embeddable":true,"href":"https:\/\/lignesauto.fr\/index.php?rest_route=\/wp\/v2\/users\/1"}],"replies":[{"embeddable":true,"href":"https:\/\/lignesauto.fr\/index.php?rest_route=%2Fwp%2Fv2%2Fcomments&post=22704"}],"version-history":[{"count":44,"href":"https:\/\/lignesauto.fr\/index.php?rest_route=\/wp\/v2\/posts\/22704\/revisions"}],"predecessor-version":[{"id":22794,"href":"https:\/\/lignesauto.fr\/index.php?rest_route=\/wp\/v2\/posts\/22704\/revisions\/22794"}],"wp:featuredmedia":[{"embeddable":true,"href":"https:\/\/lignesauto.fr\/index.php?rest_route=\/wp\/v2\/media\/22706"}],"wp:attachment":[{"href":"https:\/\/lignesauto.fr\/index.php?rest_route=%2Fwp%2Fv2%2Fmedia&parent=22704"}],"wp:term":[{"taxonomy":"category","embeddable":true,"href":"https:\/\/lignesauto.fr\/index.php?rest_route=%2Fwp%2Fv2%2Fcategories&post=22704"},{"taxonomy":"post_tag","embeddable":true,"href":"https:\/\/lignesauto.fr\/index.php?rest_route=%2Fwp%2Fv2%2Ftags&post=22704"}],"curies":[{"name":"wp","href":"https:\/\/api.w.org\/{rel}","templated":true}]}}