{"id":22870,"date":"2022-01-19T09:06:00","date_gmt":"2022-01-19T08:06:00","guid":{"rendered":"http:\/\/lignesauto.fr\/?p=22870"},"modified":"2022-02-12T18:59:44","modified_gmt":"2022-02-12T17:59:44","slug":"design-renault-megane-e-tech-electric-face-a-la-vw-id-3","status":"publish","type":"post","link":"https:\/\/lignesauto.fr\/?p=22870","title":{"rendered":"DESIGN : Renault M\u00e9gane E-TECH Electric face \u00e0 la VW ID.3"},"content":{"rendered":"\n<div class=\"wp-block-image\"><figure class=\"aligncenter size-large is-resized\"><img loading=\"lazy\" decoding=\"async\" src=\"http:\/\/lignesauto.fr\/wp-content\/uploads\/2018\/10\/LOGOActus_BD-1024x367.jpg\" alt=\"\" class=\"wp-image-4921\" width=\"399\" height=\"142\" srcset=\"https:\/\/lignesauto.fr\/wp-content\/uploads\/2018\/10\/LOGOActus_BD-1024x367.jpg 1024w, https:\/\/lignesauto.fr\/wp-content\/uploads\/2018\/10\/LOGOActus_BD-300x108.jpg 300w, https:\/\/lignesauto.fr\/wp-content\/uploads\/2018\/10\/LOGOActus_BD-768x276.jpg 768w, https:\/\/lignesauto.fr\/wp-content\/uploads\/2018\/10\/LOGOActus_BD-370x133.jpg 370w, https:\/\/lignesauto.fr\/wp-content\/uploads\/2018\/10\/LOGOActus_BD-1040x373.jpg 1040w, https:\/\/lignesauto.fr\/wp-content\/uploads\/2018\/10\/LOGOActus_BD.jpg 1240w\" sizes=\"(max-width: 399px) 100vw, 399px\" \/><\/figure><\/div>\n\n\n\n<p style=\"font-size:18px\">La Renault M\u00e9gane E-TECH Electric qui sera commercialis\u00e9e \u00e0 partir de mars 2022 est 100% \u00e9lectrique. Elle sera pendant quelques temps \u00e9paul\u00e9e par l&#8217;actuelle M\u00e9gane thermique (notamment avec sa motorisation hybride rechargeable) et propose deux puissances (130 et 218 ch) et deux packs batteries (40 et 60 kWh). L&#8217;autonomie varie ainsi de 300 \u00e0 450 km.<\/p>\n\n\n\n<figure class=\"wp-block-image size-large\"><img loading=\"lazy\" decoding=\"async\" width=\"1024\" height=\"683\" src=\"http:\/\/lignesauto.fr\/wp-content\/uploads\/2021\/09\/1_URBAN_PICTURES_RENAULT_MEGANE_E-TECH_ELECTRIQUE_REVEAL_EMBARGO_SEPTEMBER_6_09.05_am_PARIS_TIME-1024x683.jpg\" alt=\"\" class=\"wp-image-22902\" srcset=\"https:\/\/lignesauto.fr\/wp-content\/uploads\/2021\/09\/1_URBAN_PICTURES_RENAULT_MEGANE_E-TECH_ELECTRIQUE_REVEAL_EMBARGO_SEPTEMBER_6_09.05_am_PARIS_TIME-1024x683.jpg 1024w, https:\/\/lignesauto.fr\/wp-content\/uploads\/2021\/09\/1_URBAN_PICTURES_RENAULT_MEGANE_E-TECH_ELECTRIQUE_REVEAL_EMBARGO_SEPTEMBER_6_09.05_am_PARIS_TIME-300x200.jpg 300w, https:\/\/lignesauto.fr\/wp-content\/uploads\/2021\/09\/1_URBAN_PICTURES_RENAULT_MEGANE_E-TECH_ELECTRIQUE_REVEAL_EMBARGO_SEPTEMBER_6_09.05_am_PARIS_TIME-768x512.jpg 768w, https:\/\/lignesauto.fr\/wp-content\/uploads\/2021\/09\/1_URBAN_PICTURES_RENAULT_MEGANE_E-TECH_ELECTRIQUE_REVEAL_EMBARGO_SEPTEMBER_6_09.05_am_PARIS_TIME.jpg 1417w\" sizes=\"(max-width: 1024px) 100vw, 1024px\" \/><\/figure>\n\n\n\n<p style=\"font-size:18px\">Avec ses 4,21 m, elle est plus courte que la g\u00e9n\u00e9ration actuelle mais dispose de plus d&#8217;habitabilit\u00e9 gr\u00e2ce \u00e0 l&#8217;architecture \u00e9lectrique qui offre un pack batteries implant\u00e9 dans le plancher et une machine \u00e9lectrique tr\u00e8s compacte. A la diff\u00e9rence de la majorit\u00e9 de ses rivales, la M\u00e9gane E-TECH Electric positionne son moteur \u00e0 l&#8217;avant et elle reste donc une traction.<\/p>\n\n\n\n<h2 class=\"wp-block-heading\" id=\"face-a-la-volkswagen-id-3\"><strong>FACE A LA VOLKSWAGEN ID.3<\/strong><\/h2>\n\n\n\n<figure class=\"wp-block-image size-large\"><img loading=\"lazy\" decoding=\"async\" width=\"976\" height=\"1024\" src=\"http:\/\/lignesauto.fr\/wp-content\/uploads\/2021\/09\/Capture-de\u0301cran-2021-08-31-a\u0300-16.11.50-976x1024.png\" alt=\"\" class=\"wp-image-22875\" srcset=\"https:\/\/lignesauto.fr\/wp-content\/uploads\/2021\/09\/Capture-de\u0301cran-2021-08-31-a\u0300-16.11.50-976x1024.png 976w, https:\/\/lignesauto.fr\/wp-content\/uploads\/2021\/09\/Capture-de\u0301cran-2021-08-31-a\u0300-16.11.50-286x300.png 286w, https:\/\/lignesauto.fr\/wp-content\/uploads\/2021\/09\/Capture-de\u0301cran-2021-08-31-a\u0300-16.11.50-768x806.png 768w, https:\/\/lignesauto.fr\/wp-content\/uploads\/2021\/09\/Capture-de\u0301cran-2021-08-31-a\u0300-16.11.50-1464x1536.png 1464w, https:\/\/lignesauto.fr\/wp-content\/uploads\/2021\/09\/Capture-de\u0301cran-2021-08-31-a\u0300-16.11.50.png 1666w\" sizes=\"(max-width: 976px) 100vw, 976px\" \/><figcaption><strong>En termes de style pur, les deux bellig\u00e9rantes n&#8217;ont pas grand-chose en commun : travail du d\u00e9tail plus pouss\u00e9 sur la M\u00e9gane, objet brut et plut\u00f4t lisse pour l&#8217;ID.3.<\/strong><\/figcaption><\/figure>\n\n\n\n<p style=\"font-size:18px\">Laissons de c\u00f4t\u00e9 l&#8217;aspect technique, que d&#8217;autres sites d\u00e9tailleront volontiers, pour nous pencher sur l&#8217;aspect design, au sens large du terme. Face \u00e0 la VW, la M\u00e9gane repose sur un concept bien plus automobile, avec un long capot moteur et une posture basse, alors que la Volkswagen joue plut\u00f4t le registre du monovolume avec une large vitre en amont de la porte avant, comme sur les monospaces. R\u00e9sultat, la Fran\u00e7aise est moins haute (1,50 m) que l&#8217;Allemande (1,57 m). Au b\u00e9n\u00e9fice sans doute des rejets de C02.<\/p>\n\n\n\n<h2 class=\"wp-block-heading\" id=\"quatre-points-de-convergence-et-divergence\"><strong>Quatre points de convergence et&#8230; divergence !<\/strong><\/h2>\n\n\n\n<p style=\"font-size:18px\"><strong>En 1<\/strong>, malgr\u00e9 leur th\u00e8me architectural diff\u00e9rent, les deux voitures disposent d&#8217;un pare-brise tombant pratiquement au m\u00eame endroit par rapport \u00e0 l&#8217;axe des roues avant. Mais, <strong>en 2<\/strong>, le volant est implant\u00e9 plus en arri\u00e8re sur la VW. <strong>En 3<\/strong>, la VW se rattrape en volume \u00e0 bord gr\u00e2ce \u00e0 un empattement de 2,77 m contre 2,68 \u00e0 la M\u00e9gane. <\/p>\n\n\n\n<figure class=\"wp-block-image size-large\"><img loading=\"lazy\" decoding=\"async\" width=\"1024\" height=\"796\" src=\"http:\/\/lignesauto.fr\/wp-content\/uploads\/2021\/09\/LIGNES_01-1024x796.png\" alt=\"\" class=\"wp-image-22874\" srcset=\"https:\/\/lignesauto.fr\/wp-content\/uploads\/2021\/09\/LIGNES_01-1024x796.png 1024w, https:\/\/lignesauto.fr\/wp-content\/uploads\/2021\/09\/LIGNES_01-300x233.png 300w, https:\/\/lignesauto.fr\/wp-content\/uploads\/2021\/09\/LIGNES_01-768x597.png 768w, https:\/\/lignesauto.fr\/wp-content\/uploads\/2021\/09\/LIGNES_01.png 1417w\" sizes=\"(max-width: 1024px) 100vw, 1024px\" \/><\/figure>\n\n\n\n<p style=\"font-size:18px\"><strong>En 4 (ligne verte)<\/strong>, on note que la recherche a\u00e9rodynamique n&#8217;offre pas beaucoup de latitude avec les m\u00eames astuces retenues : pavillon fuyant et long becquet arri\u00e8re. Sur ce plan, les deux rivales sont parfaitement identiques !<\/p>\n\n\n\n<h2 class=\"wp-block-heading\" id=\"un-traitement-des-volumes-tres-different\"><strong>Un traitement des volumes tr\u00e8s diff\u00e9rent<\/strong><\/h2>\n\n\n\n<figure class=\"wp-block-image size-large\"><img loading=\"lazy\" decoding=\"async\" width=\"1024\" height=\"1024\" src=\"http:\/\/lignesauto.fr\/wp-content\/uploads\/2021\/09\/Capture-de\u0301cran-2021-08-31-a\u0300-16.14.54-1024x1024.png\" alt=\"\" class=\"wp-image-22876\" srcset=\"https:\/\/lignesauto.fr\/wp-content\/uploads\/2021\/09\/Capture-de\u0301cran-2021-08-31-a\u0300-16.14.54-1024x1024.png 1024w, https:\/\/lignesauto.fr\/wp-content\/uploads\/2021\/09\/Capture-de\u0301cran-2021-08-31-a\u0300-16.14.54-300x300.png 300w, https:\/\/lignesauto.fr\/wp-content\/uploads\/2021\/09\/Capture-de\u0301cran-2021-08-31-a\u0300-16.14.54-150x150.png 150w, https:\/\/lignesauto.fr\/wp-content\/uploads\/2021\/09\/Capture-de\u0301cran-2021-08-31-a\u0300-16.14.54-768x769.png 768w, https:\/\/lignesauto.fr\/wp-content\/uploads\/2021\/09\/Capture-de\u0301cran-2021-08-31-a\u0300-16.14.54-1534x1536.png 1534w, https:\/\/lignesauto.fr\/wp-content\/uploads\/2021\/09\/Capture-de\u0301cran-2021-08-31-a\u0300-16.14.54.png 1742w\" sizes=\"(max-width: 1024px) 100vw, 1024px\" \/><\/figure>\n\n\n\n<p style=\"font-size:18px\">Ci-dessus, on note deux strat\u00e9gies diff\u00e9rentes : une volont\u00e9 de proposer un objet hors des codes automobiles avec l&#8217;Allemande. Ses flancs sont pratiquement &#8220;trouss\u00e9s&#8221; comme dans les ann\u00e9es 1960, sans gros travail de modelage, la s\u00e9rigraphie du panneau arri\u00e8re fait &#8220;techno&#8221; alors que le hayon quasiment int\u00e9gralement vitr\u00e9 et noir renvoie plut\u00f4t \u00e0 l&#8217;univers des plus petites voitures (108, Aygo, etc.) On per\u00e7oit avec la M\u00e9gane un travail de modelage bien plus cons\u00e9quent et un volume qui reste tout \u00e0 fait dans l&#8217;univers automobile. Les poign\u00e9es sont affleurantes \u00e0 l&#8217;avant et cach\u00e9es dans le montant \u00e0 l&#8217;arri\u00e8re. La Renault fait plus statutaire.<\/p>\n\n\n\n<h2 class=\"wp-block-heading\" id=\"identites-renouvelees\"><strong>Identit\u00e9s renouvel\u00e9es<\/strong><\/h2>\n\n\n\n<p style=\"font-size:18px\">Les deux nouveaut\u00e9s ont int\u00e9gr\u00e9 le nouveau logo de leur marque. Chez Volkswagen, il est encadr\u00e9 d&#8217;un rail de lumi\u00e8re qui se prolonge jusqu&#8217;aux optiques plus g\u00e9n\u00e9reuses en taille que celles de la M\u00e9gane.<\/p>\n\n\n\n<figure class=\"wp-block-image size-large\"><img loading=\"lazy\" decoding=\"async\" width=\"673\" height=\"1024\" src=\"http:\/\/lignesauto.fr\/wp-content\/uploads\/2021\/09\/Capture-de\u0301cran-2021-08-31-a\u0300-16.17.11-673x1024.png\" alt=\"\" class=\"wp-image-22877\" srcset=\"https:\/\/lignesauto.fr\/wp-content\/uploads\/2021\/09\/Capture-de\u0301cran-2021-08-31-a\u0300-16.17.11-673x1024.png 673w, https:\/\/lignesauto.fr\/wp-content\/uploads\/2021\/09\/Capture-de\u0301cran-2021-08-31-a\u0300-16.17.11-197x300.png 197w, https:\/\/lignesauto.fr\/wp-content\/uploads\/2021\/09\/Capture-de\u0301cran-2021-08-31-a\u0300-16.17.11-768x1168.png 768w, https:\/\/lignesauto.fr\/wp-content\/uploads\/2021\/09\/Capture-de\u0301cran-2021-08-31-a\u0300-16.17.11-1010x1536.png 1010w, https:\/\/lignesauto.fr\/wp-content\/uploads\/2021\/09\/Capture-de\u0301cran-2021-08-31-a\u0300-16.17.11.png 1072w\" sizes=\"(max-width: 673px) 100vw, 673px\" \/><\/figure>\n\n\n\n<p style=\"font-size:18px\">Cette derni\u00e8re inaugure \u00e9galement le nouveau logo dans des proportions plus importantes que sur la VW. La Renault opte pour un capot coiffant (et tr\u00e8s model\u00e9) alors que l&#8217;ID.3 a choisi la voie de la difficult\u00e9 avec un capot de type &#8220;carrossier&#8221; et presque plat. Quant \u00e0 la masse noire \u00e0 la base du pare-brise de la VW, elle raccourcit visuellement la longueur du capot, ce n&#8217;est pas forc\u00e9ment l&#8217;id\u00e9al pour le segment vis\u00e9.<\/p>\n\n\n\n<h2 class=\"wp-block-heading\" id=\"quand-le-style-passe-par-l-architecture\"><strong>Quand le style passe par l&#8217;architecture<\/strong><\/h2>\n\n\n\n<p style=\"font-size:18px\">La M\u00e9gane inaugure chez Renault la plateforme d\u00e9di\u00e9e au 100% \u00e9lectrique. Nissan l&#8217;a pr\u00e9c\u00e9d\u00e9e avec l&#8217;Ariya. L&#8217;ID.3 en son temps a fait de m\u00eame avec la plateforme MEB, soubassement qui a depuis accueilli une multitude de silhouettes (ID.4, ID.5, Q4 e-tron, etc.). Principales diff\u00e9rences entre les deux, les batteries ne font que 11 cm d&#8217;\u00e9paisseur sur la plateforme Renault et son moteur est implant\u00e9 \u00e0 l&#8217;avant. C&#8217;est une traction alors que l&#8217;ID.3 est comme une&#8230; Coccinelle, \u00e0 moteur arri\u00e8re. <\/p>\n\n\n\n<figure class=\"wp-block-image size-large\"><img loading=\"lazy\" decoding=\"async\" width=\"1024\" height=\"756\" src=\"http:\/\/lignesauto.fr\/wp-content\/uploads\/2021\/09\/LIGNES_03-1024x756.png\" alt=\"\" class=\"wp-image-22879\" srcset=\"https:\/\/lignesauto.fr\/wp-content\/uploads\/2021\/09\/LIGNES_03-1024x756.png 1024w, https:\/\/lignesauto.fr\/wp-content\/uploads\/2021\/09\/LIGNES_03-300x221.png 300w, https:\/\/lignesauto.fr\/wp-content\/uploads\/2021\/09\/LIGNES_03-768x567.png 768w, https:\/\/lignesauto.fr\/wp-content\/uploads\/2021\/09\/LIGNES_03.png 1417w\" sizes=\"(max-width: 1024px) 100vw, 1024px\" \/><\/figure>\n\n\n\n<p style=\"font-size:18px\">\u00c9videmment, l&#8217;\u00e9lectronique aide \u00e0 trouver le comportement id\u00e9al sur les deux voitures, mais le volume du coffre en p\u00e2ti sur l&#8217;Allemande (385 l vs 440 l). On remarque sur les dessins techniques ci-dessous la sur\u00e9l\u00e9vation du plancher de coffre sur l&#8217;ID.3 face \u00e0 la M\u00e9gane et son plancher arri\u00e8re totalement plat.<\/p>\n\n\n\n<figure class=\"wp-block-image size-large\"><img loading=\"lazy\" decoding=\"async\" width=\"800\" height=\"1024\" src=\"http:\/\/lignesauto.fr\/wp-content\/uploads\/2021\/09\/LIGNES_02-800x1024.png\" alt=\"\" class=\"wp-image-22878\" srcset=\"https:\/\/lignesauto.fr\/wp-content\/uploads\/2021\/09\/LIGNES_02-800x1024.png 800w, https:\/\/lignesauto.fr\/wp-content\/uploads\/2021\/09\/LIGNES_02-234x300.png 234w, https:\/\/lignesauto.fr\/wp-content\/uploads\/2021\/09\/LIGNES_02-768x983.png 768w, https:\/\/lignesauto.fr\/wp-content\/uploads\/2021\/09\/LIGNES_02-1200x1536.png 1200w, https:\/\/lignesauto.fr\/wp-content\/uploads\/2021\/09\/LIGNES_02.png 1417w\" sizes=\"(max-width: 800px) 100vw, 800px\" \/><\/figure>\n\n\n\n<h2 class=\"wp-block-heading\" id=\"a-bord-un-monde-d-ecart\"><strong>A bord, un monde d&#8217;\u00e9cart<\/strong><\/h2>\n\n\n\n<p style=\"font-size:18px\">Les deux \u00e9crans s\u00e9par\u00e9s sur l&#8217;ID.3 ne sont pas int\u00e9gr\u00e9s au corps de planche. Ceux de la M\u00e9gane inaugurent le concept Open R en forme de L invers\u00e9 et regroupent toutes les infos en un seul \u00e9l\u00e9ment. Quant au dessin des contre-portes et leur habillage, les deux constructeurs ont choisi des voies diff\u00e9rentes : minimaliste sur la Volkswagen, plut\u00f4t premium dans la Renault.<\/p>\n\n\n\n<figure class=\"wp-block-image size-large\"><img loading=\"lazy\" decoding=\"async\" width=\"706\" height=\"1024\" src=\"http:\/\/lignesauto.fr\/wp-content\/uploads\/2021\/09\/LIGNES_04-706x1024.png\" alt=\"\" class=\"wp-image-22880\" srcset=\"https:\/\/lignesauto.fr\/wp-content\/uploads\/2021\/09\/LIGNES_04-706x1024.png 706w, https:\/\/lignesauto.fr\/wp-content\/uploads\/2021\/09\/LIGNES_04-207x300.png 207w, https:\/\/lignesauto.fr\/wp-content\/uploads\/2021\/09\/LIGNES_04-768x1113.png 768w, https:\/\/lignesauto.fr\/wp-content\/uploads\/2021\/09\/LIGNES_04-1060x1536.png 1060w, https:\/\/lignesauto.fr\/wp-content\/uploads\/2021\/09\/LIGNES_04-1413x2048.png 1413w, https:\/\/lignesauto.fr\/wp-content\/uploads\/2021\/09\/LIGNES_04.png 1417w\" sizes=\"(max-width: 706px) 100vw, 706px\" \/><\/figure>\n\n\n\n<figure class=\"wp-block-image size-large\"><img loading=\"lazy\" decoding=\"async\" width=\"1024\" height=\"344\" src=\"http:\/\/lignesauto.fr\/wp-content\/uploads\/2021\/09\/LIGNES_108-1024x344.png\" alt=\"\" class=\"wp-image-22881\" srcset=\"https:\/\/lignesauto.fr\/wp-content\/uploads\/2021\/09\/LIGNES_108-1024x344.png 1024w, https:\/\/lignesauto.fr\/wp-content\/uploads\/2021\/09\/LIGNES_108-300x101.png 300w, https:\/\/lignesauto.fr\/wp-content\/uploads\/2021\/09\/LIGNES_108-768x258.png 768w, https:\/\/lignesauto.fr\/wp-content\/uploads\/2021\/09\/LIGNES_108.png 1417w\" sizes=\"(max-width: 1024px) 100vw, 1024px\" \/><\/figure>\n\n\n\n<h2 class=\"wp-block-heading\" id=\"les-dix-points-cles-de-la-planche-de-bord-de-la-megane\"><strong>Les dix points cl\u00e9s de la planche de bord de la M\u00e9gane<\/strong><\/h2>\n\n\n\n<p style=\"font-size:18px\"><strong>En 1 <\/strong>: le concept Open R r\u00e9unit dans un m\u00eame ensemble les deux \u00e9crans d&#8217;instrumentation conducteur et d&#8217;info-divertissement. (lire sur ce site l&#8217;interview de Laurens van den Acker \u00e0 ce sujet).<br><strong>En 2<\/strong> : le travail de design de l&#8217;ensemble des commandes et r\u00e9troviseur du pavillon est tr\u00e8s abouti.<br><strong>En 3<\/strong> : le bois finement cisel\u00e9 au laser est pr\u00e9sent sur certaines versions et apporte une touche tr\u00e8s &#8220;premium&#8221; \u00e0 ce niveau de gamme.<\/p>\n\n\n\n<figure class=\"wp-block-image size-large\"><img loading=\"lazy\" decoding=\"async\" width=\"1024\" height=\"683\" src=\"http:\/\/lignesauto.fr\/wp-content\/uploads\/2021\/09\/LIGNES_1000-2-1024x683.jpg\" alt=\"\" class=\"wp-image-22882\" srcset=\"https:\/\/lignesauto.fr\/wp-content\/uploads\/2021\/09\/LIGNES_1000-2-1024x683.jpg 1024w, https:\/\/lignesauto.fr\/wp-content\/uploads\/2021\/09\/LIGNES_1000-2-300x200.jpg 300w, https:\/\/lignesauto.fr\/wp-content\/uploads\/2021\/09\/LIGNES_1000-2-768x512.jpg 768w, https:\/\/lignesauto.fr\/wp-content\/uploads\/2021\/09\/LIGNES_1000-2.jpg 1417w\" sizes=\"(max-width: 1024px) 100vw, 1024px\" \/><\/figure>\n\n\n\n<p style=\"font-size:18px\"><strong>En 4<\/strong> : les a\u00e9rateurs gauche et central sont int\u00e9gr\u00e9s dans l&#8217;ensemble Open R.<br><strong>En 5<\/strong> : la 3e branche du volant est noire afin de ne faire ressortir que les deux lat\u00e9rales.<br><strong>En 6<\/strong> : le levier de commande AV\/AR\/N migre derri\u00e8re le volant.<br><strong>En 7<\/strong> : la console plonge jusque sous la planche, avec ses rangements.<br><strong>En 8 <\/strong>: sur certaines versions, le d\u00e9cor alu est travers\u00e9 par un \u00e9clairage d&#8217;ambiance.<br><strong>En 9<\/strong>: les a\u00e9rateurs passagers courent sur la longueur de la planche.<br><strong>En 10<\/strong> : le d\u00e9cor bois se prolonge en arri\u00e8re de la planche.<\/p>\n\n\n\n<figure class=\"wp-block-image size-large\"><img loading=\"lazy\" decoding=\"async\" width=\"1024\" height=\"683\" src=\"http:\/\/lignesauto.fr\/wp-content\/uploads\/2021\/09\/LIGNES_1000-1-1024x683.jpg\" alt=\"\" class=\"wp-image-22920\" srcset=\"https:\/\/lignesauto.fr\/wp-content\/uploads\/2021\/09\/LIGNES_1000-1-1024x683.jpg 1024w, https:\/\/lignesauto.fr\/wp-content\/uploads\/2021\/09\/LIGNES_1000-1-300x200.jpg 300w, https:\/\/lignesauto.fr\/wp-content\/uploads\/2021\/09\/LIGNES_1000-1-768x512.jpg 768w, https:\/\/lignesauto.fr\/wp-content\/uploads\/2021\/09\/LIGNES_1000-1-1536x1024.jpg 1536w, https:\/\/lignesauto.fr\/wp-content\/uploads\/2021\/09\/LIGNES_1000-1-2048x1365.jpg 2048w\" sizes=\"(max-width: 1024px) 100vw, 1024px\" \/><\/figure>\n\n\n\n<h2 class=\"wp-block-heading\" id=\"meme-clientele-mais-deux-philosophies-differentes\"><strong>M\u00eame client\u00e8le, mais deux philosophies diff\u00e9rentes<\/strong><\/h2>\n\n\n\n<p style=\"font-size:18px\">Les deux concurrentes n&#8217;ont pas du tout suivi le m\u00eame esprit de conception. Volkswagen a d\u00e9but\u00e9 la gen\u00e8se de l&#8217;ID.3 bien avant celle de la Renault. Il fallait pour <strong>VW cr\u00e9er une rupture<\/strong> pour sa compacte 100% \u00e9lectrique afin de l&#8217;\u00e9loigner de la Golf 8 apparue pratiquement en m\u00eame temps. <strong>Pour Renault, la donne \u00e9tait diff\u00e9rente<\/strong>, puisque la M\u00e9gane E-TECH Electric ne sera plus accompagn\u00e9e par une M\u00e9gane thermique. Raison pour laquelle elle se pare de codes tr\u00e8s automobiles, sans pour autant oublier cette notion de r\u00e9volution n\u00e9cessaire pour entrer dans le monde automobile de demain&#8230;<\/p>\n\n\n\n<figure class=\"wp-block-image size-large\"><img loading=\"lazy\" decoding=\"async\" width=\"1024\" height=\"768\" src=\"http:\/\/lignesauto.fr\/wp-content\/uploads\/2021\/09\/8_URBAN_PICTURES_RENAULT_MEGANE_E-TECH_ELECTRIQUE_REVEAL_EMBARGO_SEPTEMBER_6_09.05_am_PARIS_TIME-1-1024x768.jpg\" alt=\"\" class=\"wp-image-22916\" srcset=\"https:\/\/lignesauto.fr\/wp-content\/uploads\/2021\/09\/8_URBAN_PICTURES_RENAULT_MEGANE_E-TECH_ELECTRIQUE_REVEAL_EMBARGO_SEPTEMBER_6_09.05_am_PARIS_TIME-1-1024x768.jpg 1024w, https:\/\/lignesauto.fr\/wp-content\/uploads\/2021\/09\/8_URBAN_PICTURES_RENAULT_MEGANE_E-TECH_ELECTRIQUE_REVEAL_EMBARGO_SEPTEMBER_6_09.05_am_PARIS_TIME-1-300x225.jpg 300w, https:\/\/lignesauto.fr\/wp-content\/uploads\/2021\/09\/8_URBAN_PICTURES_RENAULT_MEGANE_E-TECH_ELECTRIQUE_REVEAL_EMBARGO_SEPTEMBER_6_09.05_am_PARIS_TIME-1-768x576.jpg 768w, https:\/\/lignesauto.fr\/wp-content\/uploads\/2021\/09\/8_URBAN_PICTURES_RENAULT_MEGANE_E-TECH_ELECTRIQUE_REVEAL_EMBARGO_SEPTEMBER_6_09.05_am_PARIS_TIME-1.jpg 1417w\" sizes=\"(max-width: 1024px) 100vw, 1024px\" \/><\/figure>\n\n\n\n<div class=\"wp-block-image\"><figure class=\"aligncenter is-resized\"><img loading=\"lazy\" decoding=\"async\" src=\"http:\/\/lignesauto.fr\/wp-content\/uploads\/2018\/10\/LOGOActus_BD-1024x367.jpg\" alt=\"L\u2019attribut alt de cette image est vide, son nom de fichier est LOGOActus_BD-1024x367.jpg.\" width=\"472\" height=\"168\"\/><\/figure><\/div>\n","protected":false},"excerpt":{"rendered":"<p>La Renault M\u00e9gane E-TECH Electric qui sera commercialis\u00e9e \u00e0 partir de mars 2022 est 100% \u00e9lectrique. Elle sera pendant quelques temps \u00e9paul\u00e9e par l&#8217;actuelle M\u00e9gane thermique (notamment avec sa motorisation hybride rechargeable) et propose deux puissances (130 et 218 ch) et deux packs batteries (40 et 60 kWh). L&#8217;autonomie varie [&hellip;]<\/p>\n","protected":false},"author":1,"featured_media":22872,"comment_status":"open","ping_status":"open","sticky":false,"template":"","format":"standard","meta":{"footnotes":""},"categories":[1],"tags":[],"_links":{"self":[{"href":"https:\/\/lignesauto.fr\/index.php?rest_route=\/wp\/v2\/posts\/22870"}],"collection":[{"href":"https:\/\/lignesauto.fr\/index.php?rest_route=\/wp\/v2\/posts"}],"about":[{"href":"https:\/\/lignesauto.fr\/index.php?rest_route=\/wp\/v2\/types\/post"}],"author":[{"embeddable":true,"href":"https:\/\/lignesauto.fr\/index.php?rest_route=\/wp\/v2\/users\/1"}],"replies":[{"embeddable":true,"href":"https:\/\/lignesauto.fr\/index.php?rest_route=%2Fwp%2Fv2%2Fcomments&post=22870"}],"version-history":[{"count":33,"href":"https:\/\/lignesauto.fr\/index.php?rest_route=\/wp\/v2\/posts\/22870\/revisions"}],"predecessor-version":[{"id":24154,"href":"https:\/\/lignesauto.fr\/index.php?rest_route=\/wp\/v2\/posts\/22870\/revisions\/24154"}],"wp:featuredmedia":[{"embeddable":true,"href":"https:\/\/lignesauto.fr\/index.php?rest_route=\/wp\/v2\/media\/22872"}],"wp:attachment":[{"href":"https:\/\/lignesauto.fr\/index.php?rest_route=%2Fwp%2Fv2%2Fmedia&parent=22870"}],"wp:term":[{"taxonomy":"category","embeddable":true,"href":"https:\/\/lignesauto.fr\/index.php?rest_route=%2Fwp%2Fv2%2Fcategories&post=22870"},{"taxonomy":"post_tag","embeddable":true,"href":"https:\/\/lignesauto.fr\/index.php?rest_route=%2Fwp%2Fv2%2Ftags&post=22870"}],"curies":[{"name":"wp","href":"https:\/\/api.w.org\/{rel}","templated":true}]}}