{"id":22997,"date":"2021-09-08T08:28:35","date_gmt":"2021-09-08T06:28:35","guid":{"rendered":"http:\/\/lignesauto.fr\/?p=22997"},"modified":"2021-09-08T08:28:35","modified_gmt":"2021-09-08T06:28:35","slug":"2024-pour-ses-dix-ans-ds-automobiles-devient-100-electrique","status":"publish","type":"post","link":"https:\/\/lignesauto.fr\/?p=22997","title":{"rendered":"2024 : pour ses dix ans, DS Automobiles devient 100% \u00e9lectrique"},"content":{"rendered":"\n<div class=\"wp-block-image\"><figure class=\"aligncenter size-large is-resized\"><img loading=\"lazy\" decoding=\"async\" src=\"http:\/\/lignesauto.fr\/wp-content\/uploads\/2018\/10\/LOGOActus_BD-1024x367.jpg\" alt=\"\" class=\"wp-image-4921\" width=\"406\" height=\"145\" srcset=\"https:\/\/lignesauto.fr\/wp-content\/uploads\/2018\/10\/LOGOActus_BD-1024x367.jpg 1024w, https:\/\/lignesauto.fr\/wp-content\/uploads\/2018\/10\/LOGOActus_BD-300x108.jpg 300w, https:\/\/lignesauto.fr\/wp-content\/uploads\/2018\/10\/LOGOActus_BD-768x276.jpg 768w, https:\/\/lignesauto.fr\/wp-content\/uploads\/2018\/10\/LOGOActus_BD-370x133.jpg 370w, https:\/\/lignesauto.fr\/wp-content\/uploads\/2018\/10\/LOGOActus_BD-1040x373.jpg 1040w, https:\/\/lignesauto.fr\/wp-content\/uploads\/2018\/10\/LOGOActus_BD.jpg 1240w\" sizes=\"(max-width: 406px) 100vw, 406px\" \/><\/figure><\/div>\n\n\n\n<p style=\"font-size:18px\">L\u2019ann\u00e9e 2024 sera une ann\u00e9e charni\u00e8re pour la marque DS qui f\u00eatera alors ses dix ans&nbsp;! Toutes les nouveaut\u00e9s seront \u00e9lectriques \u00e0 partir de cette ann\u00e9e-l\u00e0, et un mod\u00e8le in\u00e9dit sera d\u00e9voil\u00e9 avec 700 km d&#8217;autonomie. Quant \u00e0 la DS4, elle accueillera une version 100% \u00e9lectrique&#8230;<\/p>\n\n\n\n<figure class=\"wp-block-image size-large\"><img loading=\"lazy\" decoding=\"async\" width=\"1024\" height=\"683\" src=\"http:\/\/lignesauto.fr\/wp-content\/uploads\/2021\/09\/E6A7073-1024x683.jpg\" alt=\"\" class=\"wp-image-23029\" srcset=\"https:\/\/lignesauto.fr\/wp-content\/uploads\/2021\/09\/E6A7073-1024x683.jpg 1024w, https:\/\/lignesauto.fr\/wp-content\/uploads\/2021\/09\/E6A7073-300x200.jpg 300w, https:\/\/lignesauto.fr\/wp-content\/uploads\/2021\/09\/E6A7073-768x512.jpg 768w, https:\/\/lignesauto.fr\/wp-content\/uploads\/2021\/09\/E6A7073-1536x1024.jpg 1536w, https:\/\/lignesauto.fr\/wp-content\/uploads\/2021\/09\/E6A7073.jpg 1672w\" sizes=\"(max-width: 1024px) 100vw, 1024px\" \/><\/figure>\n\n\n\n<p style=\"font-size:18px\">Mais avant d\u2019\u00e9voquer cette strat\u00e9gie du tout \u00e9lectrique, nous avons demand\u00e9 \u00e0 B\u00e9atrice Foucher, directrice de la marque, si l\u2019arriv\u00e9e de Lancia dans le p\u00f4le premium de Stellantis (DS, Lancia et Alfa-Romeo) n\u2019allait pas conduire la marque italienne \u00e0 marcher sur les platebandes de DS. Car avant de voir au-del\u00e0 de 2024, il faut pr\u00e9server son territoire durement acquis depuis 2014 et la cr\u00e9ation de DS en tant que marque \u00e0 part enti\u00e8re&nbsp;!<\/p>\n\n\n\n<figure class=\"wp-block-image size-large\"><img loading=\"lazy\" decoding=\"async\" width=\"1024\" height=\"399\" src=\"http:\/\/lignesauto.fr\/wp-content\/uploads\/2021\/09\/Capture-de\u0301cran-2021-09-08-a\u0300-08.05.10-1024x399.png\" alt=\"\" class=\"wp-image-23030\" srcset=\"https:\/\/lignesauto.fr\/wp-content\/uploads\/2021\/09\/Capture-de\u0301cran-2021-09-08-a\u0300-08.05.10-1024x399.png 1024w, https:\/\/lignesauto.fr\/wp-content\/uploads\/2021\/09\/Capture-de\u0301cran-2021-09-08-a\u0300-08.05.10-300x117.png 300w, https:\/\/lignesauto.fr\/wp-content\/uploads\/2021\/09\/Capture-de\u0301cran-2021-09-08-a\u0300-08.05.10-768x299.png 768w, https:\/\/lignesauto.fr\/wp-content\/uploads\/2021\/09\/Capture-de\u0301cran-2021-09-08-a\u0300-08.05.10.png 1417w\" sizes=\"(max-width: 1024px) 100vw, 1024px\" \/><\/figure>\n\n\n\n<p style=\"font-size:18px\">B\u00e9atrice Foucher r\u00e9pond du tac au tac que &#8220;<em>chez DS, on n\u2019a pas d\u2019esprit de victimisation&nbsp;!<\/em>&#8221; Avec assurance et apr\u00e8s avoir annonc\u00e9 d\u00e8s le d\u00e9but de son discours que &#8220;<em>DS est une marque rentable&#8221;, <\/em>elle poursuit en affirmant que <em>&#8220;ce qui est important, c\u2019est d\u2019avoir de la consistance dans le positionnement de la marque. Ce positionnement existe depuis sa cr\u00e9ation en 2014. Depuis, on n\u2019a jamais cess\u00e9 de parler de savoir-faire fran\u00e7ais, d\u2019art de vivre, d\u2019art du voyage gr\u00e2ce notamment \u00e0 nos motorisations \u00e9lectrifi\u00e9es ou \u00e9lectriques. On ne va pas changer ce positionnement et on va au contraire l\u2019enrichir notamment par un d\u00e9veloppement du plan produit. Je pense que <em>ni Lancia, ni Alfa Romeo ne pourront revendiquer<\/em> le savoir-faire fran\u00e7ais. Finalement, avoir trois marques premium dans un m\u00eame groupe, c&#8217;est bien et on a largement assez de place pour que chacun trouve son territoire.<\/em>&#8220;<\/p>\n\n\n\n<figure class=\"wp-block-image size-large\"><img loading=\"lazy\" decoding=\"async\" width=\"1024\" height=\"683\" src=\"http:\/\/lignesauto.fr\/wp-content\/uploads\/2021\/09\/Print-4844-1024x683.jpg\" alt=\"\" class=\"wp-image-23032\" srcset=\"https:\/\/lignesauto.fr\/wp-content\/uploads\/2021\/09\/Print-4844-1024x683.jpg 1024w, https:\/\/lignesauto.fr\/wp-content\/uploads\/2021\/09\/Print-4844-300x200.jpg 300w, https:\/\/lignesauto.fr\/wp-content\/uploads\/2021\/09\/Print-4844-768x512.jpg 768w, https:\/\/lignesauto.fr\/wp-content\/uploads\/2021\/09\/Print-4844.jpg 1417w\" sizes=\"(max-width: 1024px) 100vw, 1024px\" \/><figcaption><strong>Le savoir-faire Fran\u00e7ais, o\u00f9 lorsque l&#8217;artisanat rencontre l&#8217;industrie. Une des valeurs incontournables de la marque DS<\/strong><\/figcaption><\/figure>\n\n\n\n<p style=\"font-size:18px\">Pour autant, la question pos\u00e9e ne semble pas anodine puisque la directrice de DS Automobiles encha\u00eene&nbsp;: &#8220;<em>mais vous ne croyez pas si bien dire avec votre question. D\u00e8s jeudi &#8211; le 8 septembre &#8211; je me rends en Italie \u00e0 Balocco o\u00f9 l\u2019on pr\u00e9sente \u00e0 notre pr\u00e9sident le positionnement respectif des trois marques Alfa Romeo, Lancia et DS. Vous \u00eates pleinement dans l\u2019actualit\u00e9&nbsp;!<\/em>&#8221; Et Thierry M\u00e9troz, le patron du design de la marque, ajoute que de toute fa\u00e7on, <em>&#8221;&nbsp;Jean-Pierre Plou\u00e9 <\/em>(ci-dessous avec le patron de la marque Lancia) <em>veille au grain quant au positionnement de chacune des marques, lui-m\u00eame \u00e9tant \u00e0 la t\u00eate du design Lancia.<\/em>&#8221; Il ne va certainement pas se tirer une balle dans le pied&nbsp;!<\/p>\n\n\n\n<figure class=\"wp-block-image size-large\"><img loading=\"lazy\" decoding=\"async\" width=\"1024\" height=\"683\" src=\"http:\/\/lignesauto.fr\/wp-content\/uploads\/2021\/07\/LIGNES_PLOUE_32-1024x683.jpg\" alt=\"\" class=\"wp-image-22571\" srcset=\"https:\/\/lignesauto.fr\/wp-content\/uploads\/2021\/07\/LIGNES_PLOUE_32-1024x683.jpg 1024w, https:\/\/lignesauto.fr\/wp-content\/uploads\/2021\/07\/LIGNES_PLOUE_32-300x200.jpg 300w, https:\/\/lignesauto.fr\/wp-content\/uploads\/2021\/07\/LIGNES_PLOUE_32-768x512.jpg 768w, https:\/\/lignesauto.fr\/wp-content\/uploads\/2021\/07\/LIGNES_PLOUE_32.jpg 1417w\" sizes=\"(max-width: 1024px) 100vw, 1024px\" \/><\/figure>\n\n\n\n<h2 class=\"wp-block-heading\"><strong>D\u00c9COUVREZ UN APER\u00c7U DU PROCHAIN CONCEPT-CAR DS ICI :<\/strong> <a href=\"https:\/\/lignesauto.fr\/?p=22970\"><strong>https:\/\/lignesauto.fr\/?p=22970<\/strong><\/a><\/h2>\n\n\n\n<p style=\"font-size:18px\">A l\u2019occasion de la DS Week et des essais dynamiques de la DS4, le constructeur fran\u00e7ais a donc annonc\u00e9 l\u2019arriv\u00e9e d\u2019une version&nbsp;100% \u00e9lectrique de cette derni\u00e8re pour 2024, ainsi que la pr\u00e9sence assur\u00e9e de DS dans le championnat du monde de Formule E jusqu\u2019en 2026. En outre, B\u00e9atrice Foucher, directrice de la marque fran\u00e7aise, a confirm\u00e9 qu\u2019\u00e0 partir de 2024, les nouveaux mod\u00e8les DS seront 100% \u00e9lectriques. En parall\u00e8le \u00e9videmment, les DS4, DS3, DS7 et DS9 continueront leur vie. &#8220;<em>A la fin de vie de ces derni\u00e8res, nous n\u2019aurons plus que des rempla\u00e7antes \u00e9lectriques et cela nous am\u00e8nera vers 2028.<\/em>&#8221; <\/p>\n\n\n\n<figure class=\"wp-block-image size-large\"><img loading=\"lazy\" decoding=\"async\" width=\"1024\" height=\"719\" src=\"http:\/\/lignesauto.fr\/wp-content\/uploads\/2021\/09\/E-1024x719.jpg\" alt=\"\" class=\"wp-image-23005\" srcset=\"https:\/\/lignesauto.fr\/wp-content\/uploads\/2021\/09\/E-1024x719.jpg 1024w, https:\/\/lignesauto.fr\/wp-content\/uploads\/2021\/09\/E-300x211.jpg 300w, https:\/\/lignesauto.fr\/wp-content\/uploads\/2021\/09\/E-768x539.jpg 768w, https:\/\/lignesauto.fr\/wp-content\/uploads\/2021\/09\/E.jpg 1417w\" sizes=\"(max-width: 1024px) 100vw, 1024px\" \/><\/figure>\n\n\n\n<p style=\"font-size:18px\">Cette ann\u00e9e 2024 verra \u00e9galement appara\u00eetre un tout nouveau mod\u00e8le &#8220;<em>qui proposera une technologie et un raffinement d\u2019exception, gr\u00e2ce \u00e0 une parfaite adaptation des \u00e9l\u00e9ments techniques aux d\u00e9sirs de la client\u00e8le de DS Automobiles.<\/em>&#8221; Cette future DS encore inconnue (elle pourrait viser plut\u00f4t le haut de l\u2019offre DS) offrira une autonomie de&#8230; 700 km&nbsp;! &#8220;<em>Oui je confirme ce chiffre&#8221; <\/em>insiste B\u00e9atrice Foucher,<em> &#8220;700 km WLTP est effectivement la cible que nous avons pour ce nouveau v\u00e9hicule et disposera de 104 kWh.<\/em>&#8220;<\/p>\n\n\n\n<figure class=\"wp-block-image size-large\"><img loading=\"lazy\" decoding=\"async\" width=\"1024\" height=\"683\" src=\"http:\/\/lignesauto.fr\/wp-content\/uploads\/2021\/09\/B-1024x683.jpg\" alt=\"\" class=\"wp-image-23001\" srcset=\"https:\/\/lignesauto.fr\/wp-content\/uploads\/2021\/09\/B-1024x683.jpg 1024w, https:\/\/lignesauto.fr\/wp-content\/uploads\/2021\/09\/B-300x200.jpg 300w, https:\/\/lignesauto.fr\/wp-content\/uploads\/2021\/09\/B-768x512.jpg 768w, https:\/\/lignesauto.fr\/wp-content\/uploads\/2021\/09\/B.jpg 1417w\" sizes=\"(max-width: 1024px) 100vw, 1024px\" \/><\/figure>\n\n\n\n<p style=\"font-size:18px\">Pr\u00e9sente lors de la DS Week, Marion David, responsable produit de la marque (ci-dessus \u00e0 droite aux c\u00f4t\u00e9s de B\u00e9atrice Foucher) a apport\u00e9 des pr\u00e9cisions sur la prochaine DS4 int\u00e9gralement \u00e9lectrique. Elle viendra compl\u00e9ter la gamme actuelle en 2024 &#8211; le diesel dispara\u00eetra alors et tous les moteurs essence b\u00e9n\u00e9ficieront d\u2019une hybridation &#8211; et reposera donc sur la plateforme actuelle. Rappelons que ce soubassement a \u00e9t\u00e9 inaugur\u00e9 par la DS4 justement, avant que Peugeot avec sa 308, Citro\u00ebn avec sa C5 X et Opel avec son Astra l\u2019empruntent \u00e0 leur tour.<\/p>\n\n\n\n<figure class=\"wp-block-image size-large\"><img loading=\"lazy\" decoding=\"async\" width=\"1024\" height=\"515\" src=\"http:\/\/lignesauto.fr\/wp-content\/uploads\/2021\/09\/Capture-de\u0301cran-2021-09-08-a\u0300-07.50.51-1024x515.png\" alt=\"\" class=\"wp-image-23023\" srcset=\"https:\/\/lignesauto.fr\/wp-content\/uploads\/2021\/09\/Capture-de\u0301cran-2021-09-08-a\u0300-07.50.51-1024x515.png 1024w, https:\/\/lignesauto.fr\/wp-content\/uploads\/2021\/09\/Capture-de\u0301cran-2021-09-08-a\u0300-07.50.51-300x151.png 300w, https:\/\/lignesauto.fr\/wp-content\/uploads\/2021\/09\/Capture-de\u0301cran-2021-09-08-a\u0300-07.50.51-768x386.png 768w, https:\/\/lignesauto.fr\/wp-content\/uploads\/2021\/09\/Capture-de\u0301cran-2021-09-08-a\u0300-07.50.51.png 1417w\" sizes=\"(max-width: 1024px) 100vw, 1024px\" \/><figcaption><strong>La marque DS a \u00e9t\u00e9 lanceur des plateformes e-CMP et EMP2-V3. Elle le sera \u00e9galement pour la future plateforme Stellantis Medium<\/strong><\/figcaption><\/figure>\n\n\n\n<p style=\"font-size:18px\">La DS4 ne disposera donc pas (encore) de la future plateforme Stellantis M\u00e9dium d\u00e9di\u00e9e aux programmes tout \u00e9lectrique du groupe. &#8220;<em>Il \u00e9tait techniquement et \u00e9conomiquement irr\u00e9aliste de modifier la plateforme&#8221; <\/em>explique Marion David.<em> &#8220;En revanche, nous allons inaugurer avec cette future DS4&nbsp;100% \u00e9lectrique un nouveau pack batteries et un nouveau moteur qui ne sera donc pas le m\u00eame que vous trouverez chez Peugeot ou Citro\u00ebn.<\/em>&#8221; Quant au futur mod\u00e8le in\u00e9dit de 2024, lui aussi 100% \u00e9lectrique, Marion David pr\u00e9cise &#8220;<em>qu\u2019il sera lanceur de la plateforme STLA M\u00e9dium<\/em>&#8221; faisant ainsi de DS le lanceur des trois derni\u00e8res plateformes du groupe&nbsp;: e-CMP avec la DS3 Crossback, EMP2 V3 avec la DS4 et donc ce futur mod\u00e8le in\u00e9dit avec la STLA M\u00e9dium. Cette derni\u00e8re n&#8217;est que la future eVMP sur laquelle reposera entre autre le futur Peugeot 3008.<\/p>\n\n\n\n<div class=\"wp-block-image\"><figure class=\"aligncenter is-resized\"><img loading=\"lazy\" decoding=\"async\" src=\"http:\/\/lignesauto.fr\/wp-content\/uploads\/2018\/10\/LOGOActus_BD-1024x367.jpg\" alt=\"L\u2019attribut alt de cette image est vide, son nom de fichier est LOGOActus_BD-1024x367.jpg.\" width=\"437\" height=\"156\"\/><\/figure><\/div>\n","protected":false},"excerpt":{"rendered":"<p>L\u2019ann\u00e9e 2024 sera une ann\u00e9e charni\u00e8re pour la marque DS qui f\u00eatera alors ses dix ans&nbsp;! Toutes les nouveaut\u00e9s seront \u00e9lectriques \u00e0 partir de cette ann\u00e9e-l\u00e0, et un mod\u00e8le in\u00e9dit sera d\u00e9voil\u00e9 avec 700 km d&#8217;autonomie. Quant \u00e0 la DS4, elle accueillera une version 100% \u00e9lectrique&#8230; Mais avant d\u2019\u00e9voquer cette [&hellip;]<\/p>\n","protected":false},"author":1,"featured_media":22999,"comment_status":"open","ping_status":"open","sticky":false,"template":"","format":"standard","meta":{"footnotes":""},"categories":[1],"tags":[],"_links":{"self":[{"href":"https:\/\/lignesauto.fr\/index.php?rest_route=\/wp\/v2\/posts\/22997"}],"collection":[{"href":"https:\/\/lignesauto.fr\/index.php?rest_route=\/wp\/v2\/posts"}],"about":[{"href":"https:\/\/lignesauto.fr\/index.php?rest_route=\/wp\/v2\/types\/post"}],"author":[{"embeddable":true,"href":"https:\/\/lignesauto.fr\/index.php?rest_route=\/wp\/v2\/users\/1"}],"replies":[{"embeddable":true,"href":"https:\/\/lignesauto.fr\/index.php?rest_route=%2Fwp%2Fv2%2Fcomments&post=22997"}],"version-history":[{"count":34,"href":"https:\/\/lignesauto.fr\/index.php?rest_route=\/wp\/v2\/posts\/22997\/revisions"}],"predecessor-version":[{"id":23061,"href":"https:\/\/lignesauto.fr\/index.php?rest_route=\/wp\/v2\/posts\/22997\/revisions\/23061"}],"wp:featuredmedia":[{"embeddable":true,"href":"https:\/\/lignesauto.fr\/index.php?rest_route=\/wp\/v2\/media\/22999"}],"wp:attachment":[{"href":"https:\/\/lignesauto.fr\/index.php?rest_route=%2Fwp%2Fv2%2Fmedia&parent=22997"}],"wp:term":[{"taxonomy":"category","embeddable":true,"href":"https:\/\/lignesauto.fr\/index.php?rest_route=%2Fwp%2Fv2%2Fcategories&post=22997"},{"taxonomy":"post_tag","embeddable":true,"href":"https:\/\/lignesauto.fr\/index.php?rest_route=%2Fwp%2Fv2%2Ftags&post=22997"}],"curies":[{"name":"wp","href":"https:\/\/api.w.org\/{rel}","templated":true}]}}