{"id":23062,"date":"2021-09-08T16:32:01","date_gmt":"2021-09-08T14:32:01","guid":{"rendered":"http:\/\/lignesauto.fr\/?p=23062"},"modified":"2021-09-08T16:32:01","modified_gmt":"2021-09-08T14:32:01","slug":"le-manifeste-ds4-lanceur-dune-revolution-chez-ds","status":"publish","type":"post","link":"https:\/\/lignesauto.fr\/?p=23062","title":{"rendered":"Le manifeste DS4 : lanceur d&#8217;une r\u00e9volution chez DS !"},"content":{"rendered":"\n<div class=\"wp-block-image\"><figure class=\"aligncenter size-large is-resized\"><img loading=\"lazy\" decoding=\"async\" src=\"http:\/\/lignesauto.fr\/wp-content\/uploads\/2018\/10\/LOGOActus_BD-1024x367.jpg\" alt=\"\" class=\"wp-image-4921\" width=\"370\" height=\"132\" srcset=\"https:\/\/lignesauto.fr\/wp-content\/uploads\/2018\/10\/LOGOActus_BD-1024x367.jpg 1024w, https:\/\/lignesauto.fr\/wp-content\/uploads\/2018\/10\/LOGOActus_BD-300x108.jpg 300w, https:\/\/lignesauto.fr\/wp-content\/uploads\/2018\/10\/LOGOActus_BD-768x276.jpg 768w, https:\/\/lignesauto.fr\/wp-content\/uploads\/2018\/10\/LOGOActus_BD-370x133.jpg 370w, https:\/\/lignesauto.fr\/wp-content\/uploads\/2018\/10\/LOGOActus_BD-1040x373.jpg 1040w, https:\/\/lignesauto.fr\/wp-content\/uploads\/2018\/10\/LOGOActus_BD.jpg 1240w\" sizes=\"(max-width: 370px) 100vw, 370px\" \/><\/figure><\/div>\n\n\n\n<p style=\"font-size:18px\">Lors de la DS Week, le constructeur n&#8217;a pas fait les choses \u00e0 moiti\u00e9 ! Et pour les amoureux de design, l&#8217;exposition de la maquette clay de la DS4 et surtout, celle du &#8220;manifeste&#8221; de la fin 2015 ont suscit\u00e9 la curiosit\u00e9.<\/p>\n\n\n\n<figure class=\"wp-block-image size-large\"><img loading=\"lazy\" decoding=\"async\" width=\"1024\" height=\"461\" src=\"http:\/\/lignesauto.fr\/wp-content\/uploads\/2021\/09\/20210906_162716-1024x461.jpg\" alt=\"\" class=\"wp-image-23065\" srcset=\"https:\/\/lignesauto.fr\/wp-content\/uploads\/2021\/09\/20210906_162716-1024x461.jpg 1024w, https:\/\/lignesauto.fr\/wp-content\/uploads\/2021\/09\/20210906_162716-300x135.jpg 300w, https:\/\/lignesauto.fr\/wp-content\/uploads\/2021\/09\/20210906_162716-768x346.jpg 768w, https:\/\/lignesauto.fr\/wp-content\/uploads\/2021\/09\/20210906_162716.jpg 1417w\" sizes=\"(max-width: 1024px) 100vw, 1024px\" \/><\/figure>\n\n\n\n<p style=\"font-size:18px\">Le &#8220;manifeste&#8221; du programme D41, qui est devenu la DS4 que l&#8217;on connait, a \u00e9t\u00e9 r\u00e9alis\u00e9 \u00e0 la fin de l&#8217;ann\u00e9e 2015, soit six ans avant la commercialisation de cette berline compacte premium. Seuls jusqu&#8217;alors les lecteurs du trimestriel LIGNES\/auto en avaient pris connaissance, ci-dessous (<a href=\"https:\/\/lignesautoeditions.fr\">https:\/\/lignesautoeditions.fr<\/a>)<\/p>\n\n\n\n<figure class=\"wp-block-image size-large\"><img loading=\"lazy\" decoding=\"async\" width=\"1024\" height=\"361\" src=\"http:\/\/lignesauto.fr\/wp-content\/uploads\/2021\/09\/Capture-de\u0301cran-2021-09-08-a\u0300-08.52.53-1024x361.png\" alt=\"\" class=\"wp-image-23066\" srcset=\"https:\/\/lignesauto.fr\/wp-content\/uploads\/2021\/09\/Capture-de\u0301cran-2021-09-08-a\u0300-08.52.53-1024x361.png 1024w, https:\/\/lignesauto.fr\/wp-content\/uploads\/2021\/09\/Capture-de\u0301cran-2021-09-08-a\u0300-08.52.53-300x106.png 300w, https:\/\/lignesauto.fr\/wp-content\/uploads\/2021\/09\/Capture-de\u0301cran-2021-09-08-a\u0300-08.52.53-768x270.png 768w, https:\/\/lignesauto.fr\/wp-content\/uploads\/2021\/09\/Capture-de\u0301cran-2021-09-08-a\u0300-08.52.53.png 1417w\" sizes=\"(max-width: 1024px) 100vw, 1024px\" \/><\/figure>\n\n\n\n<p style=\"font-size:18px\">Ce manifeste est, comme le dit son designer Thomas Duhamel, &#8220;<em>un mix entre un produit s\u00e9rie et un concept-car. Pour le projet D41, on n&#8217;a pas commenc\u00e9 avec des maquettes \u00e0 \u00e9chelle r\u00e9duite, on voulait rapidement avoir un support \u00e9chelle 1 pour convaincre. On utilise de plus en plus de maquettes de ce type pour d\u00e9finir la direction o\u00f9 l&#8217;on veut aller. D&#8217;ailleurs, le manifeste que vous voyez l\u00e0 est rest\u00e9 longtemps dans le studio lors du d\u00e9veloppement de la D41.<\/em>&#8220;<\/p>\n\n\n\n<figure class=\"wp-block-image size-large\"><img loading=\"lazy\" decoding=\"async\" width=\"1024\" height=\"461\" src=\"http:\/\/lignesauto.fr\/wp-content\/uploads\/2021\/09\/20210906_163245-1024x461.jpg\" alt=\"\" class=\"wp-image-23119\" srcset=\"https:\/\/lignesauto.fr\/wp-content\/uploads\/2021\/09\/20210906_163245-1024x461.jpg 1024w, https:\/\/lignesauto.fr\/wp-content\/uploads\/2021\/09\/20210906_163245-300x135.jpg 300w, https:\/\/lignesauto.fr\/wp-content\/uploads\/2021\/09\/20210906_163245-768x346.jpg 768w, https:\/\/lignesauto.fr\/wp-content\/uploads\/2021\/09\/20210906_163245.jpg 1417w\" sizes=\"(max-width: 1024px) 100vw, 1024px\" \/><\/figure>\n\n\n\n<p style=\"font-size:18px\">Quel est le but essentiel de ce manifeste ? &#8220;<em>Il a \u00e9t\u00e9 r\u00e9alis\u00e9 pour d\u00e9finir les dimensions et les points durs de la nouvelle plateforme EMP2-V3, selon les d\u00e9sirs du design. Chez DS, on voulait de grandes roues de 72 cm, un pare-brise recul\u00e9 et des voies permettant de bien poser le v\u00e9hicule sur ses roues.<\/em>&#8220;<\/p>\n\n\n\n<figure class=\"wp-block-image size-large\"><img loading=\"lazy\" decoding=\"async\" width=\"1024\" height=\"461\" src=\"http:\/\/lignesauto.fr\/wp-content\/uploads\/2021\/09\/20210906_173151-1024x461.jpg\" alt=\"\" class=\"wp-image-23074\" srcset=\"https:\/\/lignesauto.fr\/wp-content\/uploads\/2021\/09\/20210906_173151-1024x461.jpg 1024w, https:\/\/lignesauto.fr\/wp-content\/uploads\/2021\/09\/20210906_173151-300x135.jpg 300w, https:\/\/lignesauto.fr\/wp-content\/uploads\/2021\/09\/20210906_173151-768x346.jpg 768w, https:\/\/lignesauto.fr\/wp-content\/uploads\/2021\/09\/20210906_173151.jpg 1417w\" sizes=\"(max-width: 1024px) 100vw, 1024px\" \/><\/figure>\n\n\n\n<p style=\"font-size:18px\">Ce manifeste a \u00e9t\u00e9 ex\u00e9cut\u00e9 en collaboration avec l&#8217;ing\u00e9nierie car Citro\u00ebn et Peugeot par exemple ont propos\u00e9 leur propre vision de leur design sur cette nouvelle plateforme. La convergence a permis d&#8217;enfanter des designs aux proportions id\u00e9ales sur la DS4 et la Peugeot 308.<\/p>\n\n\n\n<figure class=\"wp-block-image size-large\"><img loading=\"lazy\" decoding=\"async\" width=\"1024\" height=\"683\" src=\"http:\/\/lignesauto.fr\/wp-content\/uploads\/2021\/09\/E-1-1024x683.jpg\" alt=\"\" class=\"wp-image-23067\" srcset=\"https:\/\/lignesauto.fr\/wp-content\/uploads\/2021\/09\/E-1-1024x683.jpg 1024w, https:\/\/lignesauto.fr\/wp-content\/uploads\/2021\/09\/E-1-300x200.jpg 300w, https:\/\/lignesauto.fr\/wp-content\/uploads\/2021\/09\/E-1-768x512.jpg 768w, https:\/\/lignesauto.fr\/wp-content\/uploads\/2021\/09\/E-1.jpg 1417w\" sizes=\"(max-width: 1024px) 100vw, 1024px\" \/><figcaption><strong>Maquette clay d\u00e9finitive du programme D41<\/strong><\/figcaption><\/figure>\n\n\n\n<p style=\"font-size:18px\">&#8220;<em>Le manifeste de Citro\u00ebn voulait quant \u00e0 lui optimiser les dimensions de la plateforme puisque la marque devait enfanter sa grande silhouette C5 X<\/em>&#8221; pr\u00e9cise Thomas. D\u00e8s lors, est-ce que le designer du manifeste DS voit ceux de ses cousins et n\u00e9anmoins concurrents ? &#8220;<em>Il faut comprendre que l&#8217;on va partager pas mal d&#8217;\u00e9l\u00e9ments, comme par exemple les trains roulants, alors oui, on finit par mettre les propositions des uns et des autres dans une grande salle afin de bien valider nos territoires diff\u00e9rents. Mais lors de la conception de la maquette, on ne sait pas ce que font les autres, \u00e9videmment.<\/em>&#8220;<\/p>\n\n\n\n<figure class=\"wp-block-image size-large\"><img loading=\"lazy\" decoding=\"async\" width=\"682\" height=\"1024\" src=\"http:\/\/lignesauto.fr\/wp-content\/uploads\/2021\/09\/F-1-682x1024.jpg\" alt=\"\" class=\"wp-image-23068\" srcset=\"https:\/\/lignesauto.fr\/wp-content\/uploads\/2021\/09\/F-1-682x1024.jpg 682w, https:\/\/lignesauto.fr\/wp-content\/uploads\/2021\/09\/F-1-200x300.jpg 200w, https:\/\/lignesauto.fr\/wp-content\/uploads\/2021\/09\/F-1-768x1153.jpg 768w, https:\/\/lignesauto.fr\/wp-content\/uploads\/2021\/09\/F-1-1023x1536.jpg 1023w, https:\/\/lignesauto.fr\/wp-content\/uploads\/2021\/09\/F-1-1364x2048.jpg 1364w, https:\/\/lignesauto.fr\/wp-content\/uploads\/2021\/09\/F-1.jpg 1417w\" sizes=\"(max-width: 682px) 100vw, 682px\" \/><\/figure>\n\n\n\n<p style=\"font-size:18px\">Ainsi, avant de sculpter la maquette \u00e9chelle 1\/1 en clay avec les modeleurs &#8211; ces artistes de la mise en \u0153uvre du design en trois dimensions -, le designer Thomas Duhamel a d\u00fb repasser par la case dessins. Ce qui est pour lui une \u00e9vidence : &#8220;<em>je dessine tout le temps. Pour le programme DS4, ces phases de dessins ont dur\u00e9 jusqu\u2019en 2017, donc jusqu\u2019\u00e0 la maquette clay, car m\u00eame s\u2019il existe des supports physiques ou num\u00e9riques, j\u2019ai besoin de \u2018sketcher\u2019 pour trouver de la coh\u00e9rence sur la voiture. Ces sketches sont importants pour moi, car si \u00e7a fonctionne sur mes dessins, \u00e7a doit bien se passer en volume&nbsp;!<\/em>&#8220;<\/p>\n\n\n\n<figure class=\"wp-block-image size-large\"><img loading=\"lazy\" decoding=\"async\" width=\"1024\" height=\"423\" src=\"http:\/\/lignesauto.fr\/wp-content\/uploads\/2021\/09\/W-1024x423.jpg\" alt=\"\" class=\"wp-image-23069\" srcset=\"https:\/\/lignesauto.fr\/wp-content\/uploads\/2021\/09\/W-1024x423.jpg 1024w, https:\/\/lignesauto.fr\/wp-content\/uploads\/2021\/09\/W-300x124.jpg 300w, https:\/\/lignesauto.fr\/wp-content\/uploads\/2021\/09\/W-768x318.jpg 768w, https:\/\/lignesauto.fr\/wp-content\/uploads\/2021\/09\/W.jpg 1417w\" sizes=\"(max-width: 1024px) 100vw, 1024px\" \/><\/figure>\n\n\n\n<p style=\"font-size:18px\">Revenons sur la maquette du manifeste de 2015. Il s&#8217;agit d&#8217;une maquette pleine, sans int\u00e9rieur. On l&#8217;a vu, son objectif \u00e9tait de d\u00e9finir des proportions r\u00e9alisables sur la nouvelle plateforme. Il ne s&#8217;agit pas alors de d\u00e9finir un &#8220;style&#8221; mais un th\u00e8me. Il ne s&#8217;agit pas non plus de tenir compte des contraintes industrielles d&#8217;un produit de s\u00e9rie, mais de poser les bases de ce que devra \u00eatre le projet D41.<\/p>\n\n\n\n<figure class=\"wp-block-image size-large\"><img loading=\"lazy\" decoding=\"async\" width=\"1024\" height=\"461\" src=\"http:\/\/lignesauto.fr\/wp-content\/uploads\/2021\/09\/20210906_162815-1024x461.jpg\" alt=\"\" class=\"wp-image-23072\" srcset=\"https:\/\/lignesauto.fr\/wp-content\/uploads\/2021\/09\/20210906_162815-1024x461.jpg 1024w, https:\/\/lignesauto.fr\/wp-content\/uploads\/2021\/09\/20210906_162815-300x135.jpg 300w, https:\/\/lignesauto.fr\/wp-content\/uploads\/2021\/09\/20210906_162815-768x346.jpg 768w, https:\/\/lignesauto.fr\/wp-content\/uploads\/2021\/09\/20210906_162815.jpg 1417w\" sizes=\"(max-width: 1024px) 100vw, 1024px\" \/><\/figure>\n\n\n\n<p style=\"font-size:18px\">Thomas Duhamel rappelle que ce manifeste est &#8220;<em>un mix entre le design pour un v\u00e9hicule de s\u00e9rie et celui d&#8217;un concept-car. On s\u2019exprime avec une certaine libert\u00e9 vis-\u00e0-vis des contraintes de la s\u00e9rie, tout restant raisonn\u00e9 dans les dimensions. Avec lui, on affiche notre intention, mais on se lib\u00e8re de contraintes, notamment a\u00e9rodynamiques. Ici par exemple, il y a plein de choses qui ne fonctionne pas en a\u00e9ro, comme l&#8217;encha\u00eenement ailes AR et bouclier, tr\u00e8s rond qui ne d\u00e9colle pas les filets d&#8217;air&#8230;<\/em>&#8221; <\/p>\n\n\n\n<figure class=\"wp-block-image size-large\"><img loading=\"lazy\" decoding=\"async\" width=\"1024\" height=\"461\" src=\"http:\/\/lignesauto.fr\/wp-content\/uploads\/2021\/09\/P-1024x461.jpg\" alt=\"\" class=\"wp-image-23075\" srcset=\"https:\/\/lignesauto.fr\/wp-content\/uploads\/2021\/09\/P-1024x461.jpg 1024w, https:\/\/lignesauto.fr\/wp-content\/uploads\/2021\/09\/P-300x135.jpg 300w, https:\/\/lignesauto.fr\/wp-content\/uploads\/2021\/09\/P-768x346.jpg 768w, https:\/\/lignesauto.fr\/wp-content\/uploads\/2021\/09\/P.jpg 1417w\" sizes=\"(max-width: 1024px) 100vw, 1024px\" \/><\/figure>\n\n\n\n<p style=\"font-size:18px\">Ainsi, le manifeste est \u00e0 la fois tr\u00e8s r\u00e9aliste sur le plan de l&#8217;architecture (voies, empattement, gabarit, etc.) mais audacieux sur certains choix de style, comme nous l&#8217;explique Thomas Duhamel, ci-dessous.<\/p>\n\n\n\n<figure class=\"wp-block-image size-large\"><img loading=\"lazy\" decoding=\"async\" width=\"810\" height=\"1024\" src=\"http:\/\/lignesauto.fr\/wp-content\/uploads\/2021\/09\/D-1-810x1024.png\" alt=\"\" class=\"wp-image-23076\" srcset=\"https:\/\/lignesauto.fr\/wp-content\/uploads\/2021\/09\/D-1-810x1024.png 810w, https:\/\/lignesauto.fr\/wp-content\/uploads\/2021\/09\/D-1-237x300.png 237w, https:\/\/lignesauto.fr\/wp-content\/uploads\/2021\/09\/D-1-768x971.png 768w, https:\/\/lignesauto.fr\/wp-content\/uploads\/2021\/09\/D-1-1215x1536.png 1215w, https:\/\/lignesauto.fr\/wp-content\/uploads\/2021\/09\/D-1.png 1417w\" sizes=\"(max-width: 810px) 100vw, 810px\" \/><\/figure>\n\n\n\n<p style=\"font-size:18px\">On note ci-dessous <strong>en 1<\/strong>, le capot moteur presque plat et de dimension g\u00e9n\u00e9reuse et<strong> en 2 <\/strong>l&#8217;empattement long d\u00e9sir\u00e9 par le design. <strong>En 3<\/strong>, autre volont\u00e9, celle de disposer de grandes roues. Elles impactent la conception de la plateforme. L&#8217;ing\u00e9nierie sera oblig\u00e9e de concevoir de nouveaux trains roulants, avec une autre demande, celle de l&#8217;hybridation \u00e9lectrique.<\/p>\n\n\n\n<figure class=\"wp-block-image size-large\"><img loading=\"lazy\" decoding=\"async\" width=\"1024\" height=\"461\" src=\"http:\/\/lignesauto.fr\/wp-content\/uploads\/2021\/09\/B-1-1024x461.jpg\" alt=\"\" class=\"wp-image-23078\" srcset=\"https:\/\/lignesauto.fr\/wp-content\/uploads\/2021\/09\/B-1-1024x461.jpg 1024w, https:\/\/lignesauto.fr\/wp-content\/uploads\/2021\/09\/B-1-300x135.jpg 300w, https:\/\/lignesauto.fr\/wp-content\/uploads\/2021\/09\/B-1-768x346.jpg 768w, https:\/\/lignesauto.fr\/wp-content\/uploads\/2021\/09\/B-1.jpg 1417w\" sizes=\"(max-width: 1024px) 100vw, 1024px\" \/><\/figure>\n\n\n\n<p style=\"font-size:18px\">Ci-dessous, on visualise les mots de Thomas Duhamel concernant la partie arri\u00e8re <strong>en 1<\/strong>, avec un raccord tournant de l&#8217;aile au hayon, pas efficace en a\u00e9ro. <strong>En 2<\/strong>, le design fait encore appel \u00e0 des surfaces model\u00e9es alors qu&#8217;elles seront \u00e0 l&#8217;oppos\u00e9 tr\u00e8s ac\u00e9r\u00e9es sur le mod\u00e8le d\u00e9finitif. <strong>En 3<\/strong>, on devine d\u00e9j\u00e0 la volont\u00e9 d&#8217;un mouvement de t\u00f4le sur la porti\u00e8re avant. Ce mouvement sera reconduit en s\u00e9rie sous une forme plus aiguis\u00e9e.<\/p>\n\n\n\n<figure class=\"wp-block-image size-large\"><img loading=\"lazy\" decoding=\"async\" width=\"1024\" height=\"461\" src=\"http:\/\/lignesauto.fr\/wp-content\/uploads\/2021\/09\/A-1024x461.jpg\" alt=\"\" class=\"wp-image-23077\" srcset=\"https:\/\/lignesauto.fr\/wp-content\/uploads\/2021\/09\/A-1024x461.jpg 1024w, https:\/\/lignesauto.fr\/wp-content\/uploads\/2021\/09\/A-300x135.jpg 300w, https:\/\/lignesauto.fr\/wp-content\/uploads\/2021\/09\/A-768x346.jpg 768w, https:\/\/lignesauto.fr\/wp-content\/uploads\/2021\/09\/A.jpg 1417w\" sizes=\"(max-width: 1024px) 100vw, 1024px\" \/><\/figure>\n\n\n\n<p style=\"font-size:18px\">La partie arri\u00e8re ci-dessous est plus audacieuse et Thomas Duhamel nous explique &#8220;<em>qu&#8217;on utilise aussi le manifeste comme un laboratoire. Tous les d\u00e9partements veulent apporter leur id\u00e9es. Moi, j&#8217;ai eu envie que le sabre traverse la lunette arri\u00e8re et voulu positionner les clignotants en partie haute.<\/em>&#8221; Voici les id\u00e9es qui n&#8217;ont pas pass\u00e9 le cap de la s\u00e9rie: <strong>en 1,<\/strong> on retrouve le model\u00e9 arri\u00e8re qui ne fonctionne pas en a\u00e9ro (il donnera lieu \u00e0 une coupe franche sur la voiture de s\u00e9rie qui participe au caract\u00e8re de la DS4), <strong>en 2,<\/strong> les clignotants en partie haute, <strong>en 3<\/strong> la lunette en deux parties et e<strong>n 4<\/strong>, l&#8217;enjoliveur tr\u00e8s SUV du passage de roues.<\/p>\n\n\n\n<figure class=\"wp-block-image size-large\"><img loading=\"lazy\" decoding=\"async\" width=\"1024\" height=\"461\" src=\"http:\/\/lignesauto.fr\/wp-content\/uploads\/2021\/09\/C-1-1024x461.jpg\" alt=\"\" class=\"wp-image-23079\" srcset=\"https:\/\/lignesauto.fr\/wp-content\/uploads\/2021\/09\/C-1-1024x461.jpg 1024w, https:\/\/lignesauto.fr\/wp-content\/uploads\/2021\/09\/C-1-300x135.jpg 300w, https:\/\/lignesauto.fr\/wp-content\/uploads\/2021\/09\/C-1-768x346.jpg 768w, https:\/\/lignesauto.fr\/wp-content\/uploads\/2021\/09\/C-1.jpg 1417w\" sizes=\"(max-width: 1024px) 100vw, 1024px\" \/><\/figure>\n\n\n\n<p style=\"font-size:18px\">Clin d&#8217;\u0153il \u00e0 la DS originelle, le becquet implant\u00e9 \u00e0 l&#8217;extr\u00e9mit\u00e9 du pavillon re\u00e7oit donc deux d\u00e9flecteurs a\u00e9rodynamiques en forme de &#8220;cornet&#8221; qui embarquent la fonction des clignotants. On le sait, l&#8217;homologation \u00e0 cet emplacement n&#8217;est pas possible, ce qui est aberrant lorsqu&#8217;on voit certains v\u00e9hicules aujourd&#8217;hui avec les clignotants report\u00e9s dans le bouclier arri\u00e8re, invisibles donc&#8230;<\/p>\n\n\n\n<figure class=\"wp-block-image size-large\"><img loading=\"lazy\" decoding=\"async\" width=\"1024\" height=\"461\" src=\"http:\/\/lignesauto.fr\/wp-content\/uploads\/2021\/09\/20210906_163140-1024x461.jpg\" alt=\"\" class=\"wp-image-23080\" srcset=\"https:\/\/lignesauto.fr\/wp-content\/uploads\/2021\/09\/20210906_163140-1024x461.jpg 1024w, https:\/\/lignesauto.fr\/wp-content\/uploads\/2021\/09\/20210906_163140-300x135.jpg 300w, https:\/\/lignesauto.fr\/wp-content\/uploads\/2021\/09\/20210906_163140-768x346.jpg 768w, https:\/\/lignesauto.fr\/wp-content\/uploads\/2021\/09\/20210906_163140.jpg 1417w\" sizes=\"(max-width: 1024px) 100vw, 1024px\" \/><\/figure>\n\n\n\n<p style=\"font-size:18px\">Le manifeste annon\u00e7ait d\u00e9j\u00e0 une signature lumineuse tr\u00e8s travaill\u00e9e comme on le voit ci-dessous <strong>en 1<\/strong>. Thomas Duhamel nous rappelle \u00e9galement &#8220;<em>que l&#8217;objectif avec le projet D41 \u00e9tait de conserver les optiques fines pr\u00e9sentes sur cette maquette.<\/em>&#8220;<\/p>\n\n\n\n<figure class=\"wp-block-image size-large\"><img loading=\"lazy\" decoding=\"async\" width=\"461\" height=\"1024\" src=\"http:\/\/lignesauto.fr\/wp-content\/uploads\/2021\/09\/20210906_163413-461x1024.jpg\" alt=\"\" class=\"wp-image-23081\" srcset=\"https:\/\/lignesauto.fr\/wp-content\/uploads\/2021\/09\/20210906_163413-461x1024.jpg 461w, https:\/\/lignesauto.fr\/wp-content\/uploads\/2021\/09\/20210906_163413-135x300.jpg 135w, https:\/\/lignesauto.fr\/wp-content\/uploads\/2021\/09\/20210906_163413-768x1706.jpg 768w, https:\/\/lignesauto.fr\/wp-content\/uploads\/2021\/09\/20210906_163413-692x1536.jpg 692w, https:\/\/lignesauto.fr\/wp-content\/uploads\/2021\/09\/20210906_163413-922x2048.jpg 922w, https:\/\/lignesauto.fr\/wp-content\/uploads\/2021\/09\/20210906_163413-scaled.jpg 1153w\" sizes=\"(max-width: 461px) 100vw, 461px\" \/><\/figure>\n\n\n\n<p style=\"font-size:18px\">Fr\u00e9d\u00e9ric Soubirou, le responsable du design ext\u00e9rieur chez DS (au centre de la photo ci-dessous avec la veste), explique dans le n\u00b03 de LIGNES\/auto trimestriel (disponible ici : lignesautoeditions.fr) &#8220;<em>que pour le projet D41 qui a donn\u00e9 vie \u00e0 la DS4, apr\u00e8s le manifeste, il y a eu quatre ou cinq maquettes polystyr\u00e8ne, puis deux maquettes en clay rest\u00e9es en comp\u00e9tition.<\/em>&#8221; Une comp\u00e9tition remport\u00e9e par Thomas Duhamel.<\/p>\n\n\n\n<figure class=\"wp-block-image size-large\"><img loading=\"lazy\" decoding=\"async\" width=\"1024\" height=\"683\" src=\"http:\/\/lignesauto.fr\/wp-content\/uploads\/2021\/09\/Y-1024x683.jpg\" alt=\"\" class=\"wp-image-23084\" srcset=\"https:\/\/lignesauto.fr\/wp-content\/uploads\/2021\/09\/Y-1024x683.jpg 1024w, https:\/\/lignesauto.fr\/wp-content\/uploads\/2021\/09\/Y-300x200.jpg 300w, https:\/\/lignesauto.fr\/wp-content\/uploads\/2021\/09\/Y-768x512.jpg 768w, https:\/\/lignesauto.fr\/wp-content\/uploads\/2021\/09\/Y.jpg 1417w\" sizes=\"(max-width: 1024px) 100vw, 1024px\" \/><\/figure>\n\n\n\n<p style=\"font-size:18px\">Fr\u00e9d\u00e9ric pr\u00e9cise que Thomas Duhamel  &#8220;<em>a dessin\u00e9 la voiture peu de temps apr\u00e8s son embauche \u00e0 la sortie de l\u2019\u00e9cole ISD de Valenciennes.&nbsp;Je dirais qu\u2019il l\u2019a dessin\u00e9e avec sa fraicheur. Pour lui, une voiture moderne devait avoir de grandes roues. Il ne voulait pas faire une GTI coll\u00e9e au sol. Sa vision \u00e9tait celle d\u2019un style \u00e9l\u00e9gant mais surtout, a\u00e9rien. A partir de ces id\u00e9es, on a d\u2019abord r\u00e9alis\u00e9 ce manifeste (<\/em>en photos dans ce post<em>), une sorte de concept-car interne. (&#8230;) On devine d\u00e9j\u00e0 sur cette voiture un ma\u00eetre couple tr\u00e8s bas, une voiture \u00e9lanc\u00e9e et ce c\u00f4t\u00e9 a\u00e9rien, obtenu d\u2019abord avec les grandes roues.&#8221; <\/em><\/p>\n\n\n\n<figure class=\"wp-block-image size-large\"><img loading=\"lazy\" decoding=\"async\" width=\"682\" height=\"1024\" src=\"http:\/\/lignesauto.fr\/wp-content\/uploads\/2021\/09\/G-682x1024.jpg\" alt=\"\" class=\"wp-image-23085\" srcset=\"https:\/\/lignesauto.fr\/wp-content\/uploads\/2021\/09\/G-682x1024.jpg 682w, https:\/\/lignesauto.fr\/wp-content\/uploads\/2021\/09\/G-200x300.jpg 200w, https:\/\/lignesauto.fr\/wp-content\/uploads\/2021\/09\/G-768x1153.jpg 768w, https:\/\/lignesauto.fr\/wp-content\/uploads\/2021\/09\/G-1023x1536.jpg 1023w, https:\/\/lignesauto.fr\/wp-content\/uploads\/2021\/09\/G-1364x2048.jpg 1364w, https:\/\/lignesauto.fr\/wp-content\/uploads\/2021\/09\/G.jpg 1417w\" sizes=\"(max-width: 682px) 100vw, 682px\" \/><\/figure>\n\n\n\n<p style=\"font-size:18px\">Thomas Duhamel ne s\u2019est pas arr\u00eat\u00e9 en si bon chemin. Apr\u00e8s avoir esquiss\u00e9 le manifeste de la fin 2015, valid\u00e9 son projet pour le programme D41 de la DS4, il encha\u00eene avec le dessin du concept-car ASL (ci-dessus et ci-dessous) \u00ab&nbsp;<em>En 2015, je suis dans le studio depuis \u00e0 peine un an. J\u2019ai eu la chance d\u2019\u00eatre int\u00e9gr\u00e9 \u00e0 l\u2019\u00e9quipe de design d\u00e9di\u00e9e \u00e0 la nouvelle marque DS. Je trouvais que la dynamique \u00e9tait d\u00e9j\u00e0 bien lanc\u00e9e&nbsp;!&nbsp;<\/em>\u00bb<\/p>\n\n\n\n<figure class=\"wp-block-image size-large\"><img loading=\"lazy\" decoding=\"async\" width=\"1024\" height=\"417\" src=\"http:\/\/lignesauto.fr\/wp-content\/uploads\/2021\/09\/LIGNES21-1024x417.jpg\" alt=\"\" class=\"wp-image-23129\" srcset=\"https:\/\/lignesauto.fr\/wp-content\/uploads\/2021\/09\/LIGNES21-1024x417.jpg 1024w, https:\/\/lignesauto.fr\/wp-content\/uploads\/2021\/09\/LIGNES21-300x122.jpg 300w, https:\/\/lignesauto.fr\/wp-content\/uploads\/2021\/09\/LIGNES21-768x313.jpg 768w, https:\/\/lignesauto.fr\/wp-content\/uploads\/2021\/09\/LIGNES21.jpg 1417w\" sizes=\"(max-width: 1024px) 100vw, 1024px\" \/><\/figure>\n\n\n\n<p style=\"font-size:18px\">C\u2019est une chance pour un designer d\u2019arriver au bon endroit, au bon moment&nbsp;! \u00ab&nbsp;<em>Oui, c\u2019est super quand on est un jeune designer de participer \u00e0 la cr\u00e9ation d\u2019une marque&nbsp;!&nbsp;<\/em>\u00bb Thomas Duhamel sortait tout juste de l\u2019\u00e9cole ISD de Valenciennes o\u00f9 son stage a \u00e9t\u00e9 suivi par l\u2019\u00e9quipe de design DS. \u00ab&nbsp;<em>\u00c9tudiant, je trouvais l\u00e9gitime que DS soit s\u00e9par\u00e9e de la marque Citro\u00ebn. On faisait un projet de petite DS, la \u00ab&nbsp;DS Z\u00e9ro&nbsp;\u00bb, et plusieurs intervenants du studio \u00e9taient venus nous aider, y compris des modeleurs et on a r\u00e9alis\u00e9 le projet en clay. C\u2019\u00e9tait tr\u00e8s formateur&nbsp;!<\/em>&nbsp;\u00bb <\/p>\n\n\n\n<h2 class=\"wp-block-heading\"><strong>LES PARENTS DE LA DS4<\/strong><\/h2>\n\n\n\n<p style=\"font-size:18px\">\u00c9videmment, comme le fait humblement remarquer Thomas Duhamel, il n&#8217;est \u00e9videmment pas le seul \u00e0 avoir \u0153uvr\u00e9 au design du projet D41 devenu DS4. Voici de gauche \u00e0 droite, les noms des principaux acteurs et actrices de la partie design du programme : Robert NUBOER &#8211; Pascal MACE &#8211; Fr\u00e9d\u00e9ric SOUBIROU &#8211; Fr\u00e9d\u00e9ric VALLEE &#8211; Fabrice BOSELLI &#8211; Bob ROMKES &#8211; Laurent NEU &#8211; Thierry METROZ &nbsp;&#8211; Dominique BOUTHEMY &#8211; Andreas STUMP &nbsp;&#8211; Thomas BOUVERET &#8211; Bernard GERMAIN &#8211; Emmanuel RAFFY &#8211; Francois LORMEAU &#8211; Cyril VEYNANTE &#8211; Nicolas DELUY &#8211; Alexis GOENS &#8211; Arthur HUBERT &#8211; Thomas ALTET &#8211; Sylvain GAUDICHON &#8211; Thomas DUHAMEL &#8211; Tzu Han CHOU &#8211; Sacha&nbsp;MILINKOVIC &#8211; Yovan VUJACIC &#8211; Colomba DUCROT<\/p>\n\n\n\n<figure class=\"wp-block-image size-large\"><img loading=\"lazy\" decoding=\"async\" width=\"1024\" height=\"576\" src=\"http:\/\/lignesauto.fr\/wp-content\/uploads\/2021\/09\/LIGNESDS4-1024x576.jpg\" alt=\"\" class=\"wp-image-23115\" srcset=\"https:\/\/lignesauto.fr\/wp-content\/uploads\/2021\/09\/LIGNESDS4-1024x576.jpg 1024w, https:\/\/lignesauto.fr\/wp-content\/uploads\/2021\/09\/LIGNESDS4-300x169.jpg 300w, https:\/\/lignesauto.fr\/wp-content\/uploads\/2021\/09\/LIGNESDS4-768x432.jpg 768w, https:\/\/lignesauto.fr\/wp-content\/uploads\/2021\/09\/LIGNESDS4.jpg 1417w\" sizes=\"(max-width: 1024px) 100vw, 1024px\" \/><\/figure>\n\n\n\n<figure class=\"wp-block-image size-large is-resized\"><img loading=\"lazy\" decoding=\"async\" src=\"http:\/\/lignesauto.fr\/wp-content\/uploads\/2021\/09\/X-1024x768.jpg\" alt=\"\" class=\"wp-image-23086\" width=\"587\" height=\"440\" srcset=\"https:\/\/lignesauto.fr\/wp-content\/uploads\/2021\/09\/X-1024x768.jpg 1024w, https:\/\/lignesauto.fr\/wp-content\/uploads\/2021\/09\/X-300x225.jpg 300w, https:\/\/lignesauto.fr\/wp-content\/uploads\/2021\/09\/X-768x576.jpg 768w, https:\/\/lignesauto.fr\/wp-content\/uploads\/2021\/09\/X.jpg 1417w\" sizes=\"(max-width: 587px) 100vw, 587px\" \/><figcaption><strong>A gauche, Fr\u00e9d\u00e9ric Soubirou, responsable du design ext\u00e9rieur de DS et \u00e0 bord, Thomas Bouveret, responsable du design int\u00e9rieur de DS. <\/strong><\/figcaption><\/figure>\n\n\n\n<figure class=\"wp-block-image size-large\"><img loading=\"lazy\" decoding=\"async\" width=\"1024\" height=\"461\" src=\"http:\/\/lignesauto.fr\/wp-content\/uploads\/2021\/09\/20210906_184838-1024x461.jpg\" alt=\"\" class=\"wp-image-23082\" srcset=\"https:\/\/lignesauto.fr\/wp-content\/uploads\/2021\/09\/20210906_184838-1024x461.jpg 1024w, https:\/\/lignesauto.fr\/wp-content\/uploads\/2021\/09\/20210906_184838-300x135.jpg 300w, https:\/\/lignesauto.fr\/wp-content\/uploads\/2021\/09\/20210906_184838-768x346.jpg 768w, https:\/\/lignesauto.fr\/wp-content\/uploads\/2021\/09\/20210906_184838.jpg 1417w\" sizes=\"(max-width: 1024px) 100vw, 1024px\" \/><\/figure>\n\n\n\n<div class=\"wp-block-image\"><figure class=\"aligncenter is-resized\"><img loading=\"lazy\" decoding=\"async\" src=\"http:\/\/lignesauto.fr\/wp-content\/uploads\/2018\/10\/LOGOActus_BD-1024x367.jpg\" alt=\"L\u2019attribut alt de cette image est vide, son nom de fichier est LOGOActus_BD-1024x367.jpg.\" width=\"455\" height=\"162\"\/><\/figure><\/div>\n","protected":false},"excerpt":{"rendered":"<p>Lors de la DS Week, le constructeur n&#8217;a pas fait les choses \u00e0 moiti\u00e9 ! Et pour les amoureux de design, l&#8217;exposition de la maquette clay de la DS4 et surtout, celle du &#8220;manifeste&#8221; de la fin 2015 ont suscit\u00e9 la curiosit\u00e9. Le &#8220;manifeste&#8221; du programme D41, qui est devenu [&hellip;]<\/p>\n","protected":false},"author":1,"featured_media":23169,"comment_status":"open","ping_status":"open","sticky":false,"template":"","format":"standard","meta":{"footnotes":""},"categories":[1],"tags":[],"_links":{"self":[{"href":"https:\/\/lignesauto.fr\/index.php?rest_route=\/wp\/v2\/posts\/23062"}],"collection":[{"href":"https:\/\/lignesauto.fr\/index.php?rest_route=\/wp\/v2\/posts"}],"about":[{"href":"https:\/\/lignesauto.fr\/index.php?rest_route=\/wp\/v2\/types\/post"}],"author":[{"embeddable":true,"href":"https:\/\/lignesauto.fr\/index.php?rest_route=\/wp\/v2\/users\/1"}],"replies":[{"embeddable":true,"href":"https:\/\/lignesauto.fr\/index.php?rest_route=%2Fwp%2Fv2%2Fcomments&post=23062"}],"version-history":[{"count":63,"href":"https:\/\/lignesauto.fr\/index.php?rest_route=\/wp\/v2\/posts\/23062\/revisions"}],"predecessor-version":[{"id":23167,"href":"https:\/\/lignesauto.fr\/index.php?rest_route=\/wp\/v2\/posts\/23062\/revisions\/23167"}],"wp:featuredmedia":[{"embeddable":true,"href":"https:\/\/lignesauto.fr\/index.php?rest_route=\/wp\/v2\/media\/23169"}],"wp:attachment":[{"href":"https:\/\/lignesauto.fr\/index.php?rest_route=%2Fwp%2Fv2%2Fmedia&parent=23062"}],"wp:term":[{"taxonomy":"category","embeddable":true,"href":"https:\/\/lignesauto.fr\/index.php?rest_route=%2Fwp%2Fv2%2Fcategories&post=23062"},{"taxonomy":"post_tag","embeddable":true,"href":"https:\/\/lignesauto.fr\/index.php?rest_route=%2Fwp%2Fv2%2Ftags&post=23062"}],"curies":[{"name":"wp","href":"https:\/\/api.w.org\/{rel}","templated":true}]}}