{"id":23170,"date":"2021-09-09T15:45:12","date_gmt":"2021-09-09T13:45:12","guid":{"rendered":"http:\/\/lignesauto.fr\/?p=23170"},"modified":"2024-08-16T08:39:31","modified_gmt":"2024-08-16T06:39:31","slug":"a-amiens-emouvante-exposition-hommage-a-robert-opron","status":"publish","type":"post","link":"https:\/\/lignesauto.fr\/?p=23170","title":{"rendered":"A Amiens, \u00e9mouvante exposition-hommage \u00e0 Robert Opron"},"content":{"rendered":"<div class=\"wp-block-image\">\n<figure class=\"aligncenter size-large is-resized\"><img loading=\"lazy\" decoding=\"async\" width=\"1024\" height=\"367\" src=\"http:\/\/lignesauto.fr\/wp-content\/uploads\/2018\/10\/LOGOActus_BD-1024x367.jpg\" alt=\"\" class=\"wp-image-4921\" style=\"width:422px;height:150px\" srcset=\"https:\/\/lignesauto.fr\/wp-content\/uploads\/2018\/10\/LOGOActus_BD-1024x367.jpg 1024w, https:\/\/lignesauto.fr\/wp-content\/uploads\/2018\/10\/LOGOActus_BD-300x108.jpg 300w, https:\/\/lignesauto.fr\/wp-content\/uploads\/2018\/10\/LOGOActus_BD-768x276.jpg 768w, https:\/\/lignesauto.fr\/wp-content\/uploads\/2018\/10\/LOGOActus_BD-370x133.jpg 370w, https:\/\/lignesauto.fr\/wp-content\/uploads\/2018\/10\/LOGOActus_BD-1040x373.jpg 1040w, https:\/\/lignesauto.fr\/wp-content\/uploads\/2018\/10\/LOGOActus_BD.jpg 1240w\" sizes=\"(max-width: 1024px) 100vw, 1024px\" \/><\/figure><\/div>\n\n\n<p style=\"font-size:18px\">C&#8217;est \u00e0 Amiens, en Picardie &#8211; ville de naissance de Robert Opron &#8211; que s&#8217;est tenue une exposition hommage au grand designer disparu en mars 2021. Elle regroupait de nombreux documents in\u00e9dits rassembl\u00e9s par les organisateurs aupr\u00e8s de Genevi\u00e8ve Opron, elle-m\u00eame pr\u00e9sente le jour du vernissage. LIGNES\/auto y \u00e9tait\u2026<\/p>\n\n\n\n<figure class=\"wp-block-image size-large\"><img loading=\"lazy\" decoding=\"async\" width=\"1024\" height=\"667\" src=\"http:\/\/lignesauto.fr\/wp-content\/uploads\/2021\/09\/LIGNESORPON_22-1024x667.png\" alt=\"\" class=\"wp-image-23187\" srcset=\"https:\/\/lignesauto.fr\/wp-content\/uploads\/2021\/09\/LIGNESORPON_22-1024x667.png 1024w, https:\/\/lignesauto.fr\/wp-content\/uploads\/2021\/09\/LIGNESORPON_22-300x195.png 300w, https:\/\/lignesauto.fr\/wp-content\/uploads\/2021\/09\/LIGNESORPON_22-768x500.png 768w, https:\/\/lignesauto.fr\/wp-content\/uploads\/2021\/09\/LIGNESORPON_22-1000x650.png 1000w, https:\/\/lignesauto.fr\/wp-content\/uploads\/2021\/09\/LIGNESORPON_22.png 1417w\" sizes=\"(max-width: 1024px) 100vw, 1024px\" \/><figcaption class=\"wp-element-caption\"><strong>PHOTO PETER GUENZEL<\/strong><\/figcaption><\/figure>\n\n\n\n<p style=\"font-size:18px\">C&#8217;est &#8211; pour l&#8217;heure- le seul \u00e9v\u00e9nement public qui rend hommage \u00e0 ce grand designer. Cette exposition est \u00e0 l&#8217;origine l&#8217;id\u00e9e de passionn\u00e9s regroup\u00e9s au sein de l&#8217;association &#8216;L&#8217;tchiote auto 80&#8217; : Michel Lamy, le pr\u00e9sident et Francis Levant, Jean Gadenne et Alain Congretel, ce dernier lecteur de&#8230; LIGNES\/auto trimestriel.<\/p>\n\n\n\n<figure class=\"wp-block-image size-large\"><img loading=\"lazy\" decoding=\"async\" width=\"1024\" height=\"410\" src=\"http:\/\/lignesauto.fr\/wp-content\/uploads\/2021\/09\/LIGNESOPRON_07-1024x410.jpg\" alt=\"\" class=\"wp-image-23173\" srcset=\"https:\/\/lignesauto.fr\/wp-content\/uploads\/2021\/09\/LIGNESOPRON_07-1024x410.jpg 1024w, https:\/\/lignesauto.fr\/wp-content\/uploads\/2021\/09\/LIGNESOPRON_07-300x120.jpg 300w, https:\/\/lignesauto.fr\/wp-content\/uploads\/2021\/09\/LIGNESOPRON_07-768x307.jpg 768w, https:\/\/lignesauto.fr\/wp-content\/uploads\/2021\/09\/LIGNESOPRON_07.jpg 1417w\" sizes=\"(max-width: 1024px) 100vw, 1024px\" \/><\/figure>\n\n\n\n<p style=\"font-size:18px\">Comment ne pas saluer leur initiative. Mais un sentiment confus nous envahi \u00e0 la sortie de cette superbe exposition, lorsqu&#8217;on se rend compte qu&#8217;un hommage digne de ce designer est n\u00e9 de cette petite \u00e9quipe de passionn\u00e9s : n&#8217;\u00e9tait-ce pas au constructeur d&#8217;organiser un tel \u00e9v\u00e9nement ? Le design, voire le &#8220;style&#8221;, \u00e7a reste quand m\u00eame des histoires de femmes et d&#8217;hommes, non ? Savoir qu&#8217;\u00e0 l&#8217;origine de cette exposition on trouve une poign\u00e9e de passionn\u00e9s mais absolument personne de Citro\u00ebn laisse un go\u00fbt amer. Robert Opron, c&#8217;est quand m\u00eame la GS (voiture de l&#8217;ann\u00e9e ci-dessous), la SM, la CX et tant d&#8217;autres projets !<\/p>\n\n\n\n<figure class=\"wp-block-image size-large\"><img loading=\"lazy\" decoding=\"async\" width=\"1024\" height=\"725\" src=\"http:\/\/lignesauto.fr\/wp-content\/uploads\/2021\/09\/LIGNESORPON_13-1024x725.jpg\" alt=\"\" class=\"wp-image-23184\" srcset=\"https:\/\/lignesauto.fr\/wp-content\/uploads\/2021\/09\/LIGNESORPON_13-1024x725.jpg 1024w, https:\/\/lignesauto.fr\/wp-content\/uploads\/2021\/09\/LIGNESORPON_13-300x212.jpg 300w, https:\/\/lignesauto.fr\/wp-content\/uploads\/2021\/09\/LIGNESORPON_13-768x544.jpg 768w, https:\/\/lignesauto.fr\/wp-content\/uploads\/2021\/09\/LIGNESORPON_13.jpg 1417w\" sizes=\"(max-width: 1024px) 100vw, 1024px\" \/><\/figure>\n\n\n\n<p style=\"font-size:18px\">Dans son projet, la petite \u00e9quipe a r\u00e9ussi \u00e0 convaincre la ville d&#8217;Amiens, mais pas seulement. Ont \u00e9t\u00e9 \u00e0 c\u00f4t\u00e9 d&#8217;elle le pr\u00e9sident de la maison de l&#8217;architecture, Jean Louis Maniaque, le vid\u00e9aste R\u00e9mi Blondel, Guillaume Vinchon l&#8217;administrateur de la maison de l&#8217;architecture, sans oublier Gauthier Gillmann du Mus\u00e9e de Picardie et commissaire de l&#8217;exposition.<\/p>\n\n\n\n<figure class=\"wp-block-image size-large\"><img loading=\"lazy\" decoding=\"async\" width=\"1024\" height=\"461\" src=\"http:\/\/lignesauto.fr\/wp-content\/uploads\/2021\/09\/LIGNESORPON_11-1024x461.jpg\" alt=\"\" class=\"wp-image-23174\" srcset=\"https:\/\/lignesauto.fr\/wp-content\/uploads\/2021\/09\/LIGNESORPON_11-1024x461.jpg 1024w, https:\/\/lignesauto.fr\/wp-content\/uploads\/2021\/09\/LIGNESORPON_11-300x135.jpg 300w, https:\/\/lignesauto.fr\/wp-content\/uploads\/2021\/09\/LIGNESORPON_11-768x346.jpg 768w, https:\/\/lignesauto.fr\/wp-content\/uploads\/2021\/09\/LIGNESORPON_11.jpg 1417w\" sizes=\"(max-width: 1024px) 100vw, 1024px\" \/><\/figure>\n\n\n\n<p style=\"font-size:18px\">Dans les diff\u00e9rentes salles de l&#8217;exposition, vous remonterez le temps avec les p\u00e9riodes que Robert Opron a v\u00e9cues chez Simca, Arthur Martin, Citro\u00ebn, Renault ou encore Alfa et Ligier. Le tout \u00e9maill\u00e9 de documents souvent in\u00e9dits, la plupart issus des archives personnelles de Robert Opron, pr\u00eat\u00e9es pour l&#8217;occasion par son \u00e9pouse Genevi\u00e8ve.<\/p>\n\n\n\n<figure class=\"wp-block-image size-large\"><img loading=\"lazy\" decoding=\"async\" width=\"1024\" height=\"484\" src=\"http:\/\/lignesauto.fr\/wp-content\/uploads\/2021\/09\/LIGNESOPRON_01-1024x484.jpg\" alt=\"\" class=\"wp-image-23175\" srcset=\"https:\/\/lignesauto.fr\/wp-content\/uploads\/2021\/09\/LIGNESOPRON_01-1024x484.jpg 1024w, https:\/\/lignesauto.fr\/wp-content\/uploads\/2021\/09\/LIGNESOPRON_01-300x142.jpg 300w, https:\/\/lignesauto.fr\/wp-content\/uploads\/2021\/09\/LIGNESOPRON_01-768x363.jpg 768w, https:\/\/lignesauto.fr\/wp-content\/uploads\/2021\/09\/LIGNESOPRON_01.jpg 1417w\" sizes=\"(max-width: 1024px) 100vw, 1024px\" \/><\/figure>\n\n\n\n<p style=\"font-size:18px\">A l&#8217;ext\u00e9rieur de la Maison de l&#8217;Architecture en ce samedi 4 septembre, une vingtaine de collectionneurs avaient rassembl\u00e9 plusieurs v\u00e9hicules sign\u00e9s par Robert Opron, dont une Citro\u00ebn SM Mylord carross\u00e9e par Chapron ainsi qu&#8217;une&#8230; Fuego et une Alpine V6. Saluons \u00e9galement les divers clubs et associations qui ont r\u00e9pondu \u00e0 l&#8217;invitation (Euro SM Club, Citro\u00ebn SM Club de France, GAVAP, l&#8217;Agence CX, l&#8217;Amicale Flaminio Bertoni, le club Andr\u00e9 Citro\u00ebn Allemagne ou encore Citrosfeer Vlanderen Belgique. <\/p>\n\n\n\n<figure class=\"wp-block-image size-large\"><img loading=\"lazy\" decoding=\"async\" width=\"1024\" height=\"724\" src=\"http:\/\/lignesauto.fr\/wp-content\/uploads\/2021\/09\/LIGNESORPON_23-1024x724.png\" alt=\"\" class=\"wp-image-23191\" srcset=\"https:\/\/lignesauto.fr\/wp-content\/uploads\/2021\/09\/LIGNESORPON_23-1024x724.png 1024w, https:\/\/lignesauto.fr\/wp-content\/uploads\/2021\/09\/LIGNESORPON_23-300x212.png 300w, https:\/\/lignesauto.fr\/wp-content\/uploads\/2021\/09\/LIGNESORPON_23-768x543.png 768w, https:\/\/lignesauto.fr\/wp-content\/uploads\/2021\/09\/LIGNESORPON_23.png 1417w\" sizes=\"(max-width: 1024px) 100vw, 1024px\" \/><\/figure>\n\n\n\n<p style=\"font-size:18px\">Ce samedi 4 septembre, lors du vernissage de l&#8217;exposition, madame Genevi\u00e8ve Opron ci-dessus, s&#8217;est vu remettre la m\u00e9daille de la Ville par la Maire, madame Brigitte Four\u00e9. Elle \u00e9tait entour\u00e9e d&#8217;une quinzaine de membres de sa famille. Parmi eux, l&#8217;arri\u00e8re-petit-fils de Robert Opron, aujourd&#8217;hui lyc\u00e9en \u00e0 Amiens.<\/p>\n\n\n\n<p style=\"font-size:19px\"><strong>Plongez avec nous au c\u0153ur de cette exposition avec quelques-unes des p\u00e9pites qui y sont pr\u00e9sent\u00e9es. <\/strong>Commen\u00e7ons par la p\u00e9riode Simca. Opron a tout juste 26 ans lorsqu&#8217;il pousse les portes de ce bureau de style&#8230;<\/p>\n\n\n\n<figure class=\"wp-block-image size-large\"><img loading=\"lazy\" decoding=\"async\" width=\"1024\" height=\"614\" src=\"http:\/\/lignesauto.fr\/wp-content\/uploads\/2021\/09\/LIGNESORPON_10-1024x614.jpg\" alt=\"\" class=\"wp-image-23179\" srcset=\"https:\/\/lignesauto.fr\/wp-content\/uploads\/2021\/09\/LIGNESORPON_10-1024x614.jpg 1024w, https:\/\/lignesauto.fr\/wp-content\/uploads\/2021\/09\/LIGNESORPON_10-300x180.jpg 300w, https:\/\/lignesauto.fr\/wp-content\/uploads\/2021\/09\/LIGNESORPON_10-768x460.jpg 768w, https:\/\/lignesauto.fr\/wp-content\/uploads\/2021\/09\/LIGNESORPON_10.jpg 1417w\" sizes=\"(max-width: 1024px) 100vw, 1024px\" \/><figcaption class=\"wp-element-caption\"><strong>FORD FORZA &#8211; DOCUMENT GAUTHIER GILLMANN<\/strong><\/figcaption><\/figure>\n\n\n\n<p style=\"font-size:18px\">\u00c9videmment, tout le monde pense \u00e0 son v\u00e9hicule show-car : la Fulgur de 1959 ex\u00e9cut\u00e9e \u00e0 la demande&#8230; du journal de Tintin ! Mais la p\u00e9riode Simca sera aussi l&#8217;occasion, pour Robert Opron, de nouer de vraies relations professionnelles avec quelques designers ou modeleurs qui vont le suivre chez Citro\u00ebn, \u00e0 l&#8217;image de Jacques Charreton et de Basile Allamat.<\/p>\n\n\n\n<figure class=\"wp-block-image size-large\"><img loading=\"lazy\" decoding=\"async\" width=\"1024\" height=\"666\" src=\"http:\/\/lignesauto.fr\/wp-content\/uploads\/2021\/09\/Capture-de\u0301cran-2021-09-09-a\u0300-12.34.28-1024x666.png\" alt=\"\" class=\"wp-image-23212\" srcset=\"https:\/\/lignesauto.fr\/wp-content\/uploads\/2021\/09\/Capture-de\u0301cran-2021-09-09-a\u0300-12.34.28-1024x666.png 1024w, https:\/\/lignesauto.fr\/wp-content\/uploads\/2021\/09\/Capture-de\u0301cran-2021-09-09-a\u0300-12.34.28-300x195.png 300w, https:\/\/lignesauto.fr\/wp-content\/uploads\/2021\/09\/Capture-de\u0301cran-2021-09-09-a\u0300-12.34.28-768x500.png 768w, https:\/\/lignesauto.fr\/wp-content\/uploads\/2021\/09\/Capture-de\u0301cran-2021-09-09-a\u0300-12.34.28-1000x650.png 1000w, https:\/\/lignesauto.fr\/wp-content\/uploads\/2021\/09\/Capture-de\u0301cran-2021-09-09-a\u0300-12.34.28.png 1417w\" sizes=\"(max-width: 1024px) 100vw, 1024px\" \/><\/figure>\n\n\n\n<p style=\"font-size:18px\">Bien avant que Simca ne cr\u00e9\u00e9e la 1100 avec son hayon &#8211; c&#8217;\u00e9tait en 1967 et Robert Opron avait quitt\u00e9 l\u2019entreprise depuis cinq ans&#8230; &#8211; le designer fran\u00e7ais va innover avec cette maquette bicorps dont la compacte Simca s&#8217;est visiblement inspir\u00e9e, ci-dessus.<\/p>\n\n\n\n<figure class=\"wp-block-image size-large\"><img loading=\"lazy\" decoding=\"async\" width=\"1024\" height=\"401\" src=\"http:\/\/lignesauto.fr\/wp-content\/uploads\/2021\/09\/LIGNESOPRON_03-1024x401.jpg\" alt=\"\" class=\"wp-image-23176\" srcset=\"https:\/\/lignesauto.fr\/wp-content\/uploads\/2021\/09\/LIGNESOPRON_03-1024x401.jpg 1024w, https:\/\/lignesauto.fr\/wp-content\/uploads\/2021\/09\/LIGNESOPRON_03-300x118.jpg 300w, https:\/\/lignesauto.fr\/wp-content\/uploads\/2021\/09\/LIGNESOPRON_03-768x301.jpg 768w, https:\/\/lignesauto.fr\/wp-content\/uploads\/2021\/09\/LIGNESOPRON_03.jpg 1417w\" sizes=\"(max-width: 1024px) 100vw, 1024px\" \/><\/figure>\n\n\n\n<p style=\"font-size:18px\">C&#8217;est ensuite deux grandes vitrines qui d\u00e9voilent des croquis de Robert Opron, r\u00e9alis\u00e9s lors de sa p\u00e9riode chez Arthur Martin o\u00f9 il entre apr\u00e8s deux ann\u00e9es pass\u00e9es chez Simca. Le constructeur automobile a fait valoir son droit de non-concurrence. Chez Arthur Martin, Robert Opron devient le directeur du style de la soci\u00e9t\u00e9.<\/p>\n\n\n\n<figure class=\"wp-block-image size-large\"><img loading=\"lazy\" decoding=\"async\" width=\"1024\" height=\"685\" src=\"http:\/\/lignesauto.fr\/wp-content\/uploads\/2021\/09\/LIGNESORPON_16-1024x685.jpg\" alt=\"\" class=\"wp-image-23178\" srcset=\"https:\/\/lignesauto.fr\/wp-content\/uploads\/2021\/09\/LIGNESORPON_16-1024x685.jpg 1024w, https:\/\/lignesauto.fr\/wp-content\/uploads\/2021\/09\/LIGNESORPON_16-300x201.jpg 300w, https:\/\/lignesauto.fr\/wp-content\/uploads\/2021\/09\/LIGNESORPON_16-768x514.jpg 768w, https:\/\/lignesauto.fr\/wp-content\/uploads\/2021\/09\/LIGNESORPON_16.jpg 1417w\" sizes=\"(max-width: 1024px) 100vw, 1024px\" \/><\/figure>\n\n\n\n<p style=\"font-size:18px\">De nombreux croquis de diff\u00e9rentes \u00e9poques sont diss\u00e9min\u00e9s tout au long de l&#8217;exposition, comme ce piano ci-dessous qui nous a fait imm\u00e9diatement penser au piano Pleyel con\u00e7u par Peugeot Design Lab en 2012. Pas forc\u00e9ment dans la forme, bien entendu, mais dans la fa\u00e7on d&#8217;approcher cet univers nouveau avec l&#8217;esprit de &#8220;designer&#8221;.<\/p>\n\n\n\n<figure class=\"wp-block-image size-large\"><img loading=\"lazy\" decoding=\"async\" width=\"1024\" height=\"553\" src=\"http:\/\/lignesauto.fr\/wp-content\/uploads\/2021\/09\/LIGNESOPRON_05-1024x553.jpg\" alt=\"\" class=\"wp-image-23177\" srcset=\"https:\/\/lignesauto.fr\/wp-content\/uploads\/2021\/09\/LIGNESOPRON_05-1024x553.jpg 1024w, https:\/\/lignesauto.fr\/wp-content\/uploads\/2021\/09\/LIGNESOPRON_05-300x162.jpg 300w, https:\/\/lignesauto.fr\/wp-content\/uploads\/2021\/09\/LIGNESOPRON_05-768x415.jpg 768w, https:\/\/lignesauto.fr\/wp-content\/uploads\/2021\/09\/LIGNESOPRON_05.jpg 1417w\" sizes=\"(max-width: 1024px) 100vw, 1024px\" \/><\/figure>\n\n\n\n<p style=\"font-size:18px\">En 1962, Robert Opron entre chez Citro\u00ebn. Cette p\u00e9riode est bien \u00e9videmment richement repr\u00e9sent\u00e9e, avec l\u00e0 encore, quelques in\u00e9dits. Ci-dessous, parmi les nombreuses photographies d&#8217;\u00e9poque, voici une sc\u00e8ne de l&#8217;atelier de maquettage de la rue du Th\u00e9\u00e2tre \u00e0 l&#8217;arriv\u00e9e de Robert Opron chez le constructeur fran\u00e7ais.<\/p>\n\n\n\n<figure class=\"wp-block-image size-large\"><img loading=\"lazy\" decoding=\"async\" width=\"1024\" height=\"869\" src=\"http:\/\/lignesauto.fr\/wp-content\/uploads\/2021\/09\/LIGNESORPON_04-1024x869.jpg\" alt=\"\" class=\"wp-image-23180\" srcset=\"https:\/\/lignesauto.fr\/wp-content\/uploads\/2021\/09\/LIGNESORPON_04-1024x869.jpg 1024w, https:\/\/lignesauto.fr\/wp-content\/uploads\/2021\/09\/LIGNESORPON_04-300x254.jpg 300w, https:\/\/lignesauto.fr\/wp-content\/uploads\/2021\/09\/LIGNESORPON_04-768x651.jpg 768w, https:\/\/lignesauto.fr\/wp-content\/uploads\/2021\/09\/LIGNESORPON_04.jpg 1417w\" sizes=\"(max-width: 1024px) 100vw, 1024px\" \/><\/figure>\n\n\n\n<p style=\"font-size:18px\">On y d\u00e9couvre ci-dessus, deux maquettes du projet AP qui va d\u00e9river par la suite vers le fameux projet F o\u00f9 il est alors question de concevoir un v\u00e9hicule interm\u00e9diaire entre la 2CV et la DS&#8230;<\/p>\n\n\n\n<p class=\"has-medium-font-size\"><strong>D\u00c9COUVREZ LE PROJET F VU PAR ROBERT OPRON DANS LE TRIMESTRIEL LIGNES\/auto#04 DISPONIBLE ICI : <a href=\"https:\/\/lignesautoeditions.fr\">https:\/\/lignesautoeditions.fr<\/a><\/strong><\/p>\n\n\n\n<figure class=\"wp-block-image size-large\"><img loading=\"lazy\" decoding=\"async\" width=\"1024\" height=\"646\" src=\"http:\/\/lignesauto.fr\/wp-content\/uploads\/2021\/09\/LIGNESORPON_09-1024x646.jpg\" alt=\"\" class=\"wp-image-23182\" srcset=\"https:\/\/lignesauto.fr\/wp-content\/uploads\/2021\/09\/LIGNESORPON_09-1024x646.jpg 1024w, https:\/\/lignesauto.fr\/wp-content\/uploads\/2021\/09\/LIGNESORPON_09-300x189.jpg 300w, https:\/\/lignesauto.fr\/wp-content\/uploads\/2021\/09\/LIGNESORPON_09-768x485.jpg 768w, https:\/\/lignesauto.fr\/wp-content\/uploads\/2021\/09\/LIGNESORPON_09.jpg 1417w\" sizes=\"(max-width: 1024px) 100vw, 1024px\" \/><\/figure>\n\n\n\n<p style=\"font-size:18px\">Chez Citro\u00ebn, aux c\u00f4t\u00e9s de Flaminio Bertoni, Robert Opron ne va pas cacher son amour de la DS, sans oublier d&#8217;ajouter qu&#8217;il n&#8217;aime pas l&#8217;Ami 6 enfant\u00e9e par l&#8217;Italien. A la mort de ce dernier en f\u00e9vrier 1964, il prend la direction de la petite \u00e9quipe de cr\u00e9ation. Il peut compter sur elle, comme toujours, avec comme piliers, Michel Harmand, Jacques Charreton, Henri Dargent ou Jean Giret. <\/p>\n\n\n\n<figure class=\"wp-block-image size-large\"><img loading=\"lazy\" decoding=\"async\" width=\"1024\" height=\"550\" src=\"http:\/\/lignesauto.fr\/wp-content\/uploads\/2021\/09\/LIGNESORPON_08-1024x550.jpg\" alt=\"\" class=\"wp-image-23183\" srcset=\"https:\/\/lignesauto.fr\/wp-content\/uploads\/2021\/09\/LIGNESORPON_08-1024x550.jpg 1024w, https:\/\/lignesauto.fr\/wp-content\/uploads\/2021\/09\/LIGNESORPON_08-300x161.jpg 300w, https:\/\/lignesauto.fr\/wp-content\/uploads\/2021\/09\/LIGNESORPON_08-768x412.jpg 768w, https:\/\/lignesauto.fr\/wp-content\/uploads\/2021\/09\/LIGNESORPON_08.jpg 1417w\" sizes=\"(max-width: 1024px) 100vw, 1024px\" \/><\/figure>\n\n\n\n<p style=\"font-size:18px\">Les projets qui cassent les codes de l&#8217;architecture automobile des ann\u00e9es 1960-1970 vont alors pulluler dans les bureaux de style de la rue du Th\u00e9\u00e2tre, tout pr\u00e8s de Javel, puis dans les vastes locaux de V\u00e9lizy \u00e0 la charni\u00e8re entre les ann\u00e9es 1960 et 1970.<\/p>\n\n\n\n<figure class=\"wp-block-image size-large\"><img loading=\"lazy\" decoding=\"async\" width=\"1024\" height=\"829\" src=\"http:\/\/lignesauto.fr\/wp-content\/uploads\/2021\/09\/LIGNESORPON_17-1024x829.png\" alt=\"\" class=\"wp-image-23185\" srcset=\"https:\/\/lignesauto.fr\/wp-content\/uploads\/2021\/09\/LIGNESORPON_17-1024x829.png 1024w, https:\/\/lignesauto.fr\/wp-content\/uploads\/2021\/09\/LIGNESORPON_17-300x243.png 300w, https:\/\/lignesauto.fr\/wp-content\/uploads\/2021\/09\/LIGNESORPON_17-768x622.png 768w, https:\/\/lignesauto.fr\/wp-content\/uploads\/2021\/09\/LIGNESORPON_17.png 1417w\" sizes=\"(max-width: 1024px) 100vw, 1024px\" \/><\/figure>\n\n\n\n<figure class=\"wp-block-image size-large\"><img loading=\"lazy\" decoding=\"async\" width=\"1024\" height=\"510\" src=\"http:\/\/lignesauto.fr\/wp-content\/uploads\/2021\/09\/LIGNESORPON_20-1024x510.png\" alt=\"\" class=\"wp-image-23186\" srcset=\"https:\/\/lignesauto.fr\/wp-content\/uploads\/2021\/09\/LIGNESORPON_20-1024x510.png 1024w, https:\/\/lignesauto.fr\/wp-content\/uploads\/2021\/09\/LIGNESORPON_20-300x149.png 300w, https:\/\/lignesauto.fr\/wp-content\/uploads\/2021\/09\/LIGNESORPON_20-768x383.png 768w, https:\/\/lignesauto.fr\/wp-content\/uploads\/2021\/09\/LIGNESORPON_20.png 1417w\" sizes=\"(max-width: 1024px) 100vw, 1024px\" \/><\/figure>\n\n\n\n<p style=\"font-size:18px\">En 1964, \u00e0 la mort de Flaminio Bertoni, le r\u00f4le d&#8217;Opron \u00e9volue mais l&#8217;\u00e9quipe est encore tr\u00e8s petite et le &#8220;patron&#8221; n&#8217;h\u00e9site pas \u00e0 coucher sur le papier ses propres id\u00e9es. Elles sont parfois sublimement mises en volumes par Jean Giret.<\/p>\n\n\n\n<figure class=\"wp-block-image size-large\"><img loading=\"lazy\" decoding=\"async\" width=\"1024\" height=\"596\" src=\"http:\/\/lignesauto.fr\/wp-content\/uploads\/2021\/09\/opron13-1024x596.jpg\" alt=\"\" class=\"wp-image-23215\" srcset=\"https:\/\/lignesauto.fr\/wp-content\/uploads\/2021\/09\/opron13-1024x596.jpg 1024w, https:\/\/lignesauto.fr\/wp-content\/uploads\/2021\/09\/opron13-300x175.jpg 300w, https:\/\/lignesauto.fr\/wp-content\/uploads\/2021\/09\/opron13-768x447.jpg 768w, https:\/\/lignesauto.fr\/wp-content\/uploads\/2021\/09\/opron13.jpg 1417w\" sizes=\"(max-width: 1024px) 100vw, 1024px\" \/><\/figure>\n\n\n\n<p style=\"font-size:18px\">L&#8217;aventure avec Citro\u00ebn durera de 1962 \u00e0 la fin de l&#8217;ann\u00e9e 1974. Cette ann\u00e9e-l\u00e0, Bernard Hanon &#8211; futur patron de la R\u00e9gie &#8211; le d\u00e9bauche apr\u00e8s avoir vu la Citro\u00ebn CX au salon de Paris 1974. Robert Opron, qui ne veut pas vivre l&#8217;arriv\u00e9e de Peugeot, le grand rival de toujours, quitte alors sans regret sa marque f\u00e9tiche pour acc\u00e9der \u00e0 un poste nouveau chez Renault.<\/p>\n\n\n\n<figure class=\"wp-block-image size-large\"><img loading=\"lazy\" decoding=\"async\" width=\"1024\" height=\"707\" src=\"http:\/\/lignesauto.fr\/wp-content\/uploads\/2021\/09\/LIGNESOPRON_02-1024x707.jpg\" alt=\"\" class=\"wp-image-23211\" srcset=\"https:\/\/lignesauto.fr\/wp-content\/uploads\/2021\/09\/LIGNESOPRON_02-1024x707.jpg 1024w, https:\/\/lignesauto.fr\/wp-content\/uploads\/2021\/09\/LIGNESOPRON_02-300x207.jpg 300w, https:\/\/lignesauto.fr\/wp-content\/uploads\/2021\/09\/LIGNESOPRON_02-768x531.jpg 768w, https:\/\/lignesauto.fr\/wp-content\/uploads\/2021\/09\/LIGNESOPRON_02.jpg 1417w\" sizes=\"(max-width: 1024px) 100vw, 1024px\" \/><\/figure>\n\n\n\n<p style=\"font-size:18px\">Il arrive en plein d\u00e9veloppement du programme VBG des V\u00e9hicules Bas de Gamme. Il participe pleinement aux cr\u00e9ations des innombrables maquettes avec des solutions originales, comme des vitres circulaires sur les portes avant ou encore, une vitre arri\u00e8re verticale prenant toute la hauteur du c\u00f4t\u00e9 de caisse ci-dessous. On sent que les projets de petites Citro\u00ebn sont encore en lui et il esp\u00e8re que la R\u00e9gie saura mettre en \u0153uvre ses id\u00e9es pour Renault. Mais \u00e7a ne sera pas le cas.<\/p>\n\n\n\n<figure class=\"wp-block-image size-large\"><img loading=\"lazy\" decoding=\"async\" width=\"1024\" height=\"598\" src=\"http:\/\/lignesauto.fr\/wp-content\/uploads\/2021\/09\/20190204_130833-1024x598.jpg\" alt=\"\" class=\"wp-image-23214\" srcset=\"https:\/\/lignesauto.fr\/wp-content\/uploads\/2021\/09\/20190204_130833-1024x598.jpg 1024w, https:\/\/lignesauto.fr\/wp-content\/uploads\/2021\/09\/20190204_130833-300x175.jpg 300w, https:\/\/lignesauto.fr\/wp-content\/uploads\/2021\/09\/20190204_130833-768x449.jpg 768w, https:\/\/lignesauto.fr\/wp-content\/uploads\/2021\/09\/20190204_130833.jpg 1417w\" sizes=\"(max-width: 1024px) 100vw, 1024px\" \/><\/figure>\n\n\n\n<p style=\"font-size:18px\">Chez Renault, il d\u00e9ploie la strat\u00e9gie de collaboration avec des designers ext\u00e9rieurs \u00e0 la marque. Gaston Juchet avait amen\u00e9 Giugiaro, Opron compl\u00e8tera les intervenants ext\u00e9rieurs pour <em>booster<\/em> davantage ses \u00e9quipes. Au moment de renouveler la R5, Renault tergiverse (ci-dessous, la proposition de Gaston Juchet) et c&#8217;est finalement la maquette de Marcello Gandini qui est retenue pour ce projet 140. Robert Opron est alors entour\u00e9 de g\u00e9ants du design, comme Gaston Juchet, Michel Jardin, Marc Deschamps ou encore Jean-Fran\u00e7ois Venet.<\/p>\n\n\n\n<figure class=\"wp-block-image size-large\"><img loading=\"lazy\" decoding=\"async\" width=\"1024\" height=\"661\" src=\"http:\/\/lignesauto.fr\/wp-content\/uploads\/2021\/09\/140_JUCHET-1024x661.png\" alt=\"\" class=\"wp-image-23213\" srcset=\"https:\/\/lignesauto.fr\/wp-content\/uploads\/2021\/09\/140_JUCHET-1024x661.png 1024w, https:\/\/lignesauto.fr\/wp-content\/uploads\/2021\/09\/140_JUCHET-300x194.png 300w, https:\/\/lignesauto.fr\/wp-content\/uploads\/2021\/09\/140_JUCHET-768x496.png 768w, https:\/\/lignesauto.fr\/wp-content\/uploads\/2021\/09\/140_JUCHET.png 1417w\" sizes=\"(max-width: 1024px) 100vw, 1024px\" \/><\/figure>\n\n\n\n<p style=\"font-size:18px\">Parmi les programmes qu&#8217;il a suivi chez Renault, celui de la R25 a permis \u00e0 la R\u00e9gie de se r\u00e9implanter sur le march\u00e9 de la voiture haut de gamme. Ce projet a vu une comp\u00e9tition serr\u00e9e entre la proposition de Gaston Juchet et celle de Jean-Fran\u00e7ois Venet. C&#8217;est le premier qui remportera la mise, mais Robert Opron n&#8217;est plus tout \u00e0 fait aux affaires&#8230;<\/p>\n\n\n\n<figure class=\"wp-block-image size-large\"><img loading=\"lazy\" decoding=\"async\" width=\"1024\" height=\"483\" src=\"http:\/\/lignesauto.fr\/wp-content\/uploads\/2021\/09\/Capture-de\u0301cran-2021-09-09-a\u0300-12.47.20-1024x483.png\" alt=\"\" class=\"wp-image-23218\" srcset=\"https:\/\/lignesauto.fr\/wp-content\/uploads\/2021\/09\/Capture-de\u0301cran-2021-09-09-a\u0300-12.47.20-1024x483.png 1024w, https:\/\/lignesauto.fr\/wp-content\/uploads\/2021\/09\/Capture-de\u0301cran-2021-09-09-a\u0300-12.47.20-300x141.png 300w, https:\/\/lignesauto.fr\/wp-content\/uploads\/2021\/09\/Capture-de\u0301cran-2021-09-09-a\u0300-12.47.20-768x362.png 768w, https:\/\/lignesauto.fr\/wp-content\/uploads\/2021\/09\/Capture-de\u0301cran-2021-09-09-a\u0300-12.47.20.png 1417w\" sizes=\"(max-width: 1024px) 100vw, 1024px\" \/><\/figure>\n\n\n\n<p style=\"font-size:18px\">Il vient d&#8217;apprendre que son projet d&#8217;implantation d&#8217;un bureau de design aux \u00c9tats-Unis est stopp\u00e9. Les caisses de la R\u00e9gie sont vides, le PD.G Bernard Hanon laisse place \u00e0 Georges Besse, et Robert Opron quitte le constructeur le 8 janvier 1986.<\/p>\n\n\n\n<figure class=\"wp-block-image size-large\"><img loading=\"lazy\" decoding=\"async\" width=\"1024\" height=\"671\" src=\"http:\/\/lignesauto.fr\/wp-content\/uploads\/2021\/09\/LIGNESORPON_19-1024x671.png\" alt=\"\" class=\"wp-image-23172\" srcset=\"https:\/\/lignesauto.fr\/wp-content\/uploads\/2021\/09\/LIGNESORPON_19-1024x671.png 1024w, https:\/\/lignesauto.fr\/wp-content\/uploads\/2021\/09\/LIGNESORPON_19-300x196.png 300w, https:\/\/lignesauto.fr\/wp-content\/uploads\/2021\/09\/LIGNESORPON_19-768x503.png 768w, https:\/\/lignesauto.fr\/wp-content\/uploads\/2021\/09\/LIGNESORPON_19-765x500.png 765w, https:\/\/lignesauto.fr\/wp-content\/uploads\/2021\/09\/LIGNESORPON_19.png 1417w\" sizes=\"(max-width: 1024px) 100vw, 1024px\" \/><\/figure>\n\n\n\n<p style=\"font-size:18px\">Il rejoint alors le groupe Fiat en Italie o\u00f9 il va pousser de jeunes talents \u00e0 s&#8217;exprimer sans filtre. Le r\u00e9sultat ? La fameuse Alfa Romeo SZ ci-dessous. L&#8217;aventure dure quatre ans chez Fiat puis Robert Opron va cr\u00e9er son propre bureau de cr\u00e9ation. Il \u0153uvrera notamment pour Ligier et ses voitures sans permis.<\/p>\n\n\n\n<figure class=\"wp-block-image size-large\"><img loading=\"lazy\" decoding=\"async\" width=\"1024\" height=\"589\" src=\"http:\/\/lignesauto.fr\/wp-content\/uploads\/2021\/09\/LIGNESORPON_18-1024x589.png\" alt=\"\" class=\"wp-image-23190\" srcset=\"https:\/\/lignesauto.fr\/wp-content\/uploads\/2021\/09\/LIGNESORPON_18-1024x589.png 1024w, https:\/\/lignesauto.fr\/wp-content\/uploads\/2021\/09\/LIGNESORPON_18-300x173.png 300w, https:\/\/lignesauto.fr\/wp-content\/uploads\/2021\/09\/LIGNESORPON_18-768x442.png 768w, https:\/\/lignesauto.fr\/wp-content\/uploads\/2021\/09\/LIGNESORPON_18.png 1417w\" sizes=\"(max-width: 1024px) 100vw, 1024px\" \/><\/figure>\n\n\n\n<p style=\"font-size:18px\">Mais m\u00eame retrait\u00e9, Opron n&#8217;a de cesse de mettre sur le papier ses id\u00e9es, et toutes ne concernent pas que l\u2019automobile . Ci-dessous, on d\u00e9couvre une chaussure de sport \u00e0 suspension au niveau du talon ou encore une bague couvrant deux phalanges&#8230;<\/p>\n\n\n\n<figure class=\"wp-block-image size-large\"><img loading=\"lazy\" decoding=\"async\" width=\"1024\" height=\"483\" src=\"http:\/\/lignesauto.fr\/wp-content\/uploads\/2021\/09\/LIGNESORPON_12-1024x483.jpg\" alt=\"\" class=\"wp-image-23188\" srcset=\"https:\/\/lignesauto.fr\/wp-content\/uploads\/2021\/09\/LIGNESORPON_12-1024x483.jpg 1024w, https:\/\/lignesauto.fr\/wp-content\/uploads\/2021\/09\/LIGNESORPON_12-300x142.jpg 300w, https:\/\/lignesauto.fr\/wp-content\/uploads\/2021\/09\/LIGNESORPON_12-768x363.jpg 768w, https:\/\/lignesauto.fr\/wp-content\/uploads\/2021\/09\/LIGNESORPON_12.jpg 1417w\" sizes=\"(max-width: 1024px) 100vw, 1024px\" \/><\/figure>\n\n\n\n<p style=\"font-size:18px\">La DS est \u00e9videmment rest\u00e9e dans son c\u0153ur et il n&#8217;a eu de cesse de lui trouver une succession, comme ici avec son dessin de la C7 appel\u00e9e Rebelle. Homme du nord, taiseux mais actif dans l&#8217;ombre, Robert Opron n&#8217;a pas eu la reconnaissance m\u00e9rit\u00e9e de son talent aupr\u00e8s du grand public. Alors, oui, il y a eu des accrocs dans sa carri\u00e8re (son d\u00e9part de Renault notamment), oui, il a abus\u00e9 parfois de sa position pour d\u00e9fendre ses id\u00e9es, voire certains partenaires, mais il reste l&#8217;un des rares designers \u00e0 avoir sign\u00e9  -ou dirig\u00e9 les \u00e9quipes qui ont sign\u00e9- de grands projets chez les deux principaux constructeurs fran\u00e7ais de l&#8217;\u00e9poque&#8230; Peu de cr\u00e9atifs peuvent s&#8217;en enorgueillir. <\/p>\n\n\n\n<figure class=\"wp-block-image size-large\"><img loading=\"lazy\" decoding=\"async\" width=\"1024\" height=\"391\" src=\"http:\/\/lignesauto.fr\/wp-content\/uploads\/2021\/09\/LIGNESORPON_21-1024x391.png\" alt=\"\" class=\"wp-image-23189\" srcset=\"https:\/\/lignesauto.fr\/wp-content\/uploads\/2021\/09\/LIGNESORPON_21-1024x391.png 1024w, https:\/\/lignesauto.fr\/wp-content\/uploads\/2021\/09\/LIGNESORPON_21-300x115.png 300w, https:\/\/lignesauto.fr\/wp-content\/uploads\/2021\/09\/LIGNESORPON_21-768x293.png 768w, https:\/\/lignesauto.fr\/wp-content\/uploads\/2021\/09\/LIGNESORPON_21.png 1417w\" sizes=\"(max-width: 1024px) 100vw, 1024px\" \/><\/figure>\n\n\n\n<h2 class=\"wp-block-heading\"><strong>Cette exposition a lieu jusqu&#8217;au 30 octobre 2021 \u00e0 la Maison de l&#8217;Architecture, 15 rue Marc Sangnier \u00e0 Amiens (80 000)<\/strong> Entr\u00e9e gratuite.<\/h2>\n\n\n\n<figure class=\"wp-block-image size-large\"><img loading=\"lazy\" decoding=\"async\" width=\"727\" height=\"1024\" src=\"http:\/\/lignesauto.fr\/wp-content\/uploads\/2021\/09\/Capture-de\u0301cran-2021-09-09-a\u0300-07.39.45-727x1024.png\" alt=\"\" class=\"wp-image-23197\" srcset=\"https:\/\/lignesauto.fr\/wp-content\/uploads\/2021\/09\/Capture-de\u0301cran-2021-09-09-a\u0300-07.39.45-727x1024.png 727w, https:\/\/lignesauto.fr\/wp-content\/uploads\/2021\/09\/Capture-de\u0301cran-2021-09-09-a\u0300-07.39.45-213x300.png 213w, https:\/\/lignesauto.fr\/wp-content\/uploads\/2021\/09\/Capture-de\u0301cran-2021-09-09-a\u0300-07.39.45-768x1081.png 768w, https:\/\/lignesauto.fr\/wp-content\/uploads\/2021\/09\/Capture-de\u0301cran-2021-09-09-a\u0300-07.39.45-1091x1536.png 1091w, https:\/\/lignesauto.fr\/wp-content\/uploads\/2021\/09\/Capture-de\u0301cran-2021-09-09-a\u0300-07.39.45.png 1417w\" sizes=\"(max-width: 727px) 100vw, 727px\" \/><\/figure>\n\n\n\n<p style=\"font-size:18px\">Merci aux b\u00e9n\u00e9voles et acteurs de la mise en place de cette exposition, \u00e0 commencer par le commissaire Gauthier Gillmann, mais aussi toute la sympathique \u00e9quipe de la Maison de l&#8217;Architecture des Hauts de France, une ancienne forge superbement r\u00e9habilit\u00e9e. Remerciements \u00e9galement \u00e0 Juliette Charlot, Alicia Teihoarii et Lucile Prudenzano pour la communication. <\/p>\n\n\n<div class=\"wp-block-image\">\n<figure class=\"aligncenter is-resized\"><img decoding=\"async\" src=\"http:\/\/lignesauto.fr\/wp-content\/uploads\/2018\/10\/LOGOActus_BD-1024x367.jpg\" alt=\"L\u2019attribut alt de cette image est vide, son nom de fichier est LOGOActus_BD-1024x367.jpg.\" style=\"width:453px;height:161px\"\/><\/figure><\/div>","protected":false},"excerpt":{"rendered":"<p>C&#8217;est \u00e0 Amiens, en Picardie &#8211; ville de naissance de Robert Opron &#8211; que s&#8217;est tenue une exposition hommage au grand designer disparu en mars 2021. Elle regroupait de nombreux documents in\u00e9dits rassembl\u00e9s par les organisateurs aupr\u00e8s de Genevi\u00e8ve Opron, elle-m\u00eame pr\u00e9sente le jour du vernissage. LIGNES\/auto y \u00e9tait\u2026 C&#8217;est [&hellip;]<\/p>\n","protected":false},"author":1,"featured_media":23172,"comment_status":"open","ping_status":"open","sticky":false,"template":"","format":"standard","meta":{"footnotes":""},"categories":[1],"tags":[],"_links":{"self":[{"href":"https:\/\/lignesauto.fr\/index.php?rest_route=\/wp\/v2\/posts\/23170"}],"collection":[{"href":"https:\/\/lignesauto.fr\/index.php?rest_route=\/wp\/v2\/posts"}],"about":[{"href":"https:\/\/lignesauto.fr\/index.php?rest_route=\/wp\/v2\/types\/post"}],"author":[{"embeddable":true,"href":"https:\/\/lignesauto.fr\/index.php?rest_route=\/wp\/v2\/users\/1"}],"replies":[{"embeddable":true,"href":"https:\/\/lignesauto.fr\/index.php?rest_route=%2Fwp%2Fv2%2Fcomments&post=23170"}],"version-history":[{"count":61,"href":"https:\/\/lignesauto.fr\/index.php?rest_route=\/wp\/v2\/posts\/23170\/revisions"}],"predecessor-version":[{"id":34604,"href":"https:\/\/lignesauto.fr\/index.php?rest_route=\/wp\/v2\/posts\/23170\/revisions\/34604"}],"wp:featuredmedia":[{"embeddable":true,"href":"https:\/\/lignesauto.fr\/index.php?rest_route=\/wp\/v2\/media\/23172"}],"wp:attachment":[{"href":"https:\/\/lignesauto.fr\/index.php?rest_route=%2Fwp%2Fv2%2Fmedia&parent=23170"}],"wp:term":[{"taxonomy":"category","embeddable":true,"href":"https:\/\/lignesauto.fr\/index.php?rest_route=%2Fwp%2Fv2%2Fcategories&post=23170"},{"taxonomy":"post_tag","embeddable":true,"href":"https:\/\/lignesauto.fr\/index.php?rest_route=%2Fwp%2Fv2%2Ftags&post=23170"}],"curies":[{"name":"wp","href":"https:\/\/api.w.org\/{rel}","templated":true}]}}