{"id":23388,"date":"2021-10-25T09:34:38","date_gmt":"2021-10-25T07:34:38","guid":{"rendered":"http:\/\/lignesauto.fr\/?p=23388"},"modified":"2021-10-25T09:34:38","modified_gmt":"2021-10-25T07:34:38","slug":"marcello-gandini-desapprouve-la-countach-lpi-800-4-produite-sur-la-base-daventador","status":"publish","type":"post","link":"https:\/\/lignesauto.fr\/?p=23388","title":{"rendered":"Marcello Gandini d\u00e9sapprouve la Countach LPI 800-4 produite sur la base d\u2019Aventador"},"content":{"rendered":"\n<div class=\"wp-block-image\"><figure class=\"aligncenter size-large is-resized\"><img loading=\"lazy\" decoding=\"async\" src=\"http:\/\/lignesauto.fr\/wp-content\/uploads\/2018\/10\/LOGOActus_BD-1024x367.jpg\" alt=\"\" class=\"wp-image-4921\" width=\"427\" height=\"153\" srcset=\"https:\/\/lignesauto.fr\/wp-content\/uploads\/2018\/10\/LOGOActus_BD-1024x367.jpg 1024w, https:\/\/lignesauto.fr\/wp-content\/uploads\/2018\/10\/LOGOActus_BD-300x108.jpg 300w, https:\/\/lignesauto.fr\/wp-content\/uploads\/2018\/10\/LOGOActus_BD-768x276.jpg 768w, https:\/\/lignesauto.fr\/wp-content\/uploads\/2018\/10\/LOGOActus_BD-370x133.jpg 370w, https:\/\/lignesauto.fr\/wp-content\/uploads\/2018\/10\/LOGOActus_BD-1040x373.jpg 1040w, https:\/\/lignesauto.fr\/wp-content\/uploads\/2018\/10\/LOGOActus_BD.jpg 1240w\" sizes=\"(max-width: 427px) 100vw, 427px\" \/><\/figure><\/div>\n\n\n\n<p style=\"font-size:18px\">Le 22 octobre dernier, Marcello Gandini a tenu \u00e0 marquer sa d\u00e9sapprobation dans la fabrication de 112 exemplaires de la Countach LPI 800-4 sur base d\u2019Aventador. Cette nouvelle Lamborghini est dot\u00e9e d&#8217;un moteur V12 hybride de 780 ch provenant de l\u2019unit\u00e9 thermique, et 34 ch g\u00e9n\u00e9r\u00e9s par le groupe \u00e9lectrique. Voici son communiqu\u00e9 officiel.<\/p>\n\n\n\n<figure class=\"wp-block-image size-large\"><img loading=\"lazy\" decoding=\"async\" width=\"1024\" height=\"576\" src=\"http:\/\/lignesauto.fr\/wp-content\/uploads\/2021\/10\/LIGNES_10-1024x576.jpg\" alt=\"\" class=\"wp-image-23393\" srcset=\"https:\/\/lignesauto.fr\/wp-content\/uploads\/2021\/10\/LIGNES_10-1024x576.jpg 1024w, https:\/\/lignesauto.fr\/wp-content\/uploads\/2021\/10\/LIGNES_10-300x169.jpg 300w, https:\/\/lignesauto.fr\/wp-content\/uploads\/2021\/10\/LIGNES_10-768x432.jpg 768w, https:\/\/lignesauto.fr\/wp-content\/uploads\/2021\/10\/LIGNES_10.jpg 1417w\" sizes=\"(max-width: 1024px) 100vw, 1024px\" \/><\/figure>\n\n\n\n<p style=\"font-size:18px\">&#8220;En r\u00e9f\u00e9rence \u00e0 la r\u00e9cente communication d&#8217;Automobili Lamborghini concernant le lancement de la Countach LPI 800-4, la soi-disant nouvelle Countach, Marcello Gandini prend ses distances par rapport au projet et d\u00e9clare qu&#8217;il n&#8217;a en aucun cas \u00e9t\u00e9 mis au courant de ce projet par Automobili Lamborghini elle-m\u00eame. Le public, en voyant et en lisant ce qui a \u00e9t\u00e9 communiqu\u00e9 par Automobili Lamborghini et par cons\u00e9quent par les m\u00e9dias au cours des derni\u00e8res semaines, pourrait \u00eatre amen\u00e9 \u00e0 croire que Marcello Gandini a fait partie, a \u00e9t\u00e9 impliqu\u00e9 ou que le projet aurait eu sa b\u00e9n\u00e9diction.&#8221;<\/p>\n\n\n\n<figure class=\"wp-block-image size-large\"><img loading=\"lazy\" decoding=\"async\" width=\"1024\" height=\"567\" src=\"http:\/\/lignesauto.fr\/wp-content\/uploads\/2021\/10\/Capture-de\u0301cran-2021-10-24-a\u0300-21.00.04-1024x567.png\" alt=\"\" class=\"wp-image-23406\" srcset=\"https:\/\/lignesauto.fr\/wp-content\/uploads\/2021\/10\/Capture-de\u0301cran-2021-10-24-a\u0300-21.00.04-1024x567.png 1024w, https:\/\/lignesauto.fr\/wp-content\/uploads\/2021\/10\/Capture-de\u0301cran-2021-10-24-a\u0300-21.00.04-300x166.png 300w, https:\/\/lignesauto.fr\/wp-content\/uploads\/2021\/10\/Capture-de\u0301cran-2021-10-24-a\u0300-21.00.04-768x425.png 768w, https:\/\/lignesauto.fr\/wp-content\/uploads\/2021\/10\/Capture-de\u0301cran-2021-10-24-a\u0300-21.00.04.png 1417w\" sizes=\"(max-width: 1024px) 100vw, 1024px\" \/><\/figure>\n\n\n\n<p style=\"font-size:18px\">&#8220;Il convient donc de clarifier les faits et de r\u00e9it\u00e9rer qu&#8217;il n&#8217;a pas particip\u00e9 au projet et qu&#8217;il n&#8217;en a pas eu connaissance de quelque mani\u00e8re que ce soit. Au printemps 2021, le service de presse de Lamborghini a demand\u00e9 une interview vid\u00e9o de Marcello Gandini, avec pour sujet convenu une discussion avec Mitja Borkert \u00e0 l&#8217;occasion du 50\u00e8me anniversaire de la Countach.&#8221;<\/p>\n\n\n\n<figure class=\"wp-block-image size-large\"><img loading=\"lazy\" decoding=\"async\" width=\"1024\" height=\"593\" src=\"http:\/\/lignesauto.fr\/wp-content\/uploads\/2021\/10\/LIGNES_05-1024x593.jpg\" alt=\"\" class=\"wp-image-23401\" srcset=\"https:\/\/lignesauto.fr\/wp-content\/uploads\/2021\/10\/LIGNES_05-1024x593.jpg 1024w, https:\/\/lignesauto.fr\/wp-content\/uploads\/2021\/10\/LIGNES_05-300x174.jpg 300w, https:\/\/lignesauto.fr\/wp-content\/uploads\/2021\/10\/LIGNES_05-768x445.jpg 768w, https:\/\/lignesauto.fr\/wp-content\/uploads\/2021\/10\/LIGNES_05.jpg 1417w\" sizes=\"(max-width: 1024px) 100vw, 1024px\" \/><\/figure>\n\n\n\n<p style=\"font-size:18px\">&#8220;Au cours de l&#8217;interview, r\u00e9alis\u00e9e le 15 juin 2021, Borkert pr\u00e9sente \u00e0 Marcello Gandini un mod\u00e8le r\u00e9duit d\u00e9fini comme son &#8220;hommage personnel au Maestro Gandini&#8221;, r\u00e9alis\u00e9 pour lui-m\u00eame et comme base d&#8217;un mod\u00e8le de c\u00e9l\u00e9bration \u00e0 l&#8217;occasion du 50e anniversaire de la Countach. Ni avant, ni pendant l&#8217;interview, il n&#8217;a \u00e9t\u00e9 pr\u00e9cis\u00e9 que la voiture donnerait naissance \u00e0 une production en s\u00e9rie limit\u00e9e.&#8221;<\/p>\n\n\n\n<h2 class=\"wp-block-heading\"><strong>LA VID\u00c9O DE LA DISCORDE<\/strong> :<\/h2>\n\n\n\n<figure class=\"wp-block-embed is-type-video is-provider-youtube wp-block-embed-youtube wp-embed-aspect-16-9 wp-has-aspect-ratio\"><div class=\"wp-block-embed__wrapper\">\n<iframe loading=\"lazy\" title=\"LAMBORGHINI LPI 800-4\" width=\"640\" height=\"360\" src=\"https:\/\/www.youtube.com\/embed\/IcILayRTMkE?feature=oembed\" frameborder=\"0\" allow=\"accelerometer; autoplay; clipboard-write; encrypted-media; gyroscope; picture-in-picture; web-share\" referrerpolicy=\"strict-origin-when-cross-origin\" allowfullscreen><\/iframe>\n<\/div><\/figure>\n\n\n\n<p style=\"font-size:18px\">&#8220;Les articles de presse qui ont suivi ont cependant montr\u00e9 que l&#8217;interview n&#8217;\u00e9tait pas uniquement pr\u00e9vue pour une c\u00e9l\u00e9bration du 50\u00e8me anniversaire de la Countach, mais marquait le d\u00e9but de la production en s\u00e9rie et de la vente du remake de la Countach (LPI 800-4), et au vu de l&#8217;utilisation faite de l&#8217;interview susmentionn\u00e9e, il est important de rectifier les faits.&#8221;<\/p>\n\n\n\n<figure class=\"wp-block-image size-large\"><img loading=\"lazy\" decoding=\"async\" width=\"1024\" height=\"576\" src=\"http:\/\/lignesauto.fr\/wp-content\/uploads\/2021\/10\/LIGNES_09-1024x576.jpg\" alt=\"\" class=\"wp-image-23396\" srcset=\"https:\/\/lignesauto.fr\/wp-content\/uploads\/2021\/10\/LIGNES_09-1024x576.jpg 1024w, https:\/\/lignesauto.fr\/wp-content\/uploads\/2021\/10\/LIGNES_09-300x169.jpg 300w, https:\/\/lignesauto.fr\/wp-content\/uploads\/2021\/10\/LIGNES_09-768x432.jpg 768w, https:\/\/lignesauto.fr\/wp-content\/uploads\/2021\/10\/LIGNES_09.jpg 1417w\" sizes=\"(max-width: 1024px) 100vw, 1024px\" \/><\/figure>\n\n\n\n<p style=\"font-size:18px\">Ainsi, Marcello Gandini tient \u00e0 r\u00e9affirmer qu&#8217;il n&#8217;a jou\u00e9 aucun r\u00f4le dans cette op\u00e9ration, &#8220;et qu&#8217;en tant qu&#8217;auteur et cr\u00e9ateur du design original de 1971, tient \u00e0 pr\u00e9ciser que le travail effectu\u00e9 sur la LPI 800-4 ne refl\u00e8te pas son esprit et sa vision. Un esprit d&#8217;innovation et de rupture qui, selon lui, est totalement absent de ce nouveau design :&nbsp; &#8220;J&#8217;ai construit mon identit\u00e9 en tant que designer, en particulier en travaillant sur des supercars pour Lamborghini.&#8221;<\/p>\n\n\n\n<figure class=\"wp-block-image size-large\"><img loading=\"lazy\" decoding=\"async\" width=\"1024\" height=\"541\" src=\"http:\/\/lignesauto.fr\/wp-content\/uploads\/2021\/10\/LIGNES_12-1024x541.jpg\" alt=\"\" class=\"wp-image-23397\" srcset=\"https:\/\/lignesauto.fr\/wp-content\/uploads\/2021\/10\/LIGNES_12-1024x541.jpg 1024w, https:\/\/lignesauto.fr\/wp-content\/uploads\/2021\/10\/LIGNES_12-300x158.jpg 300w, https:\/\/lignesauto.fr\/wp-content\/uploads\/2021\/10\/LIGNES_12-768x405.jpg 768w, https:\/\/lignesauto.fr\/wp-content\/uploads\/2021\/10\/LIGNES_12.jpg 1417w\" sizes=\"(max-width: 1024px) 100vw, 1024px\" \/><\/figure>\n\n\n\n<p style=\"font-size:18px\">&#8220;Chaque nouveau mod\u00e8le sur lequel je travaillais \u00e9tait une innovation, une rupture, quelque chose de compl\u00e8tement diff\u00e9rent du mod\u00e8le pr\u00e9c\u00e9dent. Le courage, la capacit\u00e9 de cr\u00e9er une rupture sans s&#8217;attacher au succ\u00e8s de la voiture pr\u00e9c\u00e9dente, la confiance de ne pas vouloir c\u00e9der \u00e0 l&#8217;habitude \u00e9taient l&#8217;essence m\u00eame de mon travail&#8221;, explique Marcello Gandini.<\/p>\n\n\n\n<figure class=\"wp-block-image size-large\"><img loading=\"lazy\" decoding=\"async\" width=\"1024\" height=\"576\" src=\"http:\/\/lignesauto.fr\/wp-content\/uploads\/2021\/10\/LIGNES_11-1024x576.jpg\" alt=\"\" class=\"wp-image-23398\" srcset=\"https:\/\/lignesauto.fr\/wp-content\/uploads\/2021\/10\/LIGNES_11-1024x576.jpg 1024w, https:\/\/lignesauto.fr\/wp-content\/uploads\/2021\/10\/LIGNES_11-300x169.jpg 300w, https:\/\/lignesauto.fr\/wp-content\/uploads\/2021\/10\/LIGNES_11-768x432.jpg 768w, https:\/\/lignesauto.fr\/wp-content\/uploads\/2021\/10\/LIGNES_11.jpg 1417w\" sizes=\"(max-width: 1024px) 100vw, 1024px\" \/><\/figure>\n\n\n\n<p style=\"font-size:18px\">&#8220;Il est clair que les march\u00e9s et le marketing lui-m\u00eame ont beaucoup chang\u00e9 depuis, mais en ce qui me concerne, r\u00e9p\u00e9ter un mod\u00e8le du pass\u00e9, repr\u00e9sente \u00e0 mes yeux la n\u00e9gation des principes fondateurs de mon ADN&#8221;, ajoute-t-il. Marcello Gandini pr\u00e9cise qu&#8217;il n&#8217;a pas particip\u00e9 et n&#8217;approuve pas le projet. Toute hypoth\u00e8se selon laquelle cette nouvelle Countach sortirait, ne serait-ce que par le biais d&#8217;un assentiment de Marcello Gandini, est fausse.&#8221;<\/p>\n\n\n\n<figure class=\"wp-block-image size-large\"><img loading=\"lazy\" decoding=\"async\" width=\"813\" height=\"1024\" src=\"http:\/\/lignesauto.fr\/wp-content\/uploads\/2021\/10\/Capture-de\u0301cran-2021-10-24-a\u0300-20.54.56-813x1024.png\" alt=\"\" class=\"wp-image-23400\" srcset=\"https:\/\/lignesauto.fr\/wp-content\/uploads\/2021\/10\/Capture-de\u0301cran-2021-10-24-a\u0300-20.54.56-813x1024.png 813w, https:\/\/lignesauto.fr\/wp-content\/uploads\/2021\/10\/Capture-de\u0301cran-2021-10-24-a\u0300-20.54.56-238x300.png 238w, https:\/\/lignesauto.fr\/wp-content\/uploads\/2021\/10\/Capture-de\u0301cran-2021-10-24-a\u0300-20.54.56-768x967.png 768w, https:\/\/lignesauto.fr\/wp-content\/uploads\/2021\/10\/Capture-de\u0301cran-2021-10-24-a\u0300-20.54.56-1219x1536.png 1219w, https:\/\/lignesauto.fr\/wp-content\/uploads\/2021\/10\/Capture-de\u0301cran-2021-10-24-a\u0300-20.54.56.png 1417w\" sizes=\"(max-width: 813px) 100vw, 813px\" \/><\/figure>\n\n\n\n<div class=\"wp-block-image\"><figure class=\"aligncenter is-resized\"><img loading=\"lazy\" decoding=\"async\" src=\"http:\/\/lignesauto.fr\/wp-content\/uploads\/2018\/10\/LOGOActus_BD-1024x367.jpg\" alt=\"L\u2019attribut alt de cette image est vide, son nom de fichier est LOGOActus_BD-1024x367.jpg.\" width=\"523\" height=\"187\"\/><\/figure><\/div>\n\n\n\n<figure class=\"wp-block-image size-large\"><img loading=\"lazy\" decoding=\"async\" width=\"1024\" height=\"576\" src=\"http:\/\/lignesauto.fr\/wp-content\/uploads\/2021\/10\/LIGNES_07-1024x576.jpg\" alt=\"\" class=\"wp-image-23403\" srcset=\"https:\/\/lignesauto.fr\/wp-content\/uploads\/2021\/10\/LIGNES_07-1024x576.jpg 1024w, https:\/\/lignesauto.fr\/wp-content\/uploads\/2021\/10\/LIGNES_07-300x169.jpg 300w, https:\/\/lignesauto.fr\/wp-content\/uploads\/2021\/10\/LIGNES_07-768x432.jpg 768w, https:\/\/lignesauto.fr\/wp-content\/uploads\/2021\/10\/LIGNES_07.jpg 1417w\" sizes=\"(max-width: 1024px) 100vw, 1024px\" \/><\/figure>\n","protected":false},"excerpt":{"rendered":"<p>Le 22 octobre dernier, Marcello Gandini a tenu \u00e0 marquer sa d\u00e9sapprobation dans la fabrication de 112 exemplaires de la Countach LPI 800-4 sur base d\u2019Aventador. Cette nouvelle Lamborghini est dot\u00e9e d&#8217;un moteur V12 hybride de 780 ch provenant de l\u2019unit\u00e9 thermique, et 34 ch g\u00e9n\u00e9r\u00e9s par le groupe \u00e9lectrique. [&hellip;]<\/p>\n","protected":false},"author":1,"featured_media":23394,"comment_status":"closed","ping_status":"","sticky":false,"template":"","format":"standard","meta":{"footnotes":""},"categories":[1],"tags":[],"_links":{"self":[{"href":"https:\/\/lignesauto.fr\/index.php?rest_route=\/wp\/v2\/posts\/23388"}],"collection":[{"href":"https:\/\/lignesauto.fr\/index.php?rest_route=\/wp\/v2\/posts"}],"about":[{"href":"https:\/\/lignesauto.fr\/index.php?rest_route=\/wp\/v2\/types\/post"}],"author":[{"embeddable":true,"href":"https:\/\/lignesauto.fr\/index.php?rest_route=\/wp\/v2\/users\/1"}],"replies":[{"embeddable":true,"href":"https:\/\/lignesauto.fr\/index.php?rest_route=%2Fwp%2Fv2%2Fcomments&post=23388"}],"version-history":[{"count":21,"href":"https:\/\/lignesauto.fr\/index.php?rest_route=\/wp\/v2\/posts\/23388\/revisions"}],"predecessor-version":[{"id":23437,"href":"https:\/\/lignesauto.fr\/index.php?rest_route=\/wp\/v2\/posts\/23388\/revisions\/23437"}],"wp:featuredmedia":[{"embeddable":true,"href":"https:\/\/lignesauto.fr\/index.php?rest_route=\/wp\/v2\/media\/23394"}],"wp:attachment":[{"href":"https:\/\/lignesauto.fr\/index.php?rest_route=%2Fwp%2Fv2%2Fmedia&parent=23388"}],"wp:term":[{"taxonomy":"category","embeddable":true,"href":"https:\/\/lignesauto.fr\/index.php?rest_route=%2Fwp%2Fv2%2Fcategories&post=23388"},{"taxonomy":"post_tag","embeddable":true,"href":"https:\/\/lignesauto.fr\/index.php?rest_route=%2Fwp%2Fv2%2Ftags&post=23388"}],"curies":[{"name":"wp","href":"https:\/\/api.w.org\/{rel}","templated":true}]}}