{"id":23454,"date":"2021-11-15T18:24:27","date_gmt":"2021-11-15T17:24:27","guid":{"rendered":"http:\/\/lignesauto.fr\/?p=23454"},"modified":"2021-11-15T18:24:27","modified_gmt":"2021-11-15T17:24:27","slug":"projet-hoga-la-renault-de-mobilite-urbaine-a-acheter-chez-ikea","status":"publish","type":"post","link":"https:\/\/lignesauto.fr\/?p=23454","title":{"rendered":"Projet H\u00f6ga : la Renault de mobilit\u00e9 urbaine \u00e0 acheter chez IKEA"},"content":{"rendered":"\n<div class=\"wp-block-image\"><figure class=\"aligncenter size-large is-resized\"><img loading=\"lazy\" decoding=\"async\" src=\"http:\/\/lignesauto.fr\/wp-content\/uploads\/2018\/10\/LOGOActus_BD-1024x367.jpg\" alt=\"\" class=\"wp-image-4921\" width=\"487\" height=\"174\" srcset=\"https:\/\/lignesauto.fr\/wp-content\/uploads\/2018\/10\/LOGOActus_BD-1024x367.jpg 1024w, https:\/\/lignesauto.fr\/wp-content\/uploads\/2018\/10\/LOGOActus_BD-300x108.jpg 300w, https:\/\/lignesauto.fr\/wp-content\/uploads\/2018\/10\/LOGOActus_BD-768x276.jpg 768w, https:\/\/lignesauto.fr\/wp-content\/uploads\/2018\/10\/LOGOActus_BD-370x133.jpg 370w, https:\/\/lignesauto.fr\/wp-content\/uploads\/2018\/10\/LOGOActus_BD-1040x373.jpg 1040w, https:\/\/lignesauto.fr\/wp-content\/uploads\/2018\/10\/LOGOActus_BD.jpg 1240w\" sizes=\"(max-width: 487px) 100vw, 487px\" \/><\/figure><\/div>\n\n\n\n<p style=\"font-size:18px\">Voici un projet issu de la th\u00e8se du designer Ryan Schlotthauer de l&#8217;\u00e9cole CCS en Californie, projet partag\u00e9 sur le site Behance : <a href=\"https:\/\/www.behance.net\/gallery\/117550475\/HOEGA-IKEA-MOBILITY?tracking_source=curated_galleries_product-design\">https:\/\/www.behance.net\/gallery\/117550475\/HOEGA-IKEA-MOBILITY?tracking_source=curated_galleries_product-design<\/a><\/p>\n\n\n\n<figure class=\"wp-block-image size-large\"><img loading=\"lazy\" decoding=\"async\" width=\"1024\" height=\"655\" src=\"http:\/\/lignesauto.fr\/wp-content\/uploads\/2021\/11\/LIGNESAUTOIKEA_02-1024x655.png\" alt=\"\" class=\"wp-image-23457\" srcset=\"https:\/\/lignesauto.fr\/wp-content\/uploads\/2021\/11\/LIGNESAUTOIKEA_02-1024x655.png 1024w, https:\/\/lignesauto.fr\/wp-content\/uploads\/2021\/11\/LIGNESAUTOIKEA_02-300x192.png 300w, https:\/\/lignesauto.fr\/wp-content\/uploads\/2021\/11\/LIGNESAUTOIKEA_02-768x491.png 768w, https:\/\/lignesauto.fr\/wp-content\/uploads\/2021\/11\/LIGNESAUTOIKEA_02.png 1417w\" sizes=\"(max-width: 1024px) 100vw, 1024px\" \/><\/figure>\n\n\n\n<p style=\"font-size:18px\">Nous apportons un \u00e9clairage sur un engin qui vous fera sans doute penser \u00e0 l&#8217;Ami de Citro\u00ebn (concept et syst\u00e8me de distribution) puisque ce cube de mobilit\u00e9 urbaine s&#8217;ach\u00e8terait chez IKEA, b\u00e9n\u00e9ficierait de l&#8217;intelligence technologique de Renault pour sa plateforme et de sa marque Mobilize pour le partage.<\/p>\n\n\n\n<figure class=\"wp-block-image size-large\"><img loading=\"lazy\" decoding=\"async\" width=\"1024\" height=\"589\" src=\"http:\/\/lignesauto.fr\/wp-content\/uploads\/2021\/11\/LIGNESAUTOIKEA_01-1024x589.png\" alt=\"\" class=\"wp-image-23456\" srcset=\"https:\/\/lignesauto.fr\/wp-content\/uploads\/2021\/11\/LIGNESAUTOIKEA_01-1024x589.png 1024w, https:\/\/lignesauto.fr\/wp-content\/uploads\/2021\/11\/LIGNESAUTOIKEA_01-300x173.png 300w, https:\/\/lignesauto.fr\/wp-content\/uploads\/2021\/11\/LIGNESAUTOIKEA_01-768x442.png 768w, https:\/\/lignesauto.fr\/wp-content\/uploads\/2021\/11\/LIGNESAUTOIKEA_01.png 1417w\" sizes=\"(max-width: 1024px) 100vw, 1024px\" \/><\/figure>\n\n\n\n<p style=\"font-size:18px\">H\u00f6ga est un concept construit avec l&#8217;id\u00e9e de s&#8217;appuyer sur des ponts entre un grand industriel de l&#8217;automobile, un autre de l&#8217;ameublement et sur le partage d&#8217;une mobilit\u00e9 urbaine simple et peu co\u00fbteuse. H\u00f6ga s&#8217;inscrit \u00e9galement dans un projet global ou le recyclage et la fabrication sont ancr\u00e9s dans le fonctionnement d&#8217;une soci\u00e9t\u00e9 d&#8217;un futur proche. H\u00f6ga vise tout simplement \u00e0 combler le foss\u00e9 entre les habitants des banlieues d\u00e9laiss\u00e9es au niveau de transport et la ville.<\/p>\n\n\n\n<figure class=\"wp-block-image size-large\"><img loading=\"lazy\" decoding=\"async\" width=\"1024\" height=\"417\" src=\"http:\/\/lignesauto.fr\/wp-content\/uploads\/2021\/11\/LIGNESAUTOIKEA_07-1024x417.png\" alt=\"\" class=\"wp-image-23462\" srcset=\"https:\/\/lignesauto.fr\/wp-content\/uploads\/2021\/11\/LIGNESAUTOIKEA_07-1024x417.png 1024w, https:\/\/lignesauto.fr\/wp-content\/uploads\/2021\/11\/LIGNESAUTOIKEA_07-300x122.png 300w, https:\/\/lignesauto.fr\/wp-content\/uploads\/2021\/11\/LIGNESAUTOIKEA_07-768x313.png 768w, https:\/\/lignesauto.fr\/wp-content\/uploads\/2021\/11\/LIGNESAUTOIKEA_07.png 1417w\" sizes=\"(max-width: 1024px) 100vw, 1024px\" \/><\/figure>\n\n\n\n<p style=\"font-size:18px\">Le designer Ryan Schlotthauer dit s\u2019\u00eatre largement inspir\u00e9 du th\u00e8me minimaliste de l&#8217;\u00e9cole du Bauhaus. Il pointe ainsi ses r\u00e9flexions sur le dessin, le graphique et les d\u00e9tails de son projet.<\/p>\n\n\n\n<figure class=\"wp-block-image size-large\"><img loading=\"lazy\" decoding=\"async\" width=\"1024\" height=\"328\" src=\"http:\/\/lignesauto.fr\/wp-content\/uploads\/2021\/11\/Capture-de\u0301cran-2021-11-15-a\u0300-18.09.50-1024x328.png\" alt=\"\" class=\"wp-image-23478\" srcset=\"https:\/\/lignesauto.fr\/wp-content\/uploads\/2021\/11\/Capture-de\u0301cran-2021-11-15-a\u0300-18.09.50-1024x328.png 1024w, https:\/\/lignesauto.fr\/wp-content\/uploads\/2021\/11\/Capture-de\u0301cran-2021-11-15-a\u0300-18.09.50-300x96.png 300w, https:\/\/lignesauto.fr\/wp-content\/uploads\/2021\/11\/Capture-de\u0301cran-2021-11-15-a\u0300-18.09.50-768x246.png 768w, https:\/\/lignesauto.fr\/wp-content\/uploads\/2021\/11\/Capture-de\u0301cran-2021-11-15-a\u0300-18.09.50.png 1417w\" sizes=\"(max-width: 1024px) 100vw, 1024px\" \/><\/figure>\n\n\n\n<p style=\"font-size:18px\">Le Skateboard technique en provenance de chez Renault, permet la motorisation du petit engin. La structure en &#8220;space frame&#8221; et la carrosserie sont int\u00e9gralement r\u00e9alis\u00e9es en mat\u00e9riaux recycl\u00e9s. H\u00f6ga ne termine pas sa vie dans les d\u00e9charges, mais est r\u00e9-int\u00e9gr\u00e9 dans le syst\u00e8me de production.<\/p>\n\n\n\n<figure class=\"wp-block-image size-large\"><img loading=\"lazy\" decoding=\"async\" width=\"1024\" height=\"460\" src=\"http:\/\/lignesauto.fr\/wp-content\/uploads\/2021\/11\/LIGNESAUTOIKEA_05-1024x460.png\" alt=\"\" class=\"wp-image-23460\" srcset=\"https:\/\/lignesauto.fr\/wp-content\/uploads\/2021\/11\/LIGNESAUTOIKEA_05-1024x460.png 1024w, https:\/\/lignesauto.fr\/wp-content\/uploads\/2021\/11\/LIGNESAUTOIKEA_05-300x135.png 300w, https:\/\/lignesauto.fr\/wp-content\/uploads\/2021\/11\/LIGNESAUTOIKEA_05-768x345.png 768w, https:\/\/lignesauto.fr\/wp-content\/uploads\/2021\/11\/LIGNESAUTOIKEA_05.png 1417w\" sizes=\"(max-width: 1024px) 100vw, 1024px\" \/><\/figure>\n\n\n\n<p style=\"font-size:18px\">L&#8217;ensemble du v\u00e9hicule est livr\u00e9 dans une caisse comprenant pas moins de 374 pi\u00e8ces (et sans doute la vis qui reste entre les mains apr\u00e8s l&#8217;assemblage&#8230;) mais 68% de ces pi\u00e8ces identiques sont utilis\u00e9es plusieurs fois pour le montage : la sym\u00e9trie joue \u00e0 fond dans ce design simplissime.<\/p>\n\n\n\n<figure class=\"wp-block-image size-large\"><img loading=\"lazy\" decoding=\"async\" width=\"1024\" height=\"908\" src=\"http:\/\/lignesauto.fr\/wp-content\/uploads\/2021\/11\/LIGNESAUTOIKEA_15-1024x908.png\" alt=\"\" class=\"wp-image-23471\" srcset=\"https:\/\/lignesauto.fr\/wp-content\/uploads\/2021\/11\/LIGNESAUTOIKEA_15-1024x908.png 1024w, https:\/\/lignesauto.fr\/wp-content\/uploads\/2021\/11\/LIGNESAUTOIKEA_15-300x266.png 300w, https:\/\/lignesauto.fr\/wp-content\/uploads\/2021\/11\/LIGNESAUTOIKEA_15-768x681.png 768w, https:\/\/lignesauto.fr\/wp-content\/uploads\/2021\/11\/LIGNESAUTOIKEA_15.png 1417w\" sizes=\"(max-width: 1024px) 100vw, 1024px\" \/><\/figure>\n\n\n\n<figure class=\"wp-block-image size-large\"><img loading=\"lazy\" decoding=\"async\" width=\"1024\" height=\"554\" src=\"http:\/\/lignesauto.fr\/wp-content\/uploads\/2021\/11\/LIGNESAUTOIKEA_11-1024x554.png\" alt=\"\" class=\"wp-image-23466\" srcset=\"https:\/\/lignesauto.fr\/wp-content\/uploads\/2021\/11\/LIGNESAUTOIKEA_11-1024x554.png 1024w, https:\/\/lignesauto.fr\/wp-content\/uploads\/2021\/11\/LIGNESAUTOIKEA_11-300x162.png 300w, https:\/\/lignesauto.fr\/wp-content\/uploads\/2021\/11\/LIGNESAUTOIKEA_11-768x415.png 768w, https:\/\/lignesauto.fr\/wp-content\/uploads\/2021\/11\/LIGNESAUTOIKEA_11.png 1417w\" sizes=\"(max-width: 1024px) 100vw, 1024px\" \/><\/figure>\n\n\n\n<p class=\"has-medium-font-size\">H\u00f6ga ne mesure que 2,31 m, soit 10 cm de moins que l&#8217;Ami de Citro\u00ebn. <\/p>\n\n\n\n<figure class=\"wp-block-image size-large\"><img loading=\"lazy\" decoding=\"async\" width=\"1024\" height=\"686\" src=\"http:\/\/lignesauto.fr\/wp-content\/uploads\/2021\/11\/LIGNESAUTOIKEA_12-1024x686.png\" alt=\"\" class=\"wp-image-23468\" srcset=\"https:\/\/lignesauto.fr\/wp-content\/uploads\/2021\/11\/LIGNESAUTOIKEA_12-1024x686.png 1024w, https:\/\/lignesauto.fr\/wp-content\/uploads\/2021\/11\/LIGNESAUTOIKEA_12-300x201.png 300w, https:\/\/lignesauto.fr\/wp-content\/uploads\/2021\/11\/LIGNESAUTOIKEA_12-768x514.png 768w, https:\/\/lignesauto.fr\/wp-content\/uploads\/2021\/11\/LIGNESAUTOIKEA_12.png 1417w\" sizes=\"(max-width: 1024px) 100vw, 1024px\" \/><\/figure>\n\n\n\n<figure class=\"wp-block-image size-large\"><img loading=\"lazy\" decoding=\"async\" width=\"1024\" height=\"483\" src=\"http:\/\/lignesauto.fr\/wp-content\/uploads\/2021\/11\/LIGNESAUTOIKEA_04-1024x483.png\" alt=\"\" class=\"wp-image-23459\" srcset=\"https:\/\/lignesauto.fr\/wp-content\/uploads\/2021\/11\/LIGNESAUTOIKEA_04-1024x483.png 1024w, https:\/\/lignesauto.fr\/wp-content\/uploads\/2021\/11\/LIGNESAUTOIKEA_04-300x141.png 300w, https:\/\/lignesauto.fr\/wp-content\/uploads\/2021\/11\/LIGNESAUTOIKEA_04-768x362.png 768w, https:\/\/lignesauto.fr\/wp-content\/uploads\/2021\/11\/LIGNESAUTOIKEA_04.png 1417w\" sizes=\"(max-width: 1024px) 100vw, 1024px\" \/><\/figure>\n\n\n\n<p style=\"font-size:18px\">A bord, la simplicit\u00e9 est encore de mise, avec une &#8220;barre&#8221; faisant office de structure de planche de bord qui se soul\u00e8ve avec la grande partie vitr\u00e9e qui fait office d&#8217;entr\u00e9e.<\/p>\n\n\n\n<figure class=\"wp-block-image size-large\"><img loading=\"lazy\" decoding=\"async\" width=\"1024\" height=\"428\" src=\"http:\/\/lignesauto.fr\/wp-content\/uploads\/2021\/11\/LIGNESAUTOIKEA_13-1024x428.png\" alt=\"\" class=\"wp-image-23469\" srcset=\"https:\/\/lignesauto.fr\/wp-content\/uploads\/2021\/11\/LIGNESAUTOIKEA_13-1024x428.png 1024w, https:\/\/lignesauto.fr\/wp-content\/uploads\/2021\/11\/LIGNESAUTOIKEA_13-300x125.png 300w, https:\/\/lignesauto.fr\/wp-content\/uploads\/2021\/11\/LIGNESAUTOIKEA_13-768x321.png 768w, https:\/\/lignesauto.fr\/wp-content\/uploads\/2021\/11\/LIGNESAUTOIKEA_13.png 1417w\" sizes=\"(max-width: 1024px) 100vw, 1024px\" \/><\/figure>\n\n\n\n<figure class=\"wp-block-image size-large\"><img loading=\"lazy\" decoding=\"async\" width=\"1024\" height=\"676\" src=\"http:\/\/lignesauto.fr\/wp-content\/uploads\/2021\/11\/LIGNESAUTOIKEA_03-1024x676.png\" alt=\"\" class=\"wp-image-23458\" srcset=\"https:\/\/lignesauto.fr\/wp-content\/uploads\/2021\/11\/LIGNESAUTOIKEA_03-1024x676.png 1024w, https:\/\/lignesauto.fr\/wp-content\/uploads\/2021\/11\/LIGNESAUTOIKEA_03-300x198.png 300w, https:\/\/lignesauto.fr\/wp-content\/uploads\/2021\/11\/LIGNESAUTOIKEA_03-768x507.png 768w, https:\/\/lignesauto.fr\/wp-content\/uploads\/2021\/11\/LIGNESAUTOIKEA_03.png 1417w\" sizes=\"(max-width: 1024px) 100vw, 1024px\" \/><\/figure>\n\n\n\n<p style=\"font-size:18px\">Ce petit cube \u00e0 quatre roues est pratiquement vide et peut ainsi adapter son architecture \u00e0 de nombreuses situations : transport d&#8217;une ou deux personnes, d&#8217;une poussette, d&#8217;un v\u00e9lo et m\u00eame d\u2019un si\u00e8ge pour personne \u00e0 mobilit\u00e9 r\u00e9duite. Sur ce plan, l&#8217;Ami de Citro\u00ebn ne fait pas aussi bien, malgr\u00e9 sa r\u00e9cente version Cargo. (oui, mais elle est en vente, elle, contrairement \u00e0 ce projet sympathique&#8230;)<\/p>\n\n\n\n<figure class=\"wp-block-image size-large\"><img loading=\"lazy\" decoding=\"async\" width=\"1024\" height=\"671\" src=\"http:\/\/lignesauto.fr\/wp-content\/uploads\/2021\/11\/LIGNESAUTOIKEA_06-1024x671.png\" alt=\"\" class=\"wp-image-23461\" srcset=\"https:\/\/lignesauto.fr\/wp-content\/uploads\/2021\/11\/LIGNESAUTOIKEA_06-1024x671.png 1024w, https:\/\/lignesauto.fr\/wp-content\/uploads\/2021\/11\/LIGNESAUTOIKEA_06-300x197.png 300w, https:\/\/lignesauto.fr\/wp-content\/uploads\/2021\/11\/LIGNESAUTOIKEA_06-768x504.png 768w, https:\/\/lignesauto.fr\/wp-content\/uploads\/2021\/11\/LIGNESAUTOIKEA_06-765x500.png 765w, https:\/\/lignesauto.fr\/wp-content\/uploads\/2021\/11\/LIGNESAUTOIKEA_06.png 1417w\" sizes=\"(max-width: 1024px) 100vw, 1024px\" \/><\/figure>\n\n\n\n<p style=\"font-size:18px\">Tout \u00e9quip\u00e9e, la petite H\u00f6ga reviendrait \u00e0 6500 dollars mais elle est avant-tout con\u00e7ue pour le partage de cette mobilit\u00e9 urbaine. A noter que c&#8217;est un designer vivant en Californie qui r\u00e9unit dans son projet une marque Su\u00e9doise incontournable et une autre, bien fran\u00e7aise ! Comment dit-on Cocorico en Su\u00e9dois ?<\/p>\n\n\n\n<figure class=\"wp-block-image size-large\"><img loading=\"lazy\" decoding=\"async\" width=\"1024\" height=\"799\" src=\"http:\/\/lignesauto.fr\/wp-content\/uploads\/2021\/11\/LIGNESAUTOIKEA_14-1024x799.png\" alt=\"\" class=\"wp-image-23470\" srcset=\"https:\/\/lignesauto.fr\/wp-content\/uploads\/2021\/11\/LIGNESAUTOIKEA_14-1024x799.png 1024w, https:\/\/lignesauto.fr\/wp-content\/uploads\/2021\/11\/LIGNESAUTOIKEA_14-300x234.png 300w, https:\/\/lignesauto.fr\/wp-content\/uploads\/2021\/11\/LIGNESAUTOIKEA_14-768x599.png 768w, https:\/\/lignesauto.fr\/wp-content\/uploads\/2021\/11\/LIGNESAUTOIKEA_14.png 1417w\" sizes=\"(max-width: 1024px) 100vw, 1024px\" \/><\/figure>\n\n\n\n<div class=\"wp-block-image\"><figure class=\"aligncenter is-resized\"><img loading=\"lazy\" decoding=\"async\" src=\"http:\/\/lignesauto.fr\/wp-content\/uploads\/2018\/10\/LOGOActus_BD-1024x367.jpg\" alt=\"L\u2019attribut alt de cette image est vide, son nom de fichier est LOGOActus_BD-1024x367.jpg.\" width=\"629\" height=\"225\"\/><\/figure><\/div>\n\n\n\n<figure class=\"wp-block-image size-large\"><img loading=\"lazy\" decoding=\"async\" width=\"1024\" height=\"523\" src=\"http:\/\/lignesauto.fr\/wp-content\/uploads\/2021\/11\/LIGNESAUTOIKEA_08-1024x523.png\" alt=\"\" class=\"wp-image-23463\" srcset=\"https:\/\/lignesauto.fr\/wp-content\/uploads\/2021\/11\/LIGNESAUTOIKEA_08-1024x523.png 1024w, https:\/\/lignesauto.fr\/wp-content\/uploads\/2021\/11\/LIGNESAUTOIKEA_08-300x153.png 300w, https:\/\/lignesauto.fr\/wp-content\/uploads\/2021\/11\/LIGNESAUTOIKEA_08-768x392.png 768w, https:\/\/lignesauto.fr\/wp-content\/uploads\/2021\/11\/LIGNESAUTOIKEA_08.png 1417w\" sizes=\"(max-width: 1024px) 100vw, 1024px\" \/><\/figure>\n","protected":false},"excerpt":{"rendered":"<p>Voici un projet issu de la th\u00e8se du designer Ryan Schlotthauer de l&#8217;\u00e9cole CCS en Californie, projet partag\u00e9 sur le site Behance : https:\/\/www.behance.net\/gallery\/117550475\/HOEGA-IKEA-MOBILITY?tracking_source=curated_galleries_product-design Nous apportons un \u00e9clairage sur un engin qui vous fera sans doute penser \u00e0 l&#8217;Ami de Citro\u00ebn (concept et syst\u00e8me de distribution) puisque ce cube de [&hellip;]<\/p>\n","protected":false},"author":1,"featured_media":23456,"comment_status":"closed","ping_status":"","sticky":false,"template":"","format":"standard","meta":{"footnotes":""},"categories":[1],"tags":[],"_links":{"self":[{"href":"https:\/\/lignesauto.fr\/index.php?rest_route=\/wp\/v2\/posts\/23454"}],"collection":[{"href":"https:\/\/lignesauto.fr\/index.php?rest_route=\/wp\/v2\/posts"}],"about":[{"href":"https:\/\/lignesauto.fr\/index.php?rest_route=\/wp\/v2\/types\/post"}],"author":[{"embeddable":true,"href":"https:\/\/lignesauto.fr\/index.php?rest_route=\/wp\/v2\/users\/1"}],"replies":[{"embeddable":true,"href":"https:\/\/lignesauto.fr\/index.php?rest_route=%2Fwp%2Fv2%2Fcomments&post=23454"}],"version-history":[{"count":11,"href":"https:\/\/lignesauto.fr\/index.php?rest_route=\/wp\/v2\/posts\/23454\/revisions"}],"predecessor-version":[{"id":23482,"href":"https:\/\/lignesauto.fr\/index.php?rest_route=\/wp\/v2\/posts\/23454\/revisions\/23482"}],"wp:featuredmedia":[{"embeddable":true,"href":"https:\/\/lignesauto.fr\/index.php?rest_route=\/wp\/v2\/media\/23456"}],"wp:attachment":[{"href":"https:\/\/lignesauto.fr\/index.php?rest_route=%2Fwp%2Fv2%2Fmedia&parent=23454"}],"wp:term":[{"taxonomy":"category","embeddable":true,"href":"https:\/\/lignesauto.fr\/index.php?rest_route=%2Fwp%2Fv2%2Fcategories&post=23454"},{"taxonomy":"post_tag","embeddable":true,"href":"https:\/\/lignesauto.fr\/index.php?rest_route=%2Fwp%2Fv2%2Ftags&post=23454"}],"curies":[{"name":"wp","href":"https:\/\/api.w.org\/{rel}","templated":true}]}}