{"id":23513,"date":"2021-11-30T16:20:58","date_gmt":"2021-11-30T15:20:58","guid":{"rendered":"http:\/\/lignesauto.fr\/?p=23513"},"modified":"2021-12-30T11:48:59","modified_gmt":"2021-12-30T10:48:59","slug":"bmw-xm-il-y-en-a-un-peu-plus-je-vous-le-mets-quand-meme","status":"publish","type":"post","link":"https:\/\/lignesauto.fr\/?p=23513","title":{"rendered":"BMW XM : &#8220;il y en a un peu plus, je vous le mets quand m\u00eame ?&#8221;"},"content":{"rendered":"\n<div class=\"wp-block-image\"><figure class=\"aligncenter size-large is-resized\"><img loading=\"lazy\" decoding=\"async\" src=\"http:\/\/lignesauto.fr\/wp-content\/uploads\/2018\/10\/LOGOActus_BD-1024x367.jpg\" alt=\"\" class=\"wp-image-4921\" width=\"524\" height=\"188\" srcset=\"https:\/\/lignesauto.fr\/wp-content\/uploads\/2018\/10\/LOGOActus_BD-1024x367.jpg 1024w, https:\/\/lignesauto.fr\/wp-content\/uploads\/2018\/10\/LOGOActus_BD-300x108.jpg 300w, https:\/\/lignesauto.fr\/wp-content\/uploads\/2018\/10\/LOGOActus_BD-768x276.jpg 768w, https:\/\/lignesauto.fr\/wp-content\/uploads\/2018\/10\/LOGOActus_BD-370x133.jpg 370w, https:\/\/lignesauto.fr\/wp-content\/uploads\/2018\/10\/LOGOActus_BD-1040x373.jpg 1040w, https:\/\/lignesauto.fr\/wp-content\/uploads\/2018\/10\/LOGOActus_BD.jpg 1240w\" sizes=\"(max-width: 524px) 100vw, 524px\" \/><\/figure><\/div>\n\n\n\n<figure class=\"wp-block-image size-large\"><img loading=\"lazy\" decoding=\"async\" width=\"1024\" height=\"683\" src=\"http:\/\/lignesauto.fr\/wp-content\/uploads\/2021\/11\/LIGNESXM_08-1024x683.jpg\" alt=\"\" class=\"wp-image-23525\" srcset=\"https:\/\/lignesauto.fr\/wp-content\/uploads\/2021\/11\/LIGNESXM_08-1024x683.jpg 1024w, https:\/\/lignesauto.fr\/wp-content\/uploads\/2021\/11\/LIGNESXM_08-300x200.jpg 300w, https:\/\/lignesauto.fr\/wp-content\/uploads\/2021\/11\/LIGNESXM_08-768x512.jpg 768w, https:\/\/lignesauto.fr\/wp-content\/uploads\/2021\/11\/LIGNESXM_08.jpg 1417w\" sizes=\"(max-width: 1024px) 100vw, 1024px\" \/><\/figure>\n\n\n\n<p style=\"font-size:18px\">Trente-deux ans apr\u00e8s la Citro\u00ebn XM, voici la BMW XM&#8230; Citro\u00ebn laisse donc le constructeur Allemand libre d&#8217;utiliser cette appellation. Mais entre la grande berline sign\u00e9e Marc Deschamps chez Bertone en 1989 et le pantagru\u00e9lique SUV sign\u00e9 par l&#8217;\u00e9quipe de Domagoj Dukec, directeur du design pour la marque BMW (et ex-PSA\/Stellantis lorsqu&#8217;il a suivi le d\u00e9veloppement du concept-car Hypnos en 2008), il y a un monde.<\/p>\n\n\n\n<h2 class=\"wp-block-heading\">LA VID\u00c9O<\/h2>\n\n\n\n<figure class=\"wp-block-embed is-type-video is-provider-youtube wp-block-embed-youtube wp-embed-aspect-16-9 wp-has-aspect-ratio\"><div class=\"wp-block-embed__wrapper\">\n<iframe loading=\"lazy\" title=\"BMW CONCEPT XM - LIGNES\/auto\" width=\"640\" height=\"360\" src=\"https:\/\/www.youtube.com\/embed\/PJ7sgF4RGqc?feature=oembed\" frameborder=\"0\" allow=\"accelerometer; autoplay; clipboard-write; encrypted-media; gyroscope; picture-in-picture; web-share\" referrerpolicy=\"strict-origin-when-cross-origin\" allowfullscreen><\/iframe>\n<\/div><\/figure>\n\n\n\n<p style=\"font-size:18px\">Voici donc un ni\u00e8me GROS SUV con\u00e7u pour le march\u00e9 am\u00e9ricain et sans doute un peu, pour la Chine. Ce projet BMW XM sera produit d\u00e8s la fin de l&#8217;ann\u00e9e prochaine aux \u00c9tats-Unis et sera le second mod\u00e8le 100% con\u00e7u par la branche BMW M depuis la M1 E26 de Giugiaro en 1978.<\/p>\n\n\n\n<figure class=\"wp-block-image size-large\"><img loading=\"lazy\" decoding=\"async\" width=\"1024\" height=\"382\" src=\"http:\/\/lignesauto.fr\/wp-content\/uploads\/2021\/11\/Capture-de\u0301cran-2021-11-30-a\u0300-15.55.40-1024x382.png\" alt=\"\" class=\"wp-image-23527\" srcset=\"https:\/\/lignesauto.fr\/wp-content\/uploads\/2021\/11\/Capture-de\u0301cran-2021-11-30-a\u0300-15.55.40-1024x382.png 1024w, https:\/\/lignesauto.fr\/wp-content\/uploads\/2021\/11\/Capture-de\u0301cran-2021-11-30-a\u0300-15.55.40-300x112.png 300w, https:\/\/lignesauto.fr\/wp-content\/uploads\/2021\/11\/Capture-de\u0301cran-2021-11-30-a\u0300-15.55.40-768x286.png 768w, https:\/\/lignesauto.fr\/wp-content\/uploads\/2021\/11\/Capture-de\u0301cran-2021-11-30-a\u0300-15.55.40.png 1417w\" sizes=\"(max-width: 1024px) 100vw, 1024px\" \/><\/figure>\n\n\n\n<p style=\"font-size:18px\">BMW ne manque pas d&#8217;audace, m\u00eame dans son discours en affirmant s&#8217;\u00eatre inspir\u00e9 de l&#8217;icone M1, notamment pour les deux sigles lat\u00e9raux arri\u00e8re appos\u00e9 sur la lunette: &#8220;notre logo est d\u00e9sormais grav\u00e9 au laser sur la lunette en dessous de chacun des deux longerons de toit, \u00e9voquant ainsi une caract\u00e9ristique stylistique de la BMW M1, qui reste \u00e0 ce jour le seul mod\u00e8le d\u00e9velopp\u00e9 int\u00e9gralement et exclusivement par BMW M GmbH.&#8221;<\/p>\n\n\n\n<figure class=\"wp-block-image size-large\"><img loading=\"lazy\" decoding=\"async\" width=\"1024\" height=\"683\" src=\"http:\/\/lignesauto.fr\/wp-content\/uploads\/2021\/11\/LIGNESXM_04-1024x683.jpg\" alt=\"\" class=\"wp-image-23529\" srcset=\"https:\/\/lignesauto.fr\/wp-content\/uploads\/2021\/11\/LIGNESXM_04-1024x683.jpg 1024w, https:\/\/lignesauto.fr\/wp-content\/uploads\/2021\/11\/LIGNESXM_04-300x200.jpg 300w, https:\/\/lignesauto.fr\/wp-content\/uploads\/2021\/11\/LIGNESXM_04-768x512.jpg 768w, https:\/\/lignesauto.fr\/wp-content\/uploads\/2021\/11\/LIGNESXM_04.jpg 1417w\" sizes=\"(max-width: 1024px) 100vw, 1024px\" \/><\/figure>\n\n\n\n<p style=\"font-size:18px\">Nous ne nous arr\u00eaterons pas longuement sur la m\u00e9canique dont BMW explique &#8220;qu&#8217;elle associe un bloc V8 \u00e0 un moteur \u00e9lectrique hautes performances pour d\u00e9velopper une puissance cumul\u00e9e de 750 ch (550 kW) et un couple maximal de 1 000 Nm&#8221;. Nous constatons juste que le monde d&#8217;apr\u00e8s n&#8217;est pas loin, mais certains constructeurs continuent \u00e0 implanter de bons gros V8 \u00e0 la sonorit\u00e9 envo\u00fbtante&#8230; Le mal, le bien, la neutralit\u00e9&#8230; surtout quand elle est carbone, reste un vaste d\u00e9bat !<\/p>\n\n\n\n<figure class=\"wp-block-image size-large\"><img loading=\"lazy\" decoding=\"async\" width=\"1024\" height=\"683\" src=\"http:\/\/lignesauto.fr\/wp-content\/uploads\/2021\/11\/A-1024x683.jpg\" alt=\"\" class=\"wp-image-23533\" srcset=\"https:\/\/lignesauto.fr\/wp-content\/uploads\/2021\/11\/A-1024x683.jpg 1024w, https:\/\/lignesauto.fr\/wp-content\/uploads\/2021\/11\/A-300x200.jpg 300w, https:\/\/lignesauto.fr\/wp-content\/uploads\/2021\/11\/A-768x512.jpg 768w, https:\/\/lignesauto.fr\/wp-content\/uploads\/2021\/11\/A.jpg 1417w\" sizes=\"(max-width: 1024px) 100vw, 1024px\" \/><\/figure>\n\n\n\n<p style=\"font-size:18px\">Nous voulons surtout mettre en avant la nouvelle identit\u00e9 de style de la marque BMW avec une proue qui va \u00e9voluer sur tous les futurs mod\u00e8les, \u00e0 commencer par la future berline S\u00e9rie 7 qui va l&#8217;adopter. Il s&#8217;agit d&#8217;une signature lumineuse \u00e0 deux \u00e9tages (rappelons que la Citro\u00ebn C4 Picasso dessin\u00e9e par Fr\u00e9d\u00e9ric Soubirou fut l\u2019une des premi\u00e8res \u00e0 l&#8217;associer \u00e0 une identit\u00e9 forte) et pour camoufler au mieux la hauteur de cette solution d&#8217;optiques rang\u00e9es dans ces deux niveaux, les feux inf\u00e9rieurs de la BMW XM sont log\u00e9s derri\u00e8re une vitre fum\u00e9e (3), alors que les feux de jour (1) fa\u00e7onnent le regard du gros SUV en partie sup\u00e9rieure.<\/p>\n\n\n\n<figure class=\"wp-block-image size-large\"><img loading=\"lazy\" decoding=\"async\" width=\"1024\" height=\"395\" src=\"http:\/\/lignesauto.fr\/wp-content\/uploads\/2021\/11\/LIGNESXM_00-1024x395.png\" alt=\"\" class=\"wp-image-23530\" srcset=\"https:\/\/lignesauto.fr\/wp-content\/uploads\/2021\/11\/LIGNESXM_00-1024x395.png 1024w, https:\/\/lignesauto.fr\/wp-content\/uploads\/2021\/11\/LIGNESXM_00-300x116.png 300w, https:\/\/lignesauto.fr\/wp-content\/uploads\/2021\/11\/LIGNESXM_00-768x296.png 768w, https:\/\/lignesauto.fr\/wp-content\/uploads\/2021\/11\/LIGNESXM_00.png 1417w\" sizes=\"(max-width: 1024px) 100vw, 1024px\" \/><\/figure>\n\n\n\n<p style=\"font-size:18px\">La double grille de calandre (2) s\u2019\u00e9tire horizontalement entre les phares, formant un octogone, et reste toujours imposante. Elle est entour\u00e9e d&#8217;un brin lumineux. L&#8217;ensemble ne pose pas vraiment de probl\u00e8me sur un SUV dont la proue verticale permet de g\u00e9rer cet assemblage de la double signature lumineuse, mais qu&#8217;en sera-t-il sur une berline ? Photo de la future S\u00e9rie 7 ci-dessus vue sur le site <a href=\"http:\/\/www.autonews.fr\" data-type=\"URL\" data-id=\"www.autonews.fr\">www.autonews.fr<\/a><\/p>\n\n\n\n<figure class=\"wp-block-image size-large\"><img loading=\"lazy\" decoding=\"async\" width=\"1024\" height=\"683\" src=\"http:\/\/lignesauto.fr\/wp-content\/uploads\/2021\/11\/LIGNESXM_12-1024x683.jpg\" alt=\"\" class=\"wp-image-23537\" srcset=\"https:\/\/lignesauto.fr\/wp-content\/uploads\/2021\/11\/LIGNESXM_12-1024x683.jpg 1024w, https:\/\/lignesauto.fr\/wp-content\/uploads\/2021\/11\/LIGNESXM_12-300x200.jpg 300w, https:\/\/lignesauto.fr\/wp-content\/uploads\/2021\/11\/LIGNESXM_12-768x512.jpg 768w, https:\/\/lignesauto.fr\/wp-content\/uploads\/2021\/11\/LIGNESXM_12.jpg 1417w\" sizes=\"(max-width: 1024px) 100vw, 1024px\" \/><\/figure>\n\n\n\n<p style=\"font-size:18px\">BMW affirme donc que ce concept XM &#8220;offre un aper\u00e7u du design avant des futurs mod\u00e8les de luxe de la marque BMW, et il red\u00e9finit dans une d\u00e9clinaison r\u00e9solument moderne le design des mod\u00e8les BMW X, r\u00e9interpr\u00e8te la conception du luxe dans l\u2019automobile et revisite les sch\u00e9mas classiques d\u2019am\u00e9nagement de l\u2019espace int\u00e9rieur.&#8221;<\/p>\n\n\n\n<figure class=\"wp-block-image size-large\"><img loading=\"lazy\" decoding=\"async\" width=\"1024\" height=\"672\" src=\"http:\/\/lignesauto.fr\/wp-content\/uploads\/2021\/11\/LIGNESXM_09-1024x672.jpg\" alt=\"\" class=\"wp-image-23534\" srcset=\"https:\/\/lignesauto.fr\/wp-content\/uploads\/2021\/11\/LIGNESXM_09-1024x672.jpg 1024w, https:\/\/lignesauto.fr\/wp-content\/uploads\/2021\/11\/LIGNESXM_09-300x197.jpg 300w, https:\/\/lignesauto.fr\/wp-content\/uploads\/2021\/11\/LIGNESXM_09-768x504.jpg 768w, https:\/\/lignesauto.fr\/wp-content\/uploads\/2021\/11\/LIGNESXM_09.jpg 1417w\" sizes=\"(max-width: 1024px) 100vw, 1024px\" \/><\/figure>\n\n\n\n<p style=\"font-size:18px\">Parlons-en de l&#8217;int\u00e9rieur, ou plut\u00f4t, publions ces photos qui se passent de commentaires&#8230; Une BMW &#8220;M&#8221; n&#8217;est donc plus seulement une sportive qui valorise son &#8220;pilote&#8221;, mais devient un salon de luxe puisque l&#8217;univers arri\u00e8re est trait\u00e9 fa\u00e7on &#8220;lounge&#8221;, mot tr\u00e8s en vogue depuis les projets de voitures autonomes \u00e0 l&#8217;habitacle revisit\u00e9. &#8220;La banquette arri\u00e8re est un v\u00e9ritable salon unique en son genre, le M Lounge, dont les vitres teint\u00e9es de noir soulignent l\u2019intimit\u00e9&#8221; signale le constructeur. Je serais curieux de savoir exactement ce que BMW pense que ses clients feront sur cette banquette ? Lire LIGNES\/auto trimestriel, sans doute&#8230;<\/p>\n\n\n\n<figure class=\"wp-block-image size-large\"><img loading=\"lazy\" decoding=\"async\" width=\"1024\" height=\"679\" src=\"http:\/\/lignesauto.fr\/wp-content\/uploads\/2021\/11\/LIGNESXM_10-1024x679.jpg\" alt=\"\" class=\"wp-image-23535\" srcset=\"https:\/\/lignesauto.fr\/wp-content\/uploads\/2021\/11\/LIGNESXM_10-1024x679.jpg 1024w, https:\/\/lignesauto.fr\/wp-content\/uploads\/2021\/11\/LIGNESXM_10-300x199.jpg 300w, https:\/\/lignesauto.fr\/wp-content\/uploads\/2021\/11\/LIGNESXM_10-768x509.jpg 768w, https:\/\/lignesauto.fr\/wp-content\/uploads\/2021\/11\/LIGNESXM_10.jpg 1417w\" sizes=\"(max-width: 1024px) 100vw, 1024px\" \/><\/figure>\n\n\n\n<h2 class=\"wp-block-heading\"><strong>LE TRIMESTRIEL LIGNES\/auto#06 PARAITRA EN F\u00c9VRIER 2022 (ci-dessous la Vid\u00e9o de pr\u00e9sentation)<\/strong><\/h2>\n\n\n\n<figure class=\"wp-block-embed is-type-video is-provider-youtube wp-block-embed-youtube wp-embed-aspect-16-9 wp-has-aspect-ratio\"><div class=\"wp-block-embed__wrapper\">\n<iframe loading=\"lazy\" title=\"LIGNES:auto#06 en approche\" width=\"640\" height=\"360\" src=\"https:\/\/www.youtube.com\/embed\/llb6jVsOyLY?feature=oembed\" frameborder=\"0\" allow=\"accelerometer; autoplay; clipboard-write; encrypted-media; gyroscope; picture-in-picture; web-share\" referrerpolicy=\"strict-origin-when-cross-origin\" allowfullscreen><\/iframe>\n<\/div><\/figure>\n\n\n\n<div class=\"wp-block-image\"><figure class=\"aligncenter size-large is-resized\"><img loading=\"lazy\" decoding=\"async\" src=\"http:\/\/lignesauto.fr\/wp-content\/uploads\/2018\/10\/LOGOActus_BD-1024x367.jpg\" alt=\"\" class=\"wp-image-4921\" width=\"559\" height=\"201\" srcset=\"https:\/\/lignesauto.fr\/wp-content\/uploads\/2018\/10\/LOGOActus_BD-1024x367.jpg 1024w, https:\/\/lignesauto.fr\/wp-content\/uploads\/2018\/10\/LOGOActus_BD-300x108.jpg 300w, https:\/\/lignesauto.fr\/wp-content\/uploads\/2018\/10\/LOGOActus_BD-768x276.jpg 768w, https:\/\/lignesauto.fr\/wp-content\/uploads\/2018\/10\/LOGOActus_BD-370x133.jpg 370w, https:\/\/lignesauto.fr\/wp-content\/uploads\/2018\/10\/LOGOActus_BD-1040x373.jpg 1040w, https:\/\/lignesauto.fr\/wp-content\/uploads\/2018\/10\/LOGOActus_BD.jpg 1240w\" sizes=\"(max-width: 559px) 100vw, 559px\" \/><\/figure><\/div>\n\n\n\n<figure class=\"wp-block-image size-large\"><img loading=\"lazy\" decoding=\"async\" width=\"1024\" height=\"683\" src=\"http:\/\/lignesauto.fr\/wp-content\/uploads\/2021\/11\/LIGNESXM_07-1024x683.jpg\" alt=\"\" class=\"wp-image-23526\" srcset=\"https:\/\/lignesauto.fr\/wp-content\/uploads\/2021\/11\/LIGNESXM_07-1024x683.jpg 1024w, https:\/\/lignesauto.fr\/wp-content\/uploads\/2021\/11\/LIGNESXM_07-300x200.jpg 300w, https:\/\/lignesauto.fr\/wp-content\/uploads\/2021\/11\/LIGNESXM_07-768x512.jpg 768w, https:\/\/lignesauto.fr\/wp-content\/uploads\/2021\/11\/LIGNESXM_07.jpg 1417w\" sizes=\"(max-width: 1024px) 100vw, 1024px\" \/><\/figure>\n","protected":false},"excerpt":{"rendered":"<p>Trente-deux ans apr\u00e8s la Citro\u00ebn XM, voici la BMW XM&#8230; Citro\u00ebn laisse donc le constructeur Allemand libre d&#8217;utiliser cette appellation. Mais entre la grande berline sign\u00e9e Marc Deschamps chez Bertone en 1989 et le pantagru\u00e9lique SUV sign\u00e9 par l&#8217;\u00e9quipe de Domagoj Dukec, directeur du design pour la marque BMW (et [&hellip;]<\/p>\n","protected":false},"author":1,"featured_media":23541,"comment_status":"closed","ping_status":"","sticky":false,"template":"","format":"standard","meta":{"footnotes":""},"categories":[1],"tags":[],"_links":{"self":[{"href":"https:\/\/lignesauto.fr\/index.php?rest_route=\/wp\/v2\/posts\/23513"}],"collection":[{"href":"https:\/\/lignesauto.fr\/index.php?rest_route=\/wp\/v2\/posts"}],"about":[{"href":"https:\/\/lignesauto.fr\/index.php?rest_route=\/wp\/v2\/types\/post"}],"author":[{"embeddable":true,"href":"https:\/\/lignesauto.fr\/index.php?rest_route=\/wp\/v2\/users\/1"}],"replies":[{"embeddable":true,"href":"https:\/\/lignesauto.fr\/index.php?rest_route=%2Fwp%2Fv2%2Fcomments&post=23513"}],"version-history":[{"count":28,"href":"https:\/\/lignesauto.fr\/index.php?rest_route=\/wp\/v2\/posts\/23513\/revisions"}],"predecessor-version":[{"id":23648,"href":"https:\/\/lignesauto.fr\/index.php?rest_route=\/wp\/v2\/posts\/23513\/revisions\/23648"}],"wp:featuredmedia":[{"embeddable":true,"href":"https:\/\/lignesauto.fr\/index.php?rest_route=\/wp\/v2\/media\/23541"}],"wp:attachment":[{"href":"https:\/\/lignesauto.fr\/index.php?rest_route=%2Fwp%2Fv2%2Fmedia&parent=23513"}],"wp:term":[{"taxonomy":"category","embeddable":true,"href":"https:\/\/lignesauto.fr\/index.php?rest_route=%2Fwp%2Fv2%2Fcategories&post=23513"},{"taxonomy":"post_tag","embeddable":true,"href":"https:\/\/lignesauto.fr\/index.php?rest_route=%2Fwp%2Fv2%2Ftags&post=23513"}],"curies":[{"name":"wp","href":"https:\/\/api.w.org\/{rel}","templated":true}]}}