{"id":23565,"date":"2021-12-16T10:02:00","date_gmt":"2021-12-16T09:02:00","guid":{"rendered":"http:\/\/lignesauto.fr\/?p=23565"},"modified":"2021-12-30T11:47:18","modified_gmt":"2021-12-30T10:47:18","slug":"my-ami-buggy-lami-a-ri","status":"publish","type":"post","link":"https:\/\/lignesauto.fr\/?p=23565","title":{"rendered":"My Ami Buggy : l&#8217;Ami a ri !"},"content":{"rendered":"\n<div class=\"wp-block-image\"><figure class=\"aligncenter size-large is-resized\"><img loading=\"lazy\" decoding=\"async\" src=\"http:\/\/lignesauto.fr\/wp-content\/uploads\/2018\/10\/LOGOActus_BD-1024x367.jpg\" alt=\"\" class=\"wp-image-4921\" width=\"457\" height=\"164\" srcset=\"https:\/\/lignesauto.fr\/wp-content\/uploads\/2018\/10\/LOGOActus_BD-1024x367.jpg 1024w, https:\/\/lignesauto.fr\/wp-content\/uploads\/2018\/10\/LOGOActus_BD-300x108.jpg 300w, https:\/\/lignesauto.fr\/wp-content\/uploads\/2018\/10\/LOGOActus_BD-768x276.jpg 768w, https:\/\/lignesauto.fr\/wp-content\/uploads\/2018\/10\/LOGOActus_BD-370x133.jpg 370w, https:\/\/lignesauto.fr\/wp-content\/uploads\/2018\/10\/LOGOActus_BD-1040x373.jpg 1040w, https:\/\/lignesauto.fr\/wp-content\/uploads\/2018\/10\/LOGOActus_BD.jpg 1240w\" sizes=\"(max-width: 457px) 100vw, 457px\" \/><\/figure><\/div>\n\n\n\n<figure class=\"wp-block-image size-large\"><img loading=\"lazy\" decoding=\"async\" width=\"1417\" height=\"638\" src=\"http:\/\/lignesauto.fr\/wp-content\/uploads\/2021\/12\/1-1024x461.jpg\" alt=\"\" class=\"wp-image-23570\" srcset=\"https:\/\/lignesauto.fr\/wp-content\/uploads\/2021\/12\/1-1024x461.jpg 1024w, https:\/\/lignesauto.fr\/wp-content\/uploads\/2021\/12\/1-300x135.jpg 300w, https:\/\/lignesauto.fr\/wp-content\/uploads\/2021\/12\/1-768x346.jpg 768w, https:\/\/lignesauto.fr\/wp-content\/uploads\/2021\/12\/1.jpg 1417w\" sizes=\"(max-width: 1417px) 100vw, 1417px\" \/><\/figure>\n\n\n\n<p style=\"font-size:18px\">Voici un petit engin vivifiant et frais comme la bise d&#8217;\u00e9t\u00e9. Citro\u00ebn prend les saisons \u00e0 revers et nous plonge dans un univers ind\u00e9modable : celui du buggy ! Et c&#8217;est la petite Ami \u00e9lectrique qui sert de base.<\/p>\n\n\n\n<figure class=\"wp-block-image size-large\"><img loading=\"lazy\" decoding=\"async\" width=\"1024\" height=\"691\" src=\"http:\/\/lignesauto.fr\/wp-content\/uploads\/2021\/12\/Capture-de\u0301cran-2021-12-15-a\u0300-20.39.19-1024x691.png\" alt=\"\" class=\"wp-image-23571\" srcset=\"https:\/\/lignesauto.fr\/wp-content\/uploads\/2021\/12\/Capture-de\u0301cran-2021-12-15-a\u0300-20.39.19-1024x691.png 1024w, https:\/\/lignesauto.fr\/wp-content\/uploads\/2021\/12\/Capture-de\u0301cran-2021-12-15-a\u0300-20.39.19-300x202.png 300w, https:\/\/lignesauto.fr\/wp-content\/uploads\/2021\/12\/Capture-de\u0301cran-2021-12-15-a\u0300-20.39.19-768x518.png 768w, https:\/\/lignesauto.fr\/wp-content\/uploads\/2021\/12\/Capture-de\u0301cran-2021-12-15-a\u0300-20.39.19.png 1417w\" sizes=\"(max-width: 1024px) 100vw, 1024px\" \/><\/figure>\n\n\n\n<p style=\"font-size:18px\">Samuel Pericles (ci-dessous avec H\u00e9l\u00e8ne Veilleux au volant) est designer&nbsp;au sein de la petite cellule Prolab Style chez Citro\u00ebn. Une entit\u00e9 qui n\u2019est pas transversale, puisque chaque marque de Stellantis dispose de son propre \u00ab&nbsp;prolab&nbsp;\u00bb. Le concept My Ami Buggy est en grande partie n\u00e9 ici. Samuel explique \u00ab&nbsp;<em>qu\u2019il s\u2019agit d\u2019un d\u00e9partement o\u00f9 l\u2019on axe plus nos r\u00e9flexions vers le design produit et sans doute un peu moins sur le design purement automobile. Selon les p\u00e9riodes, on est ici entre 5 \u00e0 6 personnes.&nbsp;<\/em>\u00bb<\/p>\n\n\n\n<figure class=\"wp-block-image size-large\"><img loading=\"lazy\" decoding=\"async\" width=\"1024\" height=\"461\" src=\"http:\/\/lignesauto.fr\/wp-content\/uploads\/2021\/12\/3-1024x461.jpg\" alt=\"\" class=\"wp-image-23572\" srcset=\"https:\/\/lignesauto.fr\/wp-content\/uploads\/2021\/12\/3-1024x461.jpg 1024w, https:\/\/lignesauto.fr\/wp-content\/uploads\/2021\/12\/3-300x135.jpg 300w, https:\/\/lignesauto.fr\/wp-content\/uploads\/2021\/12\/3-768x346.jpg 768w, https:\/\/lignesauto.fr\/wp-content\/uploads\/2021\/12\/3.jpg 1417w\" sizes=\"(max-width: 1024px) 100vw, 1024px\" \/><\/figure>\n\n\n\n<p style=\"font-size:18px\">Souvenez-vous, si vous \u00eates fid\u00e8les lecteurs &#8211; <a href=\"http:\/\/lignesauto.fr\/?p=23293\" data-type=\"URL\" data-id=\"http:\/\/lignesauto.fr\/?p=23293\">http:\/\/lignesauto.fr\/?p=23293<\/a> &#8211; Pierre Leclercq (le directeur du design Citro\u00ebn) nous avait confi\u00e9 lors de notre r\u00e9cent entretien qu\u2019il avait embauch\u00e9 une designer produit indienne et elle fait justement partie de cette petite cellule.<\/p>\n\n\n\n<h2 class=\"wp-block-heading\"><strong>VID\u00c9O DE PR\u00c9SENTATION CI-DESSOUS<\/strong><\/h2>\n\n\n\n<figure class=\"wp-block-video\"><video controls src=\"http:\/\/lignesauto.fr\/wp-content\/uploads\/2021\/12\/MY_AMI_BUGGY_VL_16-9.mp4\"><\/video><\/figure>\n\n\n\n<p style=\"font-size:18px\">Samuel Pericles, c\u00f4t\u00e9 design, a \u0153uvr\u00e9 sur ce petit concept Buggy sur la base de l\u2019Ami avec les \u00e9quipes d\u2019H\u00e9l\u00e8ne Veilleux aux couleurs et mati\u00e8res. Et d\u00e9trompez-vous, il ne s\u2019agit pas seulement d\u2019une fantaisie sur la plus fantaisiste des Citro\u00ebn. \u00ab&nbsp;<em>C\u2019est v\u00e9ritablement un petit labo de recherches&nbsp;!&nbsp;\u00bb <\/em>assure Samuel.<em> \u00ab&nbsp;Nous sommes partis de l\u2019Ami qui rencontre un beau succ\u00e8s pour en d\u00e9river ce Buggy, tout en gardant la personnalisation en fil conducteur de l\u2019\u00e9tude.&nbsp;On a voulu pousser \u00e0 l\u2019extr\u00eame cette personnalisation, et adopter un traitement couleurs et mati\u00e8res tr\u00e8s sp\u00e9cifiques, pour arriver au final \u00e0 un objet compl\u00e8tement diff\u00e9rent du mod\u00e8le de s\u00e9rie.<\/em>&#8220;<\/p>\n\n\n\n<figure class=\"wp-block-image size-large\"><img loading=\"lazy\" decoding=\"async\" width=\"1024\" height=\"461\" src=\"http:\/\/lignesauto.fr\/wp-content\/uploads\/2021\/12\/20211214_115649-1024x461.jpg\" alt=\"\" class=\"wp-image-23577\" srcset=\"https:\/\/lignesauto.fr\/wp-content\/uploads\/2021\/12\/20211214_115649-1024x461.jpg 1024w, https:\/\/lignesauto.fr\/wp-content\/uploads\/2021\/12\/20211214_115649-300x135.jpg 300w, https:\/\/lignesauto.fr\/wp-content\/uploads\/2021\/12\/20211214_115649-768x346.jpg 768w, https:\/\/lignesauto.fr\/wp-content\/uploads\/2021\/12\/20211214_115649.jpg 1417w\" sizes=\"(max-width: 1024px) 100vw, 1024px\" \/><\/figure>\n\n\n\n<p>La barre lumineuse qui prend place sur le pavillon provient d&#8217;un grand magasin o\u00f9 l&#8217;on trouve tout, m\u00eame de quoi \u00e9quiper un concept ! A noter la roue de secours sur le pavillon.<\/p>\n\n\n\n<p style=\"font-size:18px\">Et cette partie \u00ab&nbsp;labo&nbsp;\u00bb touche notamment les accessoires de personnalisation trait\u00e9s en impression 3D. Car d\u00e9nu\u00e9e de porti\u00e8res (on y reviendra plus bas), l\u2019Ami laisse b\u00e9ant quelques trous dans les feuillures de portes, destin\u00e9s sur la version de s\u00e9rie \u00e0 int\u00e9grer les syst\u00e8mes de fermeture ou de charni\u00e8res des porti\u00e8res. Dans ces espaces vides, les designers ont pr\u00e9vu des pi\u00e8ces accessoires int\u00e9gralement r\u00e9alis\u00e9es en impression 3D. A l\u2019avant par exemple, il s\u2019agit d\u2019un support de r\u00e9troviseur original. \u00ab&nbsp;<em>On vient le clipper dans le logement, gr\u00e2ce \u00e0 un m\u00e9canisme int\u00e9gr\u00e9 dans la forme&#8221;<\/em><\/p>\n\n\n\n<figure class=\"wp-block-image size-large\"><img loading=\"lazy\" decoding=\"async\" width=\"1024\" height=\"461\" src=\"http:\/\/lignesauto.fr\/wp-content\/uploads\/2021\/12\/20211214_115557-1024x461.jpg\" alt=\"\" class=\"wp-image-23573\" srcset=\"https:\/\/lignesauto.fr\/wp-content\/uploads\/2021\/12\/20211214_115557-1024x461.jpg 1024w, https:\/\/lignesauto.fr\/wp-content\/uploads\/2021\/12\/20211214_115557-300x135.jpg 300w, https:\/\/lignesauto.fr\/wp-content\/uploads\/2021\/12\/20211214_115557-768x346.jpg 768w, https:\/\/lignesauto.fr\/wp-content\/uploads\/2021\/12\/20211214_115557.jpg 1417w\" sizes=\"(max-width: 1024px) 100vw, 1024px\" \/><\/figure>\n\n\n\n<p style=\"font-size:18px\">&#8220;<em>On se sert de l\u2019\u00e9lasticit\u00e9 de la mati\u00e8re pour permettre cette fonctionnalit\u00e9. Le support est r\u00e9alis\u00e9 en une seule pi\u00e8ce r\u00e9alis\u00e9e en impression 3D<\/em> (hormis le miroir, bien s\u00fbr&#8230;) <em>et int\u00e8gre donc le m\u00e9canisme pour le r\u00e9glage du r\u00e9troviseur. On a pr\u00e9vu lors du dessin de cette pi\u00e8ce des espaces de 2 \u00e0 3 dixi\u00e8mes de millim\u00e8tre pour que la poudre s\u2019\u00e9coule apr\u00e8s le bain d\u2019impression. Le m\u00e9canisme est ainsi lib\u00e9r\u00e9, devient fonctionnel, et vous avez m\u00eame la rotule de r\u00e9glage qui est int\u00e9gr\u00e9e&nbsp;! C\u2019est super fun \u00e0 concevoir&nbsp;!<\/em>&nbsp;\u00bb<\/p>\n\n\n\n<figure class=\"wp-block-image size-large\"><img loading=\"lazy\" decoding=\"async\" width=\"1024\" height=\"436\" src=\"http:\/\/lignesauto.fr\/wp-content\/uploads\/2021\/12\/CL-20.030.009-1024x436.jpg\" alt=\"\" class=\"wp-image-23575\" srcset=\"https:\/\/lignesauto.fr\/wp-content\/uploads\/2021\/12\/CL-20.030.009-1024x436.jpg 1024w, https:\/\/lignesauto.fr\/wp-content\/uploads\/2021\/12\/CL-20.030.009-300x128.jpg 300w, https:\/\/lignesauto.fr\/wp-content\/uploads\/2021\/12\/CL-20.030.009-768x327.jpg 768w, https:\/\/lignesauto.fr\/wp-content\/uploads\/2021\/12\/CL-20.030.009.jpg 1417w\" sizes=\"(max-width: 1024px) 100vw, 1024px\" \/><figcaption>Une Citro\u00ebn Ami \u00e0 gauche, une Citro\u00ebn M\u00e9hari \u00e0 droite. Plus de 50 ans les s\u00e9parent.<\/figcaption><\/figure>\n\n\n\n<p style=\"font-size:18px\">Un bon bain de poudre pour imprimer cette pi\u00e8ce, voil\u00e0 qui surprend&nbsp;! \u00ab&nbsp;<em>Tout \u00e7a est r\u00e9alis\u00e9 chez nous et on peut m\u00eame imaginer qu\u2019une fois l\u2019\u00e9tude de la pi\u00e8ce r\u00e9alis\u00e9e en num\u00e9rique, le client puisse l\u2019imprimer chez lui&nbsp;!<\/em>&nbsp;\u00bb Et dire que je gal\u00e8re avec mon scan&#8230; Un autre accessoire vient se clipper sur la feuillure de porte arri\u00e8re et peut supporter un appareil photo (ci-dessous) pour rapporter des souvenirs de votre promenade. \u00ab&nbsp;<em>Avec ces pi\u00e8ces, on est sur de la vraie conception de design produit.&nbsp;<\/em>\u00bb<\/p>\n\n\n\n<figure class=\"wp-block-image size-large\"><img loading=\"lazy\" decoding=\"async\" width=\"1024\" height=\"461\" src=\"http:\/\/lignesauto.fr\/wp-content\/uploads\/2021\/12\/20211214_115932-1024x461.jpg\" alt=\"\" class=\"wp-image-23574\" srcset=\"https:\/\/lignesauto.fr\/wp-content\/uploads\/2021\/12\/20211214_115932-1024x461.jpg 1024w, https:\/\/lignesauto.fr\/wp-content\/uploads\/2021\/12\/20211214_115932-300x135.jpg 300w, https:\/\/lignesauto.fr\/wp-content\/uploads\/2021\/12\/20211214_115932-768x346.jpg 768w, https:\/\/lignesauto.fr\/wp-content\/uploads\/2021\/12\/20211214_115932.jpg 1417w\" sizes=\"(max-width: 1024px) 100vw, 1024px\" \/><figcaption>Un autre accessoire permet de fixer son appareil photo. A noter la g\u00e9lule jaune \u00e0 gauche qui cache le fil de recharge.<\/figcaption><\/figure>\n\n\n\n<p style=\"font-size:24px\">Retrouvez nos trimestriels (livres de 130 pages) d\u00e9di\u00e9s au design automobile sur <a href=\"https:\/\/lignesautoeditions.fr\">https:\/\/lignesautoeditions.fr<\/a><\/p>\n\n\n\n<figure class=\"wp-block-embed is-type-video is-provider-youtube wp-block-embed-youtube wp-embed-aspect-16-9 wp-has-aspect-ratio\"><div class=\"wp-block-embed__wrapper\">\n<iframe loading=\"lazy\" title=\"LIGNES:auto#06 en approche\" width=\"640\" height=\"360\" src=\"https:\/\/www.youtube.com\/embed\/llb6jVsOyLY?feature=oembed\" frameborder=\"0\" allow=\"accelerometer; autoplay; clipboard-write; encrypted-media; gyroscope; picture-in-picture; web-share\" referrerpolicy=\"strict-origin-when-cross-origin\" allowfullscreen><\/iframe>\n<\/div><\/figure>\n\n\n\n<p style=\"font-size:18px\">L\u2019Ami Buggy n\u2019a plus de portes, juste des portillons et a gonfl\u00e9 les biceps &#8211; ou plut\u00f4t ses roues &#8211; pour cr\u00e2ner un max sur la plage. En pensant \u00e0 My Ami Buggy \u00e0 Miami, c\u2019est s\u00fbr que l\u2019Ami a ri&nbsp;! Les portillons reprennent le dessin et pratiquement l\u2019emplacement des &#8216;g\u00e9lules graphiques&#8217; de la voiture de s\u00e9rie. Ils int\u00e8grent une bagagerie (\u00e9tanche) et d\u00e9di\u00e9e de couleur jaune citron (Citric Yellow), une teinte que l\u2019on retrouve \u00e0 l\u2019int\u00e9rieur avec une multitude d\u2019accessoires. Les assises se font plus confortables que celles de l\u2019Ami (7 cm plus \u00e9paisses) et on pourrait tout \u00e0 fait imaginer un pack confort \u00e0 l\u2019avenir pour l\u2019Ami de s\u00e9rie. Ce petit labo est craquant car il conserve l\u2019ADN de la voiture-m\u00e8re&nbsp;: intelligence de conception pour minimiser le prix tout en am\u00e9liorant certaines prestations. <\/p>\n\n\n\n<figure class=\"wp-block-image size-large\"><img loading=\"lazy\" decoding=\"async\" width=\"1024\" height=\"829\" src=\"http:\/\/lignesauto.fr\/wp-content\/uploads\/2021\/12\/Capture-de\u0301cran-2021-12-15-a\u0300-20.38.57-1024x829.png\" alt=\"\" class=\"wp-image-23576\" srcset=\"https:\/\/lignesauto.fr\/wp-content\/uploads\/2021\/12\/Capture-de\u0301cran-2021-12-15-a\u0300-20.38.57-1024x829.png 1024w, https:\/\/lignesauto.fr\/wp-content\/uploads\/2021\/12\/Capture-de\u0301cran-2021-12-15-a\u0300-20.38.57-300x243.png 300w, https:\/\/lignesauto.fr\/wp-content\/uploads\/2021\/12\/Capture-de\u0301cran-2021-12-15-a\u0300-20.38.57-768x622.png 768w, https:\/\/lignesauto.fr\/wp-content\/uploads\/2021\/12\/Capture-de\u0301cran-2021-12-15-a\u0300-20.38.57.png 1417w\" sizes=\"(max-width: 1024px) 100vw, 1024px\" \/><\/figure>\n\n\n\n<p style=\"font-size:18px\">Il vous sera plus facile de retrouver l\u2019avant de l\u2019arri\u00e8re de votre Ami gr\u00e2ce \u00e0 un traitement de couleur caisse sp\u00e9cifique. H\u00e9l\u00e8ne Veilleux et sa troupe ont conserv\u00e9 la couleur kaki pour l\u2019avant mais ont travaill\u00e9 cette teinte jusqu\u2019\u00e0 un noir perl\u00e9 sur la partie arri\u00e8re (un textur\u00e9 baptis\u00e9 Speckled Black). \u00ab&nbsp;<em>De quoi accentuer le c\u00f4t\u00e9 pile-face du v\u00e9hicule<\/em>&nbsp;\u00bb s\u2019amuse Samuel. Les barres de toit (LA barre de toit devrais-je \u00e9crire car c\u2019est la m\u00eame qui est doubl\u00e9e, \u00e9conomie, \u00e9conomie&#8230;) est recouverte d\u2019une peinture mouchet\u00e9e, inspir\u00e9e de celles que l\u2019on trouve aujourd\u2019hui sur les sneakers, \u00ab&nbsp;<em>\u00e7a apporte un c\u00f4t\u00e9 sportif et jeune \u00e0 la voiture<\/em>&nbsp;\u00bb en plus de son look outdoor&nbsp;! Depuis son lancement, l\u2019Ami de s\u00e9rie s\u2019est \u00e9coul\u00e9e \u00e0 13&nbsp;000 exemplaires en Europe. Elle m\u00e9ritait bien que Citro\u00ebn l\u2019\u00e9mancipe davantage&nbsp;!<\/p>\n\n\n\n<figure class=\"wp-block-image size-large\"><img loading=\"lazy\" decoding=\"async\" width=\"1024\" height=\"972\" src=\"http:\/\/lignesauto.fr\/wp-content\/uploads\/2021\/12\/Capture-de\u0301cran-2021-12-15-a\u0300-20.34.12-1024x972.png\" alt=\"\" class=\"wp-image-23580\" srcset=\"https:\/\/lignesauto.fr\/wp-content\/uploads\/2021\/12\/Capture-de\u0301cran-2021-12-15-a\u0300-20.34.12-1024x972.png 1024w, https:\/\/lignesauto.fr\/wp-content\/uploads\/2021\/12\/Capture-de\u0301cran-2021-12-15-a\u0300-20.34.12-300x285.png 300w, https:\/\/lignesauto.fr\/wp-content\/uploads\/2021\/12\/Capture-de\u0301cran-2021-12-15-a\u0300-20.34.12-768x729.png 768w, https:\/\/lignesauto.fr\/wp-content\/uploads\/2021\/12\/Capture-de\u0301cran-2021-12-15-a\u0300-20.34.12.png 1417w\" sizes=\"(max-width: 1024px) 100vw, 1024px\" \/><\/figure>\n\n\n\n<p class=\"has-medium-font-size\">LE DESIGN VOUS PASSIONNE ? D\u00e9couvrez l&#8217;envers du d\u00e9cor avec le r\u00e9cit du designer Patrick le Qu\u00e9ment qui raconte ses 20 premi\u00e8res ann\u00e9es de designer, et les relations parfois tendues au c\u0153ur des bureaux de style Simca, Ford et Volkswagen, de 1968 \u00e0 1989 : ci-dessous<\/p>\n\n\n\n<figure class=\"wp-block-embed is-type-wp-embed is-provider-achetez-nos-livres-ici-buy-our-books-here wp-block-embed-achetez-nos-livres-ici-buy-our-books-here\"><div class=\"wp-block-embed__wrapper\">\n<blockquote class=\"wp-embedded-content\" data-secret=\"Di8xK6fp1j\"><a href=\"https:\/\/lignesautoeditions.fr\/?p=854\">Commandez le livre LUCKYMAN                              Order the LUCKYMAN book here<\/a><\/blockquote><iframe class=\"wp-embedded-content\" sandbox=\"allow-scripts\" security=\"restricted\" style=\"position: absolute; clip: rect(1px, 1px, 1px, 1px);\" title=\"\u00ab\u00a0Commandez le livre LUCKYMAN                              Order the LUCKYMAN book here\u00a0\u00bb &#8212; ACHETEZ NOS LIVRES ICI - BUY OUR BOOKS HERE\" src=\"https:\/\/lignesautoeditions.fr\/?p=854&#038;embed=true#?secret=4mrCynzKYF#?secret=Di8xK6fp1j\" data-secret=\"Di8xK6fp1j\" width=\"600\" height=\"338\" frameborder=\"0\" marginwidth=\"0\" marginheight=\"0\" scrolling=\"no\"><\/iframe>\n<\/div><\/figure>\n\n\n\n<div class=\"wp-block-image\"><figure class=\"aligncenter is-resized\"><img loading=\"lazy\" decoding=\"async\" src=\"http:\/\/lignesauto.fr\/wp-content\/uploads\/2018\/10\/LOGOActus_BD-1024x367.jpg\" alt=\"L\u2019attribut alt de cette image est vide, son nom de fichier est LOGOActus_BD-1024x367.jpg.\" width=\"480\" height=\"172\"\/><\/figure><\/div>\n","protected":false},"excerpt":{"rendered":"<p>Voici un petit engin vivifiant et frais comme la bise d&#8217;\u00e9t\u00e9. Citro\u00ebn prend les saisons \u00e0 revers et nous plonge dans un univers ind\u00e9modable : celui du buggy ! Et c&#8217;est la petite Ami \u00e9lectrique qui sert de base. Samuel Pericles (ci-dessous avec H\u00e9l\u00e8ne Veilleux au volant) est designer&nbsp;au sein [&hellip;]<\/p>\n","protected":false},"author":1,"featured_media":23580,"comment_status":"closed","ping_status":"","sticky":false,"template":"","format":"standard","meta":{"footnotes":""},"categories":[1],"tags":[],"_links":{"self":[{"href":"https:\/\/lignesauto.fr\/index.php?rest_route=\/wp\/v2\/posts\/23565"}],"collection":[{"href":"https:\/\/lignesauto.fr\/index.php?rest_route=\/wp\/v2\/posts"}],"about":[{"href":"https:\/\/lignesauto.fr\/index.php?rest_route=\/wp\/v2\/types\/post"}],"author":[{"embeddable":true,"href":"https:\/\/lignesauto.fr\/index.php?rest_route=\/wp\/v2\/users\/1"}],"replies":[{"embeddable":true,"href":"https:\/\/lignesauto.fr\/index.php?rest_route=%2Fwp%2Fv2%2Fcomments&post=23565"}],"version-history":[{"count":41,"href":"https:\/\/lignesauto.fr\/index.php?rest_route=\/wp\/v2\/posts\/23565\/revisions"}],"predecessor-version":[{"id":23646,"href":"https:\/\/lignesauto.fr\/index.php?rest_route=\/wp\/v2\/posts\/23565\/revisions\/23646"}],"wp:featuredmedia":[{"embeddable":true,"href":"https:\/\/lignesauto.fr\/index.php?rest_route=\/wp\/v2\/media\/23580"}],"wp:attachment":[{"href":"https:\/\/lignesauto.fr\/index.php?rest_route=%2Fwp%2Fv2%2Fmedia&parent=23565"}],"wp:term":[{"taxonomy":"category","embeddable":true,"href":"https:\/\/lignesauto.fr\/index.php?rest_route=%2Fwp%2Fv2%2Fcategories&post=23565"},{"taxonomy":"post_tag","embeddable":true,"href":"https:\/\/lignesauto.fr\/index.php?rest_route=%2Fwp%2Fv2%2Ftags&post=23565"}],"curies":[{"name":"wp","href":"https:\/\/api.w.org\/{rel}","templated":true}]}}