{"id":23613,"date":"2021-12-16T10:00:00","date_gmt":"2021-12-16T09:00:00","guid":{"rendered":"http:\/\/lignesauto.fr\/?p=23613"},"modified":"2021-12-30T11:47:58","modified_gmt":"2021-12-30T10:47:58","slug":"citroen-ami-the-friends-buggy-concept","status":"publish","type":"post","link":"https:\/\/lignesauto.fr\/?p=23613","title":{"rendered":"Citro\u00ebn Ami : the Friend&#8217;s Buggy Concept"},"content":{"rendered":"\n<div class=\"wp-block-image\"><figure class=\"aligncenter size-large is-resized\"><img loading=\"lazy\" decoding=\"async\" src=\"http:\/\/lignesauto.fr\/wp-content\/uploads\/2018\/10\/LOGOActus_BD-1024x367.jpg\" alt=\"\" class=\"wp-image-4921\" width=\"457\" height=\"164\" srcset=\"https:\/\/lignesauto.fr\/wp-content\/uploads\/2018\/10\/LOGOActus_BD-1024x367.jpg 1024w, https:\/\/lignesauto.fr\/wp-content\/uploads\/2018\/10\/LOGOActus_BD-300x108.jpg 300w, https:\/\/lignesauto.fr\/wp-content\/uploads\/2018\/10\/LOGOActus_BD-768x276.jpg 768w, https:\/\/lignesauto.fr\/wp-content\/uploads\/2018\/10\/LOGOActus_BD-370x133.jpg 370w, https:\/\/lignesauto.fr\/wp-content\/uploads\/2018\/10\/LOGOActus_BD-1040x373.jpg 1040w, https:\/\/lignesauto.fr\/wp-content\/uploads\/2018\/10\/LOGOActus_BD.jpg 1240w\" sizes=\"(max-width: 457px) 100vw, 457px\" \/><\/figure><\/div>\n\n\n\n<figure class=\"wp-block-image size-large\"><img loading=\"lazy\" decoding=\"async\" width=\"1417\" height=\"638\" src=\"http:\/\/lignesauto.fr\/wp-content\/uploads\/2021\/12\/1-1024x461.jpg\" alt=\"\" class=\"wp-image-23570\" srcset=\"https:\/\/lignesauto.fr\/wp-content\/uploads\/2021\/12\/1-1024x461.jpg 1024w, https:\/\/lignesauto.fr\/wp-content\/uploads\/2021\/12\/1-300x135.jpg 300w, https:\/\/lignesauto.fr\/wp-content\/uploads\/2021\/12\/1-768x346.jpg 768w, https:\/\/lignesauto.fr\/wp-content\/uploads\/2021\/12\/1.jpg 1417w\" sizes=\"(max-width: 1417px) 100vw, 1417px\" \/><\/figure>\n\n\n\n<p style=\"font-size:18px\">Here is a small, invigorating machine that is as fresh as a summer breeze. Citro\u00ebn takes the seasons in hand and plunges us into a timeless universe: that of the buggy! And it&#8217;s the little electric Ami that serves as the basis.<\/p>\n\n\n\n<figure class=\"wp-block-image size-large\"><img loading=\"lazy\" decoding=\"async\" width=\"1024\" height=\"691\" src=\"http:\/\/lignesauto.fr\/wp-content\/uploads\/2021\/12\/Capture-de\u0301cran-2021-12-15-a\u0300-20.39.19-1024x691.png\" alt=\"\" class=\"wp-image-23571\" srcset=\"https:\/\/lignesauto.fr\/wp-content\/uploads\/2021\/12\/Capture-de\u0301cran-2021-12-15-a\u0300-20.39.19-1024x691.png 1024w, https:\/\/lignesauto.fr\/wp-content\/uploads\/2021\/12\/Capture-de\u0301cran-2021-12-15-a\u0300-20.39.19-300x202.png 300w, https:\/\/lignesauto.fr\/wp-content\/uploads\/2021\/12\/Capture-de\u0301cran-2021-12-15-a\u0300-20.39.19-768x518.png 768w, https:\/\/lignesauto.fr\/wp-content\/uploads\/2021\/12\/Capture-de\u0301cran-2021-12-15-a\u0300-20.39.19.png 1417w\" sizes=\"(max-width: 1024px) 100vw, 1024px\" \/><\/figure>\n\n\n\n<p style=\"font-size:18px\">Samuel Pericles (below with H\u00e9l\u00e8ne Veilleux at the wheel) is a designer in the small Prolab Style unit at Citro\u00ebn. This is not a transversal entity, since each Stellantis brand has its own &#8216;prolab&#8217;. The My Ami Buggy concept was largely born here. Samuel explains, &#8220;This is a department where we focus more on product design and probably a little less on purely automotive design. Depending on the period, there are between 5 and 6 people here.<\/p>\n\n\n\n<figure class=\"wp-block-image size-large\"><img loading=\"lazy\" decoding=\"async\" width=\"1024\" height=\"461\" src=\"http:\/\/lignesauto.fr\/wp-content\/uploads\/2021\/12\/3-1024x461.jpg\" alt=\"\" class=\"wp-image-23572\" srcset=\"https:\/\/lignesauto.fr\/wp-content\/uploads\/2021\/12\/3-1024x461.jpg 1024w, https:\/\/lignesauto.fr\/wp-content\/uploads\/2021\/12\/3-300x135.jpg 300w, https:\/\/lignesauto.fr\/wp-content\/uploads\/2021\/12\/3-768x346.jpg 768w, https:\/\/lignesauto.fr\/wp-content\/uploads\/2021\/12\/3.jpg 1417w\" sizes=\"(max-width: 1024px) 100vw, 1024px\" \/><\/figure>\n\n\n\n<p style=\"font-size:18px\">Remember, if you are a loyal reader &#8211; http:\/\/lignesauto.fr\/?p=23348 &#8211; Pierre Leclercq (Citro\u00ebn&#8217;s design director) told us in our recent interview that he had hired an Indian product designer and she is part of this small unit.<\/p>\n\n\n\n<h2 class=\"wp-block-heading\"><strong>VIDEO BELOW<\/strong><\/h2>\n\n\n\n<figure class=\"wp-block-video\"><video controls src=\"http:\/\/lignesauto.fr\/wp-content\/uploads\/2021\/12\/MY_AMI_BUGGY_VL_16-9.mp4\"><\/video><\/figure>\n\n\n\n<p style=\"font-size:18px\">Samuel Pericles, on the design side, worked on this little Buggy concept based on the Ami with the teams of H\u00e9l\u00e8ne Veilleux on colours and trims. And make no mistake, this is not just a fantasy on the most fanciful of Citro\u00ebn cars. &#8220;It&#8217;s really a little research lab&#8221;, says Samuel. &#8220;We started with the Ami, which has been a great success, and derived this Buggy from it, while keeping customisation as the main theme of the study.&nbsp;We wanted to push this customisation to the extreme, and adopt a very specific colour and material treatment, to end up with an object that is completely different from the production model.&#8221;<\/p>\n\n\n\n<figure class=\"wp-block-image size-large\"><img loading=\"lazy\" decoding=\"async\" width=\"1024\" height=\"461\" src=\"http:\/\/lignesauto.fr\/wp-content\/uploads\/2021\/12\/20211214_115649-1024x461.jpg\" alt=\"\" class=\"wp-image-23577\" srcset=\"https:\/\/lignesauto.fr\/wp-content\/uploads\/2021\/12\/20211214_115649-1024x461.jpg 1024w, https:\/\/lignesauto.fr\/wp-content\/uploads\/2021\/12\/20211214_115649-300x135.jpg 300w, https:\/\/lignesauto.fr\/wp-content\/uploads\/2021\/12\/20211214_115649-768x346.jpg 768w, https:\/\/lignesauto.fr\/wp-content\/uploads\/2021\/12\/20211214_115649.jpg 1417w\" sizes=\"(max-width: 1024px) 100vw, 1024px\" \/><\/figure>\n\n\n\n<p>The light bar on the roof comes from a department store where you can find everything, even what you need to equip a concept! Note the spare wheel on the roof.<\/p>\n\n\n\n<p style=\"font-size:18px\">And this &#8220;lab&#8221; part notably affects the customisation accessories processed by 3D printing. Because the Ami has no doors (we&#8217;ll come back to this below), it leaves a few holes in the door rabbets, which are intended on the production version to integrate the door closing or hinge systems. In these empty spaces, the designers have provided accessory parts made entirely by 3D printing. At the front, for example, there is an original mirror support. &#8220;It is clipped into the housing by means of a mechanism integrated into the shape.<\/p>\n\n\n\n<figure class=\"wp-block-image size-large\"><img loading=\"lazy\" decoding=\"async\" width=\"1024\" height=\"461\" src=\"http:\/\/lignesauto.fr\/wp-content\/uploads\/2021\/12\/20211214_115557-1024x461.jpg\" alt=\"\" class=\"wp-image-23573\" srcset=\"https:\/\/lignesauto.fr\/wp-content\/uploads\/2021\/12\/20211214_115557-1024x461.jpg 1024w, https:\/\/lignesauto.fr\/wp-content\/uploads\/2021\/12\/20211214_115557-300x135.jpg 300w, https:\/\/lignesauto.fr\/wp-content\/uploads\/2021\/12\/20211214_115557-768x346.jpg 768w, https:\/\/lignesauto.fr\/wp-content\/uploads\/2021\/12\/20211214_115557.jpg 1417w\" sizes=\"(max-width: 1024px) 100vw, 1024px\" \/><\/figure>\n\n\n\n<p style=\"font-size:18px\">&#8220;We use the elasticity of the material to enable this functionality. The support is made in one piece using 3D printing (apart from the mirror, of course\u2026) and therefore integrates the mechanism for adjusting the mirror. When designing this part, spaces of 2 to 3 tenths of a millimetre were provided for the powder to flow out after the printing bath. This frees up the mechanism, makes it functional, and you even have the adjustment ball joint integrated! It&#8217;s super fun to design!&#8221;<\/p>\n\n\n\n<figure class=\"wp-block-image size-large\"><img loading=\"lazy\" decoding=\"async\" width=\"1024\" height=\"436\" src=\"http:\/\/lignesauto.fr\/wp-content\/uploads\/2021\/12\/CL-20.030.009-1024x436.jpg\" alt=\"\" class=\"wp-image-23575\" srcset=\"https:\/\/lignesauto.fr\/wp-content\/uploads\/2021\/12\/CL-20.030.009-1024x436.jpg 1024w, https:\/\/lignesauto.fr\/wp-content\/uploads\/2021\/12\/CL-20.030.009-300x128.jpg 300w, https:\/\/lignesauto.fr\/wp-content\/uploads\/2021\/12\/CL-20.030.009-768x327.jpg 768w, https:\/\/lignesauto.fr\/wp-content\/uploads\/2021\/12\/CL-20.030.009.jpg 1417w\" sizes=\"(max-width: 1024px) 100vw, 1024px\" \/><figcaption>A Citro\u00ebn Ami on the left, a Citro\u00ebn Mehari on the right. More than 50 years separate them.<\/figcaption><\/figure>\n\n\n\n<p style=\"font-size:18px\">A good powder bath to print this part is surprising! &#8220;All this is done in-house and we can even imagine that once the part has been digitally designed, the customer can print it at home!&#8221; And to think that I&#8217;m having trouble with my scan\u2026 Another accessory is clipped onto the rear door rabbet and can hold a camera (below) to bring back memories of your ride. &#8220;With these parts, we&#8217;re talking about real product design&#8221;.<\/p>\n\n\n\n<figure class=\"wp-block-image size-large\"><img loading=\"lazy\" decoding=\"async\" width=\"1024\" height=\"461\" src=\"http:\/\/lignesauto.fr\/wp-content\/uploads\/2021\/12\/20211214_115932-1024x461.jpg\" alt=\"\" class=\"wp-image-23574\" srcset=\"https:\/\/lignesauto.fr\/wp-content\/uploads\/2021\/12\/20211214_115932-1024x461.jpg 1024w, https:\/\/lignesauto.fr\/wp-content\/uploads\/2021\/12\/20211214_115932-300x135.jpg 300w, https:\/\/lignesauto.fr\/wp-content\/uploads\/2021\/12\/20211214_115932-768x346.jpg 768w, https:\/\/lignesauto.fr\/wp-content\/uploads\/2021\/12\/20211214_115932.jpg 1417w\" sizes=\"(max-width: 1024px) 100vw, 1024px\" \/><figcaption>Another accessory allows you to attach your camera. Note the yellow capsule on the left that hides the charging wire.<\/figcaption><\/figure>\n\n\n\n<p style=\"font-size:24px\">Find our quarterlies (130 page books) dedicated to automotive design on <a href=\"https:\/\/lignesautoeditions.fr\">https:\/\/lignesautoeditions.fr<\/a><\/p>\n\n\n\n<figure class=\"wp-block-embed is-type-video is-provider-youtube wp-block-embed-youtube wp-embed-aspect-16-9 wp-has-aspect-ratio\"><div class=\"wp-block-embed__wrapper\">\n<iframe loading=\"lazy\" title=\"LIGNES:auto#06 en approche\" width=\"640\" height=\"360\" src=\"https:\/\/www.youtube.com\/embed\/llb6jVsOyLY?feature=oembed\" frameborder=\"0\" allow=\"accelerometer; autoplay; clipboard-write; encrypted-media; gyroscope; picture-in-picture; web-share\" referrerpolicy=\"strict-origin-when-cross-origin\" allowfullscreen><\/iframe>\n<\/div><\/figure>\n\n\n\n<p style=\"font-size:18px\">The Ami Buggy no longer has doors, just small gates, and has pumped up its biceps &#8211; or rather its wheels &#8211; to show off a lot on the beach. The doors are designed to match the design and location of the &#8216;graphic capsules&#8217; on the production car. They incorporate a dedicated (waterproof) luggage in Citric Yellow, a colour found inside with a host of accessories. The seats are more comfortable than those of the Ami (7 cm thicker) and we could well imagine a comfort pack in the future for the standard Ami. This little lab is great because it retains the DNA of the parent car: intelligent design to minimise the price while improving certain features.<\/p>\n\n\n\n<figure class=\"wp-block-image size-large\"><img loading=\"lazy\" decoding=\"async\" width=\"1024\" height=\"829\" src=\"http:\/\/lignesauto.fr\/wp-content\/uploads\/2021\/12\/Capture-de\u0301cran-2021-12-15-a\u0300-20.38.57-1024x829.png\" alt=\"\" class=\"wp-image-23576\" srcset=\"https:\/\/lignesauto.fr\/wp-content\/uploads\/2021\/12\/Capture-de\u0301cran-2021-12-15-a\u0300-20.38.57-1024x829.png 1024w, https:\/\/lignesauto.fr\/wp-content\/uploads\/2021\/12\/Capture-de\u0301cran-2021-12-15-a\u0300-20.38.57-300x243.png 300w, https:\/\/lignesauto.fr\/wp-content\/uploads\/2021\/12\/Capture-de\u0301cran-2021-12-15-a\u0300-20.38.57-768x622.png 768w, https:\/\/lignesauto.fr\/wp-content\/uploads\/2021\/12\/Capture-de\u0301cran-2021-12-15-a\u0300-20.38.57.png 1417w\" sizes=\"(max-width: 1024px) 100vw, 1024px\" \/><\/figure>\n\n\n\n<p style=\"font-size:18px\">It will be easier to find the front and rear of your Ami thanks to a specific body colour treatment. H\u00e9l\u00e8ne Veilleux and her team have kept the khaki colour for the front, but have worked this colour up to a pearl black on the rear part (a textured finish called Speckled Black). &#8220;This accentuates the vehicle&#8217;s face,&#8221; says Samuel with amusement. The roof bars (or should I say the roof bar, because it&#8217;s the same one that&#8217;s doubled up, economy, economy\u2026) are covered with a speckled paint, inspired by those found on sneakers today, &#8220;it brings a sporty and young side to the car&#8221; in addition to its outdoor look! Since its launch, 13,000 units of the Ami have been sold in Europe. It deserved to be further emancipated by Citro\u00ebn!<\/p>\n\n\n\n<figure class=\"wp-block-image size-large\"><img loading=\"lazy\" decoding=\"async\" width=\"1024\" height=\"972\" src=\"http:\/\/lignesauto.fr\/wp-content\/uploads\/2021\/12\/Capture-de\u0301cran-2021-12-15-a\u0300-20.34.12-1024x972.png\" alt=\"\" class=\"wp-image-23580\" srcset=\"https:\/\/lignesauto.fr\/wp-content\/uploads\/2021\/12\/Capture-de\u0301cran-2021-12-15-a\u0300-20.34.12-1024x972.png 1024w, https:\/\/lignesauto.fr\/wp-content\/uploads\/2021\/12\/Capture-de\u0301cran-2021-12-15-a\u0300-20.34.12-300x285.png 300w, https:\/\/lignesauto.fr\/wp-content\/uploads\/2021\/12\/Capture-de\u0301cran-2021-12-15-a\u0300-20.34.12-768x729.png 768w, https:\/\/lignesauto.fr\/wp-content\/uploads\/2021\/12\/Capture-de\u0301cran-2021-12-15-a\u0300-20.34.12.png 1417w\" sizes=\"(max-width: 1024px) 100vw, 1024px\" \/><\/figure>\n\n\n\n<p class=\"has-medium-font-size\">ARE YOU PASSIONATE ABOUT DESIGN? Discover what goes on behind the scenes with designer Patrick le Qu\u00e9ment&#8217;s account of his first 20 years as a designer, and the sometimes tense relationships at the heart of the Simca, Ford and Volkswagen design offices, from 1968 to 1989: below<\/p>\n\n\n\n<figure class=\"wp-block-embed is-type-wp-embed is-provider-achetez-nos-livres-ici-buy-our-books-here wp-block-embed-achetez-nos-livres-ici-buy-our-books-here\"><div class=\"wp-block-embed__wrapper\">\nhttps:\/\/lignesautoeditions.fr\/?p=905\n<\/div><\/figure>\n\n\n\n<div class=\"wp-block-image\"><figure class=\"aligncenter is-resized\"><img loading=\"lazy\" decoding=\"async\" src=\"http:\/\/lignesauto.fr\/wp-content\/uploads\/2018\/10\/LOGOActus_BD-1024x367.jpg\" alt=\"L\u2019attribut alt de cette image est vide, son nom de fichier est LOGOActus_BD-1024x367.jpg.\" width=\"480\" height=\"172\"\/><\/figure><\/div>\n","protected":false},"excerpt":{"rendered":"<p>Here is a small, invigorating machine that is as fresh as a summer breeze. Citro\u00ebn takes the seasons in hand and plunges us into a timeless universe: that of the buggy! And it&#8217;s the little electric Ami that serves as the basis. Samuel Pericles (below with H\u00e9l\u00e8ne Veilleux at the [&hellip;]<\/p>\n","protected":false},"author":1,"featured_media":23580,"comment_status":"closed","ping_status":"","sticky":false,"template":"","format":"standard","meta":{"footnotes":""},"categories":[1],"tags":[],"_links":{"self":[{"href":"https:\/\/lignesauto.fr\/index.php?rest_route=\/wp\/v2\/posts\/23613"}],"collection":[{"href":"https:\/\/lignesauto.fr\/index.php?rest_route=\/wp\/v2\/posts"}],"about":[{"href":"https:\/\/lignesauto.fr\/index.php?rest_route=\/wp\/v2\/types\/post"}],"author":[{"embeddable":true,"href":"https:\/\/lignesauto.fr\/index.php?rest_route=\/wp\/v2\/users\/1"}],"replies":[{"embeddable":true,"href":"https:\/\/lignesauto.fr\/index.php?rest_route=%2Fwp%2Fv2%2Fcomments&post=23613"}],"version-history":[{"count":20,"href":"https:\/\/lignesauto.fr\/index.php?rest_route=\/wp\/v2\/posts\/23613\/revisions"}],"predecessor-version":[{"id":23647,"href":"https:\/\/lignesauto.fr\/index.php?rest_route=\/wp\/v2\/posts\/23613\/revisions\/23647"}],"wp:featuredmedia":[{"embeddable":true,"href":"https:\/\/lignesauto.fr\/index.php?rest_route=\/wp\/v2\/media\/23580"}],"wp:attachment":[{"href":"https:\/\/lignesauto.fr\/index.php?rest_route=%2Fwp%2Fv2%2Fmedia&parent=23613"}],"wp:term":[{"taxonomy":"category","embeddable":true,"href":"https:\/\/lignesauto.fr\/index.php?rest_route=%2Fwp%2Fv2%2Fcategories&post=23613"},{"taxonomy":"post_tag","embeddable":true,"href":"https:\/\/lignesauto.fr\/index.php?rest_route=%2Fwp%2Fv2%2Ftags&post=23613"}],"curies":[{"name":"wp","href":"https:\/\/api.w.org\/{rel}","templated":true}]}}