{"id":23655,"date":"2022-01-04T19:13:54","date_gmt":"2022-01-04T18:13:54","guid":{"rendered":"http:\/\/lignesauto.fr\/?p=23655"},"modified":"2022-01-04T19:15:18","modified_gmt":"2022-01-04T18:15:18","slug":"match-mercedes-iaa-2015-vs-mercedes-eqxx-2022-2","status":"publish","type":"post","link":"https:\/\/lignesauto.fr\/?p=23655","title":{"rendered":"Match : Mercedes IAA-2015 vs Mercedes EQXX-2022"},"content":{"rendered":"\n<div class=\"wp-block-image\"><figure class=\"aligncenter size-large is-resized\"><img loading=\"lazy\" decoding=\"async\" src=\"http:\/\/lignesauto.fr\/wp-content\/uploads\/2018\/10\/LOGOActus_BD-1024x367.jpg\" alt=\"\" class=\"wp-image-4921\" width=\"499\" height=\"179\" srcset=\"https:\/\/lignesauto.fr\/wp-content\/uploads\/2018\/10\/LOGOActus_BD-1024x367.jpg 1024w, https:\/\/lignesauto.fr\/wp-content\/uploads\/2018\/10\/LOGOActus_BD-300x108.jpg 300w, https:\/\/lignesauto.fr\/wp-content\/uploads\/2018\/10\/LOGOActus_BD-768x276.jpg 768w, https:\/\/lignesauto.fr\/wp-content\/uploads\/2018\/10\/LOGOActus_BD-370x133.jpg 370w, https:\/\/lignesauto.fr\/wp-content\/uploads\/2018\/10\/LOGOActus_BD-1040x373.jpg 1040w, https:\/\/lignesauto.fr\/wp-content\/uploads\/2018\/10\/LOGOActus_BD.jpg 1240w\" sizes=\"(max-width: 499px) 100vw, 499px\" \/><\/figure><\/div>\n\n\n\n<p style=\"font-size:18px\">Le concept-car Mercedes EQXX a \u00e9t\u00e9 r\u00e9v\u00e9l\u00e9 ce lundi 3 janvier et il pousse encore plus loin les travaux a\u00e9rodynamiques, travaux qui ont connu de nombreux records chez le constructeur Allemand, comme la W25 de 1936 avec un Cx de 0,235, mais on peut aussi citer la 540 K Streamliner de 1938 avec son Cx de 0,36.<\/p>\n\n\n\n<figure class=\"wp-block-image size-large\"><img loading=\"lazy\" decoding=\"async\" width=\"1024\" height=\"845\" src=\"http:\/\/lignesauto.fr\/wp-content\/uploads\/2022\/01\/LIGNESAUTO_04-1024x845.png\" alt=\"\" class=\"wp-image-23658\" srcset=\"https:\/\/lignesauto.fr\/wp-content\/uploads\/2022\/01\/LIGNESAUTO_04-1024x845.png 1024w, https:\/\/lignesauto.fr\/wp-content\/uploads\/2022\/01\/LIGNESAUTO_04-300x247.png 300w, https:\/\/lignesauto.fr\/wp-content\/uploads\/2022\/01\/LIGNESAUTO_04-768x634.png 768w, https:\/\/lignesauto.fr\/wp-content\/uploads\/2022\/01\/LIGNESAUTO_04.png 1417w\" sizes=\"(max-width: 1024px) 100vw, 1024px\" \/><\/figure>\n\n\n\n<p style=\"font-size:18px\">Les ann\u00e9es 1960-1970 furent celles du programme C111 dont la plus aff\u00fbt\u00e9e des versions affichait un Cx de 0,183. En 2015, Mercedes pr\u00e9sente son Concept IAA (Intelligence A\u00e9rodynamique Automobile) avec une forme qui n&#8217;est pas sans \u00e9voquer justement celle de la nouvelle EQXX. Sur le prototype IAA, le porte-\u00e0-faux arri\u00e8re s&#8217;allonge de 39 cm pour abaisser le Cx \u00e0 une valeur de 0,19<\/p>\n\n\n\n<figure class=\"wp-block-image size-large\"><img loading=\"lazy\" decoding=\"async\" width=\"1024\" height=\"915\" src=\"http:\/\/lignesauto.fr\/wp-content\/uploads\/2022\/01\/LIGNESAUTO_01-1024x915.png\" alt=\"\" class=\"wp-image-23659\" srcset=\"https:\/\/lignesauto.fr\/wp-content\/uploads\/2022\/01\/LIGNESAUTO_01-1024x915.png 1024w, https:\/\/lignesauto.fr\/wp-content\/uploads\/2022\/01\/LIGNESAUTO_01-300x268.png 300w, https:\/\/lignesauto.fr\/wp-content\/uploads\/2022\/01\/LIGNESAUTO_01-768x686.png 768w, https:\/\/lignesauto.fr\/wp-content\/uploads\/2022\/01\/LIGNESAUTO_01.png 1417w\" sizes=\"(max-width: 1024px) 100vw, 1024px\" \/><\/figure>\n\n\n\n<p style=\"font-size:18px\">La nouvelle EQXX fait un peu mieux, sans l&#8217;aide de ce dispositif mobile : 0,17. Bien s\u00fbr, les deux voitures disposent d&#8217;une architecture technique diff\u00e9rente avec un moteur essence hybride rechargeable pour la Mercedes IAA de 2015 avec 286 ch, alors que la nouvelle Mercedes EQXX est 100% \u00e9lectrique et propose une autonomie de 1000 km, de quoi relier Berlin \u00e0 Paris. Son moteur de 205 ch est suffisant pour emmener l&#8217;engin avec un poids de moins de 1800 kg, batterie incluses.<\/p>\n\n\n\n<figure class=\"wp-block-image size-large\"><img loading=\"lazy\" decoding=\"async\" width=\"1024\" height=\"693\" src=\"http:\/\/lignesauto.fr\/wp-content\/uploads\/2022\/01\/LIGNESAUTO_02-1024x693.png\" alt=\"\" class=\"wp-image-23657\" srcset=\"https:\/\/lignesauto.fr\/wp-content\/uploads\/2022\/01\/LIGNESAUTO_02-1024x693.png 1024w, https:\/\/lignesauto.fr\/wp-content\/uploads\/2022\/01\/LIGNESAUTO_02-300x203.png 300w, https:\/\/lignesauto.fr\/wp-content\/uploads\/2022\/01\/LIGNESAUTO_02-768x520.png 768w, https:\/\/lignesauto.fr\/wp-content\/uploads\/2022\/01\/LIGNESAUTO_02.png 1417w\" sizes=\"(max-width: 1024px) 100vw, 1024px\" \/><\/figure>\n\n\n\n<figure class=\"wp-block-embed is-type-wp-embed is-provider-achetez-nos-livres-ici-buy-our-books-here wp-block-embed-achetez-nos-livres-ici-buy-our-books-here\"><div class=\"wp-block-embed__wrapper\">\nhttps:\/\/lignesautoeditions.fr\/?p=804\n<\/div><\/figure>\n\n\n\n<figure class=\"wp-block-image size-large\"><img loading=\"lazy\" decoding=\"async\" width=\"1024\" height=\"956\" src=\"http:\/\/lignesauto.fr\/wp-content\/uploads\/2022\/01\/LIGNESAUTO_03-1024x956.png\" alt=\"\" class=\"wp-image-23661\" srcset=\"https:\/\/lignesauto.fr\/wp-content\/uploads\/2022\/01\/LIGNESAUTO_03-1024x956.png 1024w, https:\/\/lignesauto.fr\/wp-content\/uploads\/2022\/01\/LIGNESAUTO_03-300x280.png 300w, https:\/\/lignesauto.fr\/wp-content\/uploads\/2022\/01\/LIGNESAUTO_03-768x717.png 768w, https:\/\/lignesauto.fr\/wp-content\/uploads\/2022\/01\/LIGNESAUTO_03.png 1417w\" sizes=\"(max-width: 1024px) 100vw, 1024px\" \/><\/figure>\n\n\n\n<p style=\"font-size:18px\">Il n&#8217;en reste pas moins vrai que les lois de l&#8217;a\u00e9rodynamique demeurent les m\u00eames depuis l&#8217;invention de l&#8217;automobile et qu&#8217;il n&#8217;est pas donc surprenant de d\u00e9couvrir deux concepts pratiquement habill\u00e9s de la m\u00eame carrosserie et pourtant con\u00e7us \u00e0 sept ann\u00e9es d&#8217;intervalle&#8230; A vous de juger laquelle de ces deux Mercedes pr\u00e9f\u00e9rez-vous !?<\/p>\n\n\n\n<figure class=\"wp-block-image size-large\"><img loading=\"lazy\" decoding=\"async\" width=\"1024\" height=\"650\" src=\"http:\/\/lignesauto.fr\/wp-content\/uploads\/2022\/01\/LIGNESAUTO_100-1024x650.png\" alt=\"\" class=\"wp-image-23665\" srcset=\"https:\/\/lignesauto.fr\/wp-content\/uploads\/2022\/01\/LIGNESAUTO_100-1024x650.png 1024w, https:\/\/lignesauto.fr\/wp-content\/uploads\/2022\/01\/LIGNESAUTO_100-300x190.png 300w, https:\/\/lignesauto.fr\/wp-content\/uploads\/2022\/01\/LIGNESAUTO_100-768x487.png 768w, https:\/\/lignesauto.fr\/wp-content\/uploads\/2022\/01\/LIGNESAUTO_100.png 1417w\" sizes=\"(max-width: 1024px) 100vw, 1024px\" \/><\/figure>\n\n\n\n<figure class=\"wp-block-image size-large\"><img loading=\"lazy\" decoding=\"async\" width=\"1024\" height=\"908\" src=\"http:\/\/lignesauto.fr\/wp-content\/uploads\/2022\/01\/LIGNESAUTO_200-1024x908.png\" alt=\"\" class=\"wp-image-23667\" srcset=\"https:\/\/lignesauto.fr\/wp-content\/uploads\/2022\/01\/LIGNESAUTO_200-1024x908.png 1024w, https:\/\/lignesauto.fr\/wp-content\/uploads\/2022\/01\/LIGNESAUTO_200-300x266.png 300w, https:\/\/lignesauto.fr\/wp-content\/uploads\/2022\/01\/LIGNESAUTO_200-768x681.png 768w, https:\/\/lignesauto.fr\/wp-content\/uploads\/2022\/01\/LIGNESAUTO_200.png 1417w\" sizes=\"(max-width: 1024px) 100vw, 1024px\" \/><\/figure>\n\n\n\n<div class=\"wp-block-image\"><figure class=\"aligncenter is-resized\"><img loading=\"lazy\" decoding=\"async\" src=\"http:\/\/lignesauto.fr\/wp-content\/uploads\/2018\/10\/LOGOActus_BD-1024x367.jpg\" alt=\"L\u2019attribut alt de cette image est vide, son nom de fichier est LOGOActus_BD-1024x367.jpg.\" width=\"564\" height=\"202\"\/><\/figure><\/div>\n","protected":false},"excerpt":{"rendered":"<p>Le concept-car Mercedes EQXX a \u00e9t\u00e9 r\u00e9v\u00e9l\u00e9 ce lundi 3 janvier et il pousse encore plus loin les travaux a\u00e9rodynamiques, travaux qui ont connu de nombreux records chez le constructeur Allemand, comme la W25 de 1936 avec un Cx de 0,235, mais on peut aussi citer la 540 K Streamliner [&hellip;]<\/p>\n","protected":false},"author":1,"featured_media":23657,"comment_status":"closed","ping_status":"","sticky":false,"template":"","format":"standard","meta":{"footnotes":""},"categories":[1],"tags":[],"_links":{"self":[{"href":"https:\/\/lignesauto.fr\/index.php?rest_route=\/wp\/v2\/posts\/23655"}],"collection":[{"href":"https:\/\/lignesauto.fr\/index.php?rest_route=\/wp\/v2\/posts"}],"about":[{"href":"https:\/\/lignesauto.fr\/index.php?rest_route=\/wp\/v2\/types\/post"}],"author":[{"embeddable":true,"href":"https:\/\/lignesauto.fr\/index.php?rest_route=\/wp\/v2\/users\/1"}],"replies":[{"embeddable":true,"href":"https:\/\/lignesauto.fr\/index.php?rest_route=%2Fwp%2Fv2%2Fcomments&post=23655"}],"version-history":[{"count":14,"href":"https:\/\/lignesauto.fr\/index.php?rest_route=\/wp\/v2\/posts\/23655\/revisions"}],"predecessor-version":[{"id":23682,"href":"https:\/\/lignesauto.fr\/index.php?rest_route=\/wp\/v2\/posts\/23655\/revisions\/23682"}],"wp:featuredmedia":[{"embeddable":true,"href":"https:\/\/lignesauto.fr\/index.php?rest_route=\/wp\/v2\/media\/23657"}],"wp:attachment":[{"href":"https:\/\/lignesauto.fr\/index.php?rest_route=%2Fwp%2Fv2%2Fmedia&parent=23655"}],"wp:term":[{"taxonomy":"category","embeddable":true,"href":"https:\/\/lignesauto.fr\/index.php?rest_route=%2Fwp%2Fv2%2Fcategories&post=23655"},{"taxonomy":"post_tag","embeddable":true,"href":"https:\/\/lignesauto.fr\/index.php?rest_route=%2Fwp%2Fv2%2Ftags&post=23655"}],"curies":[{"name":"wp","href":"https:\/\/api.w.org\/{rel}","templated":true}]}}