{"id":23876,"date":"2022-02-07T14:01:04","date_gmt":"2022-02-07T13:01:04","guid":{"rendered":"http:\/\/lignesauto.fr\/?p=23876"},"modified":"2022-02-07T14:01:04","modified_gmt":"2022-02-07T13:01:04","slug":"la-ds-e-tense-performance-face-a-la-porsche-mission-r","status":"publish","type":"post","link":"https:\/\/lignesauto.fr\/?p=23876","title":{"rendered":"La DS E-TENSE PERFORMANCE face \u00e0 la Porsche Mission R"},"content":{"rendered":"\n<div class=\"wp-block-image\"><figure class=\"aligncenter size-large is-resized\"><img loading=\"lazy\" decoding=\"async\" src=\"http:\/\/lignesauto.fr\/wp-content\/uploads\/2018\/10\/LOGOActus_BD-1024x367.jpg\" alt=\"\" class=\"wp-image-4921\" width=\"682\" height=\"244\" srcset=\"https:\/\/lignesauto.fr\/wp-content\/uploads\/2018\/10\/LOGOActus_BD-1024x367.jpg 1024w, https:\/\/lignesauto.fr\/wp-content\/uploads\/2018\/10\/LOGOActus_BD-300x108.jpg 300w, https:\/\/lignesauto.fr\/wp-content\/uploads\/2018\/10\/LOGOActus_BD-768x276.jpg 768w, https:\/\/lignesauto.fr\/wp-content\/uploads\/2018\/10\/LOGOActus_BD-370x133.jpg 370w, https:\/\/lignesauto.fr\/wp-content\/uploads\/2018\/10\/LOGOActus_BD-1040x373.jpg 1040w, https:\/\/lignesauto.fr\/wp-content\/uploads\/2018\/10\/LOGOActus_BD.jpg 1240w\" sizes=\"(max-width: 682px) 100vw, 682px\" \/><\/figure><\/div>\n\n\n\n<p style=\"font-size:18px\">Ces deux concept-cars ne sont pas directement concurrents, mais ils jouent sur le m\u00eame terrain. Celui de la recherche de l\u2019optimisation de la chaine de traction \u00e9lectrique, avec comme objectif prioritaire, la performance.<\/p>\n\n\n\n<figure class=\"wp-block-image size-large\"><img loading=\"lazy\" decoding=\"async\" width=\"1024\" height=\"576\" src=\"http:\/\/lignesauto.fr\/wp-content\/uploads\/2022\/02\/05-1024x576.jpg\" alt=\"\" class=\"wp-image-23882\" srcset=\"https:\/\/lignesauto.fr\/wp-content\/uploads\/2022\/02\/05-1024x576.jpg 1024w, https:\/\/lignesauto.fr\/wp-content\/uploads\/2022\/02\/05-300x169.jpg 300w, https:\/\/lignesauto.fr\/wp-content\/uploads\/2022\/02\/05-768x432.jpg 768w, https:\/\/lignesauto.fr\/wp-content\/uploads\/2022\/02\/05.jpg 1417w\" sizes=\"(max-width: 1024px) 100vw, 1024px\" \/><\/figure>\n\n\n\n<figure class=\"wp-block-image size-large\"><img loading=\"lazy\" decoding=\"async\" width=\"1024\" height=\"683\" src=\"http:\/\/lignesauto.fr\/wp-content\/uploads\/2022\/02\/Z-1024x683.jpg\" alt=\"\" class=\"wp-image-23883\" srcset=\"https:\/\/lignesauto.fr\/wp-content\/uploads\/2022\/02\/Z-1024x683.jpg 1024w, https:\/\/lignesauto.fr\/wp-content\/uploads\/2022\/02\/Z-300x200.jpg 300w, https:\/\/lignesauto.fr\/wp-content\/uploads\/2022\/02\/Z-768x512.jpg 768w, https:\/\/lignesauto.fr\/wp-content\/uploads\/2022\/02\/Z.jpg 1417w\" sizes=\"(max-width: 1024px) 100vw, 1024px\" \/><\/figure>\n\n\n\n<p style=\"font-size:18px\">Un chiffre r\u00e9sume leurs terrains de jeu&nbsp;: le 0 \u00e0 100 km\/h est explos\u00e9 en 2 secondes pour la Fran\u00e7aise contre 2,5 secondes pour l\u2019Allemande. Pourtant, cette derni\u00e8re annonce pas moins de 1088 ch, cumul de puissance de deux machines \u00e9lectriques de 320 kW \u00e0 l\u2019avant et jusqu\u2019\u00e0 480 kW \u00e0 l\u2019arri\u00e8re. La DS E-TENSE PERFORMANCE, elle, se contente (le verbe est-il bien adapt\u00e9&nbsp;?) de 815 ch avec ses deux machines \u00e9lectriques (250 kW \u00e0 l\u2019avant et 350 kW \u00e0 l\u2019arri\u00e8re). Les deux disposent \u00e9videmment des quatre roues motrices.<\/p>\n\n\n\n<figure class=\"wp-block-image size-large\"><img loading=\"lazy\" decoding=\"async\" width=\"1024\" height=\"890\" src=\"http:\/\/lignesauto.fr\/wp-content\/uploads\/2022\/02\/ZZZZZZZ-1024x890.png\" alt=\"\" class=\"wp-image-23908\" srcset=\"https:\/\/lignesauto.fr\/wp-content\/uploads\/2022\/02\/ZZZZZZZ-1024x890.png 1024w, https:\/\/lignesauto.fr\/wp-content\/uploads\/2022\/02\/ZZZZZZZ-300x261.png 300w, https:\/\/lignesauto.fr\/wp-content\/uploads\/2022\/02\/ZZZZZZZ-768x668.png 768w, https:\/\/lignesauto.fr\/wp-content\/uploads\/2022\/02\/ZZZZZZZ.png 1417w\" sizes=\"(max-width: 1024px) 100vw, 1024px\" \/><\/figure>\n\n\n\n<p style=\"font-size:18px\">Toutes deux ont port\u00e9 leurs travaux \u00e9galement sur la batterie. Pour elle, Porsche a collabor\u00e9 avec BASF et annonce une batterie plus compacte pour des performances en hausse. M\u00eame discours pour DS qui pr\u00e9cise que sa batterie est compacte et log\u00e9e dans une enveloppe composite carbone-aluminium et implant\u00e9e en position centrale arri\u00e8re. Inspir\u00e9e de la comp\u00e9tition automobile \u00e9lectrique, elle est d\u00e9velopp\u00e9e conjointement avec TotalEnergies et sa filiale Saft. Voil\u00e0 qui offre des ponts technologiques et op\u00e9rationnels entre la comp\u00e9tition (le championnat du monde de Formule E) et la s\u00e9rie. Ce que Porsche fait \u00e9videmment depuis toujours, mais si le constructeur Allemand a plus de 90 ans d\u2019existence, DS Automobiles n\u2019a derri\u00e8re elle que&#8230; 8 petites ann\u00e9es pour l\u2019instant&nbsp;!<\/p>\n\n\n\n<figure class=\"wp-block-image size-large\"><img loading=\"lazy\" decoding=\"async\" width=\"1024\" height=\"683\" src=\"http:\/\/lignesauto.fr\/wp-content\/uploads\/2022\/02\/B-1024x683.jpg\" alt=\"\" class=\"wp-image-23884\" srcset=\"https:\/\/lignesauto.fr\/wp-content\/uploads\/2022\/02\/B-1024x683.jpg 1024w, https:\/\/lignesauto.fr\/wp-content\/uploads\/2022\/02\/B-300x200.jpg 300w, https:\/\/lignesauto.fr\/wp-content\/uploads\/2022\/02\/B-768x512.jpg 768w, https:\/\/lignesauto.fr\/wp-content\/uploads\/2022\/02\/B.jpg 1417w\" sizes=\"(max-width: 1024px) 100vw, 1024px\" \/><\/figure>\n\n\n\n<p style=\"font-size:18px\">Autre connexion entre les deux laboratoires, leur volont\u00e9 de distiller quelques \u00e9l\u00e9ments d\u2019un langage formel que l\u2019on retrouvera sur les prochains mod\u00e8les de s\u00e9rie des deux constructeurs. Ils concernent principalement la face avant sur la DS qui reprend pour le reste le concept de la E-TENSE d\u00e9voil\u00e9e en 2016, alors que Porsche n\u2019h\u00e9site pas \u00e0 affirmer que \u00ab&nbsp;le style de la Mission R laisse imaginer un futur mod\u00e8le de s\u00e9rie&nbsp;\u00bb en l\u2019occurrence le renouvellement &#8211; ou l\u2019accompagnement &#8211; des 718 Cayman et Roadster 100% \u00e9lectriques.<\/p>\n\n\n\n<figure class=\"wp-block-image size-large\"><img loading=\"lazy\" decoding=\"async\" width=\"864\" height=\"1024\" src=\"http:\/\/lignesauto.fr\/wp-content\/uploads\/2022\/02\/F-864x1024.png\" alt=\"\" class=\"wp-image-23885\" srcset=\"https:\/\/lignesauto.fr\/wp-content\/uploads\/2022\/02\/F-864x1024.png 864w, https:\/\/lignesauto.fr\/wp-content\/uploads\/2022\/02\/F-253x300.png 253w, https:\/\/lignesauto.fr\/wp-content\/uploads\/2022\/02\/F-768x910.png 768w, https:\/\/lignesauto.fr\/wp-content\/uploads\/2022\/02\/F-1296x1536.png 1296w, https:\/\/lignesauto.fr\/wp-content\/uploads\/2022\/02\/F.png 1417w\" sizes=\"(max-width: 864px) 100vw, 864px\" \/><figcaption><strong>Les futurs mod\u00e8les DS emprunteront le langage formel de l&#8217;avant de la DS E-TENSE PERFORMANCE. M\u00eame chose pour la future g\u00e9n\u00e9ration de Porsche 718.<\/strong><\/figcaption><\/figure>\n\n\n\n<p style=\"font-size:18px\"><strong>D\u00c9COUVREZ LA GEN\u00c8SE DE LA NOUVELLE DS4 ET LES INTERVIEWS DE SES DESIGNERS DANS LE TRIMESTRIEL LIGNES\/auto N\u00b03. A commander ici : <\/strong><a href=\"https:\/\/lignesautoeditions.fr\/?p=790\">https:\/\/lignesautoeditions.fr\/?p=790<\/a><\/p>\n\n\n\n<figure class=\"wp-block-image size-large\"><img loading=\"lazy\" decoding=\"async\" width=\"1024\" height=\"709\" src=\"http:\/\/lignesauto.fr\/wp-content\/uploads\/2022\/02\/LIGNESauto03-1024x709.png\" alt=\"\" class=\"wp-image-23892\" srcset=\"https:\/\/lignesauto.fr\/wp-content\/uploads\/2022\/02\/LIGNESauto03-1024x709.png 1024w, https:\/\/lignesauto.fr\/wp-content\/uploads\/2022\/02\/LIGNESauto03-300x208.png 300w, https:\/\/lignesauto.fr\/wp-content\/uploads\/2022\/02\/LIGNESauto03-768x532.png 768w, https:\/\/lignesauto.fr\/wp-content\/uploads\/2022\/02\/LIGNESauto03.png 1417w\" sizes=\"(max-width: 1024px) 100vw, 1024px\" \/><\/figure>\n\n\n\n<figure class=\"wp-block-image size-large\"><img loading=\"lazy\" decoding=\"async\" width=\"1024\" height=\"1024\" src=\"http:\/\/lignesauto.fr\/wp-content\/uploads\/2022\/02\/E-1024x1024.png\" alt=\"\" class=\"wp-image-23886\" srcset=\"https:\/\/lignesauto.fr\/wp-content\/uploads\/2022\/02\/E-1024x1024.png 1024w, https:\/\/lignesauto.fr\/wp-content\/uploads\/2022\/02\/E-300x300.png 300w, https:\/\/lignesauto.fr\/wp-content\/uploads\/2022\/02\/E-150x150.png 150w, https:\/\/lignesauto.fr\/wp-content\/uploads\/2022\/02\/E-768x767.png 768w, https:\/\/lignesauto.fr\/wp-content\/uploads\/2022\/02\/E.png 1417w\" sizes=\"(max-width: 1024px) 100vw, 1024px\" \/><figcaption><strong>Les signatures lumineuses des deux prototypes respectent celles des produits de s\u00e9rie des deux marques.<\/strong><\/figcaption><\/figure>\n\n\n\n<p style=\"font-size:18px\">Les objectifs des deux constructeurs se rejoignent \u00e9galement sur un autre point. La Porsche incarne la vision d\u2019une sportive tout \u00e9lectrique pens\u00e9e pour l\u2019univers de la comp\u00e9tition client autant que des r\u00e9flexions pour le cahier des charges des futures 718. M\u00eame chose chez DS puisque c\u2019est le d\u00e9partement DS Performance qui engage les Formule E dans le championnat du monde qui a ma\u00eetris\u00e9 le projet de ce nouveau laboratoire. DS affirme cependant que ce laboratoire ne d\u00e9verminera pas les nouvelles technologies pour la seule comp\u00e9tition. Il est bien destin\u00e9 \u00e0 acc\u00e9l\u00e9rer la mise au point des technologies des prochaines nouveaut\u00e9s de la gamme.<\/p>\n\n\n\n<figure class=\"wp-block-image size-large\"><img loading=\"lazy\" decoding=\"async\" width=\"1024\" height=\"421\" src=\"http:\/\/lignesauto.fr\/wp-content\/uploads\/2022\/02\/D-1024x421.jpg\" alt=\"\" class=\"wp-image-23887\" srcset=\"https:\/\/lignesauto.fr\/wp-content\/uploads\/2022\/02\/D-1024x421.jpg 1024w, https:\/\/lignesauto.fr\/wp-content\/uploads\/2022\/02\/D-300x123.jpg 300w, https:\/\/lignesauto.fr\/wp-content\/uploads\/2022\/02\/D-768x315.jpg 768w, https:\/\/lignesauto.fr\/wp-content\/uploads\/2022\/02\/D.jpg 1417w\" sizes=\"(max-width: 1024px) 100vw, 1024px\" \/><figcaption><strong>Comme le ch\u00e2ssis DS E-TENSE PERFORMANCE, celui de la Porsche Mission R est roulant.<\/strong><\/figcaption><\/figure>\n\n\n\n<p style=\"font-size:18px\">On pla\u00e7ait jusqu\u2019alors DS dans le club des constructeurs \u00ab&nbsp;premiums&nbsp;\u00bb mais rien n\u2019emp\u00eache d\u2019esp\u00e9rer un jour d\u2019y ajouter le terme de \u00ab&nbsp;sportif&nbsp;\u00bb. Attention toutefois \u00e0 Alfa Romeo qui dispose l\u00e9gitimement de ce label sportif dans le p\u00f4le premium de Stellantis. Mais pourquoi ne pas imaginer chez DS un produit futur plus proche de l\u2019esprit de feu la SM de 1970 que feu la DS de 1955. Seul Carlos Tavares a les codes pour d\u00e9clencher cette future bombe DS&nbsp;! Chiche ?!<\/p>\n\n\n\n<figure class=\"wp-block-image size-large\"><img loading=\"lazy\" decoding=\"async\" width=\"1024\" height=\"576\" src=\"http:\/\/lignesauto.fr\/wp-content\/uploads\/2022\/02\/01-1024x576.jpg\" alt=\"\" class=\"wp-image-23888\" srcset=\"https:\/\/lignesauto.fr\/wp-content\/uploads\/2022\/02\/01-1024x576.jpg 1024w, https:\/\/lignesauto.fr\/wp-content\/uploads\/2022\/02\/01-300x169.jpg 300w, https:\/\/lignesauto.fr\/wp-content\/uploads\/2022\/02\/01-768x432.jpg 768w, https:\/\/lignesauto.fr\/wp-content\/uploads\/2022\/02\/01.jpg 1417w\" sizes=\"(max-width: 1024px) 100vw, 1024px\" \/><\/figure>\n\n\n\n<div class=\"wp-block-image\"><figure class=\"aligncenter is-resized\"><img loading=\"lazy\" decoding=\"async\" src=\"http:\/\/lignesauto.fr\/wp-content\/uploads\/2018\/10\/LOGOActus_BD-1024x367.jpg\" alt=\"L\u2019attribut alt de cette image est vide, son nom de fichier est LOGOActus_BD-1024x367.jpg.\" width=\"686\" height=\"246\"\/><\/figure><\/div>\n","protected":false},"excerpt":{"rendered":"<p>Ces deux concept-cars ne sont pas directement concurrents, mais ils jouent sur le m\u00eame terrain. Celui de la recherche de l\u2019optimisation de la chaine de traction \u00e9lectrique, avec comme objectif prioritaire, la performance. Un chiffre r\u00e9sume leurs terrains de jeu&nbsp;: le 0 \u00e0 100 km\/h est explos\u00e9 en 2 secondes [&hellip;]<\/p>\n","protected":false},"author":1,"featured_media":23908,"comment_status":"closed","ping_status":"","sticky":false,"template":"","format":"standard","meta":{"footnotes":""},"categories":[1],"tags":[],"_links":{"self":[{"href":"https:\/\/lignesauto.fr\/index.php?rest_route=\/wp\/v2\/posts\/23876"}],"collection":[{"href":"https:\/\/lignesauto.fr\/index.php?rest_route=\/wp\/v2\/posts"}],"about":[{"href":"https:\/\/lignesauto.fr\/index.php?rest_route=\/wp\/v2\/types\/post"}],"author":[{"embeddable":true,"href":"https:\/\/lignesauto.fr\/index.php?rest_route=\/wp\/v2\/users\/1"}],"replies":[{"embeddable":true,"href":"https:\/\/lignesauto.fr\/index.php?rest_route=%2Fwp%2Fv2%2Fcomments&post=23876"}],"version-history":[{"count":43,"href":"https:\/\/lignesauto.fr\/index.php?rest_route=\/wp\/v2\/posts\/23876\/revisions"}],"predecessor-version":[{"id":24090,"href":"https:\/\/lignesauto.fr\/index.php?rest_route=\/wp\/v2\/posts\/23876\/revisions\/24090"}],"wp:featuredmedia":[{"embeddable":true,"href":"https:\/\/lignesauto.fr\/index.php?rest_route=\/wp\/v2\/media\/23908"}],"wp:attachment":[{"href":"https:\/\/lignesauto.fr\/index.php?rest_route=%2Fwp%2Fv2%2Fmedia&parent=23876"}],"wp:term":[{"taxonomy":"category","embeddable":true,"href":"https:\/\/lignesauto.fr\/index.php?rest_route=%2Fwp%2Fv2%2Fcategories&post=23876"},{"taxonomy":"post_tag","embeddable":true,"href":"https:\/\/lignesauto.fr\/index.php?rest_route=%2Fwp%2Fv2%2Ftags&post=23876"}],"curies":[{"name":"wp","href":"https:\/\/api.w.org\/{rel}","templated":true}]}}