{"id":23941,"date":"2022-02-07T14:00:38","date_gmt":"2022-02-07T13:00:38","guid":{"rendered":"http:\/\/lignesauto.fr\/?p=23941"},"modified":"2022-02-07T14:00:38","modified_gmt":"2022-02-07T13:00:38","slug":"la-ds-e-tense-2016-face-a-la-ds-e-tense-performance-2022","status":"publish","type":"post","link":"https:\/\/lignesauto.fr\/?p=23941","title":{"rendered":"La DS E-TENSE 2016 face \u00e0 la DS E-TENSE PERFORMANCE 2022"},"content":{"rendered":"\n<div class=\"wp-block-image\"><figure class=\"aligncenter size-large is-resized\"><img loading=\"lazy\" decoding=\"async\" src=\"http:\/\/lignesauto.fr\/wp-content\/uploads\/2018\/10\/LOGOActus_BD-1024x367.jpg\" alt=\"\" class=\"wp-image-4921\" width=\"525\" height=\"188\" srcset=\"https:\/\/lignesauto.fr\/wp-content\/uploads\/2018\/10\/LOGOActus_BD-1024x367.jpg 1024w, https:\/\/lignesauto.fr\/wp-content\/uploads\/2018\/10\/LOGOActus_BD-300x108.jpg 300w, https:\/\/lignesauto.fr\/wp-content\/uploads\/2018\/10\/LOGOActus_BD-768x276.jpg 768w, https:\/\/lignesauto.fr\/wp-content\/uploads\/2018\/10\/LOGOActus_BD-370x133.jpg 370w, https:\/\/lignesauto.fr\/wp-content\/uploads\/2018\/10\/LOGOActus_BD-1040x373.jpg 1040w, https:\/\/lignesauto.fr\/wp-content\/uploads\/2018\/10\/LOGOActus_BD.jpg 1240w\" sizes=\"(max-width: 525px) 100vw, 525px\" \/><\/figure><\/div>\n\n\n\n<p style=\"font-size:18px\">Un nouveau concept-car DS ? Oui, enfin, presque. Car de toute \u00e9vidence, la E-TENSE PERFORMANCE de 2022 d\u00e9rive tr\u00e8s \u00e9troitement de la E-TENSE de 2016. Les raisons sont multiples comme nous allons rapidement le voir, et le r\u00e9sultat reste convaincant.<\/p>\n\n\n\n<figure class=\"wp-block-image size-large\"><img loading=\"lazy\" decoding=\"async\" width=\"1024\" height=\"659\" src=\"http:\/\/lignesauto.fr\/wp-content\/uploads\/2022\/02\/13-1024x659.png\" alt=\"\" class=\"wp-image-23944\" srcset=\"https:\/\/lignesauto.fr\/wp-content\/uploads\/2022\/02\/13-1024x659.png 1024w, https:\/\/lignesauto.fr\/wp-content\/uploads\/2022\/02\/13-300x193.png 300w, https:\/\/lignesauto.fr\/wp-content\/uploads\/2022\/02\/13-768x494.png 768w, https:\/\/lignesauto.fr\/wp-content\/uploads\/2022\/02\/13.png 1417w\" sizes=\"(max-width: 1024px) 100vw, 1024px\" \/><\/figure>\n\n\n\n<p style=\"font-size:18px\">-Le choix d&#8217;un concept existant pour r\u00e9aliser la E-TENSE PERFORMANCE permet \u00e9videmment de r\u00e9duire les investissements, notamment en reprenant la cellule carbone de la E-TENSE de 2016, d&#8217;un co\u00fbt non n\u00e9gligeable.<br>-Le message de ce concept n&#8217;est pas prioritairement ax\u00e9 sur le design, mais sur la technologie, et quoi de mieux que ce coup\u00e9 avant-gardiste pour l&#8217;exprimer ? DS se r\u00e9serve sans doute une r\u00e9flexion &#8220;design&#8221; pour un prochain concept-car cette fois ax\u00e9 sur le langage formel des produits de l\u2019apr\u00e8s 2025&#8230;<br>-E-TENSE de 2016 tra\u00e7ait le chemin vers le tout \u00e9lectrique pour la marque n\u00e9e en 2014. Cette g\u00e9n\u00e9ration 2.0 de la chaine de traction \u00e9lectrique peut donc l\u00e9gitimement reposer sur le prototype de 2016.<\/p>\n\n\n\n<figure class=\"wp-block-image size-large\"><img loading=\"lazy\" decoding=\"async\" width=\"1024\" height=\"838\" src=\"http:\/\/lignesauto.fr\/wp-content\/uploads\/2022\/02\/17_DESIGN-1-1024x838.png\" alt=\"\" class=\"wp-image-23954\" srcset=\"https:\/\/lignesauto.fr\/wp-content\/uploads\/2022\/02\/17_DESIGN-1-1024x838.png 1024w, https:\/\/lignesauto.fr\/wp-content\/uploads\/2022\/02\/17_DESIGN-1-300x245.png 300w, https:\/\/lignesauto.fr\/wp-content\/uploads\/2022\/02\/17_DESIGN-1-768x628.png 768w, https:\/\/lignesauto.fr\/wp-content\/uploads\/2022\/02\/17_DESIGN-1.png 1417w\" sizes=\"(max-width: 1024px) 100vw, 1024px\" \/><\/figure>\n\n\n\n<p style=\"font-size:18px\">Ci-dessus, les deux dessins d&#8217;\u00e9tudes montrent clairement la filiation entre les deux concept-cars. Cependant, toute la partie frontale du concept 2022 a \u00e9t\u00e9 trait\u00e9e en fonction du langage formel que l&#8217;on retrouvera sur les prochains produits de s\u00e9rie, notamment au niveau de la signature lumineuse qui prend de l&#8217;ampleur.<\/p>\n\n\n\n<figure class=\"wp-block-image size-large\"><img loading=\"lazy\" decoding=\"async\" width=\"1024\" height=\"813\" src=\"http:\/\/lignesauto.fr\/wp-content\/uploads\/2022\/02\/101-1024x813.png\" alt=\"\" class=\"wp-image-23992\" srcset=\"https:\/\/lignesauto.fr\/wp-content\/uploads\/2022\/02\/101-1024x813.png 1024w, https:\/\/lignesauto.fr\/wp-content\/uploads\/2022\/02\/101-300x238.png 300w, https:\/\/lignesauto.fr\/wp-content\/uploads\/2022\/02\/101-768x610.png 768w, https:\/\/lignesauto.fr\/wp-content\/uploads\/2022\/02\/101.png 1417w\" sizes=\"(max-width: 1024px) 100vw, 1024px\" \/><\/figure>\n\n\n\n<p style=\"font-size:18px\">Sous cet angle, on note que les deux propositions conservent les m\u00eames proportions et langage formel. On rel\u00e8ve un bandeau avec le logo <em>DS Performance<\/em> \u00e9clair\u00e9 entre les feux qui conservent quant \u00e0 eux la philosophie des feux &#8220;\u00e9cailles&#8221; vus en s\u00e9rie. Les jantes 21 pouces du concept de 2022 pr\u00e9sentent un profil a\u00e9rodynamique gr\u00e2ce \u00e0 des inserts in\u00e9dits.<\/p>\n\n\n\n<figure class=\"wp-block-image size-large\"><img loading=\"lazy\" decoding=\"async\" width=\"1024\" height=\"845\" src=\"http:\/\/lignesauto.fr\/wp-content\/uploads\/2022\/02\/100-1024x845.png\" alt=\"\" class=\"wp-image-23994\" srcset=\"https:\/\/lignesauto.fr\/wp-content\/uploads\/2022\/02\/100-1024x845.png 1024w, https:\/\/lignesauto.fr\/wp-content\/uploads\/2022\/02\/100-300x247.png 300w, https:\/\/lignesauto.fr\/wp-content\/uploads\/2022\/02\/100-768x634.png 768w, https:\/\/lignesauto.fr\/wp-content\/uploads\/2022\/02\/100.png 1417w\" sizes=\"(max-width: 1024px) 100vw, 1024px\" \/><\/figure>\n\n\n\n<p style=\"font-size:18px\">C&#8217;est sous cet angle ci-dessus que les diff\u00e9rences entre les deux concept-cars sont les plus visibles. Effectivement, toute la proue du concept de 2022 est modifi\u00e9e. Le capot peint en noir comme sur le dernier concept-car ASL est perfor\u00e9 par des prises d&#8217;extraction d&#8217;air. Ce concept, rappelons-le, est un laboratoire de performance ultime et son design doit donc s&#8217;y adapter.<br>La calandre \u00e9volue en laissant le concept des &#8220;double wings&#8221; pour adopter une sorte de vitrine sur laquelle on peut imaginer la diffusion de messages ou d&#8217;effets lumineux. Quant \u00e0 la signature lumineuse, nouvelle, elle emprunte la d\u00e9coupe qui existait sur le bouclier du concept de 2016, et s&#8217;\u00e9tire jusqu&#8217;au centre du v\u00e9hicule comme le faisaient les &#8220;double wings&#8221; en 2016.<\/p>\n\n\n\n<figure class=\"wp-block-image size-large\"><img loading=\"lazy\" decoding=\"async\" width=\"876\" height=\"1024\" src=\"http:\/\/lignesauto.fr\/wp-content\/uploads\/2022\/02\/103-876x1024.png\" alt=\"\" class=\"wp-image-23990\" srcset=\"https:\/\/lignesauto.fr\/wp-content\/uploads\/2022\/02\/103-876x1024.png 876w, https:\/\/lignesauto.fr\/wp-content\/uploads\/2022\/02\/103-257x300.png 257w, https:\/\/lignesauto.fr\/wp-content\/uploads\/2022\/02\/103-768x898.png 768w, https:\/\/lignesauto.fr\/wp-content\/uploads\/2022\/02\/103-1314x1536.png 1314w, https:\/\/lignesauto.fr\/wp-content\/uploads\/2022\/02\/103.png 1417w\" sizes=\"(max-width: 876px) 100vw, 876px\" \/><\/figure>\n\n\n\n<p style=\"font-size:18px\">De pleine vue arri\u00e8re, on note que la seule modification esth\u00e9tique a \u00e9t\u00e9 appliqu\u00e9e sur le tr\u00e8s g\u00e9n\u00e9reux diffuseur a\u00e9rodynamique. Elle rejoint l&#8217;id\u00e9e du v\u00e9hicule laboratoire qui a effectu\u00e9 ses premiers tours de roues le lundi 7 f\u00e9vrier 2022. On rel\u00e8ve aussi une teinte sp\u00e9cifique comme le pr\u00e9cise DS Automobiles : &#8220;<em>afin d\u2019accompagner la ligne a\u00e9rodynamique, l\u2019habillage pr\u00e9sente une teinte interf\u00e9rentielle \u00e0 effet scarab\u00e9e. Selon les conditions ext\u00e9rieures et l\u2019angle de vue, la perception de la couleur \u00e9volue et offre un effet de contraste saisissant avec des surfaces Noir brillant s\u2019\u00e9tirant jusqu\u2019au capot. <\/em>&#8220;<\/p>\n\n\n\n<figure class=\"wp-block-image size-large\"><img loading=\"lazy\" decoding=\"async\" width=\"1024\" height=\"640\" src=\"http:\/\/lignesauto.fr\/wp-content\/uploads\/2022\/02\/11-1024x640.png\" alt=\"\" class=\"wp-image-23956\" srcset=\"https:\/\/lignesauto.fr\/wp-content\/uploads\/2022\/02\/11-1024x640.png 1024w, https:\/\/lignesauto.fr\/wp-content\/uploads\/2022\/02\/11-300x188.png 300w, https:\/\/lignesauto.fr\/wp-content\/uploads\/2022\/02\/11-768x480.png 768w, https:\/\/lignesauto.fr\/wp-content\/uploads\/2022\/02\/11.png 1417w\" sizes=\"(max-width: 1024px) 100vw, 1024px\" \/><\/figure>\n\n\n\n<p style=\"font-size:18px\">\u00c9videmment, la plus grande diff\u00e9rence entre les deux concepts concerne leur chaine de traction respective. La DS E-TENSE de 2016 reprenait celle de la Furtive e-GT de Exagon Motors avec une puissance de 402 ch et un 0 \u00e0 100 km\/h en 4,5 secondes. Sa descendance DS E-TENSE PERFORMANCE revendique six ans plus tard le double de puissance (815 ch) et un 0 \u00e0 100 km\/h en seulement 2 secondes ! Elle a \u00e9t\u00e9 con\u00e7ue en interne avec la collaboration de TotalEnergies pour la batterie. Avec une capacit\u00e9 de r\u00e9g\u00e9n\u00e9ration in\u00e9dite de 600 kW, la chaine de traction de DS E-TENSE PERFORMANCE favorise le meilleur usage de l\u2019\u00e9nergie. Si, physiquement, DS E-TENSE PERFORMANCE conserve un syst\u00e8me de freinage avec des disques et des plaquettes, le syst\u00e8me de r\u00e9g\u00e9n\u00e9ration assure seul le freinage dans la tr\u00e8s grande majorit\u00e9 des cas.<\/p>\n\n\n\n<figure class=\"wp-block-image size-large\"><img loading=\"lazy\" decoding=\"async\" width=\"836\" height=\"1024\" src=\"http:\/\/lignesauto.fr\/wp-content\/uploads\/2022\/02\/03-836x1024.png\" alt=\"\" class=\"wp-image-24001\" srcset=\"https:\/\/lignesauto.fr\/wp-content\/uploads\/2022\/02\/03-836x1024.png 836w, https:\/\/lignesauto.fr\/wp-content\/uploads\/2022\/02\/03-245x300.png 245w, https:\/\/lignesauto.fr\/wp-content\/uploads\/2022\/02\/03-768x940.png 768w, https:\/\/lignesauto.fr\/wp-content\/uploads\/2022\/02\/03-1254x1536.png 1254w, https:\/\/lignesauto.fr\/wp-content\/uploads\/2022\/02\/03.png 1417w\" sizes=\"(max-width: 836px) 100vw, 836px\" \/><\/figure>\n\n\n\n<p style=\"font-size:18px\">Au final, il est juste d&#8217;\u00e9crire que la DS E-TENSE PERFORMANCE est une E-TENSE qui a chang\u00e9 de c\u0153ur pour un ensemble plus performant, et de face avant pour int\u00e9grer le nouveau langage formel des futures DS de s\u00e9rie. Ce concept sera test\u00e9 d\u00e8s ce mois de f\u00e9vrier 2022, avec notamment Jean-\u00c9ric Vergne, ambassadeur E-TENSE, et Ant\u00f3nio F\u00e9lix da Costa, tous deux Champions de Formule E. Ils se relaieront au volant du prototype pour finaliser sa mise au point, puis entameront les essais sur pistes et sur routes ouvertes. Les donn\u00e9es des performances r\u00e9elles de DS E-TENSE PERFORMANCE seront alors r\u00e9v\u00e9l\u00e9es. <\/p>\n\n\n\n<h2 class=\"wp-block-heading\" id=\"voir-notre-sujet-ds-e-tense-performance-face-a-la-porsche-mission-r-http-lignesauto-fr-p-23876\">Voir notre sujet &#8220;DS E-TENSE PERFORMANCE face \u00e0 la Porsche Mission R&#8221; : <a href=\"http:\/\/lignesauto.fr\/?p=23876\">http:\/\/lignesauto.fr\/?p=23876<\/a><\/h2>\n\n\n\n<figure class=\"wp-block-image size-large\"><img loading=\"lazy\" decoding=\"async\" width=\"1024\" height=\"683\" src=\"http:\/\/lignesauto.fr\/wp-content\/uploads\/2022\/02\/C-1024x683.jpg\" alt=\"\" class=\"wp-image-23945\" srcset=\"https:\/\/lignesauto.fr\/wp-content\/uploads\/2022\/02\/C-1024x683.jpg 1024w, https:\/\/lignesauto.fr\/wp-content\/uploads\/2022\/02\/C-300x200.jpg 300w, https:\/\/lignesauto.fr\/wp-content\/uploads\/2022\/02\/C-768x512.jpg 768w, https:\/\/lignesauto.fr\/wp-content\/uploads\/2022\/02\/C.jpg 1417w\" sizes=\"(max-width: 1024px) 100vw, 1024px\" \/><\/figure>\n\n\n\n<div class=\"wp-block-image\"><figure class=\"aligncenter is-resized\"><img loading=\"lazy\" decoding=\"async\" src=\"http:\/\/lignesauto.fr\/wp-content\/uploads\/2018\/10\/LOGOActus_BD-1024x367.jpg\" alt=\"L\u2019attribut alt de cette image est vide, son nom de fichier est LOGOActus_BD-1024x367.jpg.\" width=\"542\" height=\"194\"\/><\/figure><\/div>\n","protected":false},"excerpt":{"rendered":"<p>Un nouveau concept-car DS ? Oui, enfin, presque. Car de toute \u00e9vidence, la E-TENSE PERFORMANCE de 2022 d\u00e9rive tr\u00e8s \u00e9troitement de la E-TENSE de 2016. Les raisons sont multiples comme nous allons rapidement le voir, et le r\u00e9sultat reste convaincant. -Le choix d&#8217;un concept existant pour r\u00e9aliser la E-TENSE PERFORMANCE [&hellip;]<\/p>\n","protected":false},"author":1,"featured_media":23990,"comment_status":"closed","ping_status":"","sticky":false,"template":"","format":"standard","meta":{"footnotes":""},"categories":[1],"tags":[],"_links":{"self":[{"href":"https:\/\/lignesauto.fr\/index.php?rest_route=\/wp\/v2\/posts\/23941"}],"collection":[{"href":"https:\/\/lignesauto.fr\/index.php?rest_route=\/wp\/v2\/posts"}],"about":[{"href":"https:\/\/lignesauto.fr\/index.php?rest_route=\/wp\/v2\/types\/post"}],"author":[{"embeddable":true,"href":"https:\/\/lignesauto.fr\/index.php?rest_route=\/wp\/v2\/users\/1"}],"replies":[{"embeddable":true,"href":"https:\/\/lignesauto.fr\/index.php?rest_route=%2Fwp%2Fv2%2Fcomments&post=23941"}],"version-history":[{"count":43,"href":"https:\/\/lignesauto.fr\/index.php?rest_route=\/wp\/v2\/posts\/23941\/revisions"}],"predecessor-version":[{"id":24088,"href":"https:\/\/lignesauto.fr\/index.php?rest_route=\/wp\/v2\/posts\/23941\/revisions\/24088"}],"wp:featuredmedia":[{"embeddable":true,"href":"https:\/\/lignesauto.fr\/index.php?rest_route=\/wp\/v2\/media\/23990"}],"wp:attachment":[{"href":"https:\/\/lignesauto.fr\/index.php?rest_route=%2Fwp%2Fv2%2Fmedia&parent=23941"}],"wp:term":[{"taxonomy":"category","embeddable":true,"href":"https:\/\/lignesauto.fr\/index.php?rest_route=%2Fwp%2Fv2%2Fcategories&post=23941"},{"taxonomy":"post_tag","embeddable":true,"href":"https:\/\/lignesauto.fr\/index.php?rest_route=%2Fwp%2Fv2%2Ftags&post=23941"}],"curies":[{"name":"wp","href":"https:\/\/api.w.org\/{rel}","templated":true}]}}