{"id":24091,"date":"2022-03-05T10:34:00","date_gmt":"2022-03-05T09:34:00","guid":{"rendered":"http:\/\/lignesauto.fr\/?p=24091"},"modified":"2022-03-07T07:31:30","modified_gmt":"2022-03-07T06:31:30","slug":"oliver-blume-ceo-porsche-nous-conserverons-notre-esprit-pionnier","status":"publish","type":"post","link":"https:\/\/lignesauto.fr\/?p=24091","title":{"rendered":"Oliver Blume, CEO Porsche :  &#8220;nous conserverons notre esprit pionnier &#8220;"},"content":{"rendered":"\n<div class=\"wp-block-image\"><figure class=\"aligncenter size-large is-resized\"><img loading=\"lazy\" decoding=\"async\" src=\"http:\/\/lignesauto.fr\/wp-content\/uploads\/2018\/10\/LOGOActus_BD-1024x367.jpg\" alt=\"\" class=\"wp-image-4921\" width=\"672\" height=\"241\" srcset=\"https:\/\/lignesauto.fr\/wp-content\/uploads\/2018\/10\/LOGOActus_BD-1024x367.jpg 1024w, https:\/\/lignesauto.fr\/wp-content\/uploads\/2018\/10\/LOGOActus_BD-300x108.jpg 300w, https:\/\/lignesauto.fr\/wp-content\/uploads\/2018\/10\/LOGOActus_BD-768x276.jpg 768w, https:\/\/lignesauto.fr\/wp-content\/uploads\/2018\/10\/LOGOActus_BD-370x133.jpg 370w, https:\/\/lignesauto.fr\/wp-content\/uploads\/2018\/10\/LOGOActus_BD-1040x373.jpg 1040w, https:\/\/lignesauto.fr\/wp-content\/uploads\/2018\/10\/LOGOActus_BD.jpg 1240w\" sizes=\"(max-width: 672px) 100vw, 672px\" \/><\/figure><\/div>\n\n\n\n<p style=\"font-size:18px\">Habituellement, nous ne sommes pas tr\u00e8s friands des interviews de PDG men\u00e9s en interne, par le constructeur. Nous faisons exception ici avec l&#8217;entretien (extrait du site officiel) d&#8217;Oliver Blume, patron de Porsche qui \u00e9voque le futur \u00e9lectrique de la marque, les investissements dans le carburant synth\u00e9tique, la prochaine 911 hybride et m\u00eame l&#8217;entr\u00e9e en bourse de Porsche. <\/p>\n\n\n\n<figure class=\"wp-block-image size-large\"><img loading=\"lazy\" decoding=\"async\" width=\"1024\" height=\"576\" src=\"http:\/\/lignesauto.fr\/wp-content\/uploads\/2022\/02\/LIGNES_BLUME_103-1024x576.jpg\" alt=\"\" class=\"wp-image-24116\" srcset=\"https:\/\/lignesauto.fr\/wp-content\/uploads\/2022\/02\/LIGNES_BLUME_103-1024x576.jpg 1024w, https:\/\/lignesauto.fr\/wp-content\/uploads\/2022\/02\/LIGNES_BLUME_103-300x169.jpg 300w, https:\/\/lignesauto.fr\/wp-content\/uploads\/2022\/02\/LIGNES_BLUME_103-768x432.jpg 768w, https:\/\/lignesauto.fr\/wp-content\/uploads\/2022\/02\/LIGNES_BLUME_103.jpg 1417w\" sizes=\"(max-width: 1024px) 100vw, 1024px\" \/><\/figure>\n\n\n\n<p style=\"font-size:18px\"><strong>Les semi-conducteurs sont rares, <strong>Porsche va-t-il conna\u00eetre une ann\u00e9e 2022 difficile ?<\/strong><\/strong><br>Oliver Blume : Nous essayons de rester flexibles et de g\u00e9rer chaque jour de la meilleure fa\u00e7on possible. Et nous b\u00e9n\u00e9ficions de notre appartenance au groupe Volkswagen. Volkswagen ach\u00e8te en gros, ce qui permet de r\u00e9aliser des \u00e9conomies d&#8217;\u00e9chelle. Et gr\u00e2ce \u00e0 nos marges positives, Porsche re\u00e7oit un montant \u00e9quitable au sein du Groupe. Je suis donc d&#8217;un optimisme prudent pour 2022.<\/p>\n\n\n\n<p style=\"font-size:18px\"><strong>Mais il n&#8217;y a pas de fin en vue pour ce probl\u00e8me.<\/strong><br>De toute \u00e9vidence, le coronavirus et la p\u00e9nurie de semi-conducteurs continueront \u00e0 nous poser des d\u00e9fis importants cette ann\u00e9e.<\/p>\n\n\n\n<p style=\"font-size:18px\"><strong>Concr\u00e8tement, qu&#8217;est-ce que cela signifie ?<\/strong><br>Le coronavirus exige un autre type de leadership : physique et num\u00e9rique. Avec une gestion syst\u00e9matique et responsable des situations de crise. Il s&#8217;agit de d\u00e9velopper l&#8217;esprit d&#8217;\u00e9quipe, de diriger avec passion et vigueur. En ce qui concerne les semi-conducteurs, les contacts de l&#8217;ensemble du groupe avec les fournisseurs et les fabricants sont devenus beaucoup plus \u00e9troits et transparents. C&#8217;est un point positif, mais cela reste un d\u00e9fi.<\/p>\n\n\n\n<figure class=\"wp-block-image size-large\"><img loading=\"lazy\" decoding=\"async\" width=\"1024\" height=\"576\" src=\"http:\/\/lignesauto.fr\/wp-content\/uploads\/2022\/02\/LIGNES_BLUME_07-1-1024x576.jpeg\" alt=\"\" class=\"wp-image-24124\" srcset=\"https:\/\/lignesauto.fr\/wp-content\/uploads\/2022\/02\/LIGNES_BLUME_07-1-1024x576.jpeg 1024w, https:\/\/lignesauto.fr\/wp-content\/uploads\/2022\/02\/LIGNES_BLUME_07-1-300x169.jpeg 300w, https:\/\/lignesauto.fr\/wp-content\/uploads\/2022\/02\/LIGNES_BLUME_07-1-768x432.jpeg 768w, https:\/\/lignesauto.fr\/wp-content\/uploads\/2022\/02\/LIGNES_BLUME_07-1.jpeg 1417w\" sizes=\"(max-width: 1024px) 100vw, 1024px\" \/><\/figure>\n\n\n\n<p style=\"font-size:18px\"><strong>Les crises sont parfois une opportunit\u00e9. Quelles le\u00e7ons avez-vous tir\u00e9es de ce double coup dur ?<\/strong><br>Ici, je pense vraiment en termes d&#8217;opportunit\u00e9s. Nous sommes devenus encore plus concentr\u00e9s. Par exemple, nous avons accord\u00e9 une attention consid\u00e9rable \u00e0 nos co\u00fbts fixes d\u00e8s le d\u00e9but de la pand\u00e9mie. Cela nous a permis de r\u00e9duire encore le seuil de rentabilit\u00e9 et de devenir encore plus forts sur le plan financier, avec l&#8217;objectif clair de maintenir notre objectif ambitieux de marge de 15 % pour 2022 \u00e9galement.<\/p>\n\n\n\n<p style=\"font-size:18px\"><strong>Pouvez-vous expliquer pourquoi les gens ont un tel d\u00e9sir de voitures de sport dans ce contexte de crise ?<\/strong><br>Beaucoup veulent r\u00e9aliser un r\u00eave avec une marque forte comme Porsche, par exemple. Qualit\u00e9 sup\u00e9rieure, design intemporel, produits performants. Tout cela explique pourquoi nous avons pu livrer plus de voitures aux clients que jamais auparavant. L&#8217;ann\u00e9e derni\u00e8re, nous avons eu plus de 50 000 commandes pour la seule 911. Nous \u00e9largissons continuellement notre gamme de mod\u00e8les de mani\u00e8re attrayante et c&#8217;est l&#8217;un des facteurs de notre succ\u00e8s.<\/p>\n\n\n\n<figure class=\"wp-block-image size-large\"><img loading=\"lazy\" decoding=\"async\" width=\"1024\" height=\"409\" src=\"http:\/\/lignesauto.fr\/wp-content\/uploads\/2022\/02\/LIGNES_BLUME_08-1024x409.jpg\" alt=\"\" class=\"wp-image-24110\" srcset=\"https:\/\/lignesauto.fr\/wp-content\/uploads\/2022\/02\/LIGNES_BLUME_08-1024x409.jpg 1024w, https:\/\/lignesauto.fr\/wp-content\/uploads\/2022\/02\/LIGNES_BLUME_08-300x120.jpg 300w, https:\/\/lignesauto.fr\/wp-content\/uploads\/2022\/02\/LIGNES_BLUME_08-768x307.jpg 768w, https:\/\/lignesauto.fr\/wp-content\/uploads\/2022\/02\/LIGNES_BLUME_08.jpg 1417w\" sizes=\"(max-width: 1024px) 100vw, 1024px\" \/><\/figure>\n\n\n\n<p style=\"font-size:18px\"><strong>Et la Taycan ?<\/strong><br>Avec ce v\u00e9hicule innovant, nous avons vraiment pu montrer ce qui est possible avec une voiture de sport \u00e9lectrique. La Taycan est extr\u00eamement populaire aupr\u00e8s des experts et des clients. Par rapport \u00e0 2020, nous avons r\u00e9ussi \u00e0 doubler les ventes &#8211; 41 296 v\u00e9hicules pour \u00eatre exact &#8211; ce qui la place au m\u00eame niveau que la 911, qui s&#8217;est \u00e9galement mieux vendue que jamais. Qui aurait cru cela il y a quelques ann\u00e9es ? Gr\u00e2ce \u00e0 notre gamme de produits bien positionn\u00e9e, nous avons \u00e9galement franchi la barre des 300 000 voitures l&#8217;ann\u00e9e derni\u00e8re (301 915 v\u00e9hicules exactement). Cependant, nous ne nous concentrons pas sur le volume comme principal chiffre de r\u00e9f\u00e9rence. Pour nous, l&#8217;exclusivit\u00e9, la qualit\u00e9 et les produits uniques priment sur les ventes \u00e0 l&#8217;unit\u00e9.<\/p>\n\n\n\n<p style=\"font-size:18px\"><strong>La Taycan a connu des probl\u00e8mes de logiciel, maintenant il y a des rumeurs sur des batteries surchauff\u00e9es\u2026<br><\/strong>&#8230;chaque lancement de produit est confront\u00e9 \u00e0 des d\u00e9fis au d\u00e9but. Surtout avec les innovations et les nouvelles technologies. En r\u00e8gle g\u00e9n\u00e9rale, lorsque des probl\u00e8mes surviennent, nous les examinons tr\u00e8s attentivement. Nous enqu\u00eatons m\u00eame sur les rumeurs.<\/p>\n\n\n\n<figure class=\"wp-block-image size-large\"><img loading=\"lazy\" decoding=\"async\" width=\"1024\" height=\"576\" src=\"http:\/\/lignesauto.fr\/wp-content\/uploads\/2022\/02\/LIGNES_BLUME_06-1024x576.jpg\" alt=\"\" class=\"wp-image-24111\" srcset=\"https:\/\/lignesauto.fr\/wp-content\/uploads\/2022\/02\/LIGNES_BLUME_06-1024x576.jpg 1024w, https:\/\/lignesauto.fr\/wp-content\/uploads\/2022\/02\/LIGNES_BLUME_06-300x169.jpg 300w, https:\/\/lignesauto.fr\/wp-content\/uploads\/2022\/02\/LIGNES_BLUME_06-768x432.jpg 768w, https:\/\/lignesauto.fr\/wp-content\/uploads\/2022\/02\/LIGNES_BLUME_06.jpg 1417w\" sizes=\"(max-width: 1024px) 100vw, 1024px\" \/><\/figure>\n\n\n\n<p style=\"font-size:18px\"><strong>Alors que d&#8217;autres entreprises sont en difficult\u00e9, Porsche vend plus de voitures et gagne encore de l&#8217;argent malgr\u00e9 la crise&#8230;<br><\/strong>Nous conserverons notre esprit pionnier et notre courage, tout en gardant les pieds sur terre et en continuant \u00e0 affiner strat\u00e9giquement le profil de Porsche. Par exemple, dans les domaines de la num\u00e9risation et de l&#8217;e-mobilit\u00e9, nous progressons plus vite que pr\u00e9vu. L&#8217;ann\u00e9e derni\u00e8re d\u00e9j\u00e0, un v\u00e9hicule sur quatre vendu dans le monde \u00e9tait \u00e9lectrifi\u00e9.<\/p>\n\n\n\n<p style=\"font-size:18px\"><strong>Cela inclut-il les hybrides \u00e9lectriques ?<\/strong><br>Oui, mais la proportion de v\u00e9hicules enti\u00e8rement \u00e9lectriques est plus importante d\u00e9sormais. Le succ\u00e8s de la Taycan a \u00e9t\u00e9 un facteur d\u00e9terminant. Pour nous, cela confirme notre strat\u00e9gie. Nous avons commenc\u00e9 \u00e0 nous concentrer sur l&#8217;\u00e9lectromobilit\u00e9 plus t\u00f4t que les autres constructeurs &#8211; et nous sommes toujours sur la bonne voie.<\/p>\n\n\n\n<figure class=\"wp-block-image size-large\"><img loading=\"lazy\" decoding=\"async\" width=\"1024\" height=\"576\" src=\"http:\/\/lignesauto.fr\/wp-content\/uploads\/2022\/02\/LIGNES_BLUME_101-1024x576.jpeg\" alt=\"\" class=\"wp-image-24112\" srcset=\"https:\/\/lignesauto.fr\/wp-content\/uploads\/2022\/02\/LIGNES_BLUME_101-1024x576.jpeg 1024w, https:\/\/lignesauto.fr\/wp-content\/uploads\/2022\/02\/LIGNES_BLUME_101-300x169.jpeg 300w, https:\/\/lignesauto.fr\/wp-content\/uploads\/2022\/02\/LIGNES_BLUME_101-768x432.jpeg 768w, https:\/\/lignesauto.fr\/wp-content\/uploads\/2022\/02\/LIGNES_BLUME_101.jpeg 1417w\" sizes=\"(max-width: 1024px) 100vw, 1024px\" \/><\/figure>\n\n\n\n<p style=\"font-size:18px\"><strong>La confiance en soi de Porsche grandit avec son succ\u00e8s. L&#8217;entreprise se distingue-t-elle de sa maison m\u00e8re, Volkswagen ?<\/strong><br>Pour moi, il s&#8217;agit moins de confiance en soi que d&#8217;esprit d&#8217;entreprise. Nous utilisons des composants du groupe Volkswagen et vice-versa. L&#8217;important, c&#8217;est que le succ\u00e8s de Porsche profite aussi \u00e0 l&#8217;ensemble du Groupe.<\/p>\n\n\n\n<p style=\"font-size:18px\"><strong>La fusion de Porsche avec Volkswagen \u00e9tait autrefois justifi\u00e9e car votre entreprise avait besoin des moteurs de la soci\u00e9t\u00e9 m\u00e8re. Porsche n&#8217;aurait pas \u00e9t\u00e9 en mesure d&#8217;assumer seule les co\u00fbts de d\u00e9veloppement. Cette logique est-elle toujours valable ?<\/strong><br>Nous avons connu une croissance fantastique ces derni\u00e8res ann\u00e9es, et cela n&#8217;aurait pas \u00e9t\u00e9 possible sans Volkswagen. Nous profitons donc de ce lien. En m\u00eame temps, nous sommes extr\u00eamement concentr\u00e9s sur nos propres probl\u00e8mes et leur succ\u00e8s.<\/p>\n\n\n\n<p style=\"font-size:18px\"><strong>Pourriez-vous vous passer de Volkswagen aujourd&#8217;hui ?<\/strong><br>Une question th\u00e9orique. En termes de solidit\u00e9 financi\u00e8re, notre cash-flow parle de lui-m\u00eame. Fondamentalement, nous avons besoin de partenaires solides pour la transformation. Nous ne pouvons pas et ne voulons pas tout faire par nous-m\u00eames. Et pour les questions o\u00f9 nous ne pouvons pas tout faire nous-m\u00eames, nous cherchons des partenaires appropri\u00e9s. Pour certains domaines, il s&#8217;agit du groupe Volkswagen.<\/p>\n\n\n\n<figure class=\"wp-block-image size-large\"><img loading=\"lazy\" decoding=\"async\" width=\"1024\" height=\"744\" src=\"http:\/\/lignesauto.fr\/wp-content\/uploads\/2022\/02\/LIGNES_BLUME_09-1024x744.jpg\" alt=\"\" class=\"wp-image-24114\" srcset=\"https:\/\/lignesauto.fr\/wp-content\/uploads\/2022\/02\/LIGNES_BLUME_09-1024x744.jpg 1024w, https:\/\/lignesauto.fr\/wp-content\/uploads\/2022\/02\/LIGNES_BLUME_09-300x218.jpg 300w, https:\/\/lignesauto.fr\/wp-content\/uploads\/2022\/02\/LIGNES_BLUME_09-768x558.jpg 768w, https:\/\/lignesauto.fr\/wp-content\/uploads\/2022\/02\/LIGNES_BLUME_09.jpg 1417w\" sizes=\"(max-width: 1024px) 100vw, 1024px\" \/><\/figure>\n\n\n\n<p style=\"font-size:18px\"><strong>Le couronnement serait donc une introduction en bourse pour Porsche ?<\/strong><br>Ce sont vos mots, pas les miens ! Blague \u00e0 part, nous enregistrons bien s\u00fbr un grand int\u00e9r\u00eat de la part du public et des march\u00e9s. La d\u00e9cision \u00e0 ce sujet appartient uniquement au Groupe Volkswagen. Nous ne pouvons donc faire aucune d\u00e9claration \u00e0 ce sujet. Ce qui ressort clairement des chiffres, c&#8217;est que notre entreprise est tr\u00e8s bien positionn\u00e9e et r\u00e9siste aux crises. Nous sommes une marque recherch\u00e9e, avec une strat\u00e9gie claire, un haut niveau d&#8217;expertise technologique, et nous sommes \u00e9galement tr\u00e8s ambitieux en mati\u00e8re de durabilit\u00e9. Nous visons un bilan neutre en CO\u2082 sur l&#8217;ensemble de la cha\u00eene de valeur d&#8217;ici 2030.<\/p>\n\n\n\n<p style=\"font-size:18px\"><strong>Le moteur thermique fait-il partie de ce succ\u00e8s ou va-t-il s&#8217;\u00e9teindre ?<br><\/strong>Nous n&#8217;avons pas de date pr\u00e9cise. En fin de compte, c&#8217;est aux clients et aux r\u00e9gions du monde de d\u00e9cider. La t\u00e2che sp\u00e9ciale pour nous est de rendre les moteurs \u00e0 combustion interne qui fonctionnent avec des carburants synth\u00e9tiques pratiquement neutres en CO\u2082. \u00c0 cette fin, nous investissons dans le d\u00e9veloppement d&#8217;eFuels.<\/p>\n\n\n\n<p style=\"font-size:18px\"><strong>Pensez-vous que ces carburants synth\u00e9tiques ont une chance ? Les prix sont encore extr\u00eamement \u00e9lev\u00e9s.<br><\/strong>C&#8217;est notre plan. Nous voulons produire les carburants synth\u00e9tiques l\u00e0 o\u00f9 l&#8217;\u00e9nergie durable est disponible en quantit\u00e9 illimit\u00e9e &#8211; par exemple, dans notre usine pilote au sud du Chili. Des vents forts y soufflent presque toute l&#8217;ann\u00e9e. En ce qui concerne l&#8217;avenir, nous pensons qu&#8217;il est r\u00e9aliste d&#8217;esp\u00e9rer que ce prix descende en dessous d&#8217;un niveau de deux dollars US par litre. Et l\u00e0, les choses deviendront int\u00e9ressantes. Nous nous consid\u00e9rons comme un pionnier de la mobilit\u00e9 durable, avec un accent sur l&#8217;e-mobilit\u00e9, judicieusement compl\u00e9t\u00e9e par les e-carburants. Ces \u00e9l\u00e9ments ne sont pas en conflit les uns avec les autres.<\/p>\n\n\n\n<figure class=\"wp-block-image size-large\"><img loading=\"lazy\" decoding=\"async\" width=\"1024\" height=\"683\" src=\"http:\/\/lignesauto.fr\/wp-content\/uploads\/2022\/02\/LIGNES_BLUME_02-1024x683.jpg\" alt=\"\" class=\"wp-image-24113\" srcset=\"https:\/\/lignesauto.fr\/wp-content\/uploads\/2022\/02\/LIGNES_BLUME_02-1024x683.jpg 1024w, https:\/\/lignesauto.fr\/wp-content\/uploads\/2022\/02\/LIGNES_BLUME_02-300x200.jpg 300w, https:\/\/lignesauto.fr\/wp-content\/uploads\/2022\/02\/LIGNES_BLUME_02-768x512.jpg 768w, https:\/\/lignesauto.fr\/wp-content\/uploads\/2022\/02\/LIGNES_BLUME_02.jpg 1417w\" sizes=\"(max-width: 1024px) 100vw, 1024px\" \/><\/figure>\n\n\n\n<p><strong>\u00c0 l&#8217;avenir, Porsche tirera-t-il \u00e9galement des revenus suppl\u00e9mentaires de la vente de syst\u00e8mes pour la production de ces eFuels ?<\/strong><br>Pour l&#8217;instant, il s&#8217;agit de faire d\u00e9coller la technologie. Nous voyons nos propres domaines d&#8217;application pour les eFuels : pour les essais ou le premier remplissage d&#8217;une 911, ainsi que pour nos Experience Centers ou le sport automobile. Dans le m\u00eame temps, nous continuons \u00e0 d\u00e9velopper nos v\u00e9hicules \u00e9lectriques. Dans le cadre de ce processus, nous examinons \u00e9galement la forme d&#8217;\u00e9nergie que nos clients utiliseront \u00e0 l&#8217;avenir. C&#8217;est pourquoi nous allons investir plus d&#8217;un milliard d&#8217;euros dans des sources d&#8217;\u00e9nergie durables au cours des dix prochaines ann\u00e9es : centrales solaires, \u00e9oliennes et eFuels.<\/p>\n\n\n\n<p style=\"font-size:18px\"><strong>Certes, mais les mod\u00e8les Porsche p\u00e8se lourd et se d\u00e9placent vite &#8211; ce qui signifie qu&#8217;ils consomment beaucoup de carburant.<\/strong>..<br>Je ne suis pas d&#8217;accord. Prenez notre Panamera : en Europe, nous en vendons d\u00e9j\u00e0 plus de 70 % en version hybride rechargeable. Dans les villes, la Panamera peut \u00eatre conduite avec z\u00e9ro \u00e9mission. En 2030, nous voulons livrer environ 80 % de nos v\u00e9hicules avec une propulsion \u00e9lectrique &#8211; soit hybride, soit enti\u00e8rement \u00e9lectrique. Ces deux exemples montrent que Porsche apporte sa contribution \u00e0 la durabilit\u00e9.<\/p>\n\n\n\n<p style=\"font-size:18px\"><strong>Alors \u00e0 ce stade, nous devons nous interroger sur l&#8217;\u00e9tat actuel du d\u00e9veloppement : avez-vous r\u00e9ussi \u00e0 atteindre les objectifs en mati\u00e8re de CO\u2082 pour 2021 ?<\/strong><br>Nous sommes ravis que la Taycan ait \u00e9t\u00e9 si bien accueillie sur le march\u00e9. Et aussi de la part hybride \u00e9lev\u00e9e du Cayenne et de la Panamera. Nous sommes donc tr\u00e8s optimistes quant \u00e0 l&#8217;atteinte des objectifs de CO\u2082 que nous avons fix\u00e9s pour Porsche au sein du Groupe Volkswagen pour la flotte europ\u00e9enne.<\/p>\n\n\n\n<figure class=\"wp-block-image size-large\"><img loading=\"lazy\" decoding=\"async\" width=\"1024\" height=\"552\" src=\"http:\/\/lignesauto.fr\/wp-content\/uploads\/2022\/02\/LIGNES_BLUME_01-1024x552.jpg\" alt=\"\" class=\"wp-image-24102\" srcset=\"https:\/\/lignesauto.fr\/wp-content\/uploads\/2022\/02\/LIGNES_BLUME_01-1024x552.jpg 1024w, https:\/\/lignesauto.fr\/wp-content\/uploads\/2022\/02\/LIGNES_BLUME_01-300x162.jpg 300w, https:\/\/lignesauto.fr\/wp-content\/uploads\/2022\/02\/LIGNES_BLUME_01-768x414.jpg 768w, https:\/\/lignesauto.fr\/wp-content\/uploads\/2022\/02\/LIGNES_BLUME_01.jpg 1417w\" sizes=\"(max-width: 1024px) 100vw, 1024px\" \/><\/figure>\n\n\n\n<p style=\"font-size:18px\"><strong>La 911 est votre ic\u00f4ne. La voiture doit \u00eatre hybrid\u00e9e. Quand cela se fera-t-il ?<br><\/strong>La 911 fait partie de notre strat\u00e9gie de durabilit\u00e9. Ce qui est important, c&#8217;est que lorsque nous pensons \u00e0 l&#8217;hybridation pour ce v\u00e9hicule, ce n&#8217;est pas dans le sens d&#8217;un plug-in. Il s&#8217;agit plut\u00f4t de caract\u00e9ristiques issues du sport automobile, c&#8217;est-\u00e0-dire de propulsions hybrides tr\u00e8s dynamiques avec des performances de r\u00e9cup\u00e9ration \u00e9lev\u00e9es. Comme la 919 Hybrid, avec laquelle nous avons gagn\u00e9 les 24 heures du Mans trois fois de suite. Je ne vais pas vous donner la date d&#8217;introduction d&#8217;un tel mod\u00e8le, nous serons plus pr\u00e9cis lorsque la voiture sera r\u00e9ellement pr\u00eate. Mais vous pouvez commencer \u00e0 l&#8217;attendre d\u00e8s maintenant !<strong><br><br>Comment allez-vous d\u00e9velopper l&#8217;ensemble de la gamme de mod\u00e8les au cours des prochaines ann\u00e9es ?<br><\/strong>Nous avons mis en place notre strat\u00e9gie produit de mani\u00e8re flexible. Dans chacun de nos segments, nous disposons d&#8217;une large gamme de groupes motopropulseurs &#8211; moteurs \u00e0 combustion interne, v\u00e9hicules hybrides et \u00e9lectriques. L&#8217;ann\u00e9e prochaine, par exemple, le nouveau Macan enti\u00e8rement \u00e9lectrique sera ajout\u00e9 en tant que composant attractif. Et je ne veux pas en r\u00e9v\u00e9ler plus que cela pour aujourd&#8217;hui.<\/p>\n\n\n\n<figure class=\"wp-block-image size-large\"><img loading=\"lazy\" decoding=\"async\" width=\"1024\" height=\"683\" src=\"http:\/\/lignesauto.fr\/wp-content\/uploads\/2022\/02\/LIGNES_BLUME_05-1024x683.jpg\" alt=\"\" class=\"wp-image-24118\" srcset=\"https:\/\/lignesauto.fr\/wp-content\/uploads\/2022\/02\/LIGNES_BLUME_05-1024x683.jpg 1024w, https:\/\/lignesauto.fr\/wp-content\/uploads\/2022\/02\/LIGNES_BLUME_05-300x200.jpg 300w, https:\/\/lignesauto.fr\/wp-content\/uploads\/2022\/02\/LIGNES_BLUME_05-768x512.jpg 768w, https:\/\/lignesauto.fr\/wp-content\/uploads\/2022\/02\/LIGNES_BLUME_05.jpg 1417w\" sizes=\"(max-width: 1024px) 100vw, 1024px\" \/><\/figure>\n\n\n\n<div class=\"wp-block-image\"><figure class=\"aligncenter is-resized\"><img loading=\"lazy\" decoding=\"async\" src=\"http:\/\/lignesauto.fr\/wp-content\/uploads\/2018\/10\/LOGOActus_BD-1024x367.jpg\" alt=\"L\u2019attribut alt de cette image est vide, son nom de fichier est LOGOActus_BD-1024x367.jpg.\" width=\"650\" height=\"233\"\/><\/figure><\/div>\n","protected":false},"excerpt":{"rendered":"<p>Habituellement, nous ne sommes pas tr\u00e8s friands des interviews de PDG men\u00e9s en interne, par le constructeur. Nous faisons exception ici avec l&#8217;entretien (extrait du site officiel) d&#8217;Oliver Blume, patron de Porsche qui \u00e9voque le futur \u00e9lectrique de la marque, les investissements dans le carburant synth\u00e9tique, la prochaine 911 hybride [&hellip;]<\/p>\n","protected":false},"author":1,"featured_media":24105,"comment_status":"closed","ping_status":"","sticky":false,"template":"","format":"standard","meta":{"footnotes":""},"categories":[1],"tags":[],"_links":{"self":[{"href":"https:\/\/lignesauto.fr\/index.php?rest_route=\/wp\/v2\/posts\/24091"}],"collection":[{"href":"https:\/\/lignesauto.fr\/index.php?rest_route=\/wp\/v2\/posts"}],"about":[{"href":"https:\/\/lignesauto.fr\/index.php?rest_route=\/wp\/v2\/types\/post"}],"author":[{"embeddable":true,"href":"https:\/\/lignesauto.fr\/index.php?rest_route=\/wp\/v2\/users\/1"}],"replies":[{"embeddable":true,"href":"https:\/\/lignesauto.fr\/index.php?rest_route=%2Fwp%2Fv2%2Fcomments&post=24091"}],"version-history":[{"count":19,"href":"https:\/\/lignesauto.fr\/index.php?rest_route=\/wp\/v2\/posts\/24091\/revisions"}],"predecessor-version":[{"id":24126,"href":"https:\/\/lignesauto.fr\/index.php?rest_route=\/wp\/v2\/posts\/24091\/revisions\/24126"}],"wp:featuredmedia":[{"embeddable":true,"href":"https:\/\/lignesauto.fr\/index.php?rest_route=\/wp\/v2\/media\/24105"}],"wp:attachment":[{"href":"https:\/\/lignesauto.fr\/index.php?rest_route=%2Fwp%2Fv2%2Fmedia&parent=24091"}],"wp:term":[{"taxonomy":"category","embeddable":true,"href":"https:\/\/lignesauto.fr\/index.php?rest_route=%2Fwp%2Fv2%2Fcategories&post=24091"},{"taxonomy":"post_tag","embeddable":true,"href":"https:\/\/lignesauto.fr\/index.php?rest_route=%2Fwp%2Fv2%2Ftags&post=24091"}],"curies":[{"name":"wp","href":"https:\/\/api.w.org\/{rel}","templated":true}]}}