{"id":24166,"date":"2022-03-03T08:32:32","date_gmt":"2022-03-03T07:32:32","guid":{"rendered":"http:\/\/lignesauto.fr\/?p=24166"},"modified":"2022-03-03T10:48:29","modified_gmt":"2022-03-03T09:48:29","slug":"un-courant-dair-citroen-au-coeur-du-design-dacia","status":"publish","type":"post","link":"https:\/\/lignesauto.fr\/?p=24166","title":{"rendered":"Un courant d&#8217;air Citro\u00ebn au c\u0153ur du design Dacia !"},"content":{"rendered":"\n<div class=\"wp-block-image\"><figure class=\"aligncenter size-large is-resized\"><img loading=\"lazy\" decoding=\"async\" src=\"http:\/\/lignesauto.fr\/wp-content\/uploads\/2018\/10\/LOGOActus_BD-1024x367.jpg\" alt=\"\" class=\"wp-image-4921\" width=\"633\" height=\"227\" srcset=\"https:\/\/lignesauto.fr\/wp-content\/uploads\/2018\/10\/LOGOActus_BD-1024x367.jpg 1024w, https:\/\/lignesauto.fr\/wp-content\/uploads\/2018\/10\/LOGOActus_BD-300x108.jpg 300w, https:\/\/lignesauto.fr\/wp-content\/uploads\/2018\/10\/LOGOActus_BD-768x276.jpg 768w, https:\/\/lignesauto.fr\/wp-content\/uploads\/2018\/10\/LOGOActus_BD-370x133.jpg 370w, https:\/\/lignesauto.fr\/wp-content\/uploads\/2018\/10\/LOGOActus_BD-1040x373.jpg 1040w, https:\/\/lignesauto.fr\/wp-content\/uploads\/2018\/10\/LOGOActus_BD.jpg 1240w\" sizes=\"(max-width: 633px) 100vw, 633px\" \/><\/figure><\/div>\n\n\n\n<p style=\"font-size:18px\">Un vent in\u00e9dit souffle sur le studio de design Dacia&nbsp;! Apr\u00e8s avoir annonc\u00e9 l\u2019arriv\u00e9e d\u2019un nouveau directeur de design le 25 juin 2021 en la personne de Miles N\u00fcrnberger, l\u2019\u00e9quipe de design s\u2019est depuis le mois de janvier 2022 renforc\u00e9e avec les arriv\u00e9es successives de Romain Gauvin, responsable du design avanc\u00e9 et des concept-cars, d\u2019H\u00e9l\u00e8ne Veilleux \u00e0 la t\u00eate du d\u00e9partement couleurs &amp; mati\u00e8res Dacia et Mobilize et, en ce d\u00e9but de mois de mars 2022, de Rapha\u00ebl Le Masson au design int\u00e9rieur (lead designer).<\/p>\n\n\n\n<figure class=\"wp-block-image size-large\"><img loading=\"lazy\" decoding=\"async\" width=\"1024\" height=\"761\" src=\"http:\/\/lignesauto.fr\/wp-content\/uploads\/2022\/03\/DACIA_CITRON_01-1024x761.png\" alt=\"\" class=\"wp-image-24179\" srcset=\"https:\/\/lignesauto.fr\/wp-content\/uploads\/2022\/03\/DACIA_CITRON_01-1024x761.png 1024w, https:\/\/lignesauto.fr\/wp-content\/uploads\/2022\/03\/DACIA_CITRON_01-300x223.png 300w, https:\/\/lignesauto.fr\/wp-content\/uploads\/2022\/03\/DACIA_CITRON_01-768x571.png 768w, https:\/\/lignesauto.fr\/wp-content\/uploads\/2022\/03\/DACIA_CITRON_01.png 1417w\" sizes=\"(max-width: 1024px) 100vw, 1024px\" \/><\/figure>\n\n\n\n<p style=\"font-size:18px\">\u00c7a en dit long sur la volont\u00e9 de porter la marque vers des horizons ambitieux. Nous pourrions nous arr\u00eater \u00e0 ces trois nominations. Mais ce qu\u2019il y a de surprenant dans ces annonces, c\u2019est la provenance de ces trois designers embauch\u00e9s par Dacia&nbsp;: ils -et elle &#8211; viennent tous de chez Citro\u00ebn&nbsp;! Dacia a tout \u00e0 gagner avec ce petit groupe de designers, habitu\u00e9 \u00e0 travailler main dans la main ! Romain Gauvin (ci-dessous) est notamment l\u2019auteur du dessin ext\u00e9rieur du concept-car du centenaire, le 19_19.<\/p>\n\n\n\n<figure class=\"wp-block-image size-large\"><img loading=\"lazy\" decoding=\"async\" width=\"1024\" height=\"533\" src=\"http:\/\/lignesauto.fr\/wp-content\/uploads\/2022\/03\/LIGNES19_10-1024x533.jpg\" alt=\"\" class=\"wp-image-24183\" srcset=\"https:\/\/lignesauto.fr\/wp-content\/uploads\/2022\/03\/LIGNES19_10-1024x533.jpg 1024w, https:\/\/lignesauto.fr\/wp-content\/uploads\/2022\/03\/LIGNES19_10-300x156.jpg 300w, https:\/\/lignesauto.fr\/wp-content\/uploads\/2022\/03\/LIGNES19_10-768x399.jpg 768w, https:\/\/lignesauto.fr\/wp-content\/uploads\/2022\/03\/LIGNES19_10.jpg 1417w\" sizes=\"(max-width: 1024px) 100vw, 1024px\" \/><\/figure>\n\n\n\n<p style=\"font-size:18px\">Rapha\u00ebl Le Masson en a supervis\u00e9 le design int\u00e9rieur sign\u00e9 J\u00e9r\u00e9my Lebonnois, un duo que l\u2019on trouvait d\u00e9j\u00e0 aux commandes du design int\u00e9rieur du concept-car CXperience. Enfin, H\u00e9l\u00e8ne Veilleux \u00e9tait responsable des couleurs &amp; mati\u00e8res de la marque Fran\u00e7aise.<\/p>\n\n\n\n<figure class=\"wp-block-image size-large\"><img loading=\"lazy\" decoding=\"async\" width=\"1024\" height=\"576\" src=\"http:\/\/lignesauto.fr\/wp-content\/uploads\/2022\/03\/LIGNES19_11-1024x576.jpg\" alt=\"\" class=\"wp-image-24182\" srcset=\"https:\/\/lignesauto.fr\/wp-content\/uploads\/2022\/03\/LIGNES19_11-1024x576.jpg 1024w, https:\/\/lignesauto.fr\/wp-content\/uploads\/2022\/03\/LIGNES19_11-300x169.jpg 300w, https:\/\/lignesauto.fr\/wp-content\/uploads\/2022\/03\/LIGNES19_11-768x432.jpg 768w, https:\/\/lignesauto.fr\/wp-content\/uploads\/2022\/03\/LIGNES19_11.jpg 1417w\" sizes=\"(max-width: 1024px) 100vw, 1024px\" \/><figcaption><strong>Rapha\u00ebl Le Masson \u00e0 droite avec le designer int\u00e9rieur du concept-car 19_19, J\u00e9r\u00e9my Lebonnois<\/strong><\/figcaption><\/figure>\n\n\n\n<p style=\"font-size:18px\">Certes, les sp\u00e9cialistes diront que Rapha\u00ebl et Romain ont fait un (tr\u00e8s) court passage au sein du groupe chinois GAC (\u00e0 peine 6 mois) entre leur d\u00e9part de chez Citro\u00ebn et leur arriv\u00e9e chez Dacia, mais force est de constater que Dacia dispose d\u00e9sormais dans ses rangs d\u2019une forte pr\u00e9sence de designers form\u00e9s \u00e0 l\u2019\u00e9cole Citro\u00ebn.<\/p>\n\n\n\n<figure class=\"wp-block-image size-large\"><img loading=\"lazy\" decoding=\"async\" width=\"1024\" height=\"546\" src=\"http:\/\/lignesauto.fr\/wp-content\/uploads\/2022\/03\/DACIA_CITRON_02-1024x546.jpg\" alt=\"\" class=\"wp-image-24184\" srcset=\"https:\/\/lignesauto.fr\/wp-content\/uploads\/2022\/03\/DACIA_CITRON_02-1024x546.jpg 1024w, https:\/\/lignesauto.fr\/wp-content\/uploads\/2022\/03\/DACIA_CITRON_02-300x160.jpg 300w, https:\/\/lignesauto.fr\/wp-content\/uploads\/2022\/03\/DACIA_CITRON_02-768x409.jpg 768w, https:\/\/lignesauto.fr\/wp-content\/uploads\/2022\/03\/DACIA_CITRON_02.jpg 1417w\" sizes=\"(max-width: 1024px) 100vw, 1024px\" \/><figcaption><strong>\u00c9tude de planche de bord pour le concept-car Citro\u00ebn CXperience par Rapha\u00ebl Le Masson<\/strong><\/figcaption><\/figure>\n\n\n\n<p style=\"font-size:18px\">Rapha\u00ebl Le Masson y est rest\u00e9 11 ans et demi, Romain Gauvin autant, avec quatre mois chez Lancia au lancement de la n\u00e9buleuse Stellantis, alors qu\u2019H\u00e9l\u00e8ne (ci-dessous) a v\u00e9cu une grande partie de sa carri\u00e8re chez PSA, pendant 23 ans&nbsp;!<\/p>\n\n\n\n<figure class=\"wp-block-image size-large\"><img loading=\"lazy\" decoding=\"async\" width=\"1024\" height=\"624\" src=\"http:\/\/lignesauto.fr\/wp-content\/uploads\/2022\/03\/VEILLEUX-1024x624.jpg\" alt=\"\" class=\"wp-image-24220\" srcset=\"https:\/\/lignesauto.fr\/wp-content\/uploads\/2022\/03\/VEILLEUX-1024x624.jpg 1024w, https:\/\/lignesauto.fr\/wp-content\/uploads\/2022\/03\/VEILLEUX-300x183.jpg 300w, https:\/\/lignesauto.fr\/wp-content\/uploads\/2022\/03\/VEILLEUX-768x468.jpg 768w, https:\/\/lignesauto.fr\/wp-content\/uploads\/2022\/03\/VEILLEUX.jpg 1417w\" sizes=\"(max-width: 1024px) 100vw, 1024px\" \/><\/figure>\n\n\n\n<p style=\"font-size:18px\">Chez Citro\u00ebn, un nouveau responsable de design int\u00e9rieur a \u00e9t\u00e9 nomm\u00e9&nbsp;: Sean Johnson, toujours sous la responsabilit\u00e9 de Pierre Leclercq, directeur du design de la marque au double-chevron. Sean a pass\u00e9 environ 14 ans au sein du groupe Jaguar-Land Rover et une dizaine d\u2019ann\u00e9e chez PSA, notamment comme designer&#8230; Citro\u00ebn de 2006 \u00e0 2012.<\/p>\n\n\n\n<figure class=\"wp-block-image size-large\"><img loading=\"lazy\" decoding=\"async\" width=\"1024\" height=\"683\" src=\"http:\/\/lignesauto.fr\/wp-content\/uploads\/2022\/03\/David-DURAND-1024x683.jpg\" alt=\"\" class=\"wp-image-24186\" srcset=\"https:\/\/lignesauto.fr\/wp-content\/uploads\/2022\/03\/David-DURAND-1024x683.jpg 1024w, https:\/\/lignesauto.fr\/wp-content\/uploads\/2022\/03\/David-DURAND-300x200.jpg 300w, https:\/\/lignesauto.fr\/wp-content\/uploads\/2022\/03\/David-DURAND-768x512.jpg 768w, https:\/\/lignesauto.fr\/wp-content\/uploads\/2022\/03\/David-DURAND.jpg 1417w\" sizes=\"(max-width: 1024px) 100vw, 1024px\" \/><\/figure>\n\n\n\n<p style=\"font-size:18px\">Dans cette nouvelle organisation, il faut \u00e9galement nommer David Durand (ci-dessus avec le nouveau Jogger), un fid\u00e8le et responsable de ce qui s&#8217;appelait alors &#8220;design de la gamme Global Access&#8221; et aujourd&#8217;hui responsable du studio design Dacia. Il nous expliquait r\u00e9cemment que le design Dacia &#8220;\u00e9vite les gestes inutiles et va \u00e0 l&#8217;essentiel. Il faut aussi tenir compte du fait que les clients Dacia conservent leur v\u00e9hicule jusqu&#8217;\u00e0 huit ans en moyenne, c&#8217;est important que le produit tienne dans la dur\u00e9e. On pr\u00e9f\u00e8re miser sur l&#8217;intemporalit\u00e9 d&#8217;un design qui ne vieillit pas, car il ne suit pas les modes. Le design Dacia, c&#8217;est la modernit\u00e9 dans la simplicit\u00e9.&#8221;<\/p>\n\n\n\n<h2 class=\"wp-block-heading\">VID\u00c9O SUR LE CHANGEMENT D\u2019IDENTIT\u00c9 DACIA<\/h2>\n\n\n\n<figure class=\"wp-block-video\"><video controls src=\"http:\/\/lignesauto.fr\/wp-content\/uploads\/2022\/03\/v-1.mp4\"><\/video><\/figure>\n\n\n\n<p style=\"font-size:18px\">Outre l&#8217;afflux de designers Citro\u00ebn au c\u0153ur m\u00eame de la cr\u00e9ation du concurrent Dacia, il faut retenir la cr\u00e9ation d&#8217;un d\u00e9partement de design avanc\u00e9 et des concept-cars. Une bonne nouvelle qui engage donc la marque \u00e0 nous promettre un concept-car visionnaire du Dacia-2035 !<\/p>\n\n\n\n<figure class=\"wp-block-image size-large\"><img loading=\"lazy\" decoding=\"async\" width=\"1024\" height=\"384\" src=\"http:\/\/lignesauto.fr\/wp-content\/uploads\/2022\/03\/LOGO-HISTOIRE-1024x384.jpg\" alt=\"\" class=\"wp-image-24223\" srcset=\"https:\/\/lignesauto.fr\/wp-content\/uploads\/2022\/03\/LOGO-HISTOIRE-1024x384.jpg 1024w, https:\/\/lignesauto.fr\/wp-content\/uploads\/2022\/03\/LOGO-HISTOIRE-300x112.jpg 300w, https:\/\/lignesauto.fr\/wp-content\/uploads\/2022\/03\/LOGO-HISTOIRE-768x288.jpg 768w, https:\/\/lignesauto.fr\/wp-content\/uploads\/2022\/03\/LOGO-HISTOIRE.jpg 1417w\" sizes=\"(max-width: 1024px) 100vw, 1024px\" \/><figcaption><strong>\u00c9volution du logo Dacia de 1968 \u00e0 2021<\/strong><\/figcaption><\/figure>\n\n\n\n<p style=\"font-size:18px\">Le dernier en date \u00e9tait le&#8230; Duster, bien diff\u00e9rent du produit que l&#8217;on connait. Et c&#8217;\u00e9tait en 2009 (ci-dessous). Reste une r\u00e9flexion concernant la fuite d&#8217;autant de designers de chez Citro\u00ebn, m\u00eame si l&#8217;on sait que le turn-over de designers est une situation connue dans l&#8217;univers assez restreint du monde du design automobile. La bonne nouvelle (on l\u2019esp\u00e8re !) est que dans le m\u00eame temps, du sang neuf arrive in\u00e9vitablement chez Citro\u00ebn&#8230;<\/p>\n\n\n\n<figure class=\"wp-block-image size-large\"><img loading=\"lazy\" decoding=\"async\" width=\"1024\" height=\"683\" src=\"http:\/\/lignesauto.fr\/wp-content\/uploads\/2022\/03\/DACIA_CITRON_04-1024x683.jpg\" alt=\"\" class=\"wp-image-24188\" srcset=\"https:\/\/lignesauto.fr\/wp-content\/uploads\/2022\/03\/DACIA_CITRON_04-1024x683.jpg 1024w, https:\/\/lignesauto.fr\/wp-content\/uploads\/2022\/03\/DACIA_CITRON_04-300x200.jpg 300w, https:\/\/lignesauto.fr\/wp-content\/uploads\/2022\/03\/DACIA_CITRON_04-768x512.jpg 768w, https:\/\/lignesauto.fr\/wp-content\/uploads\/2022\/03\/DACIA_CITRON_04.jpg 1417w\" sizes=\"(max-width: 1024px) 100vw, 1024px\" \/><\/figure>\n\n\n\n<div class=\"wp-block-image\"><figure class=\"aligncenter is-resized\"><img loading=\"lazy\" decoding=\"async\" src=\"http:\/\/lignesauto.fr\/wp-content\/uploads\/2018\/10\/LOGOActus_BD-1024x367.jpg\" alt=\"L\u2019attribut alt de cette image est vide, son nom de fichier est LOGOActus_BD-1024x367.jpg.\" width=\"658\" height=\"236\"\/><\/figure><\/div>\n","protected":false},"excerpt":{"rendered":"<p>Un vent in\u00e9dit souffle sur le studio de design Dacia&nbsp;! Apr\u00e8s avoir annonc\u00e9 l\u2019arriv\u00e9e d\u2019un nouveau directeur de design le 25 juin 2021 en la personne de Miles N\u00fcrnberger, l\u2019\u00e9quipe de design s\u2019est depuis le mois de janvier 2022 renforc\u00e9e avec les arriv\u00e9es successives de Romain Gauvin, responsable du design [&hellip;]<\/p>\n","protected":false},"author":1,"featured_media":24174,"comment_status":"closed","ping_status":"","sticky":false,"template":"","format":"standard","meta":{"footnotes":""},"categories":[1],"tags":[],"_links":{"self":[{"href":"https:\/\/lignesauto.fr\/index.php?rest_route=\/wp\/v2\/posts\/24166"}],"collection":[{"href":"https:\/\/lignesauto.fr\/index.php?rest_route=\/wp\/v2\/posts"}],"about":[{"href":"https:\/\/lignesauto.fr\/index.php?rest_route=\/wp\/v2\/types\/post"}],"author":[{"embeddable":true,"href":"https:\/\/lignesauto.fr\/index.php?rest_route=\/wp\/v2\/users\/1"}],"replies":[{"embeddable":true,"href":"https:\/\/lignesauto.fr\/index.php?rest_route=%2Fwp%2Fv2%2Fcomments&post=24166"}],"version-history":[{"count":32,"href":"https:\/\/lignesauto.fr\/index.php?rest_route=\/wp\/v2\/posts\/24166\/revisions"}],"predecessor-version":[{"id":24227,"href":"https:\/\/lignesauto.fr\/index.php?rest_route=\/wp\/v2\/posts\/24166\/revisions\/24227"}],"wp:featuredmedia":[{"embeddable":true,"href":"https:\/\/lignesauto.fr\/index.php?rest_route=\/wp\/v2\/media\/24174"}],"wp:attachment":[{"href":"https:\/\/lignesauto.fr\/index.php?rest_route=%2Fwp%2Fv2%2Fmedia&parent=24166"}],"wp:term":[{"taxonomy":"category","embeddable":true,"href":"https:\/\/lignesauto.fr\/index.php?rest_route=%2Fwp%2Fv2%2Fcategories&post=24166"},{"taxonomy":"post_tag","embeddable":true,"href":"https:\/\/lignesauto.fr\/index.php?rest_route=%2Fwp%2Fv2%2Ftags&post=24166"}],"curies":[{"name":"wp","href":"https:\/\/api.w.org\/{rel}","templated":true}]}}