{"id":24293,"date":"2022-03-07T06:59:00","date_gmt":"2022-03-07T05:59:00","guid":{"rendered":"http:\/\/lignesauto.fr\/?p=24293"},"modified":"2022-03-08T11:29:29","modified_gmt":"2022-03-08T10:29:29","slug":"exclusive-behind-the-scenes-of-the-designer-transfers-between-the-renault-group-and-stellantis","status":"publish","type":"post","link":"https:\/\/lignesauto.fr\/?p=24293","title":{"rendered":"ENRICHED VERSION: behind the scenes of the designer transfers between the Renault group and Stellantis"},"content":{"rendered":"\n<div class=\"wp-block-image\"><figure class=\"aligncenter is-resized\"><img loading=\"lazy\" decoding=\"async\" src=\"http:\/\/lignesauto.fr\/wp-content\/uploads\/2018\/10\/LOGOActus_BD-1024x367.jpg\" alt=\"L\u2019attribut alt de cette image est vide, son nom de fichier est LOGOActus_BD-1024x367.jpg.\" width=\"590\" height=\"212\"\/><\/figure><\/div>\n\n\n\n<p style=\"font-size:18px\"><strong>Here is an enriched version of our survey which allows us to answer the few questions that remained unanswered yesterday, notably at Peugeot. You will also discover that Alpine did not only draw from Ferrari&#8230; <\/strong>Over the past two years, there have been many heated exchanges between the Renault group&#8217;s pool of designers and Stellantis. <strong>We try with these different tables to list these movements, so we have enriched this version with other movements of which we have knowledge<\/strong>. These excerpts from Excel reveal almost thirty departures and arrivals, from Stellantis to the Renault group, from the Renault group to Stellantis, but also departures from Stellantis and the Renault group to other manufacturers, and the arrival of new designers from different backgrounds in the two French groups. In short, the changes in the staffing of the design offices of the two French giants have shaken up (almost) the entire automotive design world!<\/p>\n\n\n\n<figure class=\"wp-block-image size-large\"><img loading=\"lazy\" decoding=\"async\" width=\"1024\" height=\"659\" src=\"http:\/\/lignesauto.fr\/wp-content\/uploads\/2022\/03\/VDA-VIDAL-DE-MEO-1024x659.png\" alt=\"\" class=\"wp-image-24259\" srcset=\"https:\/\/lignesauto.fr\/wp-content\/uploads\/2022\/03\/VDA-VIDAL-DE-MEO-1024x659.png 1024w, https:\/\/lignesauto.fr\/wp-content\/uploads\/2022\/03\/VDA-VIDAL-DE-MEO-300x193.png 300w, https:\/\/lignesauto.fr\/wp-content\/uploads\/2022\/03\/VDA-VIDAL-DE-MEO-768x494.png 768w, https:\/\/lignesauto.fr\/wp-content\/uploads\/2022\/03\/VDA-VIDAL-DE-MEO.png 1417w\" sizes=\"(max-width: 1024px) 100vw, 1024px\" \/><figcaption><strong>Two years ago, this photo was very unlikely: Gilles Vidal, on the right of the M\u00e9gane E-TECH, with Laurens van den Acker (left) and the new boss Luca de Meo.<\/strong><\/figcaption><\/figure>\n\n\n\n<p style=\"font-size:18px\">In private, a Stellantis designer told me that this war was originally declared by his group: Carlos Tavares, who moved from Renault to PSA, did not hesitate to recruit some very good people from Renault, especially in the fields of management and engineering. The belligerents then found themselves in the ring of the design world. The Renault group took its first revenge with the transfer of Gilles Vidal from the Peugeot design department to that of the Renault brand. The great leaders of automobile design will tell you that this is logical and usual, that turnover has existed for a long time. But this issue shows that the movements have been unusually large.<\/p>\n\n\n\n<p class=\"has-medium-font-size\"><strong>10 MOVEMENTS OF STELLANTIS TO THE RENAULT GROUP: enhanced version<\/strong><\/p>\n\n\n\n<figure class=\"wp-block-image size-large\"><img loading=\"lazy\" decoding=\"async\" width=\"1024\" height=\"251\" src=\"http:\/\/lignesauto.fr\/wp-content\/uploads\/2022\/03\/AX-1024x251.png\" alt=\"\" class=\"wp-image-24555\" srcset=\"https:\/\/lignesauto.fr\/wp-content\/uploads\/2022\/03\/AX-1024x251.png 1024w, https:\/\/lignesauto.fr\/wp-content\/uploads\/2022\/03\/AX-300x73.png 300w, https:\/\/lignesauto.fr\/wp-content\/uploads\/2022\/03\/AX-768x188.png 768w, https:\/\/lignesauto.fr\/wp-content\/uploads\/2022\/03\/AX.png 1417w\" sizes=\"(max-width: 1024px) 100vw, 1024px\" \/><figcaption><strong>No less than ten designers have left Stellantis for the Renault group. Note that Citro\u00ebn and the Peugeot Design Lab have seen a severe drain with designers joining Dacia, Renault and Alpine.<\/strong><\/figcaption><\/figure>\n\n\n\n<p style=\"font-size:18px\"><strong>Our tables are enriched, but if they only note the departure of four designers from Citro\u00ebn (see the table above, to which we must add the departure of Alexandra Bontemps, see below), we must take into account other movements.<\/strong> There was the departure to other horizons of C\u00e9line Manetta in September 2021 (she became a full-time &#8220;Artist of the French Air Force, Painter of the Air and Space&#8221; in addition to her job as a car designer), and we must also take into account the &#8220;internal&#8221; departures in the Stellantis group, such as that of Fr\u00e9d\u00e9ric Duvernier, ex-responsible for Citro\u00ebn&#8217;s concept cars, who has left to take charge of Lancia&#8217;s exterior design.<\/p>\n\n\n\n<figure class=\"wp-block-image size-large\"><img loading=\"lazy\" decoding=\"async\" width=\"1024\" height=\"555\" src=\"http:\/\/lignesauto.fr\/wp-content\/uploads\/2022\/03\/PIERRE-LECLERCQ-1024x555.png\" alt=\"\" class=\"wp-image-24260\" srcset=\"https:\/\/lignesauto.fr\/wp-content\/uploads\/2022\/03\/PIERRE-LECLERCQ-1024x555.png 1024w, https:\/\/lignesauto.fr\/wp-content\/uploads\/2022\/03\/PIERRE-LECLERCQ-300x163.png 300w, https:\/\/lignesauto.fr\/wp-content\/uploads\/2022\/03\/PIERRE-LECLERCQ-768x416.png 768w, https:\/\/lignesauto.fr\/wp-content\/uploads\/2022\/03\/PIERRE-LECLERCQ.png 1417w\" sizes=\"(max-width: 1024px) 100vw, 1024px\" \/><figcaption><strong>Pierre Leclercq, Citro\u00ebn&#8217;s design director, has renewed a large part of his design team since 2020.<\/strong><\/figcaption><\/figure>\n\n\n\n<p class=\"has-medium-font-size\"><strong>THE RENAULT GROUP&#8217;S MOVEMENTS TOWARDS STELLANTIS<\/strong><\/p>\n\n\n\n<figure class=\"wp-block-image size-large\"><img loading=\"lazy\" decoding=\"async\" width=\"1024\" height=\"121\" src=\"http:\/\/lignesauto.fr\/wp-content\/uploads\/2022\/03\/DE-RENAULT-VERS-STELLANTIS-1024x121.png\" alt=\"\" class=\"wp-image-24247\" srcset=\"https:\/\/lignesauto.fr\/wp-content\/uploads\/2022\/03\/DE-RENAULT-VERS-STELLANTIS-1024x121.png 1024w, https:\/\/lignesauto.fr\/wp-content\/uploads\/2022\/03\/DE-RENAULT-VERS-STELLANTIS-300x36.png 300w, https:\/\/lignesauto.fr\/wp-content\/uploads\/2022\/03\/DE-RENAULT-VERS-STELLANTIS-768x91.png 768w, https:\/\/lignesauto.fr\/wp-content\/uploads\/2022\/03\/DE-RENAULT-VERS-STELLANTIS-1536x182.png 1536w, https:\/\/lignesauto.fr\/wp-content\/uploads\/2022\/03\/DE-RENAULT-VERS-STELLANTIS-2048x243.png 2048w\" sizes=\"(max-width: 1024px) 100vw, 1024px\" \/><figcaption><strong>Renault design has lost three designers to Citro\u00ebn and Fiat. As for Alejandro Mesonero, his time at Dacia was short-lived!<\/strong><\/figcaption><\/figure>\n\n\n\n<h2 class=\"wp-block-heading\"><strong>FAR MORE DESIGNERS HAVE LEFT STELLANTIS FOR THE RENAULT GROUP THAN THE OTHER WAY ROUND.<\/strong><\/h2>\n\n\n\n<p style=\"font-size:18px\">However, it is at Citro\u00ebn that the movements were &#8211; and still are? &#8211; with two designers coming from Renault (Pierre Sabas and Yang Fu), one from Volkswagen, one from China and another from Land Rover (see table below). Pierre Leclercq confided to us a short while ago that he also trusts Indian designers, not necessarily trained in automobile design, to ensure a fresh look, notably in product design. This is undoubtedly also an obligation when we know that the Indian market is one of the brand&#8217;s priorities.<\/p>\n\n\n\n<figure class=\"wp-block-image size-large\"><img loading=\"lazy\" decoding=\"async\" width=\"1024\" height=\"572\" src=\"http:\/\/lignesauto.fr\/wp-content\/uploads\/2022\/03\/VIDAL-1024x572.jpg\" alt=\"\" class=\"wp-image-24274\" srcset=\"https:\/\/lignesauto.fr\/wp-content\/uploads\/2022\/03\/VIDAL-1024x572.jpg 1024w, https:\/\/lignesauto.fr\/wp-content\/uploads\/2022\/03\/VIDAL-300x167.jpg 300w, https:\/\/lignesauto.fr\/wp-content\/uploads\/2022\/03\/VIDAL-768x429.jpg 768w, https:\/\/lignesauto.fr\/wp-content\/uploads\/2022\/03\/VIDAL.jpg 1417w\" sizes=\"(max-width: 1024px) 100vw, 1024px\" \/><figcaption><strong>The fuse was lit by the departure of Gilles Vidal from the design department of Peugeot to that of Renault\u2026<\/strong><\/figcaption><\/figure>\n\n\n\n<p style=\"font-size:18px\">At Renault, there is a strong desire to continue to push the boundaries of innovation within the interior design of the Renault brand, with internal movements: the arrival of ChoungSun Oh at Guyancourt, from Renault&#8217;s design department in Korea, and that of Claudia Neves in 2021, in the Colours &amp; Materials department, from the design office in Sao Paulo. This strategy is also confirmed by the arrival of Patrick Pieper in April 2021, still in Renault&#8217;s interior design. Patrick comes from Audi, where the young designer completed his thesis for six months after obtaining his Master of Arts in Interior Design at the University of Reutlingen.<\/p>\n\n\n\n<p class=\"has-medium-font-size\"><strong>ARRIVALS AT RENAULT, EXCLUDING STELLANTIS<\/strong><\/p>\n\n\n\n<figure class=\"wp-block-image size-large\"><img loading=\"lazy\" decoding=\"async\" width=\"1024\" height=\"122\" src=\"http:\/\/lignesauto.fr\/wp-content\/uploads\/2022\/03\/ARRIVEE-CHEZ-RENAULT-1024x122.png\" alt=\"\" class=\"wp-image-24250\" srcset=\"https:\/\/lignesauto.fr\/wp-content\/uploads\/2022\/03\/ARRIVEE-CHEZ-RENAULT-1024x122.png 1024w, https:\/\/lignesauto.fr\/wp-content\/uploads\/2022\/03\/ARRIVEE-CHEZ-RENAULT-300x36.png 300w, https:\/\/lignesauto.fr\/wp-content\/uploads\/2022\/03\/ARRIVEE-CHEZ-RENAULT-768x92.png 768w, https:\/\/lignesauto.fr\/wp-content\/uploads\/2022\/03\/ARRIVEE-CHEZ-RENAULT-1536x183.png 1536w, https:\/\/lignesauto.fr\/wp-content\/uploads\/2022\/03\/ARRIVEE-CHEZ-RENAULT-2048x244.png 2048w\" sizes=\"(max-width: 1024px) 100vw, 1024px\" \/><figcaption><strong>Alpine recruits from both an independent and a (very) sporty manufacturer! As for Dacia, the head of its design department is the former director of Aston Martin design!<\/strong><\/figcaption><\/figure>\n\n\n\n<figure class=\"wp-block-image size-large\"><img loading=\"lazy\" decoding=\"async\" width=\"1024\" height=\"769\" src=\"http:\/\/lignesauto.fr\/wp-content\/uploads\/2022\/03\/180962-car-monza-sp2-1024x769.jpg\" alt=\"\" class=\"wp-image-24339\" srcset=\"https:\/\/lignesauto.fr\/wp-content\/uploads\/2022\/03\/180962-car-monza-sp2-1024x769.jpg 1024w, https:\/\/lignesauto.fr\/wp-content\/uploads\/2022\/03\/180962-car-monza-sp2-300x225.jpg 300w, https:\/\/lignesauto.fr\/wp-content\/uploads\/2022\/03\/180962-car-monza-sp2-768x577.jpg 768w, https:\/\/lignesauto.fr\/wp-content\/uploads\/2022\/03\/180962-car-monza-sp2-1536x1154.jpg 1536w, https:\/\/lignesauto.fr\/wp-content\/uploads\/2022\/03\/180962-car-monza-sp2-2048x1539.jpg 2048w\" sizes=\"(max-width: 1024px) 100vw, 1024px\" \/><figcaption><strong>A Ferrari designer has been poached to join the Alpine design centre<\/strong><\/figcaption><\/figure>\n\n\n\n<p style=\"font-size:18px\">We also note that Renault is attracting designers from rather prestigious brands: Miles N\u00fcrnberger, head of Dacia design, comes from Aston Martin, while Alpine design &#8211; under the responsibility of Antony Villain since December 2012 &#8211; has recruited a Ferrari designer, in the person of Adrien Acquitter.<\/p>\n\n\n\n<p class=\"has-medium-font-size\"><strong>ARRIVALS AT STELLANTIS, OUTSIDE THE RENAULT GROUP<\/strong><\/p>\n\n\n\n<figure class=\"wp-block-image size-large\"><img loading=\"lazy\" decoding=\"async\" width=\"1024\" height=\"209\" src=\"http:\/\/lignesauto.fr\/wp-content\/uploads\/2022\/03\/ARRIVEE-CHEZ-STELLANTIS-1024x209.png\" alt=\"\" class=\"wp-image-24249\" srcset=\"https:\/\/lignesauto.fr\/wp-content\/uploads\/2022\/03\/ARRIVEE-CHEZ-STELLANTIS-1024x209.png 1024w, https:\/\/lignesauto.fr\/wp-content\/uploads\/2022\/03\/ARRIVEE-CHEZ-STELLANTIS-300x61.png 300w, https:\/\/lignesauto.fr\/wp-content\/uploads\/2022\/03\/ARRIVEE-CHEZ-STELLANTIS-768x157.png 768w, https:\/\/lignesauto.fr\/wp-content\/uploads\/2022\/03\/ARRIVEE-CHEZ-STELLANTIS-1536x314.png 1536w, https:\/\/lignesauto.fr\/wp-content\/uploads\/2022\/03\/ARRIVEE-CHEZ-STELLANTIS-2048x418.png 2048w\" sizes=\"(max-width: 1024px) 100vw, 1024px\" \/><figcaption><strong>While Citro\u00ebn has recruited a lot of people from outside (from VW, Land Rover and even China), Opel has also reinforced its teams. Peugeot has confidence in the &#8220;training&#8221; of designers who go to RCD, where a certain Dan Abramson, ex-grand designer of Citro\u00ebn, works!<\/strong><\/figcaption><\/figure>\n\n\n\n<h2 class=\"wp-block-heading\">Order our new bilingual quarterly LIGNES\/auto#06 with its file on &#8220;Design 2035&#8221; here: <a href=\"https:\/\/lignesautoeditions.fr\">https:\/\/lignesautoeditions.fr<\/a><\/h2>\n\n\n\n<figure class=\"wp-block-image size-large\"><img loading=\"lazy\" decoding=\"async\" width=\"1024\" height=\"689\" src=\"http:\/\/lignesauto.fr\/wp-content\/uploads\/2022\/03\/COLOMBE_RAB_04-1024x689.png\" alt=\"\" class=\"wp-image-24262\" srcset=\"https:\/\/lignesauto.fr\/wp-content\/uploads\/2022\/03\/COLOMBE_RAB_04-1024x689.png 1024w, https:\/\/lignesauto.fr\/wp-content\/uploads\/2022\/03\/COLOMBE_RAB_04-300x202.png 300w, https:\/\/lignesauto.fr\/wp-content\/uploads\/2022\/03\/COLOMBE_RAB_04-768x517.png 768w, https:\/\/lignesauto.fr\/wp-content\/uploads\/2022\/03\/COLOMBE_RAB_04.png 1417w\" sizes=\"(max-width: 1024px) 100vw, 1024px\" \/><figcaption><strong>The young designer Thomas Busson has just been hired as interior designer by Maserati (Stellantis) at the design centre in Turin. Here is the interior of his personal project Colombe of a limousine from 2040.<\/strong><\/figcaption><\/figure>\n\n\n\n<p class=\"has-medium-font-size\"><strong>DEPARTURES FROM THE RENAULT GROUP AND STELLANTIS<\/strong><\/p>\n\n\n\n<figure class=\"wp-block-image size-large\"><img loading=\"lazy\" decoding=\"async\" width=\"1024\" height=\"102\" src=\"http:\/\/lignesauto.fr\/wp-content\/uploads\/2022\/03\/DEPARTS-RENAULT-STELLANTIS-1024x102.png\" alt=\"\" class=\"wp-image-24251\" srcset=\"https:\/\/lignesauto.fr\/wp-content\/uploads\/2022\/03\/DEPARTS-RENAULT-STELLANTIS-1024x102.png 1024w, https:\/\/lignesauto.fr\/wp-content\/uploads\/2022\/03\/DEPARTS-RENAULT-STELLANTIS-300x30.png 300w, https:\/\/lignesauto.fr\/wp-content\/uploads\/2022\/03\/DEPARTS-RENAULT-STELLANTIS-768x77.png 768w, https:\/\/lignesauto.fr\/wp-content\/uploads\/2022\/03\/DEPARTS-RENAULT-STELLANTIS-1536x153.png 1536w, https:\/\/lignesauto.fr\/wp-content\/uploads\/2022\/03\/DEPARTS-RENAULT-STELLANTIS-2048x204.png 2048w\" sizes=\"(max-width: 1024px) 100vw, 1024px\" \/><\/figure>\n\n\n\n<figure class=\"wp-block-image size-large\"><img loading=\"lazy\" decoding=\"async\" width=\"1024\" height=\"683\" src=\"http:\/\/lignesauto.fr\/wp-content\/uploads\/2022\/03\/ANTONY-LO-1024x683.jpg\" alt=\"\" class=\"wp-image-24266\" srcset=\"https:\/\/lignesauto.fr\/wp-content\/uploads\/2022\/03\/ANTONY-LO-1024x683.jpg 1024w, https:\/\/lignesauto.fr\/wp-content\/uploads\/2022\/03\/ANTONY-LO-300x200.jpg 300w, https:\/\/lignesauto.fr\/wp-content\/uploads\/2022\/03\/ANTONY-LO-768x512.jpg 768w, https:\/\/lignesauto.fr\/wp-content\/uploads\/2022\/03\/ANTONY-LO.jpg 1417w\" sizes=\"(max-width: 1024px) 100vw, 1024px\" \/><figcaption><strong>Anthony Lo (right), previously Laurens van den Acker&#8217;s right-hand man at Renault, has left the French company to become Ford&#8217;s design boss!<\/strong><\/figcaption><\/figure>\n\n\n\n<p style=\"font-size:18px\">At Peugeot, the context is totally different. The departure of Gilles Vidal in 2020 did not shake the edifice, since Matthias Hossann, who took over the reins of the brand&#8217;s design, was an integral part of the team, with his function as head of phase advances and concept cars. <strong>It was rather the Peugeot Design Lab department that was siphoned off at the end of last year by Renault (see our first table). However, we should note the arrival at Peugeot last January of Pierre Fichet Delavault from Faurecia in the position of interior designer.<\/strong><\/p>\n\n\n\n<figure class=\"wp-block-image size-large\"><img loading=\"lazy\" decoding=\"async\" width=\"1024\" height=\"650\" src=\"http:\/\/lignesauto.fr\/wp-content\/uploads\/2022\/03\/HOSSANN-BRISONNEAU-1024x650.jpg\" alt=\"\" class=\"wp-image-24268\" srcset=\"https:\/\/lignesauto.fr\/wp-content\/uploads\/2022\/03\/HOSSANN-BRISONNEAU-1024x650.jpg 1024w, https:\/\/lignesauto.fr\/wp-content\/uploads\/2022\/03\/HOSSANN-BRISONNEAU-300x190.jpg 300w, https:\/\/lignesauto.fr\/wp-content\/uploads\/2022\/03\/HOSSANN-BRISONNEAU-768x487.jpg 768w, https:\/\/lignesauto.fr\/wp-content\/uploads\/2022\/03\/HOSSANN-BRISONNEAU.jpg 1417w\" sizes=\"(max-width: 1024px) 100vw, 1024px\" \/><figcaption><strong>Can we talk about a &#8220;family&#8221; within Peugeot design? Without a doubt. It is also the one least affected by transfers. On the left, Matthias Hossann, the brand&#8217;s design manager since July 2020, with designer Nicolas Brissonneau.<\/strong><\/figcaption><\/figure>\n\n\n\n<p style=\"font-size:18px\">Last but not least, the Renault, Citro\u00ebn and Dacia brands have changed their head of advanced design and concept cars. At Renault, it was a question of replacing Fran\u00e7ois Leboine (below). Sandeep Bhambra, a loyal member of Gilles Vidal&#8217;s team, crossed the fifteen kilometres that separate Stellantis from Renault to replace him. At Citro\u00ebn, the idea was to find a replacement for Fr\u00e9d\u00e9ric Duvernier, who had left for Lancia: Pierre Sabas, ex-designer of the Clio at Renault, followed the opposite path of Sandeep to adopt the double chevron as an emblem of change..<\/p>\n\n\n\n<figure class=\"wp-block-image size-large\"><img loading=\"lazy\" decoding=\"async\" width=\"683\" height=\"1024\" src=\"http:\/\/lignesauto.fr\/wp-content\/uploads\/2022\/03\/Franc\u0327ois-LEBOINE-1-683x1024.jpg\" alt=\"\" class=\"wp-image-24270\" srcset=\"https:\/\/lignesauto.fr\/wp-content\/uploads\/2022\/03\/Franc\u0327ois-LEBOINE-1-683x1024.jpg 683w, https:\/\/lignesauto.fr\/wp-content\/uploads\/2022\/03\/Franc\u0327ois-LEBOINE-1-200x300.jpg 200w, https:\/\/lignesauto.fr\/wp-content\/uploads\/2022\/03\/Franc\u0327ois-LEBOINE-1-768x1152.jpg 768w, https:\/\/lignesauto.fr\/wp-content\/uploads\/2022\/03\/Franc\u0327ois-LEBOINE-1-1024x1536.jpg 1024w, https:\/\/lignesauto.fr\/wp-content\/uploads\/2022\/03\/Franc\u0327ois-LEBOINE-1-1365x2048.jpg 1365w, https:\/\/lignesauto.fr\/wp-content\/uploads\/2022\/03\/Franc\u0327ois-LEBOINE-1.jpg 1417w\" sizes=\"(max-width: 683px) 100vw, 683px\" \/><figcaption><strong>Fran\u00e7ois Leboine, from head of advanced styling and concept cars at Renault to head of design at Fiat and Abarth\u2026<\/strong><\/figcaption><\/figure>\n\n\n\n<p style=\"font-size:18px\">At Dacia, the designer responsible for the advanced design and concept cars was Yann Jarsall\u00e9, who designed the Renault DeZir and TreZor concept cars, among others. He has left to join St\u00e9phane Janin (ex-responsible for concept cars at Renault) at GAC and is therefore replaced by Romain Gauvin from Citro\u00ebn. This says a lot about the desire for a breakthrough in the field of early design at Renault, Citro\u00ebn and Dacia\u2026 At Peugeot, for the reasons explained above, design did not really appoint a &#8216;phase advance manager&#8217; since this was the job of Matthiass Hossann*.<\/p>\n\n\n\n<p style=\"font-size:18px\"><em>*Matthias Hossann joined the PSA Group in 2002 as a Citro\u00ebn designer. In 2008 he moved to the Citro\u00ebn\/DS design studio in Shanghai and returned in October 2013 to take responsibility for Peugeot&#8217;s advanced design and concept cars before being appointed design director of the brand in July 2020.<\/em><\/p>\n\n\n\n<figure class=\"wp-block-image size-large\"><img loading=\"lazy\" decoding=\"async\" width=\"1024\" height=\"898\" src=\"http:\/\/lignesauto.fr\/wp-content\/uploads\/2022\/03\/MOTO-GAUVIN-1024x898.png\" alt=\"\" class=\"wp-image-24273\" srcset=\"https:\/\/lignesauto.fr\/wp-content\/uploads\/2022\/03\/MOTO-GAUVIN-1024x898.png 1024w, https:\/\/lignesauto.fr\/wp-content\/uploads\/2022\/03\/MOTO-GAUVIN-300x263.png 300w, https:\/\/lignesauto.fr\/wp-content\/uploads\/2022\/03\/MOTO-GAUVIN-768x674.png 768w, https:\/\/lignesauto.fr\/wp-content\/uploads\/2022\/03\/MOTO-GAUVIN.png 1417w\" sizes=\"(max-width: 1024px) 100vw, 1024px\" \/><figcaption><strong>Romain Gauvin, author of the exterior design of the Citro\u00ebn 19_19 concept car, is now responsible for advanced design and Dacia concept cars. Above, one of his personal projects for a very typical motorbike.<\/strong><\/figcaption><\/figure>\n\n\n\n<p style=\"font-size:18px\">In the end, the storm of the designer mercato between the Renault and Stellantis groups is calming down. The results of these movements, notably at the head of the design of Peugeot, Renault, Dacia, Lancia, Fiat, etc. will be perceptible, at best, in the middle of this decade. Because if the wind has blown strongly, the heavy automobile industry still needs time to act on the change\u2026<\/p>\n\n\n\n<p class=\"has-medium-font-size\"><strong>The two managers in charge of &#8216;group design&#8217; at Renault (Lauren van den Acker) and Stellantis Europe (Jean-Pierre Plou\u00e9) have put together their new teams, both drawing on the staff of their competitors!<\/strong><\/p>\n\n\n\n<figure class=\"wp-block-image size-large\"><img loading=\"lazy\" decoding=\"async\" width=\"958\" height=\"1024\" src=\"http:\/\/lignesauto.fr\/wp-content\/uploads\/2022\/03\/OUVERTURE_00-958x1024.png\" alt=\"\" class=\"wp-image-24257\" srcset=\"https:\/\/lignesauto.fr\/wp-content\/uploads\/2022\/03\/OUVERTURE_00-958x1024.png 958w, https:\/\/lignesauto.fr\/wp-content\/uploads\/2022\/03\/OUVERTURE_00-281x300.png 281w, https:\/\/lignesauto.fr\/wp-content\/uploads\/2022\/03\/OUVERTURE_00-768x821.png 768w, https:\/\/lignesauto.fr\/wp-content\/uploads\/2022\/03\/OUVERTURE_00.png 1417w\" sizes=\"(max-width: 958px) 100vw, 958px\" \/><\/figure>\n\n\n\n<p class=\"has-medium-font-size\"><strong>SUMMARY TABLE TO BE LOADED VIA YOUR COMPUTER FOR A BETTER READABILITY. 28 MOVEMENTS FOR A MEMORABLE MERCATO<\/strong><\/p>\n\n\n\n<figure class=\"wp-block-image size-large\"><img loading=\"lazy\" decoding=\"async\" width=\"1024\" height=\"905\" src=\"http:\/\/lignesauto.fr\/wp-content\/uploads\/2022\/03\/AZ-1024x905.png\" alt=\"\" class=\"wp-image-24556\" srcset=\"https:\/\/lignesauto.fr\/wp-content\/uploads\/2022\/03\/AZ-1024x905.png 1024w, https:\/\/lignesauto.fr\/wp-content\/uploads\/2022\/03\/AZ-300x265.png 300w, https:\/\/lignesauto.fr\/wp-content\/uploads\/2022\/03\/AZ-768x679.png 768w, https:\/\/lignesauto.fr\/wp-content\/uploads\/2022\/03\/AZ.png 1417w\" sizes=\"(max-width: 1024px) 100vw, 1024px\" \/><\/figure>\n\n\n\n<div class=\"wp-block-image\"><figure class=\"aligncenter size-large is-resized\"><img loading=\"lazy\" decoding=\"async\" src=\"http:\/\/lignesauto.fr\/wp-content\/uploads\/2018\/10\/LOGOActus_BD-1024x367.jpg\" alt=\"\" class=\"wp-image-4921\" width=\"720\" height=\"258\" srcset=\"https:\/\/lignesauto.fr\/wp-content\/uploads\/2018\/10\/LOGOActus_BD-1024x367.jpg 1024w, https:\/\/lignesauto.fr\/wp-content\/uploads\/2018\/10\/LOGOActus_BD-300x108.jpg 300w, https:\/\/lignesauto.fr\/wp-content\/uploads\/2018\/10\/LOGOActus_BD-768x276.jpg 768w, https:\/\/lignesauto.fr\/wp-content\/uploads\/2018\/10\/LOGOActus_BD-370x133.jpg 370w, https:\/\/lignesauto.fr\/wp-content\/uploads\/2018\/10\/LOGOActus_BD-1040x373.jpg 1040w, https:\/\/lignesauto.fr\/wp-content\/uploads\/2018\/10\/LOGOActus_BD.jpg 1240w\" sizes=\"(max-width: 720px) 100vw, 720px\" \/><\/figure><\/div>\n","protected":false},"excerpt":{"rendered":"<p>Here is an enriched version of our survey which allows us to answer the few questions that remained unanswered yesterday, notably at Peugeot. You will also discover that Alpine did not only draw from Ferrari&#8230; Over the past two years, there have been many heated exchanges between the Renault group&#8217;s [&hellip;]<\/p>\n","protected":false},"author":1,"featured_media":24550,"comment_status":"closed","ping_status":"","sticky":false,"template":"","format":"standard","meta":{"footnotes":""},"categories":[1],"tags":[],"_links":{"self":[{"href":"https:\/\/lignesauto.fr\/index.php?rest_route=\/wp\/v2\/posts\/24293"}],"collection":[{"href":"https:\/\/lignesauto.fr\/index.php?rest_route=\/wp\/v2\/posts"}],"about":[{"href":"https:\/\/lignesauto.fr\/index.php?rest_route=\/wp\/v2\/types\/post"}],"author":[{"embeddable":true,"href":"https:\/\/lignesauto.fr\/index.php?rest_route=\/wp\/v2\/users\/1"}],"replies":[{"embeddable":true,"href":"https:\/\/lignesauto.fr\/index.php?rest_route=%2Fwp%2Fv2%2Fcomments&post=24293"}],"version-history":[{"count":51,"href":"https:\/\/lignesauto.fr\/index.php?rest_route=\/wp\/v2\/posts\/24293\/revisions"}],"predecessor-version":[{"id":24559,"href":"https:\/\/lignesauto.fr\/index.php?rest_route=\/wp\/v2\/posts\/24293\/revisions\/24559"}],"wp:featuredmedia":[{"embeddable":true,"href":"https:\/\/lignesauto.fr\/index.php?rest_route=\/wp\/v2\/media\/24550"}],"wp:attachment":[{"href":"https:\/\/lignesauto.fr\/index.php?rest_route=%2Fwp%2Fv2%2Fmedia&parent=24293"}],"wp:term":[{"taxonomy":"category","embeddable":true,"href":"https:\/\/lignesauto.fr\/index.php?rest_route=%2Fwp%2Fv2%2Fcategories&post=24293"},{"taxonomy":"post_tag","embeddable":true,"href":"https:\/\/lignesauto.fr\/index.php?rest_route=%2Fwp%2Fv2%2Ftags&post=24293"}],"curies":[{"name":"wp","href":"https:\/\/api.w.org\/{rel}","templated":true}]}}