{"id":25176,"date":"2022-05-19T10:34:33","date_gmt":"2022-05-19T08:34:33","guid":{"rendered":"http:\/\/lignesauto.fr\/?p=25176"},"modified":"2022-05-20T09:27:13","modified_gmt":"2022-05-20T07:27:13","slug":"all-about-the-new-renault-scenic-vision-concept","status":"publish","type":"post","link":"https:\/\/lignesauto.fr\/?p=25176","title":{"rendered":"All about the new Renault Sc\u00e9nic Vision concept"},"content":{"rendered":"\n<div class=\"wp-block-image\"><figure class=\"aligncenter size-large is-resized\"><img loading=\"lazy\" decoding=\"async\" src=\"http:\/\/lignesauto.fr\/wp-content\/uploads\/2018\/10\/LOGOActus_BD-1024x367.jpg\" alt=\"\" class=\"wp-image-4921\" width=\"564\" height=\"202\" srcset=\"https:\/\/lignesauto.fr\/wp-content\/uploads\/2018\/10\/LOGOActus_BD-1024x367.jpg 1024w, https:\/\/lignesauto.fr\/wp-content\/uploads\/2018\/10\/LOGOActus_BD-300x108.jpg 300w, https:\/\/lignesauto.fr\/wp-content\/uploads\/2018\/10\/LOGOActus_BD-768x276.jpg 768w, https:\/\/lignesauto.fr\/wp-content\/uploads\/2018\/10\/LOGOActus_BD-370x133.jpg 370w, https:\/\/lignesauto.fr\/wp-content\/uploads\/2018\/10\/LOGOActus_BD-1040x373.jpg 1040w, https:\/\/lignesauto.fr\/wp-content\/uploads\/2018\/10\/LOGOActus_BD.jpg 1240w\" sizes=\"(max-width: 564px) 100vw, 564px\" \/><\/figure><\/div>\n\n\n\n<figure class=\"wp-block-image size-large\"><img loading=\"lazy\" decoding=\"async\" width=\"1024\" height=\"754\" src=\"http:\/\/lignesauto.fr\/wp-content\/uploads\/2022\/05\/Capture-de\u0301cran-2022-05-16-a\u0300-17.43.40-1024x754.png\" alt=\"\" class=\"wp-image-25103\" srcset=\"https:\/\/lignesauto.fr\/wp-content\/uploads\/2022\/05\/Capture-de\u0301cran-2022-05-16-a\u0300-17.43.40-1024x754.png 1024w, https:\/\/lignesauto.fr\/wp-content\/uploads\/2022\/05\/Capture-de\u0301cran-2022-05-16-a\u0300-17.43.40-300x221.png 300w, https:\/\/lignesauto.fr\/wp-content\/uploads\/2022\/05\/Capture-de\u0301cran-2022-05-16-a\u0300-17.43.40-768x565.png 768w, https:\/\/lignesauto.fr\/wp-content\/uploads\/2022\/05\/Capture-de\u0301cran-2022-05-16-a\u0300-17.43.40.png 1417w\" sizes=\"(max-width: 1024px) 100vw, 1024px\" \/><\/figure>\n\n\n\n<p><strong>DISCOVER THE SCENIC VISION CONCEPT WITH THE VIDEO LIGNES\/auto :<\/strong><\/p>\n\n\n\n<figure class=\"wp-block-embed is-type-video is-provider-youtube wp-block-embed-youtube wp-embed-aspect-16-9 wp-has-aspect-ratio\"><div class=\"wp-block-embed__wrapper\">\n<iframe loading=\"lazy\" title=\"LIGNES\/auto pr\u00e9sente le Concept Sce\u0301nic Vision mai 2022\" width=\"640\" height=\"360\" src=\"https:\/\/www.youtube.com\/embed\/5n6G93JZfRo?feature=oembed\" frameborder=\"0\" allow=\"accelerometer; autoplay; clipboard-write; encrypted-media; gyroscope; picture-in-picture; web-share\" referrerpolicy=\"strict-origin-when-cross-origin\" allowfullscreen><\/iframe>\n<\/div><\/figure>\n\n\n\n<p><strong>WELCOME TO 2024<\/strong><\/p>\n\n\n\n<p style=\"font-size:18px\">The Sc\u00e9nic Vision concept car carries three messages:<br><strong>1-<\/strong>it unveils the style of the next generation of Sc\u00e9nic scheduled for 2024, 100% electric and based on the platform of the recent M\u00e9gane E-TECH saloon<br><strong>2-<\/strong>the new and forward-looking interior (2028) of what could be the post-Open R<br><strong>3-<\/strong>the electric powertrain with a range extender in the form of a hydrogen fuel cell (post-2030) that allows a range of 800 kg with a single stop of a few minutes to fill the hydrogen tank.<\/p>\n\n\n\n<figure class=\"wp-block-image size-large\"><img loading=\"lazy\" decoding=\"async\" width=\"1024\" height=\"697\" src=\"http:\/\/lignesauto.fr\/wp-content\/uploads\/2022\/05\/E1-1024x697.png\" alt=\"\" class=\"wp-image-25108\" srcset=\"https:\/\/lignesauto.fr\/wp-content\/uploads\/2022\/05\/E1-1024x697.png 1024w, https:\/\/lignesauto.fr\/wp-content\/uploads\/2022\/05\/E1-300x204.png 300w, https:\/\/lignesauto.fr\/wp-content\/uploads\/2022\/05\/E1-768x522.png 768w, https:\/\/lignesauto.fr\/wp-content\/uploads\/2022\/05\/E1.png 1417w\" sizes=\"(max-width: 1024px) 100vw, 1024px\" \/><\/figure>\n\n\n\n<p style=\"font-size:18px\">Below, the morphology of the Scenic 2024, which is 90% visible on this concept, no longer uses a unibody or One Box design, but a classic architecture with a flat bonnet (on the concept, it hides the hydrogen tank), a windscreen pillar that is set back quite a bit and a hatchback volume with a sloping tailgate.<\/p>\n\n\n\n<figure class=\"wp-block-image size-large\"><img loading=\"lazy\" decoding=\"async\" width=\"1024\" height=\"578\" src=\"http:\/\/lignesauto.fr\/wp-content\/uploads\/2022\/05\/LIGNES_SCENIC_409-1024x578.png\" alt=\"\" class=\"wp-image-25077\" srcset=\"https:\/\/lignesauto.fr\/wp-content\/uploads\/2022\/05\/LIGNES_SCENIC_409-1024x578.png 1024w, https:\/\/lignesauto.fr\/wp-content\/uploads\/2022\/05\/LIGNES_SCENIC_409-300x169.png 300w, https:\/\/lignesauto.fr\/wp-content\/uploads\/2022\/05\/LIGNES_SCENIC_409-768x434.png 768w, https:\/\/lignesauto.fr\/wp-content\/uploads\/2022\/05\/LIGNES_SCENIC_409.png 1417w\" sizes=\"(max-width: 1024px) 100vw, 1024px\" \/><\/figure>\n\n\n\n<p style=\"font-size:18px\">The front end has a very angular style, with daytime running lights that interpret the Renault logo in a half-angel shape. The front grille is solid, as this is an all-electric car, but it is embellished with motifs that slide under the transparent band.<\/p>\n\n\n\n<figure class=\"wp-block-image size-large\"><img loading=\"lazy\" decoding=\"async\" width=\"1024\" height=\"560\" src=\"http:\/\/lignesauto.fr\/wp-content\/uploads\/2022\/05\/LIGNES_SCENIC_19-1024x560.png\" alt=\"\" class=\"wp-image-25112\" srcset=\"https:\/\/lignesauto.fr\/wp-content\/uploads\/2022\/05\/LIGNES_SCENIC_19-1024x560.png 1024w, https:\/\/lignesauto.fr\/wp-content\/uploads\/2022\/05\/LIGNES_SCENIC_19-300x164.png 300w, https:\/\/lignesauto.fr\/wp-content\/uploads\/2022\/05\/LIGNES_SCENIC_19-768x420.png 768w, https:\/\/lignesauto.fr\/wp-content\/uploads\/2022\/05\/LIGNES_SCENIC_19.png 1417w\" sizes=\"(max-width: 1024px) 100vw, 1024px\" \/><\/figure>\n\n\n\n<p style=\"font-size:18px\"><strong>Above, <\/strong>the transparent band that runs across the entire width of the Sc\u00e9nic (A) extends over the grille. The logo graphics are thus partly covered by the headlights.<\/p>\n\n\n\n<figure class=\"wp-block-image size-large\"><img loading=\"lazy\" decoding=\"async\" width=\"1024\" height=\"562\" src=\"http:\/\/lignesauto.fr\/wp-content\/uploads\/2022\/05\/LIGNES_SCENIC_15-1024x562.png\" alt=\"\" class=\"wp-image-25078\" srcset=\"https:\/\/lignesauto.fr\/wp-content\/uploads\/2022\/05\/LIGNES_SCENIC_15-1024x562.png 1024w, https:\/\/lignesauto.fr\/wp-content\/uploads\/2022\/05\/LIGNES_SCENIC_15-300x165.png 300w, https:\/\/lignesauto.fr\/wp-content\/uploads\/2022\/05\/LIGNES_SCENIC_15-768x422.png 768w, https:\/\/lignesauto.fr\/wp-content\/uploads\/2022\/05\/LIGNES_SCENIC_15.png 1417w\" sizes=\"(max-width: 1024px) 100vw, 1024px\" \/><\/figure>\n\n\n\n<p style=\"font-size:18px\">The next Sc\u00e9nic will not be a unibody: its bonnet is very flat, muscular and the windscreen bay is set back like on a M\u00e9gane or even a Peugeot 308! But the generous wheelbase of the 2024 Sc\u00e9nic (2.83 m, 5 cm more than that of the large Citro\u00ebn C5X) will allow for good interior space. As Gilles Vidal says, &#8220;Sc\u00e9nic is not a silhouette, it&#8217;s a reason for being\u2026&#8221;.<\/p>\n\n\n\n<figure class=\"wp-block-image size-large\"><img loading=\"lazy\" decoding=\"async\" width=\"1024\" height=\"577\" src=\"http:\/\/lignesauto.fr\/wp-content\/uploads\/2022\/05\/LIGNES_SCENIC_407-1024x577.png\" alt=\"\" class=\"wp-image-25076\" srcset=\"https:\/\/lignesauto.fr\/wp-content\/uploads\/2022\/05\/LIGNES_SCENIC_407-1024x577.png 1024w, https:\/\/lignesauto.fr\/wp-content\/uploads\/2022\/05\/LIGNES_SCENIC_407-300x169.png 300w, https:\/\/lignesauto.fr\/wp-content\/uploads\/2022\/05\/LIGNES_SCENIC_407-768x433.png 768w, https:\/\/lignesauto.fr\/wp-content\/uploads\/2022\/05\/LIGNES_SCENIC_407.png 1417w\" sizes=\"(max-width: 1024px) 100vw, 1024px\" \/><\/figure>\n\n\n\n<p style=\"font-size:18px\"><strong>Above<\/strong>, from the rear, the architecture is again very classic with a generous aerodynamic spoiler at the top, a sloping window and a fairly vertical tailgate with neat volumes. The bumper on the concept is reminiscent of the graphic module of the 2020 Morphoz concept car. The design of the rear lights is reminiscent of competing models. However, the light signature is inspired by the shape of the diamond, the carmaker&#8217;s emblem.<\/p>\n\n\n\n<figure class=\"wp-block-image size-large\"><img loading=\"lazy\" decoding=\"async\" width=\"1024\" height=\"567\" src=\"http:\/\/lignesauto.fr\/wp-content\/uploads\/2022\/05\/LIGNES_SCENIC_17-1024x567.png\" alt=\"\" class=\"wp-image-25090\" srcset=\"https:\/\/lignesauto.fr\/wp-content\/uploads\/2022\/05\/LIGNES_SCENIC_17-1024x567.png 1024w, https:\/\/lignesauto.fr\/wp-content\/uploads\/2022\/05\/LIGNES_SCENIC_17-300x166.png 300w, https:\/\/lignesauto.fr\/wp-content\/uploads\/2022\/05\/LIGNES_SCENIC_17-768x425.png 768w, https:\/\/lignesauto.fr\/wp-content\/uploads\/2022\/05\/LIGNES_SCENIC_17.png 1417w\" sizes=\"(max-width: 1024px) 100vw, 1024px\" \/><\/figure>\n\n\n\n<p style=\"font-size:18px\">The doors and their sills (above and below) are extremely well done. The design combines sculpted volumes, without edges (the wings), and others supported by lines that fade into a volume. Complicated to implement in stamping, this theme has already been seen at Peugeot, with the E-Legend.<\/p>\n\n\n\n<figure class=\"wp-block-image size-large\"><img loading=\"lazy\" decoding=\"async\" width=\"1024\" height=\"577\" src=\"http:\/\/lignesauto.fr\/wp-content\/uploads\/2022\/05\/LIGNES_SCENIC_12-1024x577.png\" alt=\"\" class=\"wp-image-25113\" srcset=\"https:\/\/lignesauto.fr\/wp-content\/uploads\/2022\/05\/LIGNES_SCENIC_12-1024x577.png 1024w, https:\/\/lignesauto.fr\/wp-content\/uploads\/2022\/05\/LIGNES_SCENIC_12-300x169.png 300w, https:\/\/lignesauto.fr\/wp-content\/uploads\/2022\/05\/LIGNES_SCENIC_12-768x433.png 768w, https:\/\/lignesauto.fr\/wp-content\/uploads\/2022\/05\/LIGNES_SCENIC_12.png 1417w\" sizes=\"(max-width: 1024px) 100vw, 1024px\" \/><\/figure>\n\n\n\n<p style=\"font-size:18px\">This close-up shows the sculpting work carried out on the sides of the concept, which will also be applied to the production vehicle. The 2024 Scenic, which is neither a unibody nor an SUV, borrows its wheel covers from the latter world. Like 70% of the car, they are made from recycled and\/or recyclable materials and take into account the entire manufacturing process in order to achieve carbon neutrality.<\/p>\n\n\n\n<figure class=\"wp-block-image size-large\"><img loading=\"lazy\" decoding=\"async\" width=\"1024\" height=\"581\" src=\"http:\/\/lignesauto.fr\/wp-content\/uploads\/2022\/05\/LIGNES_SCENIC_10-1024x581.png\" alt=\"\" class=\"wp-image-25089\" srcset=\"https:\/\/lignesauto.fr\/wp-content\/uploads\/2022\/05\/LIGNES_SCENIC_10-1024x581.png 1024w, https:\/\/lignesauto.fr\/wp-content\/uploads\/2022\/05\/LIGNES_SCENIC_10-300x170.png 300w, https:\/\/lignesauto.fr\/wp-content\/uploads\/2022\/05\/LIGNES_SCENIC_10-768x436.png 768w, https:\/\/lignesauto.fr\/wp-content\/uploads\/2022\/05\/LIGNES_SCENIC_10.png 1417w\" sizes=\"(max-width: 1024px) 100vw, 1024px\" \/><\/figure>\n\n\n\n<p style=\"font-size:18px\"><strong>Above, <\/strong>the luminous stripes on the rear panel indicate the battery charge level. The triangular graphic design of the rear panel, while not original, provides simplification and a third side window of acceptable size.<\/p>\n\n\n\n<p><strong>DESIGN: what you need to know<\/strong><\/p>\n\n\n\n<p style=\"font-size:18px\">1- Muscular bonnet with a rounded front end.<br>2- Grille extending under the headlights<br>3- Engine bonnet overhanging the headlamp ramp, no visible joint, better visual quality<\/p>\n\n\n\n<figure class=\"wp-block-image size-large\"><img loading=\"lazy\" decoding=\"async\" width=\"1024\" height=\"580\" src=\"http:\/\/lignesauto.fr\/wp-content\/uploads\/2022\/05\/LIGNES_SCENIC_04-1024x580.png\" alt=\"\" class=\"wp-image-25111\" srcset=\"https:\/\/lignesauto.fr\/wp-content\/uploads\/2022\/05\/LIGNES_SCENIC_04-1024x580.png 1024w, https:\/\/lignesauto.fr\/wp-content\/uploads\/2022\/05\/LIGNES_SCENIC_04-300x170.png 300w, https:\/\/lignesauto.fr\/wp-content\/uploads\/2022\/05\/LIGNES_SCENIC_04-768x435.png 768w, https:\/\/lignesauto.fr\/wp-content\/uploads\/2022\/05\/LIGNES_SCENIC_04.png 1417w\" sizes=\"(max-width: 1024px) 100vw, 1024px\" \/><\/figure>\n\n\n\n<p style=\"font-size:18px\">4- Discreet roof bars, reminiscent of the welding technique used on the roof of the R16 (1965)<br>5- Curved fenders, without edges<br>6- The underbody is worked with two edges<br>7- The Renault logo in the wheels remains vertical when driving, like on\u2026 a Rolls-Royce<\/p>\n\n\n\n<p><strong>WELCOME TO 2028<\/strong><\/p>\n\n\n\n<p style=\"font-size:18px\">In the concept car, we are no longer in the Scenic of 2024, but travelling to 2028. This forward-looking interior, still designed with the red thread of the circular economy with recycled and recyclable materials, will appear in whole or in part in future models.<\/p>\n\n\n\n<figure class=\"wp-block-image size-large\"><img loading=\"lazy\" decoding=\"async\" width=\"1024\" height=\"563\" src=\"http:\/\/lignesauto.fr\/wp-content\/uploads\/2022\/05\/LIGNES_SCENIC_14-1024x563.png\" alt=\"\" class=\"wp-image-25079\" srcset=\"https:\/\/lignesauto.fr\/wp-content\/uploads\/2022\/05\/LIGNES_SCENIC_14-1024x563.png 1024w, https:\/\/lignesauto.fr\/wp-content\/uploads\/2022\/05\/LIGNES_SCENIC_14-300x165.png 300w, https:\/\/lignesauto.fr\/wp-content\/uploads\/2022\/05\/LIGNES_SCENIC_14-768x422.png 768w, https:\/\/lignesauto.fr\/wp-content\/uploads\/2022\/05\/LIGNES_SCENIC_14.png 1417w\" sizes=\"(max-width: 1024px) 100vw, 1024px\" \/><\/figure>\n\n\n\n<p style=\"font-size:18px\">The distribution of the screens has changed significantly. The Open R is replaced by a large screen positioned at the base of the windscreen. It allows you to be in the horizon for a more pleasant view. A camera in front of the car transmits the view of what is happening in front of the car onto this large screen, increasing the driver&#8217;s field of vision.<\/p>\n\n\n\n<figure class=\"wp-block-image size-large\"><img loading=\"lazy\" decoding=\"async\" width=\"1024\" height=\"477\" src=\"http:\/\/lignesauto.fr\/wp-content\/uploads\/2022\/05\/LIGNES_SCENIC_108-1024x477.png\" alt=\"\" class=\"wp-image-25080\" srcset=\"https:\/\/lignesauto.fr\/wp-content\/uploads\/2022\/05\/LIGNES_SCENIC_108-1024x477.png 1024w, https:\/\/lignesauto.fr\/wp-content\/uploads\/2022\/05\/LIGNES_SCENIC_108-300x140.png 300w, https:\/\/lignesauto.fr\/wp-content\/uploads\/2022\/05\/LIGNES_SCENIC_108-768x358.png 768w, https:\/\/lignesauto.fr\/wp-content\/uploads\/2022\/05\/LIGNES_SCENIC_108.png 1417w\" sizes=\"(max-width: 1024px) 100vw, 1024px\" \/><\/figure>\n\n\n\n<p style=\"font-size:18px\"><strong>Below <\/strong>is the screen at the back with the two small camera screens. In front of the driver, the driver&#8217;s station houses only six small screens in the form of programmable widgets: four in the centre, which rotate depending on whether they are used by the driver or the passenger, and two to the left of the driver.<\/p>\n\n\n\n<figure class=\"wp-block-image size-large\"><img loading=\"lazy\" decoding=\"async\" width=\"1024\" height=\"575\" src=\"http:\/\/lignesauto.fr\/wp-content\/uploads\/2022\/05\/LIGNES_SCENIC_400-1024x575.png\" alt=\"\" class=\"wp-image-25087\" srcset=\"https:\/\/lignesauto.fr\/wp-content\/uploads\/2022\/05\/LIGNES_SCENIC_400-1024x575.png 1024w, https:\/\/lignesauto.fr\/wp-content\/uploads\/2022\/05\/LIGNES_SCENIC_400-300x169.png 300w, https:\/\/lignesauto.fr\/wp-content\/uploads\/2022\/05\/LIGNES_SCENIC_400-768x431.png 768w, https:\/\/lignesauto.fr\/wp-content\/uploads\/2022\/05\/LIGNES_SCENIC_400.png 1417w\" sizes=\"(max-width: 1024px) 100vw, 1024px\" \/><\/figure>\n\n\n\n<p style=\"font-size:18px\"><strong>Below<\/strong>:<br>1- Large screen at the base of the windscreen.<br>2- Widgets for direct access to certain programmed information.<br>3- Central screen and camera filming the driver for video chat with rear passengers.<\/p>\n\n\n\n<figure class=\"wp-block-image size-large\"><img loading=\"lazy\" decoding=\"async\" width=\"1024\" height=\"575\" src=\"http:\/\/lignesauto.fr\/wp-content\/uploads\/2022\/05\/LIGNES_SCENIC_03-1024x575.png\" alt=\"\" class=\"wp-image-25083\" srcset=\"https:\/\/lignesauto.fr\/wp-content\/uploads\/2022\/05\/LIGNES_SCENIC_03-1024x575.png 1024w, https:\/\/lignesauto.fr\/wp-content\/uploads\/2022\/05\/LIGNES_SCENIC_03-300x168.png 300w, https:\/\/lignesauto.fr\/wp-content\/uploads\/2022\/05\/LIGNES_SCENIC_03-768x431.png 768w, https:\/\/lignesauto.fr\/wp-content\/uploads\/2022\/05\/LIGNES_SCENIC_03.png 1417w\" sizes=\"(max-width: 1024px) 100vw, 1024px\" \/><\/figure>\n\n\n\n<p style=\"font-size:18px\">4- Two trackpads on either side of the steering wheel.<br>5- Two programmable widgets on the left of the steering wheel.<\/p>\n\n\n\n<figure class=\"wp-block-image size-large\"><img loading=\"lazy\" decoding=\"async\" width=\"1024\" height=\"547\" src=\"http:\/\/lignesauto.fr\/wp-content\/uploads\/2022\/05\/LIGNES_SCENIC_303-1024x547.png\" alt=\"\" class=\"wp-image-25081\" srcset=\"https:\/\/lignesauto.fr\/wp-content\/uploads\/2022\/05\/LIGNES_SCENIC_303-1024x547.png 1024w, https:\/\/lignesauto.fr\/wp-content\/uploads\/2022\/05\/LIGNES_SCENIC_303-300x160.png 300w, https:\/\/lignesauto.fr\/wp-content\/uploads\/2022\/05\/LIGNES_SCENIC_303-768x410.png 768w, https:\/\/lignesauto.fr\/wp-content\/uploads\/2022\/05\/LIGNES_SCENIC_303.png 1417w\" sizes=\"(max-width: 1024px) 100vw, 1024px\" \/><\/figure>\n\n\n\n<p style=\"font-size:18px\"><strong>Below, <\/strong>seen from above, the cockpit in the shape of a &#8220;flying wing&#8221; (there is something of Northrop Grumman in this drawing by designer Vincent Turpin) is transparent and reveals the technology that allows the Widgets screen to be oriented. This transparency is a constant in the design of the Sc\u00e9nic Vision, because all the figures announced concerning the recycling of materials and others are verifiable and\u2026 transparent!<\/p>\n\n\n\n<figure class=\"wp-block-image size-large\"><img loading=\"lazy\" decoding=\"async\" width=\"1024\" height=\"482\" src=\"http:\/\/lignesauto.fr\/wp-content\/uploads\/2022\/05\/LIGNES_SCENIC_105-1024x482.png\" alt=\"\" class=\"wp-image-25082\" srcset=\"https:\/\/lignesauto.fr\/wp-content\/uploads\/2022\/05\/LIGNES_SCENIC_105-1024x482.png 1024w, https:\/\/lignesauto.fr\/wp-content\/uploads\/2022\/05\/LIGNES_SCENIC_105-300x141.png 300w, https:\/\/lignesauto.fr\/wp-content\/uploads\/2022\/05\/LIGNES_SCENIC_105-768x362.png 768w, https:\/\/lignesauto.fr\/wp-content\/uploads\/2022\/05\/LIGNES_SCENIC_105.png 1417w\" sizes=\"(max-width: 1024px) 100vw, 1024px\" \/><\/figure>\n\n\n\n<p style=\"font-size:18px\"><strong>Below<\/strong>: the door panel is covered with a &#8216;dichroic&#8217; material which, in contact with light, transmits variations in colour depending on its environment. We owe this discovery to \u00c9l\u00e9onore Lebec, who was responsible for the colour and material work on this concept, including the\u2026 transparency (here we go again!) of the handle.<\/p>\n\n\n\n<figure class=\"wp-block-image size-large\"><img loading=\"lazy\" decoding=\"async\" width=\"1024\" height=\"461\" src=\"http:\/\/lignesauto.fr\/wp-content\/uploads\/2022\/05\/LIGNES_SCENIC_203-1024x461.jpg\" alt=\"\" class=\"wp-image-25084\" srcset=\"https:\/\/lignesauto.fr\/wp-content\/uploads\/2022\/05\/LIGNES_SCENIC_203-1024x461.jpg 1024w, https:\/\/lignesauto.fr\/wp-content\/uploads\/2022\/05\/LIGNES_SCENIC_203-300x135.jpg 300w, https:\/\/lignesauto.fr\/wp-content\/uploads\/2022\/05\/LIGNES_SCENIC_203-768x346.jpg 768w, https:\/\/lignesauto.fr\/wp-content\/uploads\/2022\/05\/LIGNES_SCENIC_203.jpg 1417w\" sizes=\"(max-width: 1024px) 100vw, 1024px\" \/><\/figure>\n\n\n\n<p style=\"font-size:18px\"><strong>Below, <\/strong>on the driver&#8217;s side, the door has no handle, but behind the Widget, the transparency of the medallion reveals the cabin&#8217;s air extractor and purifier.<\/p>\n\n\n\n<figure class=\"wp-block-image size-large\"><img loading=\"lazy\" decoding=\"async\" width=\"1024\" height=\"461\" src=\"http:\/\/lignesauto.fr\/wp-content\/uploads\/2022\/05\/LIGNES_SCENIC_204-1024x461.jpg\" alt=\"\" class=\"wp-image-25085\" srcset=\"https:\/\/lignesauto.fr\/wp-content\/uploads\/2022\/05\/LIGNES_SCENIC_204-1024x461.jpg 1024w, https:\/\/lignesauto.fr\/wp-content\/uploads\/2022\/05\/LIGNES_SCENIC_204-300x135.jpg 300w, https:\/\/lignesauto.fr\/wp-content\/uploads\/2022\/05\/LIGNES_SCENIC_204-768x346.jpg 768w, https:\/\/lignesauto.fr\/wp-content\/uploads\/2022\/05\/LIGNES_SCENIC_204.jpg 1417w\" sizes=\"(max-width: 1024px) 100vw, 1024px\" \/><\/figure>\n\n\n\n<p style=\"font-size:18px\"><strong>Below, <\/strong>since this is a new generation of Scenic, although the exterior styling is not unibody, the interior is very generous. The floor is made of recycled materials (milk bottles and pipes), while the seats are located on central pillars and not outside. It looks like the &#8220;petal&#8221; seat of the 1981 Renault 9!<\/p>\n\n\n\n<figure class=\"wp-block-image size-large\"><img loading=\"lazy\" decoding=\"async\" width=\"1024\" height=\"670\" src=\"http:\/\/lignesauto.fr\/wp-content\/uploads\/2022\/05\/LIGNES_SCENIC_301-1024x670.png\" alt=\"\" class=\"wp-image-25086\" srcset=\"https:\/\/lignesauto.fr\/wp-content\/uploads\/2022\/05\/LIGNES_SCENIC_301-1024x670.png 1024w, https:\/\/lignesauto.fr\/wp-content\/uploads\/2022\/05\/LIGNES_SCENIC_301-300x196.png 300w, https:\/\/lignesauto.fr\/wp-content\/uploads\/2022\/05\/LIGNES_SCENIC_301-768x502.png 768w, https:\/\/lignesauto.fr\/wp-content\/uploads\/2022\/05\/LIGNES_SCENIC_301-765x500.png 765w, https:\/\/lignesauto.fr\/wp-content\/uploads\/2022\/05\/LIGNES_SCENIC_301.png 1417w\" sizes=\"(max-width: 1024px) 100vw, 1024px\" \/><\/figure>\n\n\n\n<p><strong>WELCOME TO 2030 AND BEYOND\u2026<\/strong><\/p>\n\n\n\n<p style=\"font-size:18px\">The Sc\u00e9nic Vision concept car reveals the style of the next Sc\u00e9nic in 2024 and the interior of the Renault of 2028. Its platform presents a new powertrain for the post-2030 era.<\/p>\n\n\n\n<figure class=\"wp-block-image size-large\"><img loading=\"lazy\" decoding=\"async\" width=\"1024\" height=\"576\" src=\"http:\/\/lignesauto.fr\/wp-content\/uploads\/2022\/05\/TECHNO_03-1024x576.png\" alt=\"\" class=\"wp-image-25098\" srcset=\"https:\/\/lignesauto.fr\/wp-content\/uploads\/2022\/05\/TECHNO_03-1024x576.png 1024w, https:\/\/lignesauto.fr\/wp-content\/uploads\/2022\/05\/TECHNO_03-300x169.png 300w, https:\/\/lignesauto.fr\/wp-content\/uploads\/2022\/05\/TECHNO_03-768x432.png 768w, https:\/\/lignesauto.fr\/wp-content\/uploads\/2022\/05\/TECHNO_03-1536x864.png 1536w, https:\/\/lignesauto.fr\/wp-content\/uploads\/2022\/05\/TECHNO_03-2048x1152.png 2048w\" sizes=\"(max-width: 1024px) 100vw, 1024px\" \/><\/figure>\n\n\n\n<p style=\"font-size:18px\">While the 2024 Sc\u00e9nic will be based on the platform of the 100% electric M\u00e9gane E-TECH, with its engine at the front, the Sc\u00e9nic Vision is different: the 160 kW electric motor borrowed from the M\u00e9gane E-TECH is, unlike the latter, housed at the rear, and is powered by 40 kWh batteries housed in the floor.<\/p>\n\n\n\n<figure class=\"wp-block-image size-large\"><img loading=\"lazy\" decoding=\"async\" width=\"1024\" height=\"576\" src=\"http:\/\/lignesauto.fr\/wp-content\/uploads\/2022\/05\/TECHNO_01-1024x576.png\" alt=\"\" class=\"wp-image-25095\" srcset=\"https:\/\/lignesauto.fr\/wp-content\/uploads\/2022\/05\/TECHNO_01-1024x576.png 1024w, https:\/\/lignesauto.fr\/wp-content\/uploads\/2022\/05\/TECHNO_01-300x169.png 300w, https:\/\/lignesauto.fr\/wp-content\/uploads\/2022\/05\/TECHNO_01-768x432.png 768w, https:\/\/lignesauto.fr\/wp-content\/uploads\/2022\/05\/TECHNO_01-1536x864.png 1536w, https:\/\/lignesauto.fr\/wp-content\/uploads\/2022\/05\/TECHNO_01-2048x1152.png 2048w\" sizes=\"(max-width: 1024px) 100vw, 1024px\" \/><\/figure>\n\n\n\n<p style=\"font-size:18px\">The Sc\u00e9nic Vision adopts a range extender via a 15 kW fuel cell powered by hydrogen. It is located at the rear, between the engine and the batteries. The hydrogen tank is located at the front of the vehicle. The Sc\u00e9nic Vision is a rear-wheel drive vehicle, while the 2024 electric Sc\u00e9nic is a front-wheel drive vehicle.<\/p>\n\n\n\n<figure class=\"wp-block-image size-large\"><img loading=\"lazy\" decoding=\"async\" width=\"1024\" height=\"576\" src=\"http:\/\/lignesauto.fr\/wp-content\/uploads\/2022\/05\/TECHNO_02-1024x576.png\" alt=\"\" class=\"wp-image-25097\" srcset=\"https:\/\/lignesauto.fr\/wp-content\/uploads\/2022\/05\/TECHNO_02-1024x576.png 1024w, https:\/\/lignesauto.fr\/wp-content\/uploads\/2022\/05\/TECHNO_02-300x169.png 300w, https:\/\/lignesauto.fr\/wp-content\/uploads\/2022\/05\/TECHNO_02-768x432.png 768w, https:\/\/lignesauto.fr\/wp-content\/uploads\/2022\/05\/TECHNO_02-1536x864.png 1536w, https:\/\/lignesauto.fr\/wp-content\/uploads\/2022\/05\/TECHNO_02-2048x1152.png 2048w\" sizes=\"(max-width: 1024px) 100vw, 1024px\" \/><\/figure>\n\n\n\n<p style=\"font-size:18px\">Above, the small fuel cell is housed with its accessories in front of the rear axle and behind the battery pack. It powers the batteries and extends the Sc\u00e9nic Vision&#8217;s range to 800 km, with just one quick stop to fill the hydrogen tank.<\/p>\n\n\n\n<p style=\"font-size:18px\"><strong><em>Concept car dimensions: length 4.49m, width 1.90m, height 1.59m, wheelbase 2.83m, weight 1700kg.<\/em><\/strong><\/p>\n\n\n\n<div class=\"wp-block-image\"><figure class=\"aligncenter is-resized\"><img loading=\"lazy\" decoding=\"async\" src=\"http:\/\/lignesauto.fr\/wp-content\/uploads\/2018\/10\/LOGOActus_BD-1024x367.jpg\" alt=\"L\u2019attribut alt de cette image est vide, son nom de fichier est LOGOActus_BD-1024x367.jpg.\" width=\"584\" height=\"209\"\/><\/figure><\/div>\n","protected":false},"excerpt":{"rendered":"<p>DISCOVER THE SCENIC VISION CONCEPT WITH THE VIDEO LIGNES\/auto : WELCOME TO 2024 The Sc\u00e9nic Vision concept car carries three messages:1-it unveils the style of the next generation of Sc\u00e9nic scheduled for 2024, 100% electric and based on the platform of the recent M\u00e9gane E-TECH saloon2-the new and forward-looking interior [&hellip;]<\/p>\n","protected":false},"author":1,"featured_media":25104,"comment_status":"closed","ping_status":"","sticky":false,"template":"","format":"standard","meta":{"footnotes":""},"categories":[1],"tags":[],"_links":{"self":[{"href":"https:\/\/lignesauto.fr\/index.php?rest_route=\/wp\/v2\/posts\/25176"}],"collection":[{"href":"https:\/\/lignesauto.fr\/index.php?rest_route=\/wp\/v2\/posts"}],"about":[{"href":"https:\/\/lignesauto.fr\/index.php?rest_route=\/wp\/v2\/types\/post"}],"author":[{"embeddable":true,"href":"https:\/\/lignesauto.fr\/index.php?rest_route=\/wp\/v2\/users\/1"}],"replies":[{"embeddable":true,"href":"https:\/\/lignesauto.fr\/index.php?rest_route=%2Fwp%2Fv2%2Fcomments&post=25176"}],"version-history":[{"count":36,"href":"https:\/\/lignesauto.fr\/index.php?rest_route=\/wp\/v2\/posts\/25176\/revisions"}],"predecessor-version":[{"id":25224,"href":"https:\/\/lignesauto.fr\/index.php?rest_route=\/wp\/v2\/posts\/25176\/revisions\/25224"}],"wp:featuredmedia":[{"embeddable":true,"href":"https:\/\/lignesauto.fr\/index.php?rest_route=\/wp\/v2\/media\/25104"}],"wp:attachment":[{"href":"https:\/\/lignesauto.fr\/index.php?rest_route=%2Fwp%2Fv2%2Fmedia&parent=25176"}],"wp:term":[{"taxonomy":"category","embeddable":true,"href":"https:\/\/lignesauto.fr\/index.php?rest_route=%2Fwp%2Fv2%2Fcategories&post=25176"},{"taxonomy":"post_tag","embeddable":true,"href":"https:\/\/lignesauto.fr\/index.php?rest_route=%2Fwp%2Fv2%2Ftags&post=25176"}],"curies":[{"name":"wp","href":"https:\/\/api.w.org\/{rel}","templated":true}]}}