{"id":25500,"date":"2022-06-29T13:01:00","date_gmt":"2022-06-29T11:01:00","guid":{"rendered":"http:\/\/lignesauto.fr\/?p=25500"},"modified":"2022-06-28T07:23:31","modified_gmt":"2022-06-28T05:23:31","slug":"nouvelle-c4-x-son-design-decrypte-par-pierre-leclercq-directeur-du-design-citroen","status":"publish","type":"post","link":"https:\/\/lignesauto.fr\/?p=25500","title":{"rendered":"Nouvelle C4 X : son design d\u00e9crypt\u00e9 par Pierre Leclercq, directeur du design Citro\u00ebn"},"content":{"rendered":"<div class=\"wp-block-image\">\n<figure class=\"aligncenter size-large is-resized\"><img loading=\"lazy\" decoding=\"async\" src=\"http:\/\/lignesauto.fr\/wp-content\/uploads\/2018\/10\/LOGOActus_BD-1024x367.jpg\" alt=\"\" class=\"wp-image-4921\" width=\"626\" height=\"224\" srcset=\"https:\/\/lignesauto.fr\/wp-content\/uploads\/2018\/10\/LOGOActus_BD-1024x367.jpg 1024w, https:\/\/lignesauto.fr\/wp-content\/uploads\/2018\/10\/LOGOActus_BD-300x108.jpg 300w, https:\/\/lignesauto.fr\/wp-content\/uploads\/2018\/10\/LOGOActus_BD-768x276.jpg 768w, https:\/\/lignesauto.fr\/wp-content\/uploads\/2018\/10\/LOGOActus_BD-370x133.jpg 370w, https:\/\/lignesauto.fr\/wp-content\/uploads\/2018\/10\/LOGOActus_BD-1040x373.jpg 1040w, https:\/\/lignesauto.fr\/wp-content\/uploads\/2018\/10\/LOGOActus_BD.jpg 1240w\" sizes=\"(max-width: 626px) 100vw, 626px\" \/><\/figure><\/div>\n\n\n<figure class=\"wp-block-image size-large\"><img loading=\"lazy\" decoding=\"async\" width=\"1024\" height=\"683\" src=\"http:\/\/lignesauto.fr\/wp-content\/uploads\/2022\/06\/LIGNES_C4X_103-1024x683.jpg\" alt=\"\" class=\"wp-image-25505\" srcset=\"https:\/\/lignesauto.fr\/wp-content\/uploads\/2022\/06\/LIGNES_C4X_103-1024x683.jpg 1024w, https:\/\/lignesauto.fr\/wp-content\/uploads\/2022\/06\/LIGNES_C4X_103-300x200.jpg 300w, https:\/\/lignesauto.fr\/wp-content\/uploads\/2022\/06\/LIGNES_C4X_103-768x512.jpg 768w, https:\/\/lignesauto.fr\/wp-content\/uploads\/2022\/06\/LIGNES_C4X_103.jpg 1417w\" sizes=\"(max-width: 1024px) 100vw, 1024px\" \/><figcaption><em>photo Citro\u00ebn Communication<\/em><\/figcaption><\/figure>\n\n\n\n<p style=\"font-size:18px\">Voici la Citro\u00ebn C4 X, bas\u00e9e sur la berline C4 \u00e0 5 portes, mais avec un coffre classique, sans hayon. Ce programme n\u2019a pas \u00e9t\u00e9 ajout\u00e9 en cours de route aux c\u00f4t\u00e9s de la C4, comme nous le confirme Pierre Leclercq, directeur du design Citro\u00ebn. <em>\u00ab&nbsp;Il a toujours \u00e9t\u00e9 pr\u00e9vu d\u00e8s le d\u00e9part du programme, en revanche, je suis arriv\u00e9 au moment o\u00f9 on le commen\u00e7ait au c\u00f4t\u00e9 de la C4 qui \u00e9tait d\u00e9j\u00e0 pr\u00eate.<\/em>&nbsp;\u00bb La C4 \u00e0 5 portes est donc l\u2019\u0153uvre de l\u2019\u00e9quipe d\u2019Alexandre Malval, ex-directeur du style Citro\u00ebn, alors qu\u2019on peut consid\u00e9rer la C4 X \u00e0 4 portes comme le vrai premier b\u00e9b\u00e9 de l\u2019\u00e9quipe dirig\u00e9e par Pierre Leclerq.<\/p>\n\n\n\n<figure class=\"wp-block-image size-large\"><img loading=\"lazy\" decoding=\"async\" width=\"1024\" height=\"576\" src=\"http:\/\/lignesauto.fr\/wp-content\/uploads\/2022\/06\/LIGNES_C4X_102-1024x576.jpg\" alt=\"\" class=\"wp-image-25504\" srcset=\"https:\/\/lignesauto.fr\/wp-content\/uploads\/2022\/06\/LIGNES_C4X_102-1024x576.jpg 1024w, https:\/\/lignesauto.fr\/wp-content\/uploads\/2022\/06\/LIGNES_C4X_102-300x169.jpg 300w, https:\/\/lignesauto.fr\/wp-content\/uploads\/2022\/06\/LIGNES_C4X_102-768x432.jpg 768w, https:\/\/lignesauto.fr\/wp-content\/uploads\/2022\/06\/LIGNES_C4X_102.jpg 1417w\" sizes=\"(max-width: 1024px) 100vw, 1024px\" \/><figcaption><em>Photo Alex Rank @ Continental Productions<\/em><\/figcaption><\/figure>\n\n\n\n<p style=\"font-size:18px\"> \u00ab&nbsp;<em>C\u2019est le premier projet qui a \u00e9t\u00e9 lanc\u00e9 lorsque je suis arriv\u00e9. Il a \u00e9t\u00e9 men\u00e9 de fa\u00e7on assez rapide avec les ing\u00e9nieurs, le produit et son designer Sylvain Henry. Ce que je voulais, c\u2019est garder le langage de forme de Citro\u00ebn, rond, doux simple, en y ajoutant des touches tr\u00e8s techniques comme au niveau des feux. Des \u00e9l\u00e9ments qui ressortent de la carrosserie, en 3D et qui offrent un langage de forme diff\u00e9rent sur ces zones.&nbsp;<\/em>\u00bb<\/p>\n\n\n\n<figure class=\"wp-block-image size-large\"><img loading=\"lazy\" decoding=\"async\" width=\"1024\" height=\"461\" src=\"http:\/\/lignesauto.fr\/wp-content\/uploads\/2022\/06\/LIGNES_C4X_01-1024x461.jpg\" alt=\"\" class=\"wp-image-25503\" srcset=\"https:\/\/lignesauto.fr\/wp-content\/uploads\/2022\/06\/LIGNES_C4X_01-1024x461.jpg 1024w, https:\/\/lignesauto.fr\/wp-content\/uploads\/2022\/06\/LIGNES_C4X_01-300x135.jpg 300w, https:\/\/lignesauto.fr\/wp-content\/uploads\/2022\/06\/LIGNES_C4X_01-768x346.jpg 768w, https:\/\/lignesauto.fr\/wp-content\/uploads\/2022\/06\/LIGNES_C4X_01.jpg 1417w\" sizes=\"(max-width: 1024px) 100vw, 1024px\" \/><\/figure>\n\n\n\n<p style=\"font-size:18px\">La Citro\u00ebn C4 X est \u00ab&nbsp;<em>une voiture tr\u00e8s intelligente, car finalement, c\u2019est la m\u00eame que la C4 jusqu\u2019au portes arri\u00e8re. Mais la complexit\u00e9 du projet a \u00e9t\u00e9 d\u2019enfanter un produit diff\u00e9rent avec un travail qui ne concerne que 20 \u00e0 25 % de la voiture enti\u00e8re&nbsp;!<\/em>&nbsp;\u00bb<\/p>\n\n\n\n<figure class=\"wp-block-image size-large\"><img loading=\"lazy\" decoding=\"async\" width=\"1024\" height=\"636\" src=\"http:\/\/lignesauto.fr\/wp-content\/uploads\/2022\/06\/LIGNES_C4X_100-1024x636.png\" alt=\"\" class=\"wp-image-25502\" srcset=\"https:\/\/lignesauto.fr\/wp-content\/uploads\/2022\/06\/LIGNES_C4X_100-1024x636.png 1024w, https:\/\/lignesauto.fr\/wp-content\/uploads\/2022\/06\/LIGNES_C4X_100-300x186.png 300w, https:\/\/lignesauto.fr\/wp-content\/uploads\/2022\/06\/LIGNES_C4X_100-768x477.png 768w, https:\/\/lignesauto.fr\/wp-content\/uploads\/2022\/06\/LIGNES_C4X_100-1536x954.png 1536w, https:\/\/lignesauto.fr\/wp-content\/uploads\/2022\/06\/LIGNES_C4X_100-2048x1271.png 2048w\" sizes=\"(max-width: 1024px) 100vw, 1024px\" \/><figcaption><strong>Passer de 4,36 m \u00e0 4,60 m sans modifier l&#8217;empattement impose d&#8217;allonger le porte-\u00e0-faux arri\u00e8re qui \u00e9volue de 81 cm \u00e0 1,05 m.<\/strong><\/figcaption><\/figure>\n\n\n\n<figure class=\"wp-block-image size-large\"><img loading=\"lazy\" decoding=\"async\" width=\"1024\" height=\"461\" src=\"http:\/\/lignesauto.fr\/wp-content\/uploads\/2022\/06\/LIGNES_C4X_02-1024x461.jpg\" alt=\"\" class=\"wp-image-25507\" srcset=\"https:\/\/lignesauto.fr\/wp-content\/uploads\/2022\/06\/LIGNES_C4X_02-1024x461.jpg 1024w, https:\/\/lignesauto.fr\/wp-content\/uploads\/2022\/06\/LIGNES_C4X_02-300x135.jpg 300w, https:\/\/lignesauto.fr\/wp-content\/uploads\/2022\/06\/LIGNES_C4X_02-768x346.jpg 768w, https:\/\/lignesauto.fr\/wp-content\/uploads\/2022\/06\/LIGNES_C4X_02.jpg 1417w\" sizes=\"(max-width: 1024px) 100vw, 1024px\" \/><\/figure>\n\n\n\n<p style=\"font-size:18px\">Le travail a \u00e9t\u00e9 d\u2019autant plus ardu que les 24 cm suppl\u00e9mentaires de la voiture (4,60 m de longueur pour la C4 X contre 4,36 m \u00e0 la berline C4) ne sont pas r\u00e9partis entre l\u2019empattement et le porte-\u00e0-faux, mais uniquement sur ce dernier, l\u2019empattement demeurant identique \u00e0 celui de la C4 \u00e0 5 portes. \u00ab&nbsp;<em>On a voulu dessiner une voiture tr\u00e8s dynamique et assez unique sur la partie arri\u00e8re. On a apport\u00e9 dans cette zone un maximum de diff\u00e9renciation pour que ces deux voitures puissent vivre chacune leur vie.<\/em>&nbsp;\u00bb En termes de prestations, la capacit\u00e9 du coffre \u00e9volue \u00e0 510 litres.<\/p>\n\n\n\n<figure class=\"wp-block-image size-large\"><img loading=\"lazy\" decoding=\"async\" width=\"1024\" height=\"589\" src=\"http:\/\/lignesauto.fr\/wp-content\/uploads\/2022\/06\/LIGNES_C4X_08-copie-1024x589.png\" alt=\"\" class=\"wp-image-25508\" srcset=\"https:\/\/lignesauto.fr\/wp-content\/uploads\/2022\/06\/LIGNES_C4X_08-copie-1024x589.png 1024w, https:\/\/lignesauto.fr\/wp-content\/uploads\/2022\/06\/LIGNES_C4X_08-copie-300x173.png 300w, https:\/\/lignesauto.fr\/wp-content\/uploads\/2022\/06\/LIGNES_C4X_08-copie-768x442.png 768w, https:\/\/lignesauto.fr\/wp-content\/uploads\/2022\/06\/LIGNES_C4X_08-copie.png 1417w\" sizes=\"(max-width: 1024px) 100vw, 1024px\" \/><figcaption><strong>Le dynamisme de la silhouette vient de la ligne de pavillon fuyante jusqu&#8217;au couvercle de malle (1), de l&#8217;\u00e9tirement de feux vers l&#8217;avant (3) en passant par la d\u00e9coupe du &#8220;panneau arri\u00e8re-bouclier&#8221; qui &#8220;pousse&#8221; la voiture vers l&#8217;avant.<\/strong><\/figcaption><\/figure>\n\n\n\n<p style=\"font-size:18px\">Le dynamisme pour cette voiture \u00e0 malle classique provient essentiellement de la ligne fuyante du pavillon, pratiquement celle d\u2019un coup\u00e9 fastback. \u00ab&nbsp;<em>Je voulais pousser la voiture vers l\u2019avant avec ce dessin particulier, afin de cr\u00e9er ce dynamisme. Les proportions sont bonnes. Les feux arri\u00e8re restent en dehors du couvercle de malle et s\u2019\u00e9tirent sur les flancs pour accentuer cet effet de pouss\u00e9e.&nbsp;<\/em>\u00bb Des feux qui sont en 3D et re\u00e7oivent un graphisme de type chevron rappelant celui de la sellerie des si\u00e8ges de la C4. \u00ab&nbsp;<em>Notre signature des feux LED va encore \u00e9voluer dans le futur<\/em>&nbsp;\u00bb pr\u00e9cise Pierre Leclercq, m\u00eame si ici, elle reprend le th\u00e8me issu du concept-car 19_19 et d\u00e9j\u00e0 vu sur les C5 X et C4.<\/p>\n\n\n\n<figure class=\"wp-block-image size-large\"><img loading=\"lazy\" decoding=\"async\" width=\"1024\" height=\"461\" src=\"http:\/\/lignesauto.fr\/wp-content\/uploads\/2022\/06\/LIGNES_C4X_12-1024x461.jpg\" alt=\"\" class=\"wp-image-25512\" srcset=\"https:\/\/lignesauto.fr\/wp-content\/uploads\/2022\/06\/LIGNES_C4X_12-1024x461.jpg 1024w, https:\/\/lignesauto.fr\/wp-content\/uploads\/2022\/06\/LIGNES_C4X_12-300x135.jpg 300w, https:\/\/lignesauto.fr\/wp-content\/uploads\/2022\/06\/LIGNES_C4X_12-768x346.jpg 768w, https:\/\/lignesauto.fr\/wp-content\/uploads\/2022\/06\/LIGNES_C4X_12.jpg 1417w\" sizes=\"(max-width: 1024px) 100vw, 1024px\" \/><figcaption><strong>Dans le d\u00e9tail, l&#8217;arri\u00e8re de la C4 X est finement ouvrag\u00e9 pour un substantiel gain en a\u00e9rodynamique. Panneau inclin\u00e9 au niveau de l&#8217;embouti de l&#8217;aile (1), d\u00e9flecteur int\u00e9gr\u00e9 au feux (2) et coupe franche verticale au niveau du bouclier (3)<\/strong><\/figcaption><\/figure>\n\n\n\n<p class=\"has-medium-font-size\"><strong>Commandez nos trimestriels bilingues d\u00e9di\u00e9s au design et nos livres (&#8220;Luckyman&#8221; &#8211; Patrick le Qu\u00e9ment &#8211; et &#8220;McQueen-917&#8221;) sur <a href=\"https:\/\/lignesautoeditions.fr\">https:\/\/lignesautoeditions.fr<\/a><\/strong><\/p>\n\n\n\n<figure class=\"wp-block-image size-large\"><img loading=\"lazy\" decoding=\"async\" width=\"888\" height=\"1024\" src=\"http:\/\/lignesauto.fr\/wp-content\/uploads\/2022\/06\/LIGNES_C4X_101-888x1024.png\" alt=\"\" class=\"wp-image-25523\" srcset=\"https:\/\/lignesauto.fr\/wp-content\/uploads\/2022\/06\/LIGNES_C4X_101-888x1024.png 888w, https:\/\/lignesauto.fr\/wp-content\/uploads\/2022\/06\/LIGNES_C4X_101-260x300.png 260w, https:\/\/lignesauto.fr\/wp-content\/uploads\/2022\/06\/LIGNES_C4X_101-768x886.png 768w, https:\/\/lignesauto.fr\/wp-content\/uploads\/2022\/06\/LIGNES_C4X_101-1332x1536.png 1332w, https:\/\/lignesauto.fr\/wp-content\/uploads\/2022\/06\/LIGNES_C4X_101.png 1417w\" sizes=\"(max-width: 888px) 100vw, 888px\" \/><figcaption><strong>Cette vue d\u00e9voile la grande diff\u00e9rence de traitement stylistique entre la berline \u00e0 coffre classique (en haut) et la berline 5 portes (en bas) : la C4 X fait dans la sobri\u00e9t\u00e9 avec seulement de la t\u00f4le et les feux, alors que la C4 use de vitrage, d&#8217;aileron rapport\u00e9 et de parties de couleur noir laqu\u00e9.<\/strong><\/figcaption><\/figure>\n\n\n\n<figure class=\"wp-block-image size-large\"><img loading=\"lazy\" decoding=\"async\" width=\"1024\" height=\"441\" src=\"http:\/\/lignesauto.fr\/wp-content\/uploads\/2022\/06\/LIGNES_C4X_07-1024x441.png\" alt=\"\" class=\"wp-image-25532\" srcset=\"https:\/\/lignesauto.fr\/wp-content\/uploads\/2022\/06\/LIGNES_C4X_07-1024x441.png 1024w, https:\/\/lignesauto.fr\/wp-content\/uploads\/2022\/06\/LIGNES_C4X_07-300x129.png 300w, https:\/\/lignesauto.fr\/wp-content\/uploads\/2022\/06\/LIGNES_C4X_07-768x331.png 768w, https:\/\/lignesauto.fr\/wp-content\/uploads\/2022\/06\/LIGNES_C4X_07.png 1417w\" sizes=\"(max-width: 1024px) 100vw, 1024px\" \/><\/figure>\n\n\n\n<p>Quant au choix d\u2019un coffre plut\u00f4t que d\u2019un hayon comme le sugg\u00e8re la silhouette fastback, il a \u00e9t\u00e9 retenu d\u00e8s le d\u00e9part pour caler id\u00e9alement la voiture sur les march\u00e9s mondiaux vis\u00e9s o\u00f9 c\u2019est bien la berline \u00e0 coffre qui l\u2019emporte face \u00e0 la berline \u00e0 hayon. \u00ab&nbsp;<em>Ce coffre s\u00e9par\u00e9 est effectivement li\u00e9 aux march\u00e9s. Cette architecture isole l\u2019habitacle de tout, en termes de bruit, de chaleur, de poussi\u00e8re&#8230;<\/em>&nbsp;\u00bb<\/p>\n\n\n\n<figure class=\"wp-block-image size-large\"><img loading=\"lazy\" decoding=\"async\" width=\"1024\" height=\"676\" src=\"http:\/\/lignesauto.fr\/wp-content\/uploads\/2022\/06\/LIGNES_C4X_104-1024x676.png\" alt=\"\" class=\"wp-image-25510\" srcset=\"https:\/\/lignesauto.fr\/wp-content\/uploads\/2022\/06\/LIGNES_C4X_104-1024x676.png 1024w, https:\/\/lignesauto.fr\/wp-content\/uploads\/2022\/06\/LIGNES_C4X_104-300x198.png 300w, https:\/\/lignesauto.fr\/wp-content\/uploads\/2022\/06\/LIGNES_C4X_104-768x507.png 768w, https:\/\/lignesauto.fr\/wp-content\/uploads\/2022\/06\/LIGNES_C4X_104.png 1417w\" sizes=\"(max-width: 1024px) 100vw, 1024px\" \/><figcaption><em>Photo Alex Rank @ Continental Productions<\/em><\/figcaption><\/figure>\n\n\n\n<figure class=\"wp-block-image size-large\"><img loading=\"lazy\" decoding=\"async\" width=\"1024\" height=\"873\" src=\"http:\/\/lignesauto.fr\/wp-content\/uploads\/2022\/06\/LIGNES_C4X_105-1024x873.png\" alt=\"\" class=\"wp-image-25519\" srcset=\"https:\/\/lignesauto.fr\/wp-content\/uploads\/2022\/06\/LIGNES_C4X_105-1024x873.png 1024w, https:\/\/lignesauto.fr\/wp-content\/uploads\/2022\/06\/LIGNES_C4X_105-300x256.png 300w, https:\/\/lignesauto.fr\/wp-content\/uploads\/2022\/06\/LIGNES_C4X_105-768x655.png 768w, https:\/\/lignesauto.fr\/wp-content\/uploads\/2022\/06\/LIGNES_C4X_105.png 1417w\" sizes=\"(max-width: 1024px) 100vw, 1024px\" \/><figcaption><strong>Le soin du d\u00e9tail : les feux arri\u00e8re reprennent le th\u00e8me du chevron (en haut) qui se trouve un peu partout dans la voiture, notamment sur la sellerie (en bas).<\/strong><\/figcaption><\/figure>\n\n\n\n<p style=\"font-size:18px\">Et bien qu\u2019il ait fallu travailler uniquement sur l\u2019arri\u00e8re de la voiture, le processus a suivi une m\u00e9thodologie classique avec un travail en num\u00e9rique mais aussi sur maquette clay. \u00ab&nbsp;<em>Le design est tr\u00e8s diff\u00e9rent sur cette partie arri\u00e8re, avec beaucoup plus de t\u00f4le que sur la berline o\u00f9 l\u2019on trouve plus de vitrages ou de parties noir brillant. L\u2019id\u00e9e \u00e9tait l\u00e0 encore d\u2019aller \u00e0 l\u2019encontre du th\u00e8me de style de la berline.<\/em>&nbsp;\u00bb<\/p>\n\n\n\n<figure class=\"wp-block-image size-large\"><img loading=\"lazy\" decoding=\"async\" width=\"1024\" height=\"683\" src=\"http:\/\/lignesauto.fr\/wp-content\/uploads\/2022\/06\/LIGNES_C4X_13-1024x683.jpg\" alt=\"\" class=\"wp-image-25511\" srcset=\"https:\/\/lignesauto.fr\/wp-content\/uploads\/2022\/06\/LIGNES_C4X_13-1024x683.jpg 1024w, https:\/\/lignesauto.fr\/wp-content\/uploads\/2022\/06\/LIGNES_C4X_13-300x200.jpg 300w, https:\/\/lignesauto.fr\/wp-content\/uploads\/2022\/06\/LIGNES_C4X_13-768x512.jpg 768w, https:\/\/lignesauto.fr\/wp-content\/uploads\/2022\/06\/LIGNES_C4X_13.jpg 1417w\" sizes=\"(max-width: 1024px) 100vw, 1024px\" \/><\/figure>\n\n\n\n<p style=\"font-size:18px\">Techniquement, la C4 X con\u00e7ue pour les march\u00e9s internationaux autant que pour l&#8217;Europe (et donc la France) est identique \u00e0 la C4 et propose donc un diesel de 130 ch, deux essence de 100 et 130 ch et une version \u00eb-C4 X 100% \u00e9lectrique qui sera la seule commercialis\u00e9e en Autriche, en Belgique, en Allemagne, au Luxembourg, aux Pays-Bas et sur les march\u00e9s nordiques. Les ventes d\u00e9buteront en fin d&#8217;ann\u00e9e.<\/p>\n\n\n<div class=\"wp-block-image\">\n<figure class=\"aligncenter size-full is-resized\"><img loading=\"lazy\" decoding=\"async\" src=\"http:\/\/lignesauto.fr\/wp-content\/uploads\/2022\/06\/image-3.png\" alt=\"\" class=\"wp-image-25514\" width=\"659\" height=\"236\" srcset=\"https:\/\/lignesauto.fr\/wp-content\/uploads\/2022\/06\/image-3.png 1024w, https:\/\/lignesauto.fr\/wp-content\/uploads\/2022\/06\/image-3-300x108.png 300w, https:\/\/lignesauto.fr\/wp-content\/uploads\/2022\/06\/image-3-768x275.png 768w\" sizes=\"(max-width: 659px) 100vw, 659px\" \/><\/figure><\/div>","protected":false},"excerpt":{"rendered":"<p>Voici la Citro\u00ebn C4 X, bas\u00e9e sur la berline C4 \u00e0 5 portes, mais avec un coffre classique, sans hayon. Ce programme n\u2019a pas \u00e9t\u00e9 ajout\u00e9 en cours de route aux c\u00f4t\u00e9s de la C4, comme nous le confirme Pierre Leclercq, directeur du design Citro\u00ebn. \u00ab&nbsp;Il a toujours \u00e9t\u00e9 pr\u00e9vu [&hellip;]<\/p>\n","protected":false},"author":1,"featured_media":25553,"comment_status":"closed","ping_status":"","sticky":false,"template":"","format":"standard","meta":{"footnotes":""},"categories":[1],"tags":[],"_links":{"self":[{"href":"https:\/\/lignesauto.fr\/index.php?rest_route=\/wp\/v2\/posts\/25500"}],"collection":[{"href":"https:\/\/lignesauto.fr\/index.php?rest_route=\/wp\/v2\/posts"}],"about":[{"href":"https:\/\/lignesauto.fr\/index.php?rest_route=\/wp\/v2\/types\/post"}],"author":[{"embeddable":true,"href":"https:\/\/lignesauto.fr\/index.php?rest_route=\/wp\/v2\/users\/1"}],"replies":[{"embeddable":true,"href":"https:\/\/lignesauto.fr\/index.php?rest_route=%2Fwp%2Fv2%2Fcomments&post=25500"}],"version-history":[{"count":31,"href":"https:\/\/lignesauto.fr\/index.php?rest_route=\/wp\/v2\/posts\/25500\/revisions"}],"predecessor-version":[{"id":25627,"href":"https:\/\/lignesauto.fr\/index.php?rest_route=\/wp\/v2\/posts\/25500\/revisions\/25627"}],"wp:featuredmedia":[{"embeddable":true,"href":"https:\/\/lignesauto.fr\/index.php?rest_route=\/wp\/v2\/media\/25553"}],"wp:attachment":[{"href":"https:\/\/lignesauto.fr\/index.php?rest_route=%2Fwp%2Fv2%2Fmedia&parent=25500"}],"wp:term":[{"taxonomy":"category","embeddable":true,"href":"https:\/\/lignesauto.fr\/index.php?rest_route=%2Fwp%2Fv2%2Fcategories&post=25500"},{"taxonomy":"post_tag","embeddable":true,"href":"https:\/\/lignesauto.fr\/index.php?rest_route=%2Fwp%2Fv2%2Ftags&post=25500"}],"curies":[{"name":"wp","href":"https:\/\/api.w.org\/{rel}","templated":true}]}}