{"id":25558,"date":"2022-06-27T13:33:00","date_gmt":"2022-06-27T11:33:00","guid":{"rendered":"http:\/\/lignesauto.fr\/?p=25558"},"modified":"2022-06-27T07:50:22","modified_gmt":"2022-06-27T05:50:22","slug":"nouvelle-ds7-une-innovation-en-premiere-mondiale","status":"publish","type":"post","link":"https:\/\/lignesauto.fr\/?p=25558","title":{"rendered":"Nouvelle DS7 : une innovation en premi\u00e8re mondiale"},"content":{"rendered":"<div class=\"wp-block-image\">\n<figure class=\"aligncenter size-full is-resized\"><img loading=\"lazy\" decoding=\"async\" src=\"http:\/\/lignesauto.fr\/wp-content\/uploads\/2022\/06\/image-3.png\" alt=\"\" class=\"wp-image-25514\" width=\"562\" height=\"201\" srcset=\"https:\/\/lignesauto.fr\/wp-content\/uploads\/2022\/06\/image-3.png 1024w, https:\/\/lignesauto.fr\/wp-content\/uploads\/2022\/06\/image-3-300x108.png 300w, https:\/\/lignesauto.fr\/wp-content\/uploads\/2022\/06\/image-3-768x275.png 768w\" sizes=\"(max-width: 562px) 100vw, 562px\" \/><\/figure><\/div>\n\n\n<figure class=\"wp-block-image size-large\"><img loading=\"lazy\" decoding=\"async\" width=\"1024\" height=\"576\" src=\"http:\/\/lignesauto.fr\/wp-content\/uploads\/2022\/06\/LIGNES_DS7_103-1024x576.jpg\" alt=\"\" class=\"wp-image-25561\" srcset=\"https:\/\/lignesauto.fr\/wp-content\/uploads\/2022\/06\/LIGNES_DS7_103-1024x576.jpg 1024w, https:\/\/lignesauto.fr\/wp-content\/uploads\/2022\/06\/LIGNES_DS7_103-300x169.jpg 300w, https:\/\/lignesauto.fr\/wp-content\/uploads\/2022\/06\/LIGNES_DS7_103-768x432.jpg 768w, https:\/\/lignesauto.fr\/wp-content\/uploads\/2022\/06\/LIGNES_DS7_103.jpg 1417w\" sizes=\"(max-width: 1024px) 100vw, 1024px\" \/><\/figure>\n\n\n\n<p style=\"font-size:18px\">DS automobiles pr\u00e9sente aujourd&#8217;hui la nouvelle DS7, un restylage du mod\u00e8le actuel qui touche principalement \u00e0 l&#8217;info-divertissement plus moderne, emprunt\u00e9 d\u00e9sormais \u00e0 la DS4, et \u00e0 l&#8217;arriv\u00e9e d&#8217;une troisi\u00e8me version hybride rechargeable, la 360 E-TENSE 4&#215;4 aux c\u00f4t\u00e9s des 225 et 300 ch.<\/p>\n\n\n\n<figure class=\"wp-block-image size-large\"><img loading=\"lazy\" decoding=\"async\" width=\"1024\" height=\"576\" src=\"http:\/\/lignesauto.fr\/wp-content\/uploads\/2022\/06\/LIGNES_DS7_102-1024x576.jpg\" alt=\"\" class=\"wp-image-25563\" srcset=\"https:\/\/lignesauto.fr\/wp-content\/uploads\/2022\/06\/LIGNES_DS7_102-1024x576.jpg 1024w, https:\/\/lignesauto.fr\/wp-content\/uploads\/2022\/06\/LIGNES_DS7_102-300x169.jpg 300w, https:\/\/lignesauto.fr\/wp-content\/uploads\/2022\/06\/LIGNES_DS7_102-768x432.jpg 768w, https:\/\/lignesauto.fr\/wp-content\/uploads\/2022\/06\/LIGNES_DS7_102.jpg 1417w\" sizes=\"(max-width: 1024px) 100vw, 1024px\" \/><\/figure>\n\n\n\n<p style=\"font-size:18px\">A bord, la sellerie monte encore d&#8217;un niveau pour tutoyer l&#8217;excellence, avec une nouvelle confection (sans couture, sans assemblage) \u00e0 effet drap\u00e9 sur les d\u00e9cors en cuir sur la planche de bord et les panneaux de portes. Mais LA nouveaut\u00e9 se loge dans le nouveau bouclier avant : les &#8220;Light Veil&#8221; de la signature lumineuse au niveau des LED avec quatre barrettes qui s&#8217;associent \u00e0 une cinqui\u00e8me plus lumineuse &#8211; et faisant office de clignotant &#8211; Il s\u2019agit techniquement d\u2019une premi\u00e8re mondiale dans l&#8217;univers automobile. La nouvelle DS sera commercialis\u00e9e \u00e0 la rentr\u00e9e.<\/p>\n\n\n\n<figure class=\"wp-block-image size-large\"><img loading=\"lazy\" decoding=\"async\" width=\"1024\" height=\"658\" src=\"http:\/\/lignesauto.fr\/wp-content\/uploads\/2022\/06\/LIGNES_DS7_000-1024x658.png\" alt=\"\" class=\"wp-image-25577\" srcset=\"https:\/\/lignesauto.fr\/wp-content\/uploads\/2022\/06\/LIGNES_DS7_000-1024x658.png 1024w, https:\/\/lignesauto.fr\/wp-content\/uploads\/2022\/06\/LIGNES_DS7_000-300x193.png 300w, https:\/\/lignesauto.fr\/wp-content\/uploads\/2022\/06\/LIGNES_DS7_000-768x493.png 768w, https:\/\/lignesauto.fr\/wp-content\/uploads\/2022\/06\/LIGNES_DS7_000.png 1417w\" sizes=\"(max-width: 1024px) 100vw, 1024px\" \/><figcaption><strong>Le soft-nose avant a \u00e9t\u00e9 int\u00e9gralement redessin\u00e9 pour accueillir les Light Veil mais aussi les nouvelles optiques &#8220;<em>DS Pixel LED Vision 3.0<\/em>&#8220;, alors que la calandre diamant\u00e9e s&#8217;inspire de celle de la DS4.<\/strong><\/figcaption><\/figure>\n\n\n\n<p class=\"has-medium-font-size\"><strong>LES LIGHT VEIL:<\/strong><\/p>\n\n\n\n<figure class=\"wp-block-image size-large\"><img loading=\"lazy\" decoding=\"async\" width=\"1024\" height=\"386\" src=\"http:\/\/lignesauto.fr\/wp-content\/uploads\/2022\/06\/ASC-1024x386.png\" alt=\"\" class=\"wp-image-25575\" srcset=\"https:\/\/lignesauto.fr\/wp-content\/uploads\/2022\/06\/ASC-1024x386.png 1024w, https:\/\/lignesauto.fr\/wp-content\/uploads\/2022\/06\/ASC-300x113.png 300w, https:\/\/lignesauto.fr\/wp-content\/uploads\/2022\/06\/ASC-768x289.png 768w, https:\/\/lignesauto.fr\/wp-content\/uploads\/2022\/06\/ASC.png 1417w\" sizes=\"(max-width: 1024px) 100vw, 1024px\" \/><\/figure>\n\n\n\n<p style=\"font-size:18px\">La nouvelle signature lumineuse de la DS7 est directement inspir\u00e9e de celle du concept-car ASL d\u00e9voil\u00e9 en 2020. Il s&#8217;agit de cinq LED verticales, regroup\u00e9es dans un seul \u00e9l\u00e9ment s&#8217;int\u00e9grant dans le bouclier. Cette innovation permet de se d\u00e9barrasser d&#8217;assemblage puisqu&#8217;il n&#8217;y a aucun joint ni jeu d&#8217;accostage. Elle s&#8217;appuie sur un seul bloc polycarbonate peint de la couleur caisse (\u00e0 l&#8217;int\u00e9rieur) avec ses cinq fen\u00eatres lumineuses grav\u00e9es par l&#8217;int\u00e9rieur au laser.<\/p>\n\n\n\n<figure class=\"wp-block-image size-large\"><img loading=\"lazy\" decoding=\"async\" width=\"1024\" height=\"945\" src=\"http:\/\/lignesauto.fr\/wp-content\/uploads\/2022\/06\/Capture-de\u0301cran-2022-06-26-a\u0300-16.04.24-2-1024x945.png\" alt=\"\" class=\"wp-image-25573\" srcset=\"https:\/\/lignesauto.fr\/wp-content\/uploads\/2022\/06\/Capture-de\u0301cran-2022-06-26-a\u0300-16.04.24-2-1024x945.png 1024w, https:\/\/lignesauto.fr\/wp-content\/uploads\/2022\/06\/Capture-de\u0301cran-2022-06-26-a\u0300-16.04.24-2-300x277.png 300w, https:\/\/lignesauto.fr\/wp-content\/uploads\/2022\/06\/Capture-de\u0301cran-2022-06-26-a\u0300-16.04.24-2-768x708.png 768w, https:\/\/lignesauto.fr\/wp-content\/uploads\/2022\/06\/Capture-de\u0301cran-2022-06-26-a\u0300-16.04.24-2.png 1417w\" sizes=\"(max-width: 1024px) 100vw, 1024px\" \/><\/figure>\n\n\n\n<p class=\"has-medium-font-size\"><strong>VID\u00c9O : <a href=\"https:\/\/youtu.be\/XyoxAQxOaLE\">https:\/\/youtu.be\/XyoxAQxOaLE<\/a><\/strong><\/p>\n\n\n\n<figure class=\"wp-block-image size-large\"><img loading=\"lazy\" decoding=\"async\" width=\"683\" height=\"1024\" src=\"http:\/\/lignesauto.fr\/wp-content\/uploads\/2022\/06\/LIGNES_DS7_111-683x1024.jpg\" alt=\"\" class=\"wp-image-25565\" srcset=\"https:\/\/lignesauto.fr\/wp-content\/uploads\/2022\/06\/LIGNES_DS7_111-683x1024.jpg 683w, https:\/\/lignesauto.fr\/wp-content\/uploads\/2022\/06\/LIGNES_DS7_111-200x300.jpg 200w, https:\/\/lignesauto.fr\/wp-content\/uploads\/2022\/06\/LIGNES_DS7_111-768x1152.jpg 768w, https:\/\/lignesauto.fr\/wp-content\/uploads\/2022\/06\/LIGNES_DS7_111-1024x1536.jpg 1024w, https:\/\/lignesauto.fr\/wp-content\/uploads\/2022\/06\/LIGNES_DS7_111-1366x2048.jpg 1366w, https:\/\/lignesauto.fr\/wp-content\/uploads\/2022\/06\/LIGNES_DS7_111.jpg 1417w\" sizes=\"(max-width: 683px) 100vw, 683px\" \/><figcaption><strong>La nouvelle signature LED de la DS7 prend l&#8217;appellation de Light Veil et c&#8217;est une premi\u00e8re mondiale technologique.<\/strong><\/figcaption><\/figure>\n\n\n\n<p class=\"has-medium-font-size\"><strong>LES CHANGEMENTS ENTRE LES DEUX G\u00c9N\u00c9RATIONS <\/strong><\/p>\n\n\n\n<figure class=\"wp-block-image size-large\"><img loading=\"lazy\" decoding=\"async\" width=\"1024\" height=\"543\" src=\"http:\/\/lignesauto.fr\/wp-content\/uploads\/2022\/06\/LIGNES_DS7_03-1024x543.png\" alt=\"\" class=\"wp-image-25567\" srcset=\"https:\/\/lignesauto.fr\/wp-content\/uploads\/2022\/06\/LIGNES_DS7_03-1024x543.png 1024w, https:\/\/lignesauto.fr\/wp-content\/uploads\/2022\/06\/LIGNES_DS7_03-300x159.png 300w, https:\/\/lignesauto.fr\/wp-content\/uploads\/2022\/06\/LIGNES_DS7_03-768x408.png 768w, https:\/\/lignesauto.fr\/wp-content\/uploads\/2022\/06\/LIGNES_DS7_03.png 1417w\" sizes=\"(max-width: 1024px) 100vw, 1024px\" \/><figcaption><strong>A gauche, la nouvelle DS7, \u00e0 droite, l&#8217;actuelle DS7 Crossback. En 1, les nouvelles jantes. En 2, le bouclier arri\u00e8re n&#8217;a pas \u00e9t\u00e9 modifi\u00e9. En 3, le hayon est nouveau et adopte une ligne dynamique semblable \u00e0 celle qu&#8217;on trouve sur le hayon de la DS4. En 4, le bandeau accueille le nom de la marque en toutes lettres. En 5, les feux arri\u00e8re sont rplus fins. En 6, l&#8217;entourage chrome des feux dispara\u00eet.<\/strong><\/figcaption><\/figure>\n\n\n\n<figure class=\"wp-block-image size-large\"><img loading=\"lazy\" decoding=\"async\" width=\"1024\" height=\"813\" src=\"http:\/\/lignesauto.fr\/wp-content\/uploads\/2022\/06\/LIGNES_DS7_02-1024x813.png\" alt=\"\" class=\"wp-image-25568\" srcset=\"https:\/\/lignesauto.fr\/wp-content\/uploads\/2022\/06\/LIGNES_DS7_02-1024x813.png 1024w, https:\/\/lignesauto.fr\/wp-content\/uploads\/2022\/06\/LIGNES_DS7_02-300x238.png 300w, https:\/\/lignesauto.fr\/wp-content\/uploads\/2022\/06\/LIGNES_DS7_02-768x610.png 768w, https:\/\/lignesauto.fr\/wp-content\/uploads\/2022\/06\/LIGNES_DS7_02.png 1417w\" sizes=\"(max-width: 1024px) 100vw, 1024px\" \/><figcaption><strong>D\u00e9tail du nouveau volet arri\u00e8re de la DS7 \u00e0 gauche. Il adopte un style plus ac\u00e9r\u00e9 avec notamment une ligne qui prolonge celle du c\u00f4t\u00e9 de caisse, \u00e0 l&#8217;image de ce que l&#8217;on trouve sur la DS4, \u00e0 droite.<\/strong><\/figcaption><\/figure>\n\n\n\n<figure class=\"wp-block-image size-large\"><img loading=\"lazy\" decoding=\"async\" width=\"1024\" height=\"683\" src=\"http:\/\/lignesauto.fr\/wp-content\/uploads\/2022\/06\/LIGNES_DS7_01-1024x683.jpg\" alt=\"\" class=\"wp-image-25571\" srcset=\"https:\/\/lignesauto.fr\/wp-content\/uploads\/2022\/06\/LIGNES_DS7_01-1024x683.jpg 1024w, https:\/\/lignesauto.fr\/wp-content\/uploads\/2022\/06\/LIGNES_DS7_01-300x200.jpg 300w, https:\/\/lignesauto.fr\/wp-content\/uploads\/2022\/06\/LIGNES_DS7_01-768x512.jpg 768w, https:\/\/lignesauto.fr\/wp-content\/uploads\/2022\/06\/LIGNES_DS7_01.jpg 1417w\" sizes=\"(max-width: 1024px) 100vw, 1024px\" \/><figcaption><strong>Sur la derni\u00e8re g\u00e9n\u00e9ration de C4 SpaceTourer, cette ligne \u00e9tait d\u00e9j\u00e0 pr\u00e9sente. Est-ce un hasard si le dessin de ce monospace a \u00e9t\u00e9 enfant\u00e9 par Fr\u00e9d\u00e9ric Soubirou aujourd&#8217;hui responsable du design ext\u00e9rieur de DS ?<\/strong><\/figcaption><\/figure>\n\n\n\n<p class=\"has-medium-font-size\"><strong>UNE VERSION &#8220;LA PREMI\u00c8RE&#8221; AU SOMMET DE L&#8217;\u00c9L\u00c9GANCE ET DE LA PERFORMANCE<\/strong><\/p>\n\n\n\n<p style=\"font-size:18px\">A l\u2019occasion du lancement de la DS 7, une \u00e9dition limit\u00e9e E-TENSE 4&#215;4 360 &#8220;LA PREMI\u00c8RE&#8221; proposera sur la base de la DS 7 E-TENSE 4&#215;4 360 OPERA, un sabot avant noir brillant, des monogrammes noirs et des badges sp\u00e9cifiques pour accompagner une finition ext\u00e9rieure noir brillant sur les DS WINGS, la calandre, les entourages de vitres et les barres de toit. Les int\u00e9rieurs Noir Basalte et Gris Perle seront propos\u00e9 associ\u00e9s \u00e0 six teintes de carrosserie : Gris Laqu\u00e9, Bleu Saphir, Blanc Nacr\u00e9, Noir Perla Nera, Gris Platinium et Cristal Pearl.<\/p>\n\n\n\n<figure class=\"wp-block-image size-large\"><img loading=\"lazy\" decoding=\"async\" width=\"1024\" height=\"543\" src=\"http:\/\/lignesauto.fr\/wp-content\/uploads\/2022\/06\/LIGNES_DS7_108-1024x543.png\" alt=\"\" class=\"wp-image-25579\" srcset=\"https:\/\/lignesauto.fr\/wp-content\/uploads\/2022\/06\/LIGNES_DS7_108-1024x543.png 1024w, https:\/\/lignesauto.fr\/wp-content\/uploads\/2022\/06\/LIGNES_DS7_108-300x159.png 300w, https:\/\/lignesauto.fr\/wp-content\/uploads\/2022\/06\/LIGNES_DS7_108-768x407.png 768w, https:\/\/lignesauto.fr\/wp-content\/uploads\/2022\/06\/LIGNES_DS7_108.png 1417w\" sizes=\"(max-width: 1024px) 100vw, 1024px\" \/><\/figure>\n\n\n\n<figure class=\"wp-block-image size-large\"><img loading=\"lazy\" decoding=\"async\" width=\"1024\" height=\"574\" src=\"http:\/\/lignesauto.fr\/wp-content\/uploads\/2022\/06\/LIGNES_DS7_107-1024x574.png\" alt=\"\" class=\"wp-image-25580\" srcset=\"https:\/\/lignesauto.fr\/wp-content\/uploads\/2022\/06\/LIGNES_DS7_107-1024x574.png 1024w, https:\/\/lignesauto.fr\/wp-content\/uploads\/2022\/06\/LIGNES_DS7_107-300x168.png 300w, https:\/\/lignesauto.fr\/wp-content\/uploads\/2022\/06\/LIGNES_DS7_107-768x430.png 768w, https:\/\/lignesauto.fr\/wp-content\/uploads\/2022\/06\/LIGNES_DS7_107.png 1417w\" sizes=\"(max-width: 1024px) 100vw, 1024px\" \/><\/figure>\n\n\n<div class=\"wp-block-image\">\n<figure class=\"aligncenter size-full is-resized\"><img loading=\"lazy\" decoding=\"async\" src=\"http:\/\/lignesauto.fr\/wp-content\/uploads\/2022\/06\/image-4.png\" alt=\"\" class=\"wp-image-25582\" width=\"547\" height=\"196\" srcset=\"https:\/\/lignesauto.fr\/wp-content\/uploads\/2022\/06\/image-4.png 1024w, https:\/\/lignesauto.fr\/wp-content\/uploads\/2022\/06\/image-4-300x108.png 300w, https:\/\/lignesauto.fr\/wp-content\/uploads\/2022\/06\/image-4-768x275.png 768w\" sizes=\"(max-width: 547px) 100vw, 547px\" \/><\/figure><\/div>","protected":false},"excerpt":{"rendered":"<p>DS automobiles pr\u00e9sente aujourd&#8217;hui la nouvelle DS7, un restylage du mod\u00e8le actuel qui touche principalement \u00e0 l&#8217;info-divertissement plus moderne, emprunt\u00e9 d\u00e9sormais \u00e0 la DS4, et \u00e0 l&#8217;arriv\u00e9e d&#8217;une troisi\u00e8me version hybride rechargeable, la 360 E-TENSE 4&#215;4 aux c\u00f4t\u00e9s des 225 et 300 ch. A bord, la sellerie monte encore d&#8217;un [&hellip;]<\/p>\n","protected":false},"author":1,"featured_media":25577,"comment_status":"closed","ping_status":"","sticky":false,"template":"","format":"standard","meta":{"footnotes":""},"categories":[1],"tags":[],"_links":{"self":[{"href":"https:\/\/lignesauto.fr\/index.php?rest_route=\/wp\/v2\/posts\/25558"}],"collection":[{"href":"https:\/\/lignesauto.fr\/index.php?rest_route=\/wp\/v2\/posts"}],"about":[{"href":"https:\/\/lignesauto.fr\/index.php?rest_route=\/wp\/v2\/types\/post"}],"author":[{"embeddable":true,"href":"https:\/\/lignesauto.fr\/index.php?rest_route=\/wp\/v2\/users\/1"}],"replies":[{"embeddable":true,"href":"https:\/\/lignesauto.fr\/index.php?rest_route=%2Fwp%2Fv2%2Fcomments&post=25558"}],"version-history":[{"count":23,"href":"https:\/\/lignesauto.fr\/index.php?rest_route=\/wp\/v2\/posts\/25558\/revisions"}],"predecessor-version":[{"id":25616,"href":"https:\/\/lignesauto.fr\/index.php?rest_route=\/wp\/v2\/posts\/25558\/revisions\/25616"}],"wp:featuredmedia":[{"embeddable":true,"href":"https:\/\/lignesauto.fr\/index.php?rest_route=\/wp\/v2\/media\/25577"}],"wp:attachment":[{"href":"https:\/\/lignesauto.fr\/index.php?rest_route=%2Fwp%2Fv2%2Fmedia&parent=25558"}],"wp:term":[{"taxonomy":"category","embeddable":true,"href":"https:\/\/lignesauto.fr\/index.php?rest_route=%2Fwp%2Fv2%2Fcategories&post=25558"},{"taxonomy":"post_tag","embeddable":true,"href":"https:\/\/lignesauto.fr\/index.php?rest_route=%2Fwp%2Fv2%2Ftags&post=25558"}],"curies":[{"name":"wp","href":"https:\/\/api.w.org\/{rel}","templated":true}]}}