{"id":25674,"date":"2022-07-17T19:14:27","date_gmt":"2022-07-17T17:14:27","guid":{"rendered":"http:\/\/lignesauto.fr\/?p=25674"},"modified":"2022-07-17T19:14:27","modified_gmt":"2022-07-17T17:14:27","slug":"et-si-le-machimoto-avait-ete-inspire-par-les-designers-ford","status":"publish","type":"post","link":"https:\/\/lignesauto.fr\/?p=25674","title":{"rendered":"Et si le Machimoto avait \u00e9t\u00e9 inspir\u00e9 par les designers&#8230; Ford ?!"},"content":{"rendered":"<div class=\"wp-block-image\">\n<figure class=\"aligncenter size-full is-resized\"><img loading=\"lazy\" decoding=\"async\" src=\"http:\/\/lignesauto.fr\/wp-content\/uploads\/2022\/07\/image-1.png\" alt=\"\" class=\"wp-image-25670\" width=\"555\" height=\"199\" srcset=\"https:\/\/lignesauto.fr\/wp-content\/uploads\/2022\/07\/image-1.png 1024w, https:\/\/lignesauto.fr\/wp-content\/uploads\/2022\/07\/image-1-300x108.png 300w, https:\/\/lignesauto.fr\/wp-content\/uploads\/2022\/07\/image-1-768x275.png 768w\" sizes=\"(max-width: 555px) 100vw, 555px\" \/><\/figure><\/div>\n\n\n<figure class=\"wp-block-image size-large\"><img loading=\"lazy\" decoding=\"async\" width=\"1024\" height=\"653\" src=\"http:\/\/lignesauto.fr\/wp-content\/uploads\/2022\/07\/MACHIMOTO_08-1024x653.jpg\" alt=\"\" class=\"wp-image-25677\" srcset=\"https:\/\/lignesauto.fr\/wp-content\/uploads\/2022\/07\/MACHIMOTO_08-1024x653.jpg 1024w, https:\/\/lignesauto.fr\/wp-content\/uploads\/2022\/07\/MACHIMOTO_08-300x191.jpg 300w, https:\/\/lignesauto.fr\/wp-content\/uploads\/2022\/07\/MACHIMOTO_08-768x490.jpg 768w, https:\/\/lignesauto.fr\/wp-content\/uploads\/2022\/07\/MACHIMOTO_08.jpg 1417w\" sizes=\"(max-width: 1024px) 100vw, 1024px\" \/><\/figure>\n\n\n\n<p style=\"font-size:18px\">Comme nous sans doute, vous croyiez que le concept-car Machimoto de 1986 avait \u00e9t\u00e9 enfant\u00e9 par Giorgetto Giugiaro. C\u2019est effectivement le cas, mais le designer italien, destinataire comme tant d\u2019autres du calendrier Ford Design 1984-1986, a sans doute \u00e9t\u00e9 tr\u00e8s inspir\u00e9 par deux dessins qui en sont issus, comme nous le r\u00e9v\u00e9lons ici.<\/p>\n\n\n\n<figure class=\"wp-block-image size-large is-resized\"><img loading=\"lazy\" decoding=\"async\" src=\"http:\/\/lignesauto.fr\/wp-content\/uploads\/2022\/07\/MACHIMOTO_01-1024x695.png\" alt=\"\" class=\"wp-image-25676\" width=\"840\" height=\"570\" srcset=\"https:\/\/lignesauto.fr\/wp-content\/uploads\/2022\/07\/MACHIMOTO_01-1024x695.png 1024w, https:\/\/lignesauto.fr\/wp-content\/uploads\/2022\/07\/MACHIMOTO_01-300x204.png 300w, https:\/\/lignesauto.fr\/wp-content\/uploads\/2022\/07\/MACHIMOTO_01-768x521.png 768w, https:\/\/lignesauto.fr\/wp-content\/uploads\/2022\/07\/MACHIMOTO_01.png 1417w\" sizes=\"(max-width: 840px) 100vw, 840px\" \/><figcaption><strong>Extrait du calendrier de Ford Design 1984-1985 distribu\u00e9 \u00e0 de nombreux &#8220;clients&#8221; et designers&#8230; Le projet de l&#8217;auto-moto est bien l\u00e0.<\/strong><\/figcaption><\/figure>\n\n\n\n<p style=\"font-size:18px\">Je profite de cette r\u00e9v\u00e9lation pour republier un extrait de l\u2019essai du Machimoto que j\u2019avais r\u00e9alis\u00e9 en juillet 1986.<\/p>\n\n\n\n<figure class=\"wp-block-image size-large\"><img loading=\"lazy\" decoding=\"async\" width=\"729\" height=\"1024\" src=\"http:\/\/lignesauto.fr\/wp-content\/uploads\/2022\/07\/MACHIMOTO_03-729x1024.png\" alt=\"\" class=\"wp-image-25680\" srcset=\"https:\/\/lignesauto.fr\/wp-content\/uploads\/2022\/07\/MACHIMOTO_03-729x1024.png 729w, https:\/\/lignesauto.fr\/wp-content\/uploads\/2022\/07\/MACHIMOTO_03-214x300.png 214w, https:\/\/lignesauto.fr\/wp-content\/uploads\/2022\/07\/MACHIMOTO_03-768x1079.png 768w, https:\/\/lignesauto.fr\/wp-content\/uploads\/2022\/07\/MACHIMOTO_03-1094x1536.png 1094w, https:\/\/lignesauto.fr\/wp-content\/uploads\/2022\/07\/MACHIMOTO_03.png 1417w\" sizes=\"(max-width: 729px) 100vw, 729px\" \/><\/figure>\n\n\n\n<p style=\"font-size:18px\">&#8220;Le Machimoto est construit sur un ch\u00e2ssis tubulaire form\u00e9 de deux caissons courant sous les deux rang\u00e9es de selles. A l\u2019avant, le moteur est celui d\u2019une Golf GTI de l\u2019\u00e9poque. Une m\u00e9canique associ\u00e9e aux quatre roues motrices fut m\u00eame propos\u00e9e la m\u00eame ann\u00e9e sur un autre concept-car de Giugiaro&nbsp;: l\u2019Orbit. On acc\u00e8de \u00e0 l\u2019habitacle du Machimoto en soulevant deux fines porti\u00e8res et les passagers peuvent monter \u00e0 six. Le volant d\u00e9ploie deux manettes pour se transformer en guidon de moto et c\u2019est parti&nbsp;!&#8221;<\/p>\n\n\n\n<figure class=\"wp-block-image size-large\"><img loading=\"lazy\" decoding=\"async\" width=\"1024\" height=\"765\" src=\"http:\/\/lignesauto.fr\/wp-content\/uploads\/2022\/07\/MACHIMOTO_07-1024x765.jpg\" alt=\"\" class=\"wp-image-25678\" srcset=\"https:\/\/lignesauto.fr\/wp-content\/uploads\/2022\/07\/MACHIMOTO_07-1024x765.jpg 1024w, https:\/\/lignesauto.fr\/wp-content\/uploads\/2022\/07\/MACHIMOTO_07-300x224.jpg 300w, https:\/\/lignesauto.fr\/wp-content\/uploads\/2022\/07\/MACHIMOTO_07-768x573.jpg 768w, https:\/\/lignesauto.fr\/wp-content\/uploads\/2022\/07\/MACHIMOTO_07.jpg 1417w\" sizes=\"(max-width: 1024px) 100vw, 1024px\" \/><\/figure>\n\n\n\n<p style=\"font-size:18px\">&#8220;En Machimoto, j\u2019ai le dentier qui sert de pare-chocs et le crane de pavillon. Mais c\u2019est bigrement impressionnant. Sur l\u2019autoroute, les rapports montent en cha\u00eene et nous voil\u00e0 d\u00e9j\u00e0 \u00e0 160 km\/h. Le vent dans le casque, les bruits d\u2019air donnent l\u2019impression, de rouler \u00e0 400 km\/h&nbsp;! Premi\u00e8re impression&nbsp;: c\u2019est absolument g\u00e9nial. &#8220;<\/p>\n\n\n\n<figure class=\"wp-block-image size-large\"><img loading=\"lazy\" decoding=\"async\" width=\"1024\" height=\"829\" src=\"http:\/\/lignesauto.fr\/wp-content\/uploads\/2022\/07\/MACHIMOTO_04-1024x829.png\" alt=\"\" class=\"wp-image-25679\" srcset=\"https:\/\/lignesauto.fr\/wp-content\/uploads\/2022\/07\/MACHIMOTO_04-1024x829.png 1024w, https:\/\/lignesauto.fr\/wp-content\/uploads\/2022\/07\/MACHIMOTO_04-300x243.png 300w, https:\/\/lignesauto.fr\/wp-content\/uploads\/2022\/07\/MACHIMOTO_04-768x622.png 768w, https:\/\/lignesauto.fr\/wp-content\/uploads\/2022\/07\/MACHIMOTO_04.png 1417w\" sizes=\"(max-width: 1024px) 100vw, 1024px\" \/><\/figure>\n\n\n\n<p style=\"font-size:18px\">&#8220;Avec le bruit, pas question de converser avec les passagers et j\u2019en viens \u00e0 me demander ce que peut bien faire ici , sur le tableau de bord, la cha\u00eene HI-FI compact disc&nbsp;? Au d\u00e9but on a tendance \u00e0 pencher dans les virages mais avec quatre roues, ce n\u2019est pas tr\u00e8s utile. Je serre les cuisses sur ma selle pour maintenir ma position de conduite. Les autre passagers, eux, ont une grosse poign\u00e9e devant eux pour s\u2019agripper.&nbsp; Les suspensions alli\u00e9es au moelleux de la grande selle donnent un ensemble assez confortable. L\u2019id\u00e9al sur les petites routes, c\u2019est de roule sans casque et la l\u00e9gislation italienne le permet.&#8221; (Nous sommes en 1986 NDA).<\/p>\n\n\n\n<figure class=\"wp-block-image size-large\"><img loading=\"lazy\" decoding=\"async\" width=\"1024\" height=\"660\" src=\"http:\/\/lignesauto.fr\/wp-content\/uploads\/2022\/07\/MACHIMOTO_06-1024x660.png\" alt=\"\" class=\"wp-image-25681\" srcset=\"https:\/\/lignesauto.fr\/wp-content\/uploads\/2022\/07\/MACHIMOTO_06-1024x660.png 1024w, https:\/\/lignesauto.fr\/wp-content\/uploads\/2022\/07\/MACHIMOTO_06-300x193.png 300w, https:\/\/lignesauto.fr\/wp-content\/uploads\/2022\/07\/MACHIMOTO_06-768x495.png 768w, https:\/\/lignesauto.fr\/wp-content\/uploads\/2022\/07\/MACHIMOTO_06.png 1417w\" sizes=\"(max-width: 1024px) 100vw, 1024px\" \/><\/figure>\n\n\n\n<p style=\"font-size:18px\">&#8220;Face au concept Scooter de Volkswagen (pr\u00e9sent\u00e9 la m\u00eame ann\u00e9e 1986), c\u2019est bien le Machimoto qui donne les sensations les plus proches de celles d\u2019une moto. Avant de rendre le Machimoto, je prends soin de nettoyer la visi\u00e8re du casque avec une bombe o\u00f9 il est \u00e9crit \u00ab&nbsp;<em>agitare bene la bombola<\/em>&nbsp;\u00bb. Je r\u00e9alise soudain que c\u2019est bien Giorgetto Giugiaro qui s\u2019est bien \u00ab&nbsp;<em>agitare la bombola<\/em>&nbsp;\u00bb avant de concevoir ce concept in\u00e9dit&nbsp;!&nbsp;&#8220;<\/p>\n\n\n\n<p class=\"has-medium-font-size\">Mais \u00e7a, c\u2019\u00e9tait avant de d\u00e9couvrir le calendrier Ford de 1984-1985, ressorti ci-dessous de la naphtaline par les amis et anciens coll\u00e8gues de Patrick le Qu\u00e9ment chez le constructeur am\u00e9ricain&nbsp;!<\/p>\n\n\n\n<figure class=\"wp-block-image size-large\"><img loading=\"lazy\" decoding=\"async\" width=\"1024\" height=\"654\" src=\"http:\/\/lignesauto.fr\/wp-content\/uploads\/2022\/07\/MACHIMOTO_02-1024x654.png\" alt=\"\" class=\"wp-image-25675\" srcset=\"https:\/\/lignesauto.fr\/wp-content\/uploads\/2022\/07\/MACHIMOTO_02-1024x654.png 1024w, https:\/\/lignesauto.fr\/wp-content\/uploads\/2022\/07\/MACHIMOTO_02-300x192.png 300w, https:\/\/lignesauto.fr\/wp-content\/uploads\/2022\/07\/MACHIMOTO_02-768x491.png 768w, https:\/\/lignesauto.fr\/wp-content\/uploads\/2022\/07\/MACHIMOTO_02.png 1417w\" sizes=\"(max-width: 1024px) 100vw, 1024px\" \/><figcaption><strong>Autre extrait du calendrier Ford Design de 1984-1985 qui a paru bien avant la r\u00e9alisation du concept-car Machimoto sur la base d&#8217;une&#8230; VW Golf !<\/strong><\/figcaption><\/figure>\n\n\n<div class=\"wp-block-image\">\n<figure class=\"aligncenter size-full is-resized\"><img loading=\"lazy\" decoding=\"async\" src=\"http:\/\/lignesauto.fr\/wp-content\/uploads\/2022\/07\/image-2.png\" alt=\"\" class=\"wp-image-25687\" width=\"677\" height=\"243\" srcset=\"https:\/\/lignesauto.fr\/wp-content\/uploads\/2022\/07\/image-2.png 1024w, https:\/\/lignesauto.fr\/wp-content\/uploads\/2022\/07\/image-2-300x108.png 300w, https:\/\/lignesauto.fr\/wp-content\/uploads\/2022\/07\/image-2-768x275.png 768w\" sizes=\"(max-width: 677px) 100vw, 677px\" \/><\/figure><\/div>","protected":false},"excerpt":{"rendered":"<p>Comme nous sans doute, vous croyiez que le concept-car Machimoto de 1986 avait \u00e9t\u00e9 enfant\u00e9 par Giorgetto Giugiaro. C\u2019est effectivement le cas, mais le designer italien, destinataire comme tant d\u2019autres du calendrier Ford Design 1984-1986, a sans doute \u00e9t\u00e9 tr\u00e8s inspir\u00e9 par deux dessins qui en sont issus, comme nous [&hellip;]<\/p>\n","protected":false},"author":1,"featured_media":25690,"comment_status":"closed","ping_status":"","sticky":false,"template":"","format":"standard","meta":{"footnotes":""},"categories":[1],"tags":[],"_links":{"self":[{"href":"https:\/\/lignesauto.fr\/index.php?rest_route=\/wp\/v2\/posts\/25674"}],"collection":[{"href":"https:\/\/lignesauto.fr\/index.php?rest_route=\/wp\/v2\/posts"}],"about":[{"href":"https:\/\/lignesauto.fr\/index.php?rest_route=\/wp\/v2\/types\/post"}],"author":[{"embeddable":true,"href":"https:\/\/lignesauto.fr\/index.php?rest_route=\/wp\/v2\/users\/1"}],"replies":[{"embeddable":true,"href":"https:\/\/lignesauto.fr\/index.php?rest_route=%2Fwp%2Fv2%2Fcomments&post=25674"}],"version-history":[{"count":17,"href":"https:\/\/lignesauto.fr\/index.php?rest_route=\/wp\/v2\/posts\/25674\/revisions"}],"predecessor-version":[{"id":25712,"href":"https:\/\/lignesauto.fr\/index.php?rest_route=\/wp\/v2\/posts\/25674\/revisions\/25712"}],"wp:featuredmedia":[{"embeddable":true,"href":"https:\/\/lignesauto.fr\/index.php?rest_route=\/wp\/v2\/media\/25690"}],"wp:attachment":[{"href":"https:\/\/lignesauto.fr\/index.php?rest_route=%2Fwp%2Fv2%2Fmedia&parent=25674"}],"wp:term":[{"taxonomy":"category","embeddable":true,"href":"https:\/\/lignesauto.fr\/index.php?rest_route=%2Fwp%2Fv2%2Fcategories&post=25674"},{"taxonomy":"post_tag","embeddable":true,"href":"https:\/\/lignesauto.fr\/index.php?rest_route=%2Fwp%2Fv2%2Ftags&post=25674"}],"curies":[{"name":"wp","href":"https:\/\/api.w.org\/{rel}","templated":true}]}}