{"id":25857,"date":"2022-09-16T09:01:00","date_gmt":"2022-09-16T07:01:00","guid":{"rendered":"http:\/\/lignesauto.fr\/?p=25857"},"modified":"2022-09-16T09:42:28","modified_gmt":"2022-09-16T07:42:28","slug":"romain-gauvin-responsable-design-avance-de-dacia-vous-presente-manifesto","status":"publish","type":"post","link":"https:\/\/lignesauto.fr\/?p=25857","title":{"rendered":"Romain Gauvin, responsable design avanc\u00e9 de DACIA, vous pr\u00e9sente MANIFESTO"},"content":{"rendered":"<div class=\"wp-block-image\">\n<figure class=\"aligncenter size-full is-resized\"><img loading=\"lazy\" decoding=\"async\" src=\"http:\/\/lignesauto.fr\/wp-content\/uploads\/2022\/08\/image.png\" alt=\"\" class=\"wp-image-25756\" width=\"597\" height=\"214\" srcset=\"https:\/\/lignesauto.fr\/wp-content\/uploads\/2022\/08\/image.png 1024w, https:\/\/lignesauto.fr\/wp-content\/uploads\/2022\/08\/image-300x108.png 300w, https:\/\/lignesauto.fr\/wp-content\/uploads\/2022\/08\/image-768x275.png 768w\" sizes=\"(max-width: 597px) 100vw, 597px\" \/><\/figure><\/div>\n\n\n<figure class=\"wp-block-image size-large\"><img loading=\"lazy\" decoding=\"async\" width=\"1024\" height=\"587\" src=\"http:\/\/lignesauto.fr\/wp-content\/uploads\/2022\/09\/AVANT-34_03-1024x587.png\" alt=\"\" class=\"wp-image-25869\" srcset=\"https:\/\/lignesauto.fr\/wp-content\/uploads\/2022\/09\/AVANT-34_03-1024x587.png 1024w, https:\/\/lignesauto.fr\/wp-content\/uploads\/2022\/09\/AVANT-34_03-300x172.png 300w, https:\/\/lignesauto.fr\/wp-content\/uploads\/2022\/09\/AVANT-34_03-768x440.png 768w, https:\/\/lignesauto.fr\/wp-content\/uploads\/2022\/09\/AVANT-34_03.png 1417w\" sizes=\"(max-width: 1024px) 100vw, 1024px\" \/><\/figure>\n\n\n\n<p style=\"font-size:18px\">Dacia a constitu\u00e9 une solide \u00e9quipe de designers autour de David Durand, le directeur design de la marque. Un d\u00e9partement d\u2019avance de phase et de design avanc\u00e9 a m\u00eame \u00e9t\u00e9 cr\u00e9\u00e9. Il est entre les mains de Romain Gauvin qui nous accompagne pour cette d\u00e9couverte du concept-car Manifesto. Les ambitions de Dacia grandissent, l\u00e9gitimement. C\u00f4t\u00e9 design, signalons (entre-autres) les arriv\u00e9es de la sp\u00e9cialiste des Couleurs &amp; Mati\u00e8res H\u00e9l\u00e8ne Veilleux, en provenance comme Romain, de chez Citro\u00ebn. Ajoutons aussi celle de Rapha\u00ebl Le Masson au design int\u00e9rieur, lui aussi tatou\u00e9 pr\u00e9c\u00e9demment du double chevron.<\/p>\n\n\n\n<figure class=\"wp-block-image size-large\"><img loading=\"lazy\" decoding=\"async\" width=\"1024\" height=\"461\" src=\"http:\/\/lignesauto.fr\/wp-content\/uploads\/2022\/09\/GAUVIN_05-1024x461.jpg\" alt=\"\" class=\"wp-image-25868\" srcset=\"https:\/\/lignesauto.fr\/wp-content\/uploads\/2022\/09\/GAUVIN_05-1024x461.jpg 1024w, https:\/\/lignesauto.fr\/wp-content\/uploads\/2022\/09\/GAUVIN_05-300x135.jpg 300w, https:\/\/lignesauto.fr\/wp-content\/uploads\/2022\/09\/GAUVIN_05-768x346.jpg 768w, https:\/\/lignesauto.fr\/wp-content\/uploads\/2022\/09\/GAUVIN_05.jpg 1417w\" sizes=\"(max-width: 1024px) 100vw, 1024px\" \/><\/figure>\n\n\n\n<p style=\"font-size:18px\">Est-ce une r\u00e9volution de palais&nbsp;? \u00c9crivons plus simplement que Dacia, avec les volumes de ventes r\u00e9alis\u00e9s ces derni\u00e8res ann\u00e9es, peut se permettre des audaces esth\u00e9tiques hier interdites. Comme le souligne Romain Gauvin, \u00ab&nbsp;<em>il y a une logique industrielle et comme Dacia repr\u00e9sente des volumes cons\u00e9quents, c\u2019est d\u00e9sormais plus simple d\u2019apporter un design avec des aspects sur lesquels on a besoin d\u2019investissements qui sont absorb\u00e9s par ses volumes. On a maintenant la possibilit\u00e9 d\u2019effectuer des choix de design forts.<\/em>&nbsp;\u00bb<\/p>\n\n\n\n<figure class=\"wp-block-image size-large\"><img loading=\"lazy\" decoding=\"async\" width=\"1024\" height=\"566\" src=\"http:\/\/lignesauto.fr\/wp-content\/uploads\/2022\/09\/GAUVIN_01-1024x566.png\" alt=\"\" class=\"wp-image-25870\" srcset=\"https:\/\/lignesauto.fr\/wp-content\/uploads\/2022\/09\/GAUVIN_01-1024x566.png 1024w, https:\/\/lignesauto.fr\/wp-content\/uploads\/2022\/09\/GAUVIN_01-300x166.png 300w, https:\/\/lignesauto.fr\/wp-content\/uploads\/2022\/09\/GAUVIN_01-768x424.png 768w, https:\/\/lignesauto.fr\/wp-content\/uploads\/2022\/09\/GAUVIN_01.png 1417w\" sizes=\"(max-width: 1024px) 100vw, 1024px\" \/><\/figure>\n\n\n\n<p style=\"font-size:18px\">Voici donc le premier concept-car Dacia depuis la pr\u00e9sentation du concept Duster &#8211; qui n\u2019a rien \u00e0 voir avec le v\u00e9hicule de s\u00e9rie &#8211; en 2009. Consid\u00e9rons le Bigster comme un show-car de la version de s\u00e9rie qui arrivera d\u2019ici \u00e0 2025. Le nom du nouveau venu est Manifesto, une appellation qui montre clairement que ce v\u00e9hicule ne sera pas produit en s\u00e9rie car il s\u2019agit, dixit Romain \u00ab&nbsp;<em>d\u2019un laboratoire d\u2019id\u00e9es et de langage de formes. Il y a une myriade de d\u00e9tails qu\u2019on a dessin\u00e9 sur ce Manifesto que vous allez retrouver sur des v\u00e9hicules de s\u00e9rie.<\/em>&nbsp;\u00bb<\/p>\n\n\n\n<figure class=\"wp-block-image size-large\"><img loading=\"lazy\" decoding=\"async\" width=\"1024\" height=\"461\" src=\"http:\/\/lignesauto.fr\/wp-content\/uploads\/2022\/09\/DETAIL_01-1024x461.jpg\" alt=\"\" class=\"wp-image-25871\" srcset=\"https:\/\/lignesauto.fr\/wp-content\/uploads\/2022\/09\/DETAIL_01-1024x461.jpg 1024w, https:\/\/lignesauto.fr\/wp-content\/uploads\/2022\/09\/DETAIL_01-300x135.jpg 300w, https:\/\/lignesauto.fr\/wp-content\/uploads\/2022\/09\/DETAIL_01-768x346.jpg 768w, https:\/\/lignesauto.fr\/wp-content\/uploads\/2022\/09\/DETAIL_01.jpg 1417w\" sizes=\"(max-width: 1024px) 100vw, 1024px\" \/><\/figure>\n\n\n\n<p style=\"font-size:18px\">Lors de la d\u00e9couverte de cette Dacia tr\u00e8s a\u00e9r\u00e9e, la surprise est totale&nbsp;! On est \u00e0 des ann\u00e9es lumi\u00e8res de la Logan de 2004 avec ses vitres plates, ses emboutis simplistes et sa silhouette tricorps d\u00e9su\u00e8te, mais totalement raccord avec le cahier des charges de la fin des ann\u00e9es 1990. Comment ne pas r\u00e9aliser que, dix-huit ans plus tard, Dacia est un constructeur qui p\u00e8se lourd d\u00e9sormais sur les march\u00e9s Fran\u00e7ais, Europ\u00e9ens et d\u2019Afrique du Nord&nbsp;? Pouvait-on imaginer qu\u2019un jour, on s\u2019amuserait au volant d\u2019une Dacia&nbsp;?<\/p>\n\n\n\n<figure class=\"wp-block-image size-large\"><img loading=\"lazy\" decoding=\"async\" width=\"1024\" height=\"689\" src=\"http:\/\/lignesauto.fr\/wp-content\/uploads\/2022\/09\/ARRIERE_02-1024x689.png\" alt=\"\" class=\"wp-image-25872\" srcset=\"https:\/\/lignesauto.fr\/wp-content\/uploads\/2022\/09\/ARRIERE_02-1024x689.png 1024w, https:\/\/lignesauto.fr\/wp-content\/uploads\/2022\/09\/ARRIERE_02-300x202.png 300w, https:\/\/lignesauto.fr\/wp-content\/uploads\/2022\/09\/ARRIERE_02-768x517.png 768w, https:\/\/lignesauto.fr\/wp-content\/uploads\/2022\/09\/ARRIERE_02.png 1417w\" sizes=\"(max-width: 1024px) 100vw, 1024px\" \/><\/figure>\n\n\n\n<p style=\"font-size:18px\">S\u2019amuser au volant de ce Buggy&nbsp;? Tout d\u2019abord, il ne faut surtout pas comparer le Manifesto \u00e0 un Buggy, ou vous allez passer sous les roues d\u2019un Bigster&nbsp;! \u00ab&nbsp; <em>Non, ce n\u2019est pas un Buggy<\/em>&nbsp;\u00bb confirme Romain Gauvin. \u00ab&nbsp;<em>Dacia est connu d\u00e9sormais pour son c\u00f4t\u00e9 fiable, robuste et outdoor. Tous nos v\u00e9hicules sont orient\u00e9s vers des activit\u00e9s en plein air. Dacia met en avant le c\u00f4t\u00e9 essentiel mais malin. On va chercher les besoins du client au plus proche de leurs attentes.<\/em>&nbsp;\u00bb<\/p>\n\n\n\n<figure class=\"wp-block-image size-large\"><img loading=\"lazy\" decoding=\"async\" width=\"1024\" height=\"548\" src=\"http:\/\/lignesauto.fr\/wp-content\/uploads\/2022\/09\/PROFIL_OK-1024x548.png\" alt=\"\" class=\"wp-image-25884\" srcset=\"https:\/\/lignesauto.fr\/wp-content\/uploads\/2022\/09\/PROFIL_OK-1024x548.png 1024w, https:\/\/lignesauto.fr\/wp-content\/uploads\/2022\/09\/PROFIL_OK-300x161.png 300w, https:\/\/lignesauto.fr\/wp-content\/uploads\/2022\/09\/PROFIL_OK-768x411.png 768w, https:\/\/lignesauto.fr\/wp-content\/uploads\/2022\/09\/PROFIL_OK.png 1417w\" sizes=\"(max-width: 1024px) 100vw, 1024px\" \/><\/figure>\n\n\n\n<p style=\"font-size:18px\">Effectivement, le c\u00f4t\u00e9 essentiel transparait avec ce Manifesto totalement ouvert puisqu\u2019il n\u2019a ni porte, ni pare-brise&nbsp;! \u00ab&nbsp;<em>Lorsqu\u2019on dessine des voitures avec des choix de style forts, on va au plus juste&nbsp;! Ce sont alors des v\u00e9hicules qui donnent le sourire.<\/em>&nbsp;\u00bb Vous voyez bien, on va pouvoir s\u2019\u00e9clater au volant d\u2019une Dacia&nbsp;! \u00ab&nbsp;<em>Cette voiture, c\u2019est un peu comme un Sherpa, elle n\u2019est pas au centre de l\u2019exp\u00e9rience ou du voyage, mais sans elle, il n\u2019y a plus de voyage&nbsp;!<\/em>&nbsp;\u00bb<\/p>\n\n\n\n<figure class=\"wp-block-image size-large\"><img loading=\"lazy\" decoding=\"async\" width=\"1024\" height=\"561\" src=\"http:\/\/lignesauto.fr\/wp-content\/uploads\/2022\/09\/DACIA-2-PLACES-1024x561.png\" alt=\"\" class=\"wp-image-25878\" srcset=\"https:\/\/lignesauto.fr\/wp-content\/uploads\/2022\/09\/DACIA-2-PLACES-1024x561.png 1024w, https:\/\/lignesauto.fr\/wp-content\/uploads\/2022\/09\/DACIA-2-PLACES-300x164.png 300w, https:\/\/lignesauto.fr\/wp-content\/uploads\/2022\/09\/DACIA-2-PLACES-768x421.png 768w, https:\/\/lignesauto.fr\/wp-content\/uploads\/2022\/09\/DACIA-2-PLACES.png 1417w\" sizes=\"(max-width: 1024px) 100vw, 1024px\" \/><\/figure>\n\n\n\n<p style=\"font-size:18px\">L\u2019aspect outdoor de Manifesto transpara\u00eet avec son c\u00f4t\u00e9 ax\u00e9 sur le franchissement. Il int\u00e8gre les activit\u00e9s de plein air qui sont ch\u00e8res aux clients Dacia, comme les deux assises qui se transforment en sac de couchage. Ces \u00ab&nbsp;accessoires&nbsp;\u00bb qui ont une double fonction sont l\u00e9gion, notamment avec l\u2019unique phare de la proue asym\u00e9trique qui est nomade et se transforme en lampe torche, ainsi que la lampe qui est \u00e0 bord. A l\u2019arri\u00e8re du concept, on trouve \u00e0 gauche une batterie qui fait office de g\u00e9n\u00e9rateur pour charger toute sorte d\u2019\u00e9quipement. A droite, le caisson est plut\u00f4t d\u00e9di\u00e9 \u00e0 l\u2019outillage. A l\u2019avant, les grands \u00e9videments re\u00e7oivent des accessoires et se transforment au gr\u00e9 des besoins ou des envies.<\/p>\n\n\n\n<figure class=\"wp-block-image size-large\"><img loading=\"lazy\" decoding=\"async\" width=\"1024\" height=\"573\" src=\"http:\/\/lignesauto.fr\/wp-content\/uploads\/2022\/09\/OPTIQUE-SEULE-1024x573.png\" alt=\"\" class=\"wp-image-25874\" srcset=\"https:\/\/lignesauto.fr\/wp-content\/uploads\/2022\/09\/OPTIQUE-SEULE-1024x573.png 1024w, https:\/\/lignesauto.fr\/wp-content\/uploads\/2022\/09\/OPTIQUE-SEULE-300x168.png 300w, https:\/\/lignesauto.fr\/wp-content\/uploads\/2022\/09\/OPTIQUE-SEULE-768x430.png 768w, https:\/\/lignesauto.fr\/wp-content\/uploads\/2022\/09\/OPTIQUE-SEULE.png 1417w\" sizes=\"(max-width: 1024px) 100vw, 1024px\" \/><\/figure>\n\n\n\n<p style=\"font-size:18px\">Ce Dacia Manifesto est 100% \u00e9lectrique pensez-vous&nbsp;? Non, ce n\u2019est pas le cas confirme Romain Gauvin&nbsp;: \u00ab&nbsp;<em>c\u2019est avant tout une Dacia et donc, c\u2019est un v\u00e9hicule qu\u2019on imagine multi \u00e9nergies. Un moteur thermique pourrait tout \u00e0 fait prendre place \u00e0 l\u2019avant. On pense nos produits en fonction de nos march\u00e9s qui ne sont pas tous 100% \u00e9lectriques.<\/em>&nbsp;\u00bb<\/p>\n\n\n\n<figure class=\"wp-block-image size-large\"><img loading=\"lazy\" decoding=\"async\" width=\"1024\" height=\"461\" src=\"http:\/\/lignesauto.fr\/wp-content\/uploads\/2022\/09\/PLANCHE_01-1024x461.jpg\" alt=\"\" class=\"wp-image-25875\" srcset=\"https:\/\/lignesauto.fr\/wp-content\/uploads\/2022\/09\/PLANCHE_01-1024x461.jpg 1024w, https:\/\/lignesauto.fr\/wp-content\/uploads\/2022\/09\/PLANCHE_01-300x135.jpg 300w, https:\/\/lignesauto.fr\/wp-content\/uploads\/2022\/09\/PLANCHE_01-768x346.jpg 768w, https:\/\/lignesauto.fr\/wp-content\/uploads\/2022\/09\/PLANCHE_01.jpg 1417w\" sizes=\"(max-width: 1024px) 100vw, 1024px\" \/><\/figure>\n\n\n\n<p style=\"font-size:18px\">Le Manifesto est une stricte deux places, car il est compact&nbsp;: pas plus de 3,60 m \u00e0 comparer aux 3,73 m de la Spring et aux 4,08 m de la Sandero. Romain Gauvin pr\u00e9cise \u00ab&nbsp;<em>qu\u2019on voulait cette compacit\u00e9 car chaque centim\u00e8tre, c\u2019est du poids en plus.<\/em>&nbsp;\u00bb Il se caract\u00e9rise avant tout par ses pneumatiques \u00ab&nbsp;airless&nbsp;\u00bb (sans air) de grande taille. \u00ab&nbsp;<em>Les grandes roues&nbsp;sont une vertu pour le franchissement et jouent sur les proportions.<\/em>&nbsp;\u00bb Leur diam\u00e8tre est de 850 mm, ce n\u2019est pas rien sur ce petit gabarit de 3,60 m&nbsp;!<\/p>\n\n\n\n<figure class=\"wp-block-image size-large\"><img loading=\"lazy\" decoding=\"async\" width=\"461\" height=\"1024\" src=\"http:\/\/lignesauto.fr\/wp-content\/uploads\/2022\/09\/PNEU-461x1024.jpg\" alt=\"\" class=\"wp-image-25895\" srcset=\"https:\/\/lignesauto.fr\/wp-content\/uploads\/2022\/09\/PNEU-461x1024.jpg 461w, https:\/\/lignesauto.fr\/wp-content\/uploads\/2022\/09\/PNEU-135x300.jpg 135w, https:\/\/lignesauto.fr\/wp-content\/uploads\/2022\/09\/PNEU-768x1707.jpg 768w, https:\/\/lignesauto.fr\/wp-content\/uploads\/2022\/09\/PNEU-691x1536.jpg 691w, https:\/\/lignesauto.fr\/wp-content\/uploads\/2022\/09\/PNEU-921x2048.jpg 921w, https:\/\/lignesauto.fr\/wp-content\/uploads\/2022\/09\/PNEU-scaled.jpg 1152w\" sizes=\"(max-width: 461px) 100vw, 461px\" \/><\/figure>\n\n\n\n<p style=\"font-size:18px\">\u00ab&nbsp;<em>On voulait un v\u00e9hicule franchisseur et d\u00e8s le d\u00e9part, on a travaill\u00e9 les proportions avec la taille des roues, le type de silhouette qu\u2019on voulait avant m\u00eame d\u2019aborder le style. Apr\u00e8s, nos designers ont trouv\u00e9 des id\u00e9es sympas et c\u2019est vrai qu\u2019on n\u2019est pas sur un geste de sculpture d\u2019un design classique.<\/em>&nbsp;\u00bb Est-il n\u00e9cessaire d\u2019\u00e9crire que les mat\u00e9riaux sont recyclables et m\u00eame novateurs, comme le rev\u00eatement de la partie haute du volant ou de la planche de bord qui sont en li\u00e8ge m\u00e9lang\u00e9 \u00e0 des pneus recycl\u00e9s. Pratique&nbsp;: on peut punaiser sur cette derni\u00e8re nos photos ou nos notes. Allez, prenez votre sac \u00e0 dos et suivez ce Sherpa&nbsp;!<\/p>\n\n\n\n<figure class=\"wp-block-image size-large\"><img loading=\"lazy\" decoding=\"async\" width=\"1024\" height=\"554\" src=\"http:\/\/lignesauto.fr\/wp-content\/uploads\/2022\/09\/TABLEAU_01-1024x554.png\" alt=\"\" class=\"wp-image-25877\" srcset=\"https:\/\/lignesauto.fr\/wp-content\/uploads\/2022\/09\/TABLEAU_01-1024x554.png 1024w, https:\/\/lignesauto.fr\/wp-content\/uploads\/2022\/09\/TABLEAU_01-300x162.png 300w, https:\/\/lignesauto.fr\/wp-content\/uploads\/2022\/09\/TABLEAU_01-768x416.png 768w, https:\/\/lignesauto.fr\/wp-content\/uploads\/2022\/09\/TABLEAU_01.png 1417w\" sizes=\"(max-width: 1024px) 100vw, 1024px\" \/><\/figure>\n\n\n\n<p class=\"has-medium-font-size\"><strong>QUAND DACIA SE PREND POUR CITRO\u00cbN<\/strong> :<\/p>\n\n\n\n<figure class=\"wp-block-image size-large\"><img loading=\"lazy\" decoding=\"async\" width=\"865\" height=\"1024\" src=\"http:\/\/lignesauto.fr\/wp-content\/uploads\/2022\/09\/SIEGE-COUCHAGE-2-865x1024.png\" alt=\"\" class=\"wp-image-25881\" srcset=\"https:\/\/lignesauto.fr\/wp-content\/uploads\/2022\/09\/SIEGE-COUCHAGE-2-865x1024.png 865w, https:\/\/lignesauto.fr\/wp-content\/uploads\/2022\/09\/SIEGE-COUCHAGE-2-253x300.png 253w, https:\/\/lignesauto.fr\/wp-content\/uploads\/2022\/09\/SIEGE-COUCHAGE-2-768x909.png 768w, https:\/\/lignesauto.fr\/wp-content\/uploads\/2022\/09\/SIEGE-COUCHAGE-2-1298x1536.png 1298w, https:\/\/lignesauto.fr\/wp-content\/uploads\/2022\/09\/SIEGE-COUCHAGE-2.png 1417w\" sizes=\"(max-width: 865px) 100vw, 865px\" \/><\/figure>\n\n\n\n<p style=\"font-size:18px\"><strong>Vous pensez que Dacia ne se consid\u00e8re pas forc\u00e9ment comme un rival de Citro\u00ebn. Il est amusant de remonter l&#8217;\u00e9chelle du temps jusqu&#8217;en 1939 lorsque les ing\u00e9nieurs qui ont con\u00e7u la TPV Citro\u00ebn (tr\u00e8s petite voiture) ont \u00e9labor\u00e9 une face avant avec un seul phare (ci-dessous)<br>Et puis, en 1948, ils ont dot\u00e9 leur 2CV de si\u00e8ges d\u00e9montables pour se reposer ou pique-niquer.(ci-dessus). Avec son phare &#8220;lampe torche&#8221; et ses housses de si\u00e8ges faisant office de sac de couchage, Dacia r\u00e9interpr\u00e8te \u00e0 sa fa\u00e7on l&#8217;ic\u00f4ne Citro\u00ebn !<\/strong><\/p>\n\n\n\n<figure class=\"wp-block-image size-large\"><img loading=\"lazy\" decoding=\"async\" width=\"1024\" height=\"284\" src=\"http:\/\/lignesauto.fr\/wp-content\/uploads\/2022\/09\/OPTIQUE-DEF-1024x284.png\" alt=\"\" class=\"wp-image-25882\" srcset=\"https:\/\/lignesauto.fr\/wp-content\/uploads\/2022\/09\/OPTIQUE-DEF-1024x284.png 1024w, https:\/\/lignesauto.fr\/wp-content\/uploads\/2022\/09\/OPTIQUE-DEF-300x83.png 300w, https:\/\/lignesauto.fr\/wp-content\/uploads\/2022\/09\/OPTIQUE-DEF-768x213.png 768w, https:\/\/lignesauto.fr\/wp-content\/uploads\/2022\/09\/OPTIQUE-DEF.png 1417w\" sizes=\"(max-width: 1024px) 100vw, 1024px\" \/><\/figure>\n\n\n\n<p class=\"has-medium-font-size\"><strong>COMMANDEZ LES TRIMESTRIELS BILINGUES &#8220;LIGNES\/auto&#8221; SUR <em>LES ACTUALIT\u00c9S, LE DESIGN ET LES ARCHIVES AUTOMOBILES<\/em>  ICI <\/strong>: <strong><a href=\"https:\/\/lignesautoeditions.fr\/?p=790\">https:\/\/lignesautoeditions.fr\/?p=790<\/a><\/strong><\/p>\n\n\n\n<figure class=\"wp-block-image size-large\"><img loading=\"lazy\" decoding=\"async\" width=\"831\" height=\"1024\" src=\"http:\/\/lignesauto.fr\/wp-content\/uploads\/2022\/09\/5_COUV_1-831x1024.png\" alt=\"\" class=\"wp-image-25891\" srcset=\"https:\/\/lignesauto.fr\/wp-content\/uploads\/2022\/09\/5_COUV_1-831x1024.png 831w, https:\/\/lignesauto.fr\/wp-content\/uploads\/2022\/09\/5_COUV_1-243x300.png 243w, https:\/\/lignesauto.fr\/wp-content\/uploads\/2022\/09\/5_COUV_1-768x946.png 768w, https:\/\/lignesauto.fr\/wp-content\/uploads\/2022\/09\/5_COUV_1-1247x1536.png 1247w, https:\/\/lignesauto.fr\/wp-content\/uploads\/2022\/09\/5_COUV_1.png 1417w\" sizes=\"(max-width: 831px) 100vw, 831px\" \/><\/figure>\n\n\n<div class=\"wp-block-image\">\n<figure class=\"aligncenter size-full is-resized\"><img loading=\"lazy\" decoding=\"async\" src=\"http:\/\/lignesauto.fr\/wp-content\/uploads\/2022\/09\/image-1.png\" alt=\"\" class=\"wp-image-25886\" width=\"587\" height=\"210\" srcset=\"https:\/\/lignesauto.fr\/wp-content\/uploads\/2022\/09\/image-1.png 1024w, https:\/\/lignesauto.fr\/wp-content\/uploads\/2022\/09\/image-1-300x108.png 300w, https:\/\/lignesauto.fr\/wp-content\/uploads\/2022\/09\/image-1-768x275.png 768w\" sizes=\"(max-width: 587px) 100vw, 587px\" \/><\/figure><\/div>","protected":false},"excerpt":{"rendered":"<p>Dacia a constitu\u00e9 une solide \u00e9quipe de designers autour de David Durand, le directeur design de la marque. Un d\u00e9partement d\u2019avance de phase et de design avanc\u00e9 a m\u00eame \u00e9t\u00e9 cr\u00e9\u00e9. Il est entre les mains de Romain Gauvin qui nous accompagne pour cette d\u00e9couverte du concept-car Manifesto. Les ambitions [&hellip;]<\/p>\n","protected":false},"author":1,"featured_media":25862,"comment_status":"closed","ping_status":"closed","sticky":false,"template":"","format":"standard","meta":{"footnotes":""},"categories":[1],"tags":[],"_links":{"self":[{"href":"https:\/\/lignesauto.fr\/index.php?rest_route=\/wp\/v2\/posts\/25857"}],"collection":[{"href":"https:\/\/lignesauto.fr\/index.php?rest_route=\/wp\/v2\/posts"}],"about":[{"href":"https:\/\/lignesauto.fr\/index.php?rest_route=\/wp\/v2\/types\/post"}],"author":[{"embeddable":true,"href":"https:\/\/lignesauto.fr\/index.php?rest_route=\/wp\/v2\/users\/1"}],"replies":[{"embeddable":true,"href":"https:\/\/lignesauto.fr\/index.php?rest_route=%2Fwp%2Fv2%2Fcomments&post=25857"}],"version-history":[{"count":23,"href":"https:\/\/lignesauto.fr\/index.php?rest_route=\/wp\/v2\/posts\/25857\/revisions"}],"predecessor-version":[{"id":25977,"href":"https:\/\/lignesauto.fr\/index.php?rest_route=\/wp\/v2\/posts\/25857\/revisions\/25977"}],"wp:featuredmedia":[{"embeddable":true,"href":"https:\/\/lignesauto.fr\/index.php?rest_route=\/wp\/v2\/media\/25862"}],"wp:attachment":[{"href":"https:\/\/lignesauto.fr\/index.php?rest_route=%2Fwp%2Fv2%2Fmedia&parent=25857"}],"wp:term":[{"taxonomy":"category","embeddable":true,"href":"https:\/\/lignesauto.fr\/index.php?rest_route=%2Fwp%2Fv2%2Fcategories&post=25857"},{"taxonomy":"post_tag","embeddable":true,"href":"https:\/\/lignesauto.fr\/index.php?rest_route=%2Fwp%2Fv2%2Ftags&post=25857"}],"curies":[{"name":"wp","href":"https:\/\/api.w.org\/{rel}","templated":true}]}}