{"id":25979,"date":"2022-09-27T09:14:53","date_gmt":"2022-09-27T07:14:53","guid":{"rendered":"http:\/\/lignesauto.fr\/?p=25979"},"modified":"2022-09-27T11:36:20","modified_gmt":"2022-09-27T09:36:20","slug":"nouveau-logo-citroen-decouvrez-lhistoire-du-double-chevron","status":"publish","type":"post","link":"https:\/\/lignesauto.fr\/?p=25979","title":{"rendered":"Nouveau logo Citro\u00ebn : d\u00e9couvrez l&#8217;histoire du double-chevron"},"content":{"rendered":"<div class=\"wp-block-image\">\n<figure class=\"aligncenter size-full is-resized\"><img loading=\"lazy\" decoding=\"async\" src=\"http:\/\/lignesauto.fr\/wp-content\/uploads\/2022\/09\/image-1.png\" alt=\"\" class=\"wp-image-25886\" width=\"551\" height=\"197\" srcset=\"https:\/\/lignesauto.fr\/wp-content\/uploads\/2022\/09\/image-1.png 1024w, https:\/\/lignesauto.fr\/wp-content\/uploads\/2022\/09\/image-1-300x108.png 300w, https:\/\/lignesauto.fr\/wp-content\/uploads\/2022\/09\/image-1-768x275.png 768w\" sizes=\"(max-width: 551px) 100vw, 551px\" \/><\/figure><\/div>\n\n\n<p style=\"font-size:18px\">En attendant un concept-car que Citro\u00ebn pr\u00e9sentera \u00e0 la fin de ce mois, donc d\u00e8s cette semaine, le constructeur fran\u00e7ais d\u00e9voile la dixi\u00e8me \u00e9volution de son logo depuis la cr\u00e9ation de la marque en 1919. Comme l\u2019annonce le communiqu\u00e9 de presse, Citro\u00ebn inaugure avec lui \u00ab&nbsp;une nouvelle identit\u00e9 de Marque&nbsp;\u00bb. Ce logo \u00ab&nbsp;annonce un nouveau chapitre passionnant et structurant de son histoire. \u00bb<\/p>\n\n\n\n<figure class=\"wp-block-image size-large\"><img loading=\"lazy\" decoding=\"async\" width=\"1024\" height=\"775\" src=\"http:\/\/lignesauto.fr\/wp-content\/uploads\/2022\/09\/LOGO_101-1024x775.png\" alt=\"\" class=\"wp-image-25984\" srcset=\"https:\/\/lignesauto.fr\/wp-content\/uploads\/2022\/09\/LOGO_101-1024x775.png 1024w, https:\/\/lignesauto.fr\/wp-content\/uploads\/2022\/09\/LOGO_101-300x227.png 300w, https:\/\/lignesauto.fr\/wp-content\/uploads\/2022\/09\/LOGO_101-768x582.png 768w, https:\/\/lignesauto.fr\/wp-content\/uploads\/2022\/09\/LOGO_101.png 1417w\" sizes=\"(max-width: 1024px) 100vw, 1024px\" \/><\/figure>\n\n\n\n<p style=\"font-size:18px\">\u00ab&nbsp;R\u00e9interpr\u00e9tant l\u2019ovale originel de 1919, le nouveau logo s\u2019installe fi\u00e8rement comme la 10e \u00e9volution ayant jalonn\u00e9 les 103 ans d\u2019histoire de Citro\u00ebn. Ce nouveau logo est plus moderne, graphique et adapt\u00e9 aux nouveaux supports digitaux.&nbsp;\u00bb<\/p>\n\n\n\n<figure class=\"wp-block-image size-large is-resized\"><img loading=\"lazy\" decoding=\"async\" src=\"http:\/\/lignesauto.fr\/wp-content\/uploads\/2022\/09\/LOGO_102-1024x955.png\" alt=\"\" class=\"wp-image-25985\" width=\"842\" height=\"785\" srcset=\"https:\/\/lignesauto.fr\/wp-content\/uploads\/2022\/09\/LOGO_102-1024x955.png 1024w, https:\/\/lignesauto.fr\/wp-content\/uploads\/2022\/09\/LOGO_102-300x280.png 300w, https:\/\/lignesauto.fr\/wp-content\/uploads\/2022\/09\/LOGO_102-768x717.png 768w, https:\/\/lignesauto.fr\/wp-content\/uploads\/2022\/09\/LOGO_102.png 1417w\" sizes=\"(max-width: 842px) 100vw, 842px\" \/><\/figure>\n\n\n\n<p style=\"font-size:18px\">\u00ab&nbsp;<strong>Le nouveau logo apparaitra sur un concept-car \u00e0 la fin du mois de septembre, puis ornera progressivement les futurs produits et concepts \u00e0 partir de mi-2023<\/strong>. La nouvelle identit\u00e9 de marque Citro\u00ebn sera d\u00e9ploy\u00e9e par phases sur tous les supports de communication et sur tous les points de contact physiques de la Marque (points de vente, ateliers, etc.)&nbsp;\u00bb<\/p>\n\n\n\n<figure class=\"wp-block-image size-large\"><img loading=\"lazy\" decoding=\"async\" width=\"1024\" height=\"683\" src=\"http:\/\/lignesauto.fr\/wp-content\/uploads\/2022\/09\/LOGO_103-1024x683.jpg\" alt=\"\" class=\"wp-image-25986\" srcset=\"https:\/\/lignesauto.fr\/wp-content\/uploads\/2022\/09\/LOGO_103-1024x683.jpg 1024w, https:\/\/lignesauto.fr\/wp-content\/uploads\/2022\/09\/LOGO_103-300x200.jpg 300w, https:\/\/lignesauto.fr\/wp-content\/uploads\/2022\/09\/LOGO_103-768x512.jpg 768w, https:\/\/lignesauto.fr\/wp-content\/uploads\/2022\/09\/LOGO_103.jpg 1417w\" sizes=\"(max-width: 1024px) 100vw, 1024px\" \/><figcaption><strong>Le LOGO appara\u00eetra en fin de semaine sur un concept-car<\/strong><\/figcaption><\/figure>\n\n\n\n<p style=\"font-size:18px\">\u00ab&nbsp;Ce changement s\u2019accompagne d\u2019une nouvelle signature de Marque qui porte la promesse d\u2019une acc\u00e9l\u00e9ration vers des solutions de mobilit\u00e9 plus audacieuses et accueillantes pour le bien-\u00eatre des clients Citro\u00ebn : \u00ab <em>Nothing moves us like Citro\u00ebn<\/em> \u00bb.<\/p>\n\n\n\n<figure class=\"wp-block-image size-large\"><img loading=\"lazy\" decoding=\"async\" width=\"683\" height=\"1024\" src=\"http:\/\/lignesauto.fr\/wp-content\/uploads\/2022\/09\/LOGO_201-683x1024.jpg\" alt=\"\" class=\"wp-image-25987\" srcset=\"https:\/\/lignesauto.fr\/wp-content\/uploads\/2022\/09\/LOGO_201-683x1024.jpg 683w, https:\/\/lignesauto.fr\/wp-content\/uploads\/2022\/09\/LOGO_201-200x300.jpg 200w, https:\/\/lignesauto.fr\/wp-content\/uploads\/2022\/09\/LOGO_201-768x1151.jpg 768w, https:\/\/lignesauto.fr\/wp-content\/uploads\/2022\/09\/LOGO_201-1025x1536.jpg 1025w, https:\/\/lignesauto.fr\/wp-content\/uploads\/2022\/09\/LOGO_201-1366x2048.jpg 1366w, https:\/\/lignesauto.fr\/wp-content\/uploads\/2022\/09\/LOGO_201.jpg 1417w\" sizes=\"(max-width: 683px) 100vw, 683px\" \/><figcaption><strong>En 2019, pour le centenaire de la marque, le concept-car 19_19 inaugurait d\u00e9j\u00e0 le nouveau logo Citro\u00ebn<\/strong><\/figcaption><\/figure>\n\n\n\n<p style=\"font-size:18px\">Au-del\u00e0 de cette profonde r\u00e9interpr\u00e9tation du logo qui va directement impacter le langage formel des futures Citro\u00ebn, il nous faut revenir sur l\u2019histoire m\u00eame de ce logo \u00e0 double-chevron qui remonte au d\u00e9but des ann\u00e9es 1900.<\/p>\n\n\n\n<figure class=\"wp-block-image size-large\"><img loading=\"lazy\" decoding=\"async\" width=\"1024\" height=\"841\" src=\"http:\/\/lignesauto.fr\/wp-content\/uploads\/2022\/09\/LOGO_01-1024x841.png\" alt=\"\" class=\"wp-image-25988\" srcset=\"https:\/\/lignesauto.fr\/wp-content\/uploads\/2022\/09\/LOGO_01-1024x841.png 1024w, https:\/\/lignesauto.fr\/wp-content\/uploads\/2022\/09\/LOGO_01-300x246.png 300w, https:\/\/lignesauto.fr\/wp-content\/uploads\/2022\/09\/LOGO_01-768x631.png 768w, https:\/\/lignesauto.fr\/wp-content\/uploads\/2022\/09\/LOGO_01.png 1417w\" sizes=\"(max-width: 1024px) 100vw, 1024px\" \/><\/figure>\n\n\n\n<p style=\"font-size:18px\">Andr\u00e9 Citro\u00ebn n\u2019a que 22 ans lorsqu\u2019au cours d\u2019une visite rendue \u00e0 sa famille maternelle \u00e0 Varsovie, il s\u2019int\u00e9resse \u00e0 une usine situ\u00e9e tout pr\u00e8s dont la sp\u00e9cialit\u00e9 est la taille d\u2019engrenages.&nbsp;Ces engrenages sont \u00e0 \u00ab&nbsp;double denture&nbsp;\u00bb formant ainsi un chevron, appel\u00e9 aussi un \u00ab&nbsp;galon de caporal&nbsp;\u00bb. Industriel dans l\u2019\u00e2me, il acquiert le brevet de fabrication de ces engrenages qui offrent la particularit\u00e9 d\u2019un silence de fonctionnement sans commune mesure avec les syst\u00e8mes alors en vogue \u00e0 l\u2019\u00e9poque.<\/p>\n\n\n\n<figure class=\"wp-block-image size-large\"><img loading=\"lazy\" decoding=\"async\" width=\"1024\" height=\"692\" src=\"http:\/\/lignesauto.fr\/wp-content\/uploads\/2022\/09\/LOGO_03-1024x692.png\" alt=\"\" class=\"wp-image-25989\" srcset=\"https:\/\/lignesauto.fr\/wp-content\/uploads\/2022\/09\/LOGO_03-1024x692.png 1024w, https:\/\/lignesauto.fr\/wp-content\/uploads\/2022\/09\/LOGO_03-300x203.png 300w, https:\/\/lignesauto.fr\/wp-content\/uploads\/2022\/09\/LOGO_03-768x519.png 768w, https:\/\/lignesauto.fr\/wp-content\/uploads\/2022\/09\/LOGO_03.png 1417w\" sizes=\"(max-width: 1024px) 100vw, 1024px\" \/><\/figure>\n\n\n\n<figure class=\"wp-block-embed is-type-wp-embed is-provider-achetez-nos-livres-ici-buy-our-books-here wp-block-embed-achetez-nos-livres-ici-buy-our-books-here\"><div class=\"wp-block-embed__wrapper\">\n<blockquote class=\"wp-embedded-content\" data-secret=\"VWebSDw71z\"><a href=\"https:\/\/lignesautoeditions.fr\/?p=1021\">Commandez ici LIGNES\/auto#06 (France and International)<\/a><\/blockquote><iframe class=\"wp-embedded-content\" sandbox=\"allow-scripts\" security=\"restricted\" style=\"position: absolute; clip: rect(1px, 1px, 1px, 1px);\" title=\"\u00ab\u00a0Commandez ici LIGNES\/auto#06 (France and International)\u00a0\u00bb &#8212; ACHETEZ NOS LIVRES ICI - BUY OUR BOOKS HERE\" src=\"https:\/\/lignesautoeditions.fr\/?p=1021&#038;embed=true#?secret=E7hAU0CVK5#?secret=VWebSDw71z\" data-secret=\"VWebSDw71z\" width=\"600\" height=\"338\" frameborder=\"0\" marginwidth=\"0\" marginheight=\"0\" scrolling=\"no\"><\/iframe>\n<\/div><\/figure>\n\n\n\n<p style=\"font-size:18px\">Citro\u00ebn fait preuve d\u00e8s son jeune \u00e2ge des comp\u00e9tences d\u2019industriel averti&nbsp;! Il y ajoute rapidement la volont\u00e9 d\u2019innover. Ainsi, plut\u00f4t que d\u2019usiner les engrenages dans la fonte comme c\u2019est le cas sur le site de Varsovie, il d\u00e9cide de les tailler dans de l\u2019acier. La compagnie qu\u2019il cr\u00e9e d\u00e8s son retour en France doit inventer les machines-outils capables d\u2019usiner ce mat\u00e9riau et ce concept de denture en &#8220;chevron&#8221;.<\/p>\n\n\n\n<figure class=\"wp-block-image size-large\"><img loading=\"lazy\" decoding=\"async\" width=\"1024\" height=\"756\" src=\"http:\/\/lignesauto.fr\/wp-content\/uploads\/2022\/09\/LOGO_07-1024x756.png\" alt=\"\" class=\"wp-image-25990\" srcset=\"https:\/\/lignesauto.fr\/wp-content\/uploads\/2022\/09\/LOGO_07-1024x756.png 1024w, https:\/\/lignesauto.fr\/wp-content\/uploads\/2022\/09\/LOGO_07-300x221.png 300w, https:\/\/lignesauto.fr\/wp-content\/uploads\/2022\/09\/LOGO_07-768x567.png 768w, https:\/\/lignesauto.fr\/wp-content\/uploads\/2022\/09\/LOGO_07.png 1417w\" sizes=\"(max-width: 1024px) 100vw, 1024px\" \/><\/figure>\n\n\n\n<p style=\"font-size:18px\">Il installe ces nouvelles machines en 1901 dans un atelier au 202 rue du Faubourg Saint-Denis \u00e0 Paris. Ces ateliers sont gigantesques, car les engrenages usin\u00e9s ici le sont tout autant. Ces pi\u00e8ces aux dents en \u00ab&nbsp;double-chevrons \u00bb iront jusqu\u2019\u00e0 se loger dans les entrailles de la salle des machines du Titanic&nbsp;!  (ci-dessous) Mais avant la naissance de ce g\u00e9ant des mers \u00e9ph\u00e9m\u00e8re, Andr\u00e9 Citro\u00ebn d\u00e9m\u00e9nage en 1910 sur le quai de Grenelle o\u00f9 il installe sa soci\u00e9t\u00e9 \u00ab&nbsp;Citro\u00ebn \u2013 Hinstin et C<sup>ie<\/sup>&nbsp;\u00bb. Il s\u2019est effectivement associ\u00e9 \u00e0 deux anciens coll\u00e8gues lyc\u00e9ens, dont le d\u00e9nomm\u00e9 Paul Hinstin. Tr\u00e8s vite, l\u2019entreprise est rebaptis\u00e9e \u00ab&nbsp;Soci\u00e9t\u00e9 Anonyme des Engrenages Citro\u00ebn&nbsp;\u00bb.<\/p>\n\n\n\n<figure class=\"wp-block-image size-large\"><img loading=\"lazy\" decoding=\"async\" width=\"1024\" height=\"674\" src=\"http:\/\/lignesauto.fr\/wp-content\/uploads\/2022\/09\/TITANIC-1024x674.jpg\" alt=\"\" class=\"wp-image-25996\" srcset=\"https:\/\/lignesauto.fr\/wp-content\/uploads\/2022\/09\/TITANIC-1024x674.jpg 1024w, https:\/\/lignesauto.fr\/wp-content\/uploads\/2022\/09\/TITANIC-300x198.jpg 300w, https:\/\/lignesauto.fr\/wp-content\/uploads\/2022\/09\/TITANIC-768x506.jpg 768w, https:\/\/lignesauto.fr\/wp-content\/uploads\/2022\/09\/TITANIC.jpg 1417w\" sizes=\"(max-width: 1024px) 100vw, 1024px\" \/><\/figure>\n\n\n\n<p style=\"font-size:18px\">C\u2019est durant ces m\u00eames ann\u00e9es qu\u2019Andr\u00e9 Citro\u00ebn est appel\u00e9 \u00e0 venir en aide \u00e0 la soci\u00e9t\u00e9 des Automobiles Mors. C\u2019est surtout la Premi\u00e8re Guerre mondiale qui vient bousculer les plans de l\u2019industriel fran\u00e7ais. Il produira pendant cette p\u00e9riode noire dans sa nouvelle usine du quai de Javel des millions d\u2019obus avant, on le sait, d\u2019orienter sa production vers l\u2019automobile en 1919.<br>Ce que l\u2019on sait moins, c\u2019est que la soci\u00e9t\u00e9 des engrenages Citro\u00ebn est toujours bel et bien en activit\u00e9&nbsp;! Au d\u00e9but des ann\u00e9es 1960, les engrenages Citro\u00ebn op\u00e8rent une fusion avec la soci\u00e9t\u00e9 Messian cr\u00e9\u00e9e par Robert Messian en 1920 \u00e0 Cambrai.<\/p>\n\n\n\n<figure class=\"wp-block-image size-large\"><img loading=\"lazy\" decoding=\"async\" width=\"1024\" height=\"1019\" src=\"http:\/\/lignesauto.fr\/wp-content\/uploads\/2022\/09\/LOGO_05-1024x1019.png\" alt=\"\" class=\"wp-image-25992\" srcset=\"https:\/\/lignesauto.fr\/wp-content\/uploads\/2022\/09\/LOGO_05-1024x1019.png 1024w, https:\/\/lignesauto.fr\/wp-content\/uploads\/2022\/09\/LOGO_05-300x300.png 300w, https:\/\/lignesauto.fr\/wp-content\/uploads\/2022\/09\/LOGO_05-150x150.png 150w, https:\/\/lignesauto.fr\/wp-content\/uploads\/2022\/09\/LOGO_05-768x764.png 768w, https:\/\/lignesauto.fr\/wp-content\/uploads\/2022\/09\/LOGO_05.png 1417w\" sizes=\"(max-width: 1024px) 100vw, 1024px\" \/><\/figure>\n\n\n\n<p style=\"font-size:18px\">La fabrique d\u2019engrenages devient ainsi la soci\u00e9t\u00e9 \u00ab&nbsp;Citro\u00ebn-Messian&nbsp;\u00bb. Plus de dix apr\u00e8s, en 1977, \u00ab&nbsp;Citro\u00ebn-Messian&nbsp;\u00bb devient \u00ab&nbsp;Citro\u00ebn-Messian-Durand&nbsp;\u00bb apr\u00e8s que Citro\u00ebn a rachet\u00e9 l\u2019entreprise Durand implant\u00e9e \u00e0 Nevers.<\/p>\n\n\n\n<figure class=\"wp-block-image size-large\"><img loading=\"lazy\" decoding=\"async\" width=\"1024\" height=\"798\" src=\"http:\/\/lignesauto.fr\/wp-content\/uploads\/2022\/09\/MESSIAN-1024x798.png\" alt=\"\" class=\"wp-image-25998\" srcset=\"https:\/\/lignesauto.fr\/wp-content\/uploads\/2022\/09\/MESSIAN-1024x798.png 1024w, https:\/\/lignesauto.fr\/wp-content\/uploads\/2022\/09\/MESSIAN-300x234.png 300w, https:\/\/lignesauto.fr\/wp-content\/uploads\/2022\/09\/MESSIAN-768x598.png 768w, https:\/\/lignesauto.fr\/wp-content\/uploads\/2022\/09\/MESSIAN.png 1417w\" sizes=\"(max-width: 1024px) 100vw, 1024px\" \/><\/figure>\n\n\n\n<p style=\"font-size:18px\">L\u2019arriv\u00e9e de Peugeot et la formation du groupe PSA va redistribuer les cartes. En 1991, CMD (\u00ab&nbsp;Citro\u00ebn-Messian-Durand&nbsp;\u00bb) est c\u00e9d\u00e9e par le groupe automobile fran\u00e7ais \u00e0 l\u2019entreprise Dynaction-Mecadyne. \u00ab&nbsp;Citro\u00ebn-Messian-Durand&nbsp;\u00bb rejoint au final le groupe CIF (Compagnie Industrielle et Financi\u00e8re de Bussy) en 2005. Sur le site CIF, la division CMD existe toujours, comme vous pourrez le constater en allant le visiter ici&nbsp;: &nbsp;<a href=\"http:\/\/www.cmdgears.com\/\">http:\/\/www.cmdgears.com<\/a><\/p>\n\n\n\n<figure class=\"wp-block-image size-large\"><img loading=\"lazy\" decoding=\"async\" width=\"1024\" height=\"550\" src=\"http:\/\/lignesauto.fr\/wp-content\/uploads\/2022\/09\/Capture-de\u0301cran-2022-09-27-a\u0300-08.53.32-1024x550.png\" alt=\"\" class=\"wp-image-25995\" srcset=\"https:\/\/lignesauto.fr\/wp-content\/uploads\/2022\/09\/Capture-de\u0301cran-2022-09-27-a\u0300-08.53.32-1024x550.png 1024w, https:\/\/lignesauto.fr\/wp-content\/uploads\/2022\/09\/Capture-de\u0301cran-2022-09-27-a\u0300-08.53.32-300x161.png 300w, https:\/\/lignesauto.fr\/wp-content\/uploads\/2022\/09\/Capture-de\u0301cran-2022-09-27-a\u0300-08.53.32-768x412.png 768w, https:\/\/lignesauto.fr\/wp-content\/uploads\/2022\/09\/Capture-de\u0301cran-2022-09-27-a\u0300-08.53.32.png 1417w\" sizes=\"(max-width: 1024px) 100vw, 1024px\" \/><\/figure>\n\n\n\n<p style=\"font-size:18px\">CMD existe donc toujours, int\u00e9gr\u00e9e dans un groupe gigantesque \u00e0 port\u00e9e mondiale&nbsp;!&nbsp;Ce qui existe toujours \u00e9galement, ce sont bien-s\u00fbr les double-chevrons qui, d\u00e8s la naissance de Citro\u00ebn, sont devenus l&#8217;embl\u00e8me d&#8217;une marque d\u00e9sormais plus que centenaire&#8230;<\/p>\n\n\n\n<figure class=\"wp-block-image size-large\"><img loading=\"lazy\" decoding=\"async\" width=\"1024\" height=\"596\" src=\"http:\/\/lignesauto.fr\/wp-content\/uploads\/2022\/09\/LOGO_04-1024x596.png\" alt=\"\" class=\"wp-image-26021\" srcset=\"https:\/\/lignesauto.fr\/wp-content\/uploads\/2022\/09\/LOGO_04-1024x596.png 1024w, https:\/\/lignesauto.fr\/wp-content\/uploads\/2022\/09\/LOGO_04-300x175.png 300w, https:\/\/lignesauto.fr\/wp-content\/uploads\/2022\/09\/LOGO_04-768x447.png 768w, https:\/\/lignesauto.fr\/wp-content\/uploads\/2022\/09\/LOGO_04.png 1417w\" sizes=\"(max-width: 1024px) 100vw, 1024px\" \/><\/figure>\n\n\n\n<figure class=\"wp-block-embed is-type-wp-embed is-provider-achetez-nos-livres-ici-buy-our-books-here wp-block-embed-achetez-nos-livres-ici-buy-our-books-here\"><div class=\"wp-block-embed__wrapper\">\n<blockquote class=\"wp-embedded-content\" data-secret=\"DuE9kiLSIV\"><a href=\"https:\/\/lignesautoeditions.fr\/?p=854\">Commandez le livre LUCKYMAN                              Order the LUCKYMAN book here<\/a><\/blockquote><iframe class=\"wp-embedded-content\" sandbox=\"allow-scripts\" security=\"restricted\" style=\"position: absolute; clip: rect(1px, 1px, 1px, 1px);\" title=\"\u00ab\u00a0Commandez le livre LUCKYMAN                              Order the LUCKYMAN book here\u00a0\u00bb &#8212; ACHETEZ NOS LIVRES ICI - BUY OUR BOOKS HERE\" src=\"https:\/\/lignesautoeditions.fr\/?p=854&#038;embed=true#?secret=N5XgHz7kun#?secret=DuE9kiLSIV\" data-secret=\"DuE9kiLSIV\" width=\"600\" height=\"338\" frameborder=\"0\" marginwidth=\"0\" marginheight=\"0\" scrolling=\"no\"><\/iframe>\n<\/div><\/figure>\n\n\n<div class=\"wp-block-image\">\n<figure class=\"aligncenter size-full is-resized\"><img loading=\"lazy\" decoding=\"async\" src=\"http:\/\/lignesauto.fr\/wp-content\/uploads\/2022\/09\/image-3.png\" alt=\"\" class=\"wp-image-25981\" width=\"607\" height=\"218\" srcset=\"https:\/\/lignesauto.fr\/wp-content\/uploads\/2022\/09\/image-3.png 1024w, https:\/\/lignesauto.fr\/wp-content\/uploads\/2022\/09\/image-3-300x108.png 300w, https:\/\/lignesauto.fr\/wp-content\/uploads\/2022\/09\/image-3-768x275.png 768w\" sizes=\"(max-width: 607px) 100vw, 607px\" \/><\/figure><\/div>","protected":false},"excerpt":{"rendered":"<p>En attendant un concept-car que Citro\u00ebn pr\u00e9sentera \u00e0 la fin de ce mois, donc d\u00e8s cette semaine, le constructeur fran\u00e7ais d\u00e9voile la dixi\u00e8me \u00e9volution de son logo depuis la cr\u00e9ation de la marque en 1919. Comme l\u2019annonce le communiqu\u00e9 de presse, Citro\u00ebn inaugure avec lui \u00ab&nbsp;une nouvelle identit\u00e9 de Marque&nbsp;\u00bb. [&hellip;]<\/p>\n","protected":false},"author":1,"featured_media":25983,"comment_status":"closed","ping_status":"closed","sticky":false,"template":"","format":"standard","meta":{"footnotes":""},"categories":[1],"tags":[],"_links":{"self":[{"href":"https:\/\/lignesauto.fr\/index.php?rest_route=\/wp\/v2\/posts\/25979"}],"collection":[{"href":"https:\/\/lignesauto.fr\/index.php?rest_route=\/wp\/v2\/posts"}],"about":[{"href":"https:\/\/lignesauto.fr\/index.php?rest_route=\/wp\/v2\/types\/post"}],"author":[{"embeddable":true,"href":"https:\/\/lignesauto.fr\/index.php?rest_route=\/wp\/v2\/users\/1"}],"replies":[{"embeddable":true,"href":"https:\/\/lignesauto.fr\/index.php?rest_route=%2Fwp%2Fv2%2Fcomments&post=25979"}],"version-history":[{"count":14,"href":"https:\/\/lignesauto.fr\/index.php?rest_route=\/wp\/v2\/posts\/25979\/revisions"}],"predecessor-version":[{"id":26030,"href":"https:\/\/lignesauto.fr\/index.php?rest_route=\/wp\/v2\/posts\/25979\/revisions\/26030"}],"wp:featuredmedia":[{"embeddable":true,"href":"https:\/\/lignesauto.fr\/index.php?rest_route=\/wp\/v2\/media\/25983"}],"wp:attachment":[{"href":"https:\/\/lignesauto.fr\/index.php?rest_route=%2Fwp%2Fv2%2Fmedia&parent=25979"}],"wp:term":[{"taxonomy":"category","embeddable":true,"href":"https:\/\/lignesauto.fr\/index.php?rest_route=%2Fwp%2Fv2%2Fcategories&post=25979"},{"taxonomy":"post_tag","embeddable":true,"href":"https:\/\/lignesauto.fr\/index.php?rest_route=%2Fwp%2Fv2%2Ftags&post=25979"}],"curies":[{"name":"wp","href":"https:\/\/api.w.org\/{rel}","templated":true}]}}