{"id":26024,"date":"2022-09-29T13:01:00","date_gmt":"2022-09-29T11:01:00","guid":{"rendered":"http:\/\/lignesauto.fr\/?p=26024"},"modified":"2022-09-29T19:09:36","modified_gmt":"2022-09-29T17:09:36","slug":"oli-le-design-de-lovni-citroen-decrypte","status":"publish","type":"post","link":"https:\/\/lignesauto.fr\/?p=26024","title":{"rendered":"OLI : le design de l&#8217;OVNI Citro\u00ebn d\u00e9crypt\u00e9."},"content":{"rendered":"<div class=\"wp-block-image\">\n<figure class=\"aligncenter size-full is-resized\"><img loading=\"lazy\" decoding=\"async\" src=\"http:\/\/lignesauto.fr\/wp-content\/uploads\/2022\/09\/image-1.png\" alt=\"\" class=\"wp-image-25886\" width=\"516\" height=\"185\" srcset=\"https:\/\/lignesauto.fr\/wp-content\/uploads\/2022\/09\/image-1.png 1024w, https:\/\/lignesauto.fr\/wp-content\/uploads\/2022\/09\/image-1-300x108.png 300w, https:\/\/lignesauto.fr\/wp-content\/uploads\/2022\/09\/image-1-768x275.png 768w\" sizes=\"(max-width: 516px) 100vw, 516px\" \/><\/figure><\/div>\n\n\n<figure class=\"wp-block-image size-large\"><img loading=\"lazy\" decoding=\"async\" width=\"1024\" height=\"476\" src=\"http:\/\/lignesauto.fr\/wp-content\/uploads\/2022\/09\/OLI_04-1024x476.png\" alt=\"\" class=\"wp-image-26033\" srcset=\"https:\/\/lignesauto.fr\/wp-content\/uploads\/2022\/09\/OLI_04-1024x476.png 1024w, https:\/\/lignesauto.fr\/wp-content\/uploads\/2022\/09\/OLI_04-300x139.png 300w, https:\/\/lignesauto.fr\/wp-content\/uploads\/2022\/09\/OLI_04-768x357.png 768w, https:\/\/lignesauto.fr\/wp-content\/uploads\/2022\/09\/OLI_04.png 1417w\" sizes=\"(max-width: 1024px) 100vw, 1024px\" \/><\/figure>\n\n\n\n<p style=\"font-size:18px\">Deux jours apr\u00e8s avoir d\u00e9voil\u00e9 sa nouvelle identit\u00e9 (voir ici&nbsp;: <a href=\"https:\/\/lignesauto.fr\/?p=25979\">https:\/\/lignesauto.fr\/?p=25979<\/a>) Citro\u00ebn l\u00e8ve le voile sur le concept-car Oli &#8211; appel\u00e9e par Citro\u00ebn All-\u00eb &#8211; qui va servir de locomotive \u00e0 l\u2019implantation d\u2019un nouveau langage formel accompagnant le nouveau logo ovale. Oli n\u2019est pas un concept-car \u00e0 proprement parl\u00e9, \u00e9voquons plut\u00f4t un manifeste, car il d\u00e9flore une multitude d\u2019id\u00e9es concr\u00e8tes qui pimenteront les futurs mod\u00e8les de la gamme. En attendant, c&#8217;est aujourd&#8217;hui le joli OLI day !<\/p>\n\n\n\n<figure class=\"wp-block-image size-large\"><img loading=\"lazy\" decoding=\"async\" width=\"1024\" height=\"891\" src=\"http:\/\/lignesauto.fr\/wp-content\/uploads\/2022\/09\/OLI_11-1024x891.png\" alt=\"\" class=\"wp-image-26035\" srcset=\"https:\/\/lignesauto.fr\/wp-content\/uploads\/2022\/09\/OLI_11-1024x891.png 1024w, https:\/\/lignesauto.fr\/wp-content\/uploads\/2022\/09\/OLI_11-300x261.png 300w, https:\/\/lignesauto.fr\/wp-content\/uploads\/2022\/09\/OLI_11-768x668.png 768w, https:\/\/lignesauto.fr\/wp-content\/uploads\/2022\/09\/OLI_11.png 1417w\" sizes=\"(max-width: 1024px) 100vw, 1024px\" \/><figcaption>L&#8217;arriv\u00e9e du logo ovale reconditionne la signature lumineuse : deux barrettes horizontales aux extr\u00e9mit\u00e9s de la proue, flanqu\u00e9es de deux blocs verticaux au format g\u00e9n\u00e9reux. Au centre, rien d&#8217;autre que le logo.<\/figcaption><\/figure>\n\n\n\n<p style=\"font-size:18px\">Oli est d\u2019abord une nouvelle expression d\u2019une mobilit\u00e9 individuelle plus durable et in\u00e9dite, pour un v\u00e9hicule du segment B (C3 et 208), avec une longueur de 4,20 m. In\u00e9dite, car elle casse les codes de la g\u00e9n\u00e9ration des voitures \u00e9lectriques toujours plus encombrantes, plus lourdes et complexes. Oli ne d\u00e9passe pas les 110 km\/h, demeure sous la barre de 1000 kg, embarque une \u00ab&nbsp;petite&nbsp;\u00bb batterie de 40 kWh et son objectif premier est de limiter sa consommation \u00e0 10 kWh pour 100 km, soit une autonomie de 400 km.<\/p>\n\n\n\n<figure class=\"wp-block-image size-large\"><img loading=\"lazy\" decoding=\"async\" width=\"1024\" height=\"340\" src=\"http:\/\/lignesauto.fr\/wp-content\/uploads\/2022\/09\/OLI_02-1024x340.png\" alt=\"\" class=\"wp-image-26037\" srcset=\"https:\/\/lignesauto.fr\/wp-content\/uploads\/2022\/09\/OLI_02-1024x340.png 1024w, https:\/\/lignesauto.fr\/wp-content\/uploads\/2022\/09\/OLI_02-300x100.png 300w, https:\/\/lignesauto.fr\/wp-content\/uploads\/2022\/09\/OLI_02-768x255.png 768w, https:\/\/lignesauto.fr\/wp-content\/uploads\/2022\/09\/OLI_02.png 1417w\" sizes=\"(max-width: 1024px) 100vw, 1024px\" \/><\/figure>\n\n\n\n<p style=\"font-size:18px\">Anne Laliron, Directrice des produits futurs de Citro\u00ebn, confirme que cette \u00e9tude est partie d\u2019une page blanche \u00e0 partir de laquelle \u00ab&nbsp;<em>on s\u2019est pos\u00e9 les bonnes questions pour enfanter un v\u00e9hicule qui puisse permettre \u00e0 une famille d\u2019avoir un seul v\u00e9hicule, abordable, et avec la plus faible empreinte environnementale.<\/em>&nbsp;\u00bb Chaque \u00e9l\u00e9ment constitutif d\u2019Oli a \u00e9t\u00e9 repens\u00e9 de A \u00e0 Z avec cette priorit\u00e9 de durabilit\u00e9, de frugalit\u00e9 et de r\u00e9parabilit\u00e9.<\/p>\n\n\n\n<figure class=\"wp-block-image size-large\"><img loading=\"lazy\" decoding=\"async\" width=\"1024\" height=\"619\" src=\"http:\/\/lignesauto.fr\/wp-content\/uploads\/2022\/09\/OLI_03-1024x619.png\" alt=\"\" class=\"wp-image-26038\" srcset=\"https:\/\/lignesauto.fr\/wp-content\/uploads\/2022\/09\/OLI_03-1024x619.png 1024w, https:\/\/lignesauto.fr\/wp-content\/uploads\/2022\/09\/OLI_03-300x181.png 300w, https:\/\/lignesauto.fr\/wp-content\/uploads\/2022\/09\/OLI_03-768x464.png 768w, https:\/\/lignesauto.fr\/wp-content\/uploads\/2022\/09\/OLI_03.png 1417w\" sizes=\"(max-width: 1024px) 100vw, 1024px\" \/><\/figure>\n\n\n\n<p style=\"font-size:18px\">Pour atteindre les 110 km\/h de vitesse maxi, il faut all\u00e9ger. Pour all\u00e9ger, il faut r\u00e9duire la surface vitr\u00e9e qui p\u00e8se lourd. Le pare-brise vertical, sans r\u00e9duire les prestations de visibilit\u00e9, est r\u00e9duit et permet en effet secondaire de limiter le r\u00e9chauffement de l\u2019habitacle en \u00e9t\u00e9. Et donc, autorise une climatisation plus compacte, moins ch\u00e8re et moins lourde.<\/p>\n\n\n\n<figure class=\"wp-block-embed is-type-wp-embed is-provider-achetez-nos-livres-ici-buy-our-books-here wp-block-embed-achetez-nos-livres-ici-buy-our-books-here\"><div class=\"wp-block-embed__wrapper\">\n<blockquote class=\"wp-embedded-content\" data-secret=\"CR66lOyiJX\"><a href=\"https:\/\/lignesautoeditions.fr\/?p=1281\">Achetez ici \u00ab\u00a0Scoops, l&rsquo;envers du d\u00e9cor\u00a0\u00bb<\/a><\/blockquote><iframe class=\"wp-embedded-content\" sandbox=\"allow-scripts\" security=\"restricted\" style=\"position: absolute; clip: rect(1px, 1px, 1px, 1px);\" title=\"\u00ab\u00a0Achetez ici \u00ab\u00a0Scoops, l&rsquo;envers du d\u00e9cor\u00a0\u00bb\u00a0\u00bb &#8212; ACHETEZ NOS LIVRES ICI - BUY OUR BOOKS HERE\" src=\"https:\/\/lignesautoeditions.fr\/?p=1281&#038;embed=true#?secret=H2br5kSa06#?secret=CR66lOyiJX\" data-secret=\"CR66lOyiJX\" width=\"600\" height=\"338\" frameborder=\"0\" marginwidth=\"0\" marginheight=\"0\" scrolling=\"no\"><\/iframe>\n<\/div><\/figure>\n\n\n\n<figure class=\"wp-block-image size-large\"><img loading=\"lazy\" decoding=\"async\" width=\"1024\" height=\"461\" src=\"http:\/\/lignesauto.fr\/wp-content\/uploads\/2022\/09\/OLI_17-1024x461.jpg\" alt=\"\" class=\"wp-image-26039\" srcset=\"https:\/\/lignesauto.fr\/wp-content\/uploads\/2022\/09\/OLI_17-1024x461.jpg 1024w, https:\/\/lignesauto.fr\/wp-content\/uploads\/2022\/09\/OLI_17-300x135.jpg 300w, https:\/\/lignesauto.fr\/wp-content\/uploads\/2022\/09\/OLI_17-768x346.jpg 768w, https:\/\/lignesauto.fr\/wp-content\/uploads\/2022\/09\/OLI_17.jpg 1417w\" sizes=\"(max-width: 1024px) 100vw, 1024px\" \/><\/figure>\n\n\n\n<p style=\"font-size:18px\">Une voiture moins lourde, ce sont des batteries moins imposantes pour la m\u00eame efficience et un syst\u00e8me de freinage plus l\u00e9ger lui aussi. Vous l\u2019aurez compris, la magie d\u2019Oli est d\u2019embarquer tous ses concepteurs (designers, ing\u00e9nieurs, a\u00e9rodynamiciens, etc.) dans la spirale d\u2019un cercle vertueux.<\/p>\n\n\n\n<p style=\"font-size:18px\"><strong>La Citro\u00ebn All-\u00eb ne produit pratiquement plus de d\u00e9chet ? Voil\u00e0 qui inqui\u00e8te Wall-\u00eb !<\/strong><\/p>\n\n\n\n<figure class=\"wp-block-image size-large\"><img loading=\"lazy\" decoding=\"async\" width=\"1024\" height=\"576\" src=\"http:\/\/lignesauto.fr\/wp-content\/uploads\/2022\/09\/LIGNESAUTO-1024x576.jpg\" alt=\"\" class=\"wp-image-26123\" srcset=\"https:\/\/lignesauto.fr\/wp-content\/uploads\/2022\/09\/LIGNESAUTO-1024x576.jpg 1024w, https:\/\/lignesauto.fr\/wp-content\/uploads\/2022\/09\/LIGNESAUTO-300x169.jpg 300w, https:\/\/lignesauto.fr\/wp-content\/uploads\/2022\/09\/LIGNESAUTO-768x432.jpg 768w, https:\/\/lignesauto.fr\/wp-content\/uploads\/2022\/09\/LIGNESAUTO.jpg 1417w\" sizes=\"(max-width: 1024px) 100vw, 1024px\" \/><\/figure>\n\n\n\n<p style=\"font-size:18px\">Tout \u00e7a est bien joli, mais <em>quid <\/em>d\u2019un v\u00e9hicule de s\u00e9rie&nbsp;? Il faudra sans doute attendre les nouvelles silhouettes de 2024\/2025 pour retrouver tout ou partie des innovations d\u2019Oli. Mais pas celle d&#8217;un Pick-up quatre places et quatre portes comme ici. Pour l\u2019heure, la nouvelle identit\u00e9 lumineuse appara\u00eetra d\u00e8s le milieu de l\u2019ann\u00e9e prochaine. <strong>Il est temps de d\u00e9crypter le design de cet OVNI qui respecte bien les g\u00e8nes de la marque.<\/strong><\/p>\n\n\n\n<p class=\"has-medium-font-size\"><strong>3\/4 AVANT<\/strong><\/p>\n\n\n\n<figure class=\"wp-block-image size-large\"><img loading=\"lazy\" decoding=\"async\" width=\"1024\" height=\"610\" src=\"http:\/\/lignesauto.fr\/wp-content\/uploads\/2022\/09\/DETAILS_01-1024x610.png\" alt=\"\" class=\"wp-image-26043\" srcset=\"https:\/\/lignesauto.fr\/wp-content\/uploads\/2022\/09\/DETAILS_01-1024x610.png 1024w, https:\/\/lignesauto.fr\/wp-content\/uploads\/2022\/09\/DETAILS_01-300x179.png 300w, https:\/\/lignesauto.fr\/wp-content\/uploads\/2022\/09\/DETAILS_01-768x457.png 768w, https:\/\/lignesauto.fr\/wp-content\/uploads\/2022\/09\/DETAILS_01.png 1417w\" sizes=\"(max-width: 1024px) 100vw, 1024px\" \/><\/figure>\n\n\n\n<p style=\"font-size:18px\"><strong>1 <\/strong>: le pavillon plat est constitu\u00e9 d&#8217;un carton alv\u00e9ol\u00e9 comme le coffre AV.<br><strong>2<\/strong>: la vitre de la porte AR descend sur le c\u00f4t\u00e9 de caisse, clin d\u2019\u0153il \u00e0 la C2 ?<br><strong>3<\/strong>: les Air-Bump sont \u00e0 nouveau r\u00e9interpr\u00e9t\u00e9s<br><strong>4<\/strong>: la nouvelle signature lumineuse, avec ses deux barrettes horizontales et un gros feux vertical<br><strong>5<\/strong>: le nouveau logo ovale red\u00e9finit totalement la face avant des futurs mod\u00e8les<\/p>\n\n\n\n<p style=\"font-size:18px\">Rapha\u00ebl Doukhan, designer ext\u00e9rieur, nous explique &#8220;<em>que l\u2019on est arriv\u00e9 \u00e0 ce concept de micro pick-up parce que dans cette empreinte au sol de 4,20 m qui est raisonnable, on a r\u00e9fl\u00e9chi \u00e0 apporter un maximum d\u2019usages et un maximum de praticit\u00e9 pour le quotidien. Par exemple, vous pouvez embarquer dans le volume ouvert \u00e0 l&#8217;arri\u00e8re un gros carton<\/em>&#8220;.<\/p>\n\n\n\n<p class=\"has-medium-font-size\"><strong>3\/4 ARRI\u00c8RE<\/strong><\/p>\n\n\n\n<figure class=\"wp-block-image size-large\"><img loading=\"lazy\" decoding=\"async\" width=\"1024\" height=\"619\" src=\"http:\/\/lignesauto.fr\/wp-content\/uploads\/2022\/09\/DETAILS_03-1024x619.png\" alt=\"\" class=\"wp-image-26045\" srcset=\"https:\/\/lignesauto.fr\/wp-content\/uploads\/2022\/09\/DETAILS_03-1024x619.png 1024w, https:\/\/lignesauto.fr\/wp-content\/uploads\/2022\/09\/DETAILS_03-300x181.png 300w, https:\/\/lignesauto.fr\/wp-content\/uploads\/2022\/09\/DETAILS_03-768x464.png 768w, https:\/\/lignesauto.fr\/wp-content\/uploads\/2022\/09\/DETAILS_03.png 1417w\" sizes=\"(max-width: 1024px) 100vw, 1024px\" \/><\/figure>\n\n\n\n<p style=\"font-size:18px\"><strong>1<\/strong>: les roues a\u00e9rodynamiques ont une partie de leur jante qui remonte sur le pneumatique <em>GoodYear<\/em><br><strong>2<\/strong>: le bouclier arri\u00e8re est sym\u00e9trique avec son homologue avant, comme les portes<br><strong>3<\/strong> : le concept du micro-pick-up laisse un acc\u00e8s libre au volume arri\u00e8re<\/p>\n\n\n\n<p style=\"font-size:18px\">Rapha\u00ebl poursuit en indiquant &#8220;<em>qu&#8217;on voulait que ce manifeste soit durable. Il y a donc eu remise en question sur les assemblages, sur les d\u00e9coupes de panneaux qui ont d\u00e9clench\u00e9 un langage formel extr\u00eamement simple et pur. On a dessin\u00e9 des vitres planes, moins co\u00fbteuses \u00e0 produire. Le pare-brise vertical vient de nos r\u00e9flexions. On voulait aller plus loin que les concepts a\u00e9rodynamiques en goutte d&#8217;eau et r\u00e9duire la masse du pare-brise, ce qui permet d\u2019avoir moins de poids, de mati\u00e8re et une efficacit\u00e9 thermique sup\u00e9rieure avec \u00e0 la cl\u00e9, un bloc de climatisation plus petit.<\/em>&#8221; Un tel module de clim&#8217;, plus compact et in\u00e9dit sur les \u00e9tag\u00e8res, devrait sans doute \u00eatre partag\u00e9 avec&#8230; Fiat si Stellantis veut le rentabiliser.<\/p>\n\n\n\n<figure class=\"wp-block-image size-large\"><img loading=\"lazy\" decoding=\"async\" width=\"1024\" height=\"539\" src=\"http:\/\/lignesauto.fr\/wp-content\/uploads\/2022\/09\/DESIGNERSS-1024x539.png\" alt=\"\" class=\"wp-image-26073\" srcset=\"https:\/\/lignesauto.fr\/wp-content\/uploads\/2022\/09\/DESIGNERSS-1024x539.png 1024w, https:\/\/lignesauto.fr\/wp-content\/uploads\/2022\/09\/DESIGNERSS-300x158.png 300w, https:\/\/lignesauto.fr\/wp-content\/uploads\/2022\/09\/DESIGNERSS-768x404.png 768w, https:\/\/lignesauto.fr\/wp-content\/uploads\/2022\/09\/DESIGNERSS.png 1417w\" sizes=\"(max-width: 1024px) 100vw, 1024px\" \/><figcaption><strong>A gauche, Jonathan Cornu, designer int\u00e9rieur d\u2019Oli et \u00e0 droite, Rapha\u00ebl Doukhan, designer ext\u00e9rieur,<\/strong><\/figcaption><\/figure>\n\n\n\n<p style=\"font-size:18px\"><em>&#8220;Le langage formel est nouveau mais nous avons la chance dans notre portfolio d&#8217;avoir une vraie palette d&#8217;expression et de passer de l&#8217;Ami \u00e0 la C5 X. Avec Oli, on voulait un design pur, et donc sans ligne de carre qui n&#8217;avait rien \u00e0 faire ici. Le v\u00e9hicule devient du m\u00eame coup honn\u00eate et optimiste.&#8221; Rapha\u00ebl Doukhan.<\/em><\/p>\n\n\n\n<p class=\"has-medium-font-size\"><strong>3\/4 AVANT bis<\/strong><\/p>\n\n\n\n<figure class=\"wp-block-image size-large\"><img loading=\"lazy\" decoding=\"async\" width=\"1024\" height=\"565\" src=\"http:\/\/lignesauto.fr\/wp-content\/uploads\/2022\/09\/DETAILS_02-1024x565.png\" alt=\"\" class=\"wp-image-26044\" srcset=\"https:\/\/lignesauto.fr\/wp-content\/uploads\/2022\/09\/DETAILS_02-1024x565.png 1024w, https:\/\/lignesauto.fr\/wp-content\/uploads\/2022\/09\/DETAILS_02-300x166.png 300w, https:\/\/lignesauto.fr\/wp-content\/uploads\/2022\/09\/DETAILS_02-768x424.png 768w, https:\/\/lignesauto.fr\/wp-content\/uploads\/2022\/09\/DETAILS_02.png 1417w\" sizes=\"(max-width: 1024px) 100vw, 1024px\" \/><\/figure>\n\n\n\n<p style=\"font-size:18px\"><strong>1<\/strong>: le retour de la porte arri\u00e8re est dessin\u00e9 pour ventiler l&#8217;habitacle<br><strong>2<\/strong>: pas de serrures \u00e9lectriques mais un syst\u00e8me d&#8217;ouverture in\u00e9dit<br><strong>3<\/strong>: avec une face verticale, les entr\u00e9es d&#8217;air a\u00e9rodynamiques sont travaill\u00e9es pour plus d&#8217;efficacit\u00e9<br><strong>4:<\/strong> les feux de route sont discrets et log\u00e9s dans le bouclier<br><strong>5<\/strong>: le capot plat est en carton alv\u00e9ol\u00e9 peint par BASF et totalement rigide<\/p>\n\n\n\n<p style=\"font-size:18px\">Rapha\u00ebl Doukhan pr\u00e9cise \u00e9galement &#8220;<em>que l&#8217;on savait que la question de l\u2019a\u00e9rodynamique allait \u00eatre soulev\u00e9e, alors on a con\u00e7u une entr\u00e9e d\u2019air \u00e0 l\u2019avant sp\u00e9cifique, un dispositif pour d\u00e9vier le vortex qui pose probl\u00e8me \u00e0 hautes vitesses.<\/em>&#8220;<\/p>\n\n\n\n<p class=\"has-medium-font-size\"><strong>LA SYM\u00c9TRIE <\/strong><\/p>\n\n\n\n<figure class=\"wp-block-image size-large\"><img loading=\"lazy\" decoding=\"async\" width=\"789\" height=\"1024\" src=\"http:\/\/lignesauto.fr\/wp-content\/uploads\/2022\/09\/DETAILS_06-789x1024.png\" alt=\"\" class=\"wp-image-26046\" srcset=\"https:\/\/lignesauto.fr\/wp-content\/uploads\/2022\/09\/DETAILS_06-789x1024.png 789w, https:\/\/lignesauto.fr\/wp-content\/uploads\/2022\/09\/DETAILS_06-231x300.png 231w, https:\/\/lignesauto.fr\/wp-content\/uploads\/2022\/09\/DETAILS_06-768x996.png 768w, https:\/\/lignesauto.fr\/wp-content\/uploads\/2022\/09\/DETAILS_06-1184x1536.png 1184w, https:\/\/lignesauto.fr\/wp-content\/uploads\/2022\/09\/DETAILS_06.png 1417w\" sizes=\"(max-width: 789px) 100vw, 789px\" \/><\/figure>\n\n\n\n<p style=\"font-size:18px\">On devine sur les deux dessins ci-dessus que Oli est une grand s\u0153ur de l&#8217;Ami One. La sym\u00e9trie n&#8217;est pas utilis\u00e9e sur autant de pi\u00e8ces, mais signalons quand m\u00eame les deux portes identiques ainsi que les deux bases des boucliers avant et arri\u00e8re. &#8220;<em>On a ramen\u00e9 les id\u00e9es d\u2019Ami, comme les portes sym\u00e9triques, et le langage formel du v\u00e9hicule est n\u00e9 ainsi.<\/em>&#8221; Rapha\u00ebl Doukhan.<\/p>\n\n\n\n<figure class=\"wp-block-image size-large\"><img loading=\"lazy\" decoding=\"async\" width=\"1024\" height=\"564\" src=\"http:\/\/lignesauto.fr\/wp-content\/uploads\/2022\/09\/OLI_07-1024x564.png\" alt=\"\" class=\"wp-image-26047\" srcset=\"https:\/\/lignesauto.fr\/wp-content\/uploads\/2022\/09\/OLI_07-1024x564.png 1024w, https:\/\/lignesauto.fr\/wp-content\/uploads\/2022\/09\/OLI_07-300x165.png 300w, https:\/\/lignesauto.fr\/wp-content\/uploads\/2022\/09\/OLI_07-768x423.png 768w, https:\/\/lignesauto.fr\/wp-content\/uploads\/2022\/09\/OLI_07.png 1417w\" sizes=\"(max-width: 1024px) 100vw, 1024px\" \/><\/figure>\n\n\n\n<p class=\"has-medium-font-size\"><strong>A BORD<\/strong><\/p>\n\n\n\n<figure class=\"wp-block-image size-large\"><img loading=\"lazy\" decoding=\"async\" width=\"1024\" height=\"461\" src=\"http:\/\/lignesauto.fr\/wp-content\/uploads\/2022\/09\/OLI_16-1024x461.jpg\" alt=\"\" class=\"wp-image-26083\" srcset=\"https:\/\/lignesauto.fr\/wp-content\/uploads\/2022\/09\/OLI_16-1024x461.jpg 1024w, https:\/\/lignesauto.fr\/wp-content\/uploads\/2022\/09\/OLI_16-300x135.jpg 300w, https:\/\/lignesauto.fr\/wp-content\/uploads\/2022\/09\/OLI_16-768x346.jpg 768w, https:\/\/lignesauto.fr\/wp-content\/uploads\/2022\/09\/OLI_16.jpg 1417w\" sizes=\"(max-width: 1024px) 100vw, 1024px\" \/><figcaption>Un \u00e9cran \u00e0 la base du pare-brise diffuse les infos du Smartphone et un rail \u00e9lectrifi\u00e9 court sur toute la largeur pour alimenter des accessoires. A chaque extr\u00e9mit\u00e9, les enceintes nomades.<\/figcaption><\/figure>\n\n\n\n<p style=\"font-size:18px\">Jonathan Cornu est le designer int\u00e9rieur du manifeste. Il revient \u00e9videmment sur la volont\u00e9 d&#8217;all\u00e9ger et de simplifier le concept pour respecter le cahier des charges d&#8217;un v\u00e9hicule accessible, \u00e9conomique, durable et recyclable. &#8221; <em>Pour arriver \u00e0 cet all\u00e8gement, on a \u00e9videmment r\u00e9duit le nombre de pi\u00e8ces \u00e0 bord et cette simplification est un travail \u00e9norme.<\/em>&#8220;<\/p>\n\n\n\n<figure class=\"wp-block-image size-large\"><img loading=\"lazy\" decoding=\"async\" width=\"1024\" height=\"461\" src=\"http:\/\/lignesauto.fr\/wp-content\/uploads\/2022\/09\/OLI_15-1024x461.jpg\" alt=\"\" class=\"wp-image-26049\" srcset=\"https:\/\/lignesauto.fr\/wp-content\/uploads\/2022\/09\/OLI_15-1024x461.jpg 1024w, https:\/\/lignesauto.fr\/wp-content\/uploads\/2022\/09\/OLI_15-300x135.jpg 300w, https:\/\/lignesauto.fr\/wp-content\/uploads\/2022\/09\/OLI_15-768x346.jpg 768w, https:\/\/lignesauto.fr\/wp-content\/uploads\/2022\/09\/OLI_15.jpg 1417w\" sizes=\"(max-width: 1024px) 100vw, 1024px\" \/><\/figure>\n\n\n\n<p style=\"font-size:18px\">Il entame sa d\u00e9monstration avec la porte (ci-dessus) : &#8220;<em>au lieu d\u2019avoir un embouti de t\u00f4le, un empilement de pi\u00e8ces pour le m\u00e9daillon, le d\u00e9cor, l&#8217;ouvrant, l\u2019accoudoir ect. et plut\u00f4t que de cacher les pi\u00e8ces techniques pas forc\u00e9ment belles, on a pris le contre-pied de les mettre en valeur. Elles ont \u00e9t\u00e9 dessin\u00e9es pour \u00e7a et malgr\u00e9 la logique minimaliste, on a fait plus avec moins. Ainsi tout le confort est sur l\u2019accoudoir. La vitre s\u2019ouvre vers l\u2019ext\u00e9rieur en basculant vers le haut. En fait, un peu comme sur Ami et 2CV, tout le m\u00e9canisme des vitres est dans le montant. On d\u00e9gage ainsi un \u00e9norme volume dans le panneau de porte int\u00e9rieur.<\/em>&#8220;<\/p>\n\n\n\n<figure class=\"wp-block-image size-large\"><img loading=\"lazy\" decoding=\"async\" width=\"1024\" height=\"461\" src=\"http:\/\/lignesauto.fr\/wp-content\/uploads\/2022\/09\/OLI_13-1024x461.jpg\" alt=\"\" class=\"wp-image-26050\" srcset=\"https:\/\/lignesauto.fr\/wp-content\/uploads\/2022\/09\/OLI_13-1024x461.jpg 1024w, https:\/\/lignesauto.fr\/wp-content\/uploads\/2022\/09\/OLI_13-300x135.jpg 300w, https:\/\/lignesauto.fr\/wp-content\/uploads\/2022\/09\/OLI_13-768x346.jpg 768w, https:\/\/lignesauto.fr\/wp-content\/uploads\/2022\/09\/OLI_13.jpg 1417w\" sizes=\"(max-width: 1024px) 100vw, 1024px\" \/><\/figure>\n\n\n\n<p style=\"font-size:18px\">Pour les si\u00e8ges, la m\u00e9thodologie a \u00e9t\u00e9 identique : r\u00e9duction du nombre de pi\u00e8ces pour l&#8217;all\u00e8gement, sans nuire au confort. &#8220;<em>En production, un si\u00e8ge peut recevoir jusqu&#8217;\u00e0 40 pi\u00e8ces. &#8220;On a \u00e9limin\u00e9 la mousse et on s\u2019est inspir\u00e9 des premiers si\u00e8ges tubulaires. La structure a \u00e9t\u00e9 dessin\u00e9e pour \u00eatre apparente et l\u2019\u00e9l\u00e9ment de confort vient s\u2019adapter dessus. Les dossiers sont en impression 3D dont le motif permet de la flexibilit\u00e9 pour le confort. Le plancher est dans le m\u00eame esprit car le tapis est semblable \u00e0 celui d&#8217;un tapis de yoga d\u00e9roul\u00e9 dans la voiture et d\u00e9coup\u00e9 \u00e0 la forme.<\/em>&#8220;<\/p>\n\n\n\n<figure class=\"wp-block-image size-large\"><img loading=\"lazy\" decoding=\"async\" width=\"1024\" height=\"461\" src=\"http:\/\/lignesauto.fr\/wp-content\/uploads\/2022\/09\/OLI_18-1024x461.jpg\" alt=\"\" class=\"wp-image-26052\" srcset=\"https:\/\/lignesauto.fr\/wp-content\/uploads\/2022\/09\/OLI_18-1024x461.jpg 1024w, https:\/\/lignesauto.fr\/wp-content\/uploads\/2022\/09\/OLI_18-300x135.jpg 300w, https:\/\/lignesauto.fr\/wp-content\/uploads\/2022\/09\/OLI_18-768x346.jpg 768w, https:\/\/lignesauto.fr\/wp-content\/uploads\/2022\/09\/OLI_18.jpg 1417w\" sizes=\"(max-width: 1024px) 100vw, 1024px\" \/><\/figure>\n\n\n\n<figure class=\"wp-block-embed is-type-wp-embed is-provider-achetez-nos-livres-ici-buy-our-books-here wp-block-embed-achetez-nos-livres-ici-buy-our-books-here\"><div class=\"wp-block-embed__wrapper\">\nhttps:\/\/lignesautoeditions.fr\/?p=1187\n<\/div><\/figure>\n\n\n\n<p style=\"font-size:18px\"><strong>Le petit clin d\u2019\u0153il de LIGNES\/auto : quand Citro\u00ebn se prend pour Jaguar !<\/strong><br>Avec un pare-brise \u00e0 la hauteur contenue et aussi large, il fallait bien penser \u00e0 son balayage sous la pluie. Autant Oli regorge d&#8217;innovations, autant le sempiternel sujet des essuie-glaces n&#8217;a pas \u00e9volu\u00e9 d&#8217;un iota sur ce manifeste. Il s&#8217;agit toujours de faire appel \u00e0 des balais et des lames de caoutchouc. &#8220;<em>Et qu&#8217;avez-vous d&#8217;autre \u00e0 proposer LIGNES\/auto ?<\/em>&#8221; Euh&#8230; rien en fait ! Il n&#8217;emp\u00eache, avec ses trois essuie-glaces, la Citro\u00ebn Oli a un point commun avec la Jaguar Type E de 1961. Sympa la mobilit\u00e9 de demain ! <\/p>\n\n\n\n<figure class=\"wp-block-image size-large\"><img loading=\"lazy\" decoding=\"async\" width=\"1024\" height=\"775\" src=\"http:\/\/lignesauto.fr\/wp-content\/uploads\/2022\/09\/Capture-de\u0301cran-2022-09-27-a\u0300-17.05.38-1024x775.png\" alt=\"\" class=\"wp-image-26121\" srcset=\"https:\/\/lignesauto.fr\/wp-content\/uploads\/2022\/09\/Capture-de\u0301cran-2022-09-27-a\u0300-17.05.38-1024x775.png 1024w, https:\/\/lignesauto.fr\/wp-content\/uploads\/2022\/09\/Capture-de\u0301cran-2022-09-27-a\u0300-17.05.38-300x227.png 300w, https:\/\/lignesauto.fr\/wp-content\/uploads\/2022\/09\/Capture-de\u0301cran-2022-09-27-a\u0300-17.05.38-768x582.png 768w, https:\/\/lignesauto.fr\/wp-content\/uploads\/2022\/09\/Capture-de\u0301cran-2022-09-27-a\u0300-17.05.38.png 1417w\" sizes=\"(max-width: 1024px) 100vw, 1024px\" \/><\/figure>\n\n\n\n<p style=\"font-size:18px\">ARCHIVES : le jour o\u00f9 Walter de Silva (ci-dessous) a sign\u00e9 chez Citro\u00ebn. A lire ici : <a href=\"http:\/\/lignesauto.fr\/?p=17714\">http:\/\/lignesauto.fr\/?p=17714<\/a><\/p>\n\n\n\n<figure class=\"wp-block-image size-large\"><img loading=\"lazy\" decoding=\"async\" width=\"1024\" height=\"682\" src=\"http:\/\/lignesauto.fr\/wp-content\/uploads\/2022\/09\/LIGNESDESILVA_02-1024x682.jpg\" alt=\"\" class=\"wp-image-26175\" srcset=\"https:\/\/lignesauto.fr\/wp-content\/uploads\/2022\/09\/LIGNESDESILVA_02-1024x682.jpg 1024w, https:\/\/lignesauto.fr\/wp-content\/uploads\/2022\/09\/LIGNESDESILVA_02-300x200.jpg 300w, https:\/\/lignesauto.fr\/wp-content\/uploads\/2022\/09\/LIGNESDESILVA_02-768x512.jpg 768w, https:\/\/lignesauto.fr\/wp-content\/uploads\/2022\/09\/LIGNESDESILVA_02.jpg 1417w\" sizes=\"(max-width: 1024px) 100vw, 1024px\" \/><\/figure>\n\n\n<div class=\"wp-block-image\">\n<figure class=\"aligncenter size-full is-resized\"><img loading=\"lazy\" decoding=\"async\" src=\"http:\/\/lignesauto.fr\/wp-content\/uploads\/2022\/09\/image-4.png\" alt=\"\" class=\"wp-image-26088\" width=\"591\" height=\"212\" srcset=\"https:\/\/lignesauto.fr\/wp-content\/uploads\/2022\/09\/image-4.png 1024w, https:\/\/lignesauto.fr\/wp-content\/uploads\/2022\/09\/image-4-300x108.png 300w, https:\/\/lignesauto.fr\/wp-content\/uploads\/2022\/09\/image-4-768x275.png 768w\" sizes=\"(max-width: 591px) 100vw, 591px\" \/><\/figure><\/div>","protected":false},"excerpt":{"rendered":"<p>Deux jours apr\u00e8s avoir d\u00e9voil\u00e9 sa nouvelle identit\u00e9 (voir ici&nbsp;: https:\/\/lignesauto.fr\/?p=25979) Citro\u00ebn l\u00e8ve le voile sur le concept-car Oli &#8211; appel\u00e9e par Citro\u00ebn All-\u00eb &#8211; qui va servir de locomotive \u00e0 l\u2019implantation d\u2019un nouveau langage formel accompagnant le nouveau logo ovale. Oli n\u2019est pas un concept-car \u00e0 proprement parl\u00e9, \u00e9voquons [&hellip;]<\/p>\n","protected":false},"author":1,"featured_media":26035,"comment_status":"closed","ping_status":"closed","sticky":false,"template":"","format":"standard","meta":{"footnotes":""},"categories":[1],"tags":[],"_links":{"self":[{"href":"https:\/\/lignesauto.fr\/index.php?rest_route=\/wp\/v2\/posts\/26024"}],"collection":[{"href":"https:\/\/lignesauto.fr\/index.php?rest_route=\/wp\/v2\/posts"}],"about":[{"href":"https:\/\/lignesauto.fr\/index.php?rest_route=\/wp\/v2\/types\/post"}],"author":[{"embeddable":true,"href":"https:\/\/lignesauto.fr\/index.php?rest_route=\/wp\/v2\/users\/1"}],"replies":[{"embeddable":true,"href":"https:\/\/lignesauto.fr\/index.php?rest_route=%2Fwp%2Fv2%2Fcomments&post=26024"}],"version-history":[{"count":69,"href":"https:\/\/lignesauto.fr\/index.php?rest_route=\/wp\/v2\/posts\/26024\/revisions"}],"predecessor-version":[{"id":26182,"href":"https:\/\/lignesauto.fr\/index.php?rest_route=\/wp\/v2\/posts\/26024\/revisions\/26182"}],"wp:featuredmedia":[{"embeddable":true,"href":"https:\/\/lignesauto.fr\/index.php?rest_route=\/wp\/v2\/media\/26035"}],"wp:attachment":[{"href":"https:\/\/lignesauto.fr\/index.php?rest_route=%2Fwp%2Fv2%2Fmedia&parent=26024"}],"wp:term":[{"taxonomy":"category","embeddable":true,"href":"https:\/\/lignesauto.fr\/index.php?rest_route=%2Fwp%2Fv2%2Fcategories&post=26024"},{"taxonomy":"post_tag","embeddable":true,"href":"https:\/\/lignesauto.fr\/index.php?rest_route=%2Fwp%2Fv2%2Ftags&post=26024"}],"curies":[{"name":"wp","href":"https:\/\/api.w.org\/{rel}","templated":true}]}}