{"id":26127,"date":"2022-09-29T13:00:00","date_gmt":"2022-09-29T11:00:00","guid":{"rendered":"http:\/\/lignesauto.fr\/?p=26127"},"modified":"2022-09-29T19:09:13","modified_gmt":"2022-09-29T17:09:13","slug":"oli-the-design-of-citroens-ufo-decoded","status":"publish","type":"post","link":"https:\/\/lignesauto.fr\/?p=26127","title":{"rendered":"OLI: the design of Citro\u00ebn&#8217;s UFO decoded."},"content":{"rendered":"<div class=\"wp-block-image\">\n<figure class=\"aligncenter size-full is-resized\"><img loading=\"lazy\" decoding=\"async\" src=\"http:\/\/lignesauto.fr\/wp-content\/uploads\/2022\/09\/image-1.png\" alt=\"\" class=\"wp-image-25886\" width=\"516\" height=\"185\" srcset=\"https:\/\/lignesauto.fr\/wp-content\/uploads\/2022\/09\/image-1.png 1024w, https:\/\/lignesauto.fr\/wp-content\/uploads\/2022\/09\/image-1-300x108.png 300w, https:\/\/lignesauto.fr\/wp-content\/uploads\/2022\/09\/image-1-768x275.png 768w\" sizes=\"(max-width: 516px) 100vw, 516px\" \/><\/figure><\/div>\n\n\n<figure class=\"wp-block-image size-large\"><img loading=\"lazy\" decoding=\"async\" width=\"1024\" height=\"476\" src=\"http:\/\/lignesauto.fr\/wp-content\/uploads\/2022\/09\/OLI_04-1024x476.png\" alt=\"\" class=\"wp-image-26033\" srcset=\"https:\/\/lignesauto.fr\/wp-content\/uploads\/2022\/09\/OLI_04-1024x476.png 1024w, https:\/\/lignesauto.fr\/wp-content\/uploads\/2022\/09\/OLI_04-300x139.png 300w, https:\/\/lignesauto.fr\/wp-content\/uploads\/2022\/09\/OLI_04-768x357.png 768w, https:\/\/lignesauto.fr\/wp-content\/uploads\/2022\/09\/OLI_04.png 1417w\" sizes=\"(max-width: 1024px) 100vw, 1024px\" \/><\/figure>\n\n\n\n<p style=\"font-size:18px\">Two days after unveiling its new identity (see here: <a href=\"https:\/\/lignesauto.fr\/?p=26002\">https:\/\/lignesauto.fr\/?p=26002<\/a>), Citro\u00ebn has unveiled the Oli concept car &#8211; called by Citro\u00ebn All-\u00eb &#8211; which will serve as the locomotive for the implementation of a new formal language accompanying the new oval logo. Oli is not a concept car in the strict sense of the word, but rather a manifesto, as it reveals a multitude of concrete ideas that will spice up future models in the range. In the meantime, it&#8217;s OLI day!<\/p>\n\n\n\n<figure class=\"wp-block-image size-large\"><img loading=\"lazy\" decoding=\"async\" width=\"1024\" height=\"891\" src=\"http:\/\/lignesauto.fr\/wp-content\/uploads\/2022\/09\/OLI_11-1024x891.png\" alt=\"\" class=\"wp-image-26035\" srcset=\"https:\/\/lignesauto.fr\/wp-content\/uploads\/2022\/09\/OLI_11-1024x891.png 1024w, https:\/\/lignesauto.fr\/wp-content\/uploads\/2022\/09\/OLI_11-300x261.png 300w, https:\/\/lignesauto.fr\/wp-content\/uploads\/2022\/09\/OLI_11-768x668.png 768w, https:\/\/lignesauto.fr\/wp-content\/uploads\/2022\/09\/OLI_11.png 1417w\" sizes=\"(max-width: 1024px) 100vw, 1024px\" \/><figcaption>The arrival of the oval logo repackages the light signature: two horizontal bars at the ends of the bow, flanked by two generously sized vertical blocks. In the centre, nothing but the logo.<\/figcaption><\/figure>\n\n\n\n<p style=\"font-size:18px\">Oli is first and foremost a new expression of more sustainable individual mobility for a B-segment vehicle (C3 and 208), with a length of 4.20 m. Unprecedented, because it breaks the codes of the generation of electric cars that are increasingly cumbersome, heavy and complex. Oli does not exceed 110 km\/h, remains under 1000 kg, has a &#8216;small&#8217; 40 kWh battery and its primary objective is to limit its consumption to 10 kWh per 100 km, i.e. a range of 400 km.<\/p>\n\n\n\n<figure class=\"wp-block-image size-large\"><img loading=\"lazy\" decoding=\"async\" width=\"1024\" height=\"340\" src=\"http:\/\/lignesauto.fr\/wp-content\/uploads\/2022\/09\/OLI_02-1024x340.png\" alt=\"\" class=\"wp-image-26037\" srcset=\"https:\/\/lignesauto.fr\/wp-content\/uploads\/2022\/09\/OLI_02-1024x340.png 1024w, https:\/\/lignesauto.fr\/wp-content\/uploads\/2022\/09\/OLI_02-300x100.png 300w, https:\/\/lignesauto.fr\/wp-content\/uploads\/2022\/09\/OLI_02-768x255.png 768w, https:\/\/lignesauto.fr\/wp-content\/uploads\/2022\/09\/OLI_02.png 1417w\" sizes=\"(max-width: 1024px) 100vw, 1024px\" \/><\/figure>\n\n\n\n<p style=\"font-size:18px\">Anne Laliron, Citro\u00ebn&#8217;s Director of Future Products, confirms that this study started from a blank page from which &#8220;we asked ourselves the right questions to create a vehicle that would enable a family to have a single, affordable vehicle with the smallest environmental footprint. Each component of Oli has been rethought from A to Z with this priority of sustainability, frugality and reparability.<\/p>\n\n\n\n<figure class=\"wp-block-image size-large\"><img loading=\"lazy\" decoding=\"async\" width=\"1024\" height=\"619\" src=\"http:\/\/lignesauto.fr\/wp-content\/uploads\/2022\/09\/OLI_03-1024x619.png\" alt=\"\" class=\"wp-image-26038\" srcset=\"https:\/\/lignesauto.fr\/wp-content\/uploads\/2022\/09\/OLI_03-1024x619.png 1024w, https:\/\/lignesauto.fr\/wp-content\/uploads\/2022\/09\/OLI_03-300x181.png 300w, https:\/\/lignesauto.fr\/wp-content\/uploads\/2022\/09\/OLI_03-768x464.png 768w, https:\/\/lignesauto.fr\/wp-content\/uploads\/2022\/09\/OLI_03.png 1417w\" sizes=\"(max-width: 1024px) 100vw, 1024px\" \/><\/figure>\n\n\n\n<p style=\"font-size:18px\">To reach a top speed of 110 km\/h, you have to lighten up. In order to lighten the car, the glass surface must be reduced, as it weighs a lot. The vertical windscreen, without reducing the visibility, is reduced and allows the heating of the passenger compartment in summer to be limited. This allows for a more compact, less expensive and lighter air conditioning system.<\/p>\n\n\n\n<figure class=\"wp-block-image size-large\"><img loading=\"lazy\" decoding=\"async\" width=\"1024\" height=\"461\" src=\"http:\/\/lignesauto.fr\/wp-content\/uploads\/2022\/09\/OLI_17-1024x461.jpg\" alt=\"\" class=\"wp-image-26039\" srcset=\"https:\/\/lignesauto.fr\/wp-content\/uploads\/2022\/09\/OLI_17-1024x461.jpg 1024w, https:\/\/lignesauto.fr\/wp-content\/uploads\/2022\/09\/OLI_17-300x135.jpg 300w, https:\/\/lignesauto.fr\/wp-content\/uploads\/2022\/09\/OLI_17-768x346.jpg 768w, https:\/\/lignesauto.fr\/wp-content\/uploads\/2022\/09\/OLI_17.jpg 1417w\" sizes=\"(max-width: 1024px) 100vw, 1024px\" \/><\/figure>\n\n\n\n<p style=\"font-size:18px\">A lighter car means smaller batteries for the same efficiency and a lighter braking system. As you can see, Oli&#8217;s magic is to get all its designers (design, engineers, aerodynamicists, etc.) involved in the spiral of a virtuous circle.<\/p>\n\n\n\n<p style=\"font-size:18px\">That&#8217;s all well and good, but what about a production vehicle? We&#8217;ll probably have to wait for the new silhouettes of 2024\/2025 to see some or all of Oli&#8217;s innovations. But not a four-seat, four-door pickup like this one. For the time being, the new lighting identity will appear in the middle of next year. It&#8217;s time to decipher the design of this UFO, which respects the brand&#8217;s genes.<\/p>\n\n\n\n<p class=\"has-medium-font-size\"><strong>3\/4 FRONT<\/strong><\/p>\n\n\n\n<figure class=\"wp-block-image size-large\"><img loading=\"lazy\" decoding=\"async\" width=\"1024\" height=\"610\" src=\"http:\/\/lignesauto.fr\/wp-content\/uploads\/2022\/09\/DETAILS_01-1024x610.png\" alt=\"\" class=\"wp-image-26043\" srcset=\"https:\/\/lignesauto.fr\/wp-content\/uploads\/2022\/09\/DETAILS_01-1024x610.png 1024w, https:\/\/lignesauto.fr\/wp-content\/uploads\/2022\/09\/DETAILS_01-300x179.png 300w, https:\/\/lignesauto.fr\/wp-content\/uploads\/2022\/09\/DETAILS_01-768x457.png 768w, https:\/\/lignesauto.fr\/wp-content\/uploads\/2022\/09\/DETAILS_01.png 1417w\" sizes=\"(max-width: 1024px) 100vw, 1024px\" \/><\/figure>\n\n\n\n<p style=\"font-size:18px\"><strong>1<\/strong>: the flat roof is made of honeycombed cardboard like the front boot.<br><strong>2<\/strong>: the rear door window is lowered onto the side of the body, a nod to the C2?<br><strong>3<\/strong>: the Air-Bump is reinterpreted again<br><strong>4<\/strong>: the new light signature, with its two horizontal bars and a large vertical light<br><strong>5<\/strong>: the new oval logo completely redefines the front of future models<\/p>\n\n\n\n<p style=\"font-size:18px\">Rapha\u00ebl Doukhan, exterior designer, explains that &#8220;we came up with this micro pick-up concept because within this reasonable 4.20 metre footprint, we thought about providing a maximum of uses and a maximum of practicality for everyday life. For example, you can carry a large box in the open space at the rear.&#8221;<\/p>\n\n\n\n<p class=\"has-medium-font-size\"><strong>3\/4 REAR<\/strong><\/p>\n\n\n\n<figure class=\"wp-block-image size-large\"><img loading=\"lazy\" decoding=\"async\" width=\"1024\" height=\"619\" src=\"http:\/\/lignesauto.fr\/wp-content\/uploads\/2022\/09\/DETAILS_03-1024x619.png\" alt=\"\" class=\"wp-image-26045\" srcset=\"https:\/\/lignesauto.fr\/wp-content\/uploads\/2022\/09\/DETAILS_03-1024x619.png 1024w, https:\/\/lignesauto.fr\/wp-content\/uploads\/2022\/09\/DETAILS_03-300x181.png 300w, https:\/\/lignesauto.fr\/wp-content\/uploads\/2022\/09\/DETAILS_03-768x464.png 768w, https:\/\/lignesauto.fr\/wp-content\/uploads\/2022\/09\/DETAILS_03.png 1417w\" sizes=\"(max-width: 1024px) 100vw, 1024px\" \/><\/figure>\n\n\n\n<p style=\"font-size:18px\"><strong>1<\/strong>: the aero wheels have a part of their rim that goes up on the GoodYear tyre<br><strong>2<\/strong>: the rear bumper is symmetrical with its front counterpart, as are the doors<br><strong>3<\/strong>: the micro-pick-up concept allows free access to the rear volume<\/p>\n\n\n\n<p style=\"font-size:18px\">Rapha\u00ebl goes on to say that &#8220;we wanted this manifesto to be sustainable. So we questioned the assemblies, the panel cut-outs, which triggered an extremely simple and pure formal language. We designed flat panes, which are less expensive to produce. The vertical windscreen came from our reflections. We wanted to go further than the aerodynamic drop concepts and reduce the mass of the windscreen, which allows for less weight, less material and higher thermal efficiency with the result being a smaller air conditioning unit.&#8221; Such a more compact and unprecedented air-conditioning module on the shelves should probably be shared with\u2026 Fiat if Stellantis wants to make it profitable.<\/p>\n\n\n\n<figure class=\"wp-block-image size-large\"><img loading=\"lazy\" decoding=\"async\" width=\"1024\" height=\"539\" src=\"http:\/\/lignesauto.fr\/wp-content\/uploads\/2022\/09\/DESIGNERSS-1024x539.png\" alt=\"\" class=\"wp-image-26073\" srcset=\"https:\/\/lignesauto.fr\/wp-content\/uploads\/2022\/09\/DESIGNERSS-1024x539.png 1024w, https:\/\/lignesauto.fr\/wp-content\/uploads\/2022\/09\/DESIGNERSS-300x158.png 300w, https:\/\/lignesauto.fr\/wp-content\/uploads\/2022\/09\/DESIGNERSS-768x404.png 768w, https:\/\/lignesauto.fr\/wp-content\/uploads\/2022\/09\/DESIGNERSS.png 1417w\" sizes=\"(max-width: 1024px) 100vw, 1024px\" \/><figcaption>On the left, Jonathan Cornu, Oli&#8217;s interior designer and on the right, Rapha\u00ebl Doukhan, exterior designer,<\/figcaption><\/figure>\n\n\n\n<p style=\"font-size:18px\"><em>&#8220;The formal language is new but we are lucky in our portfolio to have a real palette of expression and to go from the Ami to the C5 X. With Oli, we wanted a pure design, and therefore without an edge line that had no place here. At the same time, the vehicle becomes honest and optimistic.&#8221; Rapha\u00ebl Doukhan.<\/em><\/p>\n\n\n\n<p class=\"has-medium-font-size\"><strong>3\/4 FRONT-2<\/strong><\/p>\n\n\n\n<figure class=\"wp-block-image size-large\"><img loading=\"lazy\" decoding=\"async\" width=\"1024\" height=\"565\" src=\"http:\/\/lignesauto.fr\/wp-content\/uploads\/2022\/09\/DETAILS_02-1024x565.png\" alt=\"\" class=\"wp-image-26044\" srcset=\"https:\/\/lignesauto.fr\/wp-content\/uploads\/2022\/09\/DETAILS_02-1024x565.png 1024w, https:\/\/lignesauto.fr\/wp-content\/uploads\/2022\/09\/DETAILS_02-300x166.png 300w, https:\/\/lignesauto.fr\/wp-content\/uploads\/2022\/09\/DETAILS_02-768x424.png 768w, https:\/\/lignesauto.fr\/wp-content\/uploads\/2022\/09\/DETAILS_02.png 1417w\" sizes=\"(max-width: 1024px) 100vw, 1024px\" \/><\/figure>\n\n\n\n<p style=\"font-size:18px\"><strong>1<\/strong>: the rear door return is designed to ventilate the cabin<br><strong>2<\/strong>: no electric locks but a new opening system<br><strong>3<\/strong>: with a vertical face, the aerodynamic air inlets are worked for more efficiency<br><strong>4<\/strong>: the high beam lights are discreet and housed in the bumper<br><strong>5<\/strong>: the flat bonnet is made of honeycomb cardboard painted by BASF and is totally rigid<\/p>\n\n\n\n<p style=\"font-size:18px\">Rapha\u00ebl Doukhan also points out that &#8220;<em>we knew that the question of aerodynamics was going to be raised, so we designed a specific air intake at the front, a device to deflect the vortex that poses a problem at high speeds.<\/em>&#8220;<\/p>\n\n\n\n<p class=\"has-medium-font-size\"><strong>THE SYMMETRY<\/strong><\/p>\n\n\n\n<figure class=\"wp-block-image size-large\"><img loading=\"lazy\" decoding=\"async\" width=\"789\" height=\"1024\" src=\"http:\/\/lignesauto.fr\/wp-content\/uploads\/2022\/09\/DETAILS_06-789x1024.png\" alt=\"\" class=\"wp-image-26046\" srcset=\"https:\/\/lignesauto.fr\/wp-content\/uploads\/2022\/09\/DETAILS_06-789x1024.png 789w, https:\/\/lignesauto.fr\/wp-content\/uploads\/2022\/09\/DETAILS_06-231x300.png 231w, https:\/\/lignesauto.fr\/wp-content\/uploads\/2022\/09\/DETAILS_06-768x996.png 768w, https:\/\/lignesauto.fr\/wp-content\/uploads\/2022\/09\/DETAILS_06-1184x1536.png 1184w, https:\/\/lignesauto.fr\/wp-content\/uploads\/2022\/09\/DETAILS_06.png 1417w\" sizes=\"(max-width: 789px) 100vw, 789px\" \/><\/figure>\n\n\n\n<p style=\"font-size:18px\">You can tell from the two drawings above that Oli is a big sister to the Ami One. Symmetry is not used on as many parts, but the two identical doors and the two bases of the front and rear bumper are still there. &#8220;We brought back ideas from Ami, like the symmetrical doors, and the formal language of the vehicle was born that way.&#8221; Rapha\u00ebl Doukhan.<\/p>\n\n\n\n<figure class=\"wp-block-image size-large\"><img loading=\"lazy\" decoding=\"async\" width=\"1024\" height=\"564\" src=\"http:\/\/lignesauto.fr\/wp-content\/uploads\/2022\/09\/OLI_07-1024x564.png\" alt=\"\" class=\"wp-image-26047\" srcset=\"https:\/\/lignesauto.fr\/wp-content\/uploads\/2022\/09\/OLI_07-1024x564.png 1024w, https:\/\/lignesauto.fr\/wp-content\/uploads\/2022\/09\/OLI_07-300x165.png 300w, https:\/\/lignesauto.fr\/wp-content\/uploads\/2022\/09\/OLI_07-768x423.png 768w, https:\/\/lignesauto.fr\/wp-content\/uploads\/2022\/09\/OLI_07.png 1417w\" sizes=\"(max-width: 1024px) 100vw, 1024px\" \/><\/figure>\n\n\n\n<p class=\"has-medium-font-size\"><strong>ON BOARD<\/strong><\/p>\n\n\n\n<figure class=\"wp-block-image size-large\"><img loading=\"lazy\" decoding=\"async\" width=\"1024\" height=\"461\" src=\"http:\/\/lignesauto.fr\/wp-content\/uploads\/2022\/09\/OLI_16-1024x461.jpg\" alt=\"\" class=\"wp-image-26083\" srcset=\"https:\/\/lignesauto.fr\/wp-content\/uploads\/2022\/09\/OLI_16-1024x461.jpg 1024w, https:\/\/lignesauto.fr\/wp-content\/uploads\/2022\/09\/OLI_16-300x135.jpg 300w, https:\/\/lignesauto.fr\/wp-content\/uploads\/2022\/09\/OLI_16-768x346.jpg 768w, https:\/\/lignesauto.fr\/wp-content\/uploads\/2022\/09\/OLI_16.jpg 1417w\" sizes=\"(max-width: 1024px) 100vw, 1024px\" \/><figcaption>A screen at the base of the windscreen broadcasts smartphone information and an electrified rail runs across the width to power accessories. At each end are the mobile speakers.<\/figcaption><\/figure>\n\n\n\n<p style=\"font-size:18px\">Jonathan Cornu is the interior designer of the manifesto. He obviously goes back to the desire to lighten and simplify the concept to meet the specifications of an accessible, economical, sustainable and recyclable vehicle. &#8220;<em>To achieve this lightening, we obviously reduced the number of parts on board and this simplification is a huge job.&#8221;<\/em><\/p>\n\n\n\n<figure class=\"wp-block-image size-large\"><img loading=\"lazy\" decoding=\"async\" width=\"1024\" height=\"461\" src=\"http:\/\/lignesauto.fr\/wp-content\/uploads\/2022\/09\/OLI_15-1024x461.jpg\" alt=\"\" class=\"wp-image-26049\" srcset=\"https:\/\/lignesauto.fr\/wp-content\/uploads\/2022\/09\/OLI_15-1024x461.jpg 1024w, https:\/\/lignesauto.fr\/wp-content\/uploads\/2022\/09\/OLI_15-300x135.jpg 300w, https:\/\/lignesauto.fr\/wp-content\/uploads\/2022\/09\/OLI_15-768x346.jpg 768w, https:\/\/lignesauto.fr\/wp-content\/uploads\/2022\/09\/OLI_15.jpg 1417w\" sizes=\"(max-width: 1024px) 100vw, 1024px\" \/><\/figure>\n\n\n\n<p style=\"font-size:18px\">He begins his demonstration with the door (above): &#8220;Instead of having a sheet metal stamp, a pile of parts for the medallion, the decoration, the sash, the armrest etc. and rather than hiding the technical parts, which are not necessarily beautiful, we took the opposite approach and highlighted them. They were designed for this and despite the minimalist logic, we did more with less. So all the comfort is on the armrest. The window opens outwards by tilting upwards. In fact, similar to the Ami and 2CV, the entire window mechanism is in the pillar. This frees up a huge volume in the inner door panel.&#8221;<\/p>\n\n\n\n<figure class=\"wp-block-image size-large\"><img loading=\"lazy\" decoding=\"async\" width=\"1024\" height=\"461\" src=\"http:\/\/lignesauto.fr\/wp-content\/uploads\/2022\/09\/OLI_13-1024x461.jpg\" alt=\"\" class=\"wp-image-26050\" srcset=\"https:\/\/lignesauto.fr\/wp-content\/uploads\/2022\/09\/OLI_13-1024x461.jpg 1024w, https:\/\/lignesauto.fr\/wp-content\/uploads\/2022\/09\/OLI_13-300x135.jpg 300w, https:\/\/lignesauto.fr\/wp-content\/uploads\/2022\/09\/OLI_13-768x346.jpg 768w, https:\/\/lignesauto.fr\/wp-content\/uploads\/2022\/09\/OLI_13.jpg 1417w\" sizes=\"(max-width: 1024px) 100vw, 1024px\" \/><\/figure>\n\n\n\n<p style=\"font-size:18px\">For the seats, the methodology was the same: reduce the number of parts to make them lighter, without compromising comfort. &#8220;In production, a seat can have up to 40 parts. We eliminated the foam and took inspiration from the first tubular seats. The structure has been designed to be visible and the comfort element fits over it. The backrests are 3D printed with a pattern that allows flexibility for comfort. The floor is in the same spirit as the mat is similar to a yoga mat rolled out in the car and cut to shape.&#8221;<\/p>\n\n\n\n<figure class=\"wp-block-image size-large\"><img loading=\"lazy\" decoding=\"async\" width=\"1024\" height=\"461\" src=\"http:\/\/lignesauto.fr\/wp-content\/uploads\/2022\/09\/OLI_18-1024x461.jpg\" alt=\"\" class=\"wp-image-26052\" srcset=\"https:\/\/lignesauto.fr\/wp-content\/uploads\/2022\/09\/OLI_18-1024x461.jpg 1024w, https:\/\/lignesauto.fr\/wp-content\/uploads\/2022\/09\/OLI_18-300x135.jpg 300w, https:\/\/lignesauto.fr\/wp-content\/uploads\/2022\/09\/OLI_18-768x346.jpg 768w, https:\/\/lignesauto.fr\/wp-content\/uploads\/2022\/09\/OLI_18.jpg 1417w\" sizes=\"(max-width: 1024px) 100vw, 1024px\" \/><\/figure>\n\n\n\n<p style=\"font-size:18px\"><strong>The little wink of LIGNES\/auto: when Citro\u00ebn takes on Jaguar!<\/strong><br>With a windscreen that is so high and wide, it was necessary to think about wiping it in the rain. As much as Oli is full of innovations, the eternal subject of windscreen wipers has not evolved one iota on this manifesto. It&#8217;s still about using rubber blades and wipers. &#8220;And what else do you have to offer LINES\/auto?&#8221; Erm\u2026 nothing really! Nevertheless, with its three windscreen wipers, the Citro\u00ebn Oli has something in common with the 1961 Jaguar E-type. Nice mobility for the future!<\/p>\n\n\n\n<figure class=\"wp-block-image size-large\"><img loading=\"lazy\" decoding=\"async\" width=\"1024\" height=\"775\" src=\"http:\/\/lignesauto.fr\/wp-content\/uploads\/2022\/09\/Capture-de\u0301cran-2022-09-27-a\u0300-17.05.38-1024x775.png\" alt=\"\" class=\"wp-image-26121\" srcset=\"https:\/\/lignesauto.fr\/wp-content\/uploads\/2022\/09\/Capture-de\u0301cran-2022-09-27-a\u0300-17.05.38-1024x775.png 1024w, https:\/\/lignesauto.fr\/wp-content\/uploads\/2022\/09\/Capture-de\u0301cran-2022-09-27-a\u0300-17.05.38-300x227.png 300w, https:\/\/lignesauto.fr\/wp-content\/uploads\/2022\/09\/Capture-de\u0301cran-2022-09-27-a\u0300-17.05.38-768x582.png 768w, https:\/\/lignesauto.fr\/wp-content\/uploads\/2022\/09\/Capture-de\u0301cran-2022-09-27-a\u0300-17.05.38.png 1417w\" sizes=\"(max-width: 1024px) 100vw, 1024px\" \/><\/figure>\n\n\n\n<p style=\"font-size:18px\">ARCHIVE : The day Walter de Silva (below) signed up with Citro\u00ebn ! Here :  <a href=\"http:\/\/lignesauto.fr\/?p=17755\">http:\/\/lignesauto.fr\/?p=17755<\/a><\/p>\n\n\n\n<figure class=\"wp-block-image size-large\"><img loading=\"lazy\" decoding=\"async\" width=\"1024\" height=\"682\" src=\"http:\/\/lignesauto.fr\/wp-content\/uploads\/2022\/09\/LIGNESDESILVA_02-1024x682.jpg\" alt=\"\" class=\"wp-image-26175\" srcset=\"https:\/\/lignesauto.fr\/wp-content\/uploads\/2022\/09\/LIGNESDESILVA_02-1024x682.jpg 1024w, https:\/\/lignesauto.fr\/wp-content\/uploads\/2022\/09\/LIGNESDESILVA_02-300x200.jpg 300w, https:\/\/lignesauto.fr\/wp-content\/uploads\/2022\/09\/LIGNESDESILVA_02-768x512.jpg 768w, https:\/\/lignesauto.fr\/wp-content\/uploads\/2022\/09\/LIGNESDESILVA_02.jpg 1417w\" sizes=\"(max-width: 1024px) 100vw, 1024px\" \/><\/figure>\n\n\n<div class=\"wp-block-image\">\n<figure class=\"aligncenter size-full is-resized\"><img loading=\"lazy\" decoding=\"async\" src=\"http:\/\/lignesauto.fr\/wp-content\/uploads\/2022\/09\/image-4.png\" alt=\"\" class=\"wp-image-26088\" width=\"591\" height=\"212\" srcset=\"https:\/\/lignesauto.fr\/wp-content\/uploads\/2022\/09\/image-4.png 1024w, https:\/\/lignesauto.fr\/wp-content\/uploads\/2022\/09\/image-4-300x108.png 300w, https:\/\/lignesauto.fr\/wp-content\/uploads\/2022\/09\/image-4-768x275.png 768w\" sizes=\"(max-width: 591px) 100vw, 591px\" \/><\/figure><\/div>","protected":false},"excerpt":{"rendered":"<p>Two days after unveiling its new identity (see here: https:\/\/lignesauto.fr\/?p=26002), Citro\u00ebn has unveiled the Oli concept car &#8211; called by Citro\u00ebn All-\u00eb &#8211; which will serve as the locomotive for the implementation of a new formal language accompanying the new oval logo. Oli is not a concept car in the [&hellip;]<\/p>\n","protected":false},"author":1,"featured_media":26035,"comment_status":"closed","ping_status":"closed","sticky":false,"template":"","format":"standard","meta":{"footnotes":""},"categories":[1],"tags":[],"_links":{"self":[{"href":"https:\/\/lignesauto.fr\/index.php?rest_route=\/wp\/v2\/posts\/26127"}],"collection":[{"href":"https:\/\/lignesauto.fr\/index.php?rest_route=\/wp\/v2\/posts"}],"about":[{"href":"https:\/\/lignesauto.fr\/index.php?rest_route=\/wp\/v2\/types\/post"}],"author":[{"embeddable":true,"href":"https:\/\/lignesauto.fr\/index.php?rest_route=\/wp\/v2\/users\/1"}],"replies":[{"embeddable":true,"href":"https:\/\/lignesauto.fr\/index.php?rest_route=%2Fwp%2Fv2%2Fcomments&post=26127"}],"version-history":[{"count":36,"href":"https:\/\/lignesauto.fr\/index.php?rest_route=\/wp\/v2\/posts\/26127\/revisions"}],"predecessor-version":[{"id":26184,"href":"https:\/\/lignesauto.fr\/index.php?rest_route=\/wp\/v2\/posts\/26127\/revisions\/26184"}],"wp:featuredmedia":[{"embeddable":true,"href":"https:\/\/lignesauto.fr\/index.php?rest_route=\/wp\/v2\/media\/26035"}],"wp:attachment":[{"href":"https:\/\/lignesauto.fr\/index.php?rest_route=%2Fwp%2Fv2%2Fmedia&parent=26127"}],"wp:term":[{"taxonomy":"category","embeddable":true,"href":"https:\/\/lignesauto.fr\/index.php?rest_route=%2Fwp%2Fv2%2Fcategories&post=26127"},{"taxonomy":"post_tag","embeddable":true,"href":"https:\/\/lignesauto.fr\/index.php?rest_route=%2Fwp%2Fv2%2Ftags&post=26127"}],"curies":[{"name":"wp","href":"https:\/\/api.w.org\/{rel}","templated":true}]}}