{"id":26187,"date":"2022-10-10T09:01:00","date_gmt":"2022-10-10T07:01:00","guid":{"rendered":"http:\/\/lignesauto.fr\/?p=26187"},"modified":"2022-10-09T12:55:35","modified_gmt":"2022-10-09T10:55:35","slug":"mobilize-duo-lennemi-de-lami","status":"publish","type":"post","link":"https:\/\/lignesauto.fr\/?p=26187","title":{"rendered":"Mobilize DUO, l&#8217;ennemi de l&#8217;Ami !"},"content":{"rendered":"<div class=\"wp-block-image\">\n<figure class=\"aligncenter size-full is-resized\"><img loading=\"lazy\" decoding=\"async\" src=\"http:\/\/lignesauto.fr\/wp-content\/uploads\/2022\/09\/image-4.png\" alt=\"\" class=\"wp-image-26088\" width=\"539\" height=\"193\" srcset=\"https:\/\/lignesauto.fr\/wp-content\/uploads\/2022\/09\/image-4.png 1024w, https:\/\/lignesauto.fr\/wp-content\/uploads\/2022\/09\/image-4-300x108.png 300w, https:\/\/lignesauto.fr\/wp-content\/uploads\/2022\/09\/image-4-768x275.png 768w\" sizes=\"(max-width: 539px) 100vw, 539px\" \/><\/figure><\/div>\n\n\n<p style=\"font-size:17px\">Le d\u00e9veloppement de la mobilit\u00e9 individuelle pour les d\u00e9placements urbains touche \u00e0 la fois les particuliers, et bien s\u00fbr les artisans et entreprises. Dans ces nouvelles propositions, le quadricycle \u00e0 ch\u00e2ssis tubulaire accessible \u00e0 partir de 14 ans en France est aujourd\u2019hui l\u2019apanage de Citro\u00ebn avec son Ami.<\/p>\n\n\n\n<figure class=\"wp-block-image size-large\"><img loading=\"lazy\" decoding=\"async\" width=\"1024\" height=\"640\" src=\"http:\/\/lignesauto.fr\/wp-content\/uploads\/2022\/10\/LIGNES_MOBI_100-1024x640.png\" alt=\"\" class=\"wp-image-26193\" srcset=\"https:\/\/lignesauto.fr\/wp-content\/uploads\/2022\/10\/LIGNES_MOBI_100-1024x640.png 1024w, https:\/\/lignesauto.fr\/wp-content\/uploads\/2022\/10\/LIGNES_MOBI_100-300x188.png 300w, https:\/\/lignesauto.fr\/wp-content\/uploads\/2022\/10\/LIGNES_MOBI_100-768x480.png 768w, https:\/\/lignesauto.fr\/wp-content\/uploads\/2022\/10\/LIGNES_MOBI_100.png 1417w\" sizes=\"(max-width: 1024px) 100vw, 1024px\" \/><\/figure>\n\n\n\n<p style=\"font-size:17px\">Le groupe Renault part \u00e0 l\u2019attaque avec sa marque Mobilize* et proposera \u00e0 la location, en fin d\u2019ann\u00e9e 2023, le concurrent ultime de l\u2019Ami&nbsp;: le DUO. Ce petit engin qui repose lui aussi sur un ch\u00e2ssis tubulaire semble au premier regard adopter des finitions sup\u00e9rieures \u00e0 celles de l\u2019Ami de Citro\u00ebn. Il dispose notamment d\u2019un airbag, y compris dans sa version quadricycle l\u00e9ger limit\u00e9e \u00e0 45 km\/h et accessible aux ados d\u00e8s 14 ans. Car DUO est \u00e9galement propos\u00e9 en version quadricycle \u00ab&nbsp;lourd&nbsp;\u00bb qui requiert le permis de conduire et dont les performances grimpent \u00e0 80 km\/h.<\/p>\n\n\n\n<figure class=\"wp-block-image size-large\"><img loading=\"lazy\" decoding=\"async\" width=\"1024\" height=\"577\" src=\"http:\/\/lignesauto.fr\/wp-content\/uploads\/2022\/10\/LIGNES_MOBI_10-1024x577.jpg\" alt=\"\" class=\"wp-image-26195\" srcset=\"https:\/\/lignesauto.fr\/wp-content\/uploads\/2022\/10\/LIGNES_MOBI_10-1024x577.jpg 1024w, https:\/\/lignesauto.fr\/wp-content\/uploads\/2022\/10\/LIGNES_MOBI_10-300x169.jpg 300w, https:\/\/lignesauto.fr\/wp-content\/uploads\/2022\/10\/LIGNES_MOBI_10-768x433.jpg 768w, https:\/\/lignesauto.fr\/wp-content\/uploads\/2022\/10\/LIGNES_MOBI_10.jpg 1417w\" sizes=\"(max-width: 1024px) 100vw, 1024px\" \/><\/figure>\n\n\n\n<p style=\"font-size:17px\">Le v\u00e9hicule Mobilize opte pour une architecture de deux places en tandem, comme la Twizy, mais contrairement \u00e0 cette derni\u00e8re, DUO offre des porti\u00e8res \u00e0 ouverture en \u00e9lytre, comme sur une Lamborghini Countach. L\u2019id\u00e9e est d\u2019offrir au petit v\u00e9hicule une largeur plus contrainte mais finalement, elle n\u2019est que de 6 cm inf\u00e9rieure \u00e0 celle de l\u2019Ami (1,30 m contre 1,36 m).<\/p>\n\n\n\n<figure class=\"wp-block-image size-large\"><img loading=\"lazy\" decoding=\"async\" width=\"1024\" height=\"661\" src=\"http:\/\/lignesauto.fr\/wp-content\/uploads\/2022\/10\/LIGNES_MOBI_101-1024x661.png\" alt=\"\" class=\"wp-image-26194\" srcset=\"https:\/\/lignesauto.fr\/wp-content\/uploads\/2022\/10\/LIGNES_MOBI_101-1024x661.png 1024w, https:\/\/lignesauto.fr\/wp-content\/uploads\/2022\/10\/LIGNES_MOBI_101-300x194.png 300w, https:\/\/lignesauto.fr\/wp-content\/uploads\/2022\/10\/LIGNES_MOBI_101-768x496.png 768w, https:\/\/lignesauto.fr\/wp-content\/uploads\/2022\/10\/LIGNES_MOBI_101.png 1417w\" sizes=\"(max-width: 1024px) 100vw, 1024px\" \/><\/figure>\n\n\n\n<p style=\"font-size:17px\">La cin\u00e9matique d\u2019ouverture des portes n\u2019est pas un clin d\u2019\u0153il au designer de la Countach (Marcello Gandini) mais elle a \u00e9t\u00e9 choisie pour permettre aux deux passagers de sortir facilement entre deux voitures gar\u00e9es. \u00ab&nbsp;<em>Cette architecture s\u2019av\u00e8re \u00e9galement plus s\u00fbre pour les pi\u00e9tons et les cyclistes, car elle n\u2019occasionne pas de d\u00e9bordement sur la chauss\u00e9e ou les trottoirs<\/em>&nbsp;\u00bb affirme le constructeur.<\/p>\n\n\n\n<figure class=\"wp-block-image size-large\"><img loading=\"lazy\" decoding=\"async\" width=\"1024\" height=\"590\" src=\"http:\/\/lignesauto.fr\/wp-content\/uploads\/2022\/10\/LIGNES_MOBI_01-1024x590.png\" alt=\"\" class=\"wp-image-26199\" srcset=\"https:\/\/lignesauto.fr\/wp-content\/uploads\/2022\/10\/LIGNES_MOBI_01-1024x590.png 1024w, https:\/\/lignesauto.fr\/wp-content\/uploads\/2022\/10\/LIGNES_MOBI_01-300x173.png 300w, https:\/\/lignesauto.fr\/wp-content\/uploads\/2022\/10\/LIGNES_MOBI_01-768x443.png 768w, https:\/\/lignesauto.fr\/wp-content\/uploads\/2022\/10\/LIGNES_MOBI_01.png 1417w\" sizes=\"(max-width: 1024px) 100vw, 1024px\" \/><\/figure>\n\n\n\n<p style=\"font-size:17px\">Contrairement \u00e0 la Citro\u00ebn (achat, location, abonnement), la DUO ne sera disponible qu\u2019\u00e0 la location et abonnement. Et ce, \u00e0 partir de la fin 2023. Pour les clients particuliers de Duo, Mobilize proposera des abonnements flexibles \u00e0 partir de 3 mois de location. Les mensualit\u00e9s pourront \u00eatre modul\u00e9es en fonction de la dur\u00e9e de location.<\/p>\n\n\n\n<figure class=\"wp-block-image size-large\"><img loading=\"lazy\" decoding=\"async\" width=\"1024\" height=\"577\" src=\"http:\/\/lignesauto.fr\/wp-content\/uploads\/2022\/10\/LIGNES_MOBI_02-1024x577.png\" alt=\"\" class=\"wp-image-26200\" srcset=\"https:\/\/lignesauto.fr\/wp-content\/uploads\/2022\/10\/LIGNES_MOBI_02-1024x577.png 1024w, https:\/\/lignesauto.fr\/wp-content\/uploads\/2022\/10\/LIGNES_MOBI_02-300x169.png 300w, https:\/\/lignesauto.fr\/wp-content\/uploads\/2022\/10\/LIGNES_MOBI_02-768x433.png 768w, https:\/\/lignesauto.fr\/wp-content\/uploads\/2022\/10\/LIGNES_MOBI_02.png 1417w\" sizes=\"(max-width: 1024px) 100vw, 1024px\" \/><\/figure>\n\n\n\n<p style=\"font-size:17px\">C\u00f4t\u00e9 design, c\u2019est la petite \u00e9quipe men\u00e9e par Patrick Lecharpy, directeur du design Mobilize, et \u00c9ric Diemert, directeur de projets design Mobilize, qui a g\u00e9r\u00e9 le dessin de ce petit cube en jouant avec deux triangles en lat\u00e9ral et une frimousse moins d\u00e9rangeante que celle de l\u2019Ami. La caisse n\u2019est pas peinte mais disposera de stickers de personnalisation sur pas moins de six zones ext\u00e9rieures.<\/p>\n\n\n\n<figure class=\"wp-block-image size-large\"><img loading=\"lazy\" decoding=\"async\" width=\"1024\" height=\"341\" src=\"http:\/\/lignesauto.fr\/wp-content\/uploads\/2022\/10\/LIGNES_MOBI_202-1024x341.png\" alt=\"\" class=\"wp-image-26208\" srcset=\"https:\/\/lignesauto.fr\/wp-content\/uploads\/2022\/10\/LIGNES_MOBI_202-1024x341.png 1024w, https:\/\/lignesauto.fr\/wp-content\/uploads\/2022\/10\/LIGNES_MOBI_202-300x100.png 300w, https:\/\/lignesauto.fr\/wp-content\/uploads\/2022\/10\/LIGNES_MOBI_202-768x256.png 768w, https:\/\/lignesauto.fr\/wp-content\/uploads\/2022\/10\/LIGNES_MOBI_202.png 1417w\" sizes=\"(max-width: 1024px) 100vw, 1024px\" \/><figcaption>Le duel de la fin d&#8217;ann\u00e9e prochaine : la Citro\u00ebn Ami face \u00e0 la Mobilize Duo. On ne connait pas encore les tarifs de location ou d&#8217;abonnement de cette derni\u00e8re, mais voici leur comparatif en termes de dimensions, ci-dessous.<\/figcaption><\/figure>\n\n\n\n<figure class=\"wp-block-image size-large\"><img loading=\"lazy\" decoding=\"async\" width=\"1024\" height=\"634\" src=\"http:\/\/lignesauto.fr\/wp-content\/uploads\/2022\/10\/LIGNES_MOBI_400-1024x634.png\" alt=\"\" class=\"wp-image-26209\" srcset=\"https:\/\/lignesauto.fr\/wp-content\/uploads\/2022\/10\/LIGNES_MOBI_400-1024x634.png 1024w, https:\/\/lignesauto.fr\/wp-content\/uploads\/2022\/10\/LIGNES_MOBI_400-300x186.png 300w, https:\/\/lignesauto.fr\/wp-content\/uploads\/2022\/10\/LIGNES_MOBI_400-768x475.png 768w, https:\/\/lignesauto.fr\/wp-content\/uploads\/2022\/10\/LIGNES_MOBI_400.png 1417w\" sizes=\"(max-width: 1024px) 100vw, 1024px\" \/><\/figure>\n\n\n\n<figure class=\"wp-block-image size-large\"><img loading=\"lazy\" decoding=\"async\" width=\"1024\" height=\"578\" src=\"http:\/\/lignesauto.fr\/wp-content\/uploads\/2022\/10\/LIGNES_MOBI_05-1024x578.png\" alt=\"\" class=\"wp-image-26196\" srcset=\"https:\/\/lignesauto.fr\/wp-content\/uploads\/2022\/10\/LIGNES_MOBI_05-1024x578.png 1024w, https:\/\/lignesauto.fr\/wp-content\/uploads\/2022\/10\/LIGNES_MOBI_05-300x169.png 300w, https:\/\/lignesauto.fr\/wp-content\/uploads\/2022\/10\/LIGNES_MOBI_05-768x434.png 768w, https:\/\/lignesauto.fr\/wp-content\/uploads\/2022\/10\/LIGNES_MOBI_05.png 1417w\" sizes=\"(max-width: 1024px) 100vw, 1024px\" \/><\/figure>\n\n\n\n<p style=\"font-size:17px\"><em>\u00ab&nbsp;Le design de nos v\u00e9hicules et de nos services porte l\u2019ADN de la marque Mobilize. Nous nous inspirons des codes urbains pour dessiner des objets de mobilit\u00e9 en dehors des codes automobiles traditionnels. On choisira demain Mobilize pour l\u2019exp\u00e9rience qu\u2019elle propose&nbsp;: une mobilit\u00e9 durable et connect\u00e9e, mais \u00e9galement responsable, accessible, ludique, pratique, robuste et simple d\u2019usage&nbsp;\u00bb <\/em>pr\u00e9cise Patrick Lecharpy.<\/p>\n\n\n\n<figure class=\"wp-block-image size-large\"><img loading=\"lazy\" decoding=\"async\" width=\"1024\" height=\"576\" src=\"http:\/\/lignesauto.fr\/wp-content\/uploads\/2022\/10\/LIGNES_MOBI_11-1024x576.jpg\" alt=\"\" class=\"wp-image-26212\" srcset=\"https:\/\/lignesauto.fr\/wp-content\/uploads\/2022\/10\/LIGNES_MOBI_11-1024x576.jpg 1024w, https:\/\/lignesauto.fr\/wp-content\/uploads\/2022\/10\/LIGNES_MOBI_11-300x169.jpg 300w, https:\/\/lignesauto.fr\/wp-content\/uploads\/2022\/10\/LIGNES_MOBI_11-768x432.jpg 768w, https:\/\/lignesauto.fr\/wp-content\/uploads\/2022\/10\/LIGNES_MOBI_11.jpg 1417w\" sizes=\"(max-width: 1024px) 100vw, 1024px\" \/><\/figure>\n\n\n\n<p style=\"font-size:17px\">L\u2019habitacle quant \u00e0 lui s\u2019inspire &#8211; dixit le constructeur &#8211; \u00ab <em>du monde du jeu vid\u00e9o et du gaming, avec un clin d\u2019\u0153il aux ann\u00e9es 1980-1990. La planche de bord \u00e9voque l\u2019une des cha\u00eenes hifi portatives embl\u00e9matiques de la culture hip hop.<\/em>&nbsp;\u00bb La conception et la recherche de sobri\u00e9t\u00e9 ont \u00e9t\u00e9 au c\u0153ur du d\u00e9veloppement avec l\u2019objectif de plus de 50 % de mat\u00e9riaux recycl\u00e9s dans sa fabrication, et 95 % de recyclabilit\u00e9 du v\u00e9hicule en fin de vie. Enfin, signalons l\u2019un des atouts de ce petit v\u00e9hicule&nbsp;: un am\u00e9nagement sp\u00e9cifique pour les personnes \u00e0 mobilit\u00e9 r\u00e9duite (PMR) est pr\u00e9vu. DUO peut ainsi accueillir un fauteuil pliable et disposer d\u2019un kit de commandes au volant.<\/p>\n\n\n\n<figure class=\"wp-block-image size-large\"><img loading=\"lazy\" decoding=\"async\" width=\"1024\" height=\"698\" src=\"http:\/\/lignesauto.fr\/wp-content\/uploads\/2022\/10\/Capture-de\u0301cran-2022-10-09-a\u0300-12.30.59-1024x698.png\" alt=\"\" class=\"wp-image-26202\" srcset=\"https:\/\/lignesauto.fr\/wp-content\/uploads\/2022\/10\/Capture-de\u0301cran-2022-10-09-a\u0300-12.30.59-1024x698.png 1024w, https:\/\/lignesauto.fr\/wp-content\/uploads\/2022\/10\/Capture-de\u0301cran-2022-10-09-a\u0300-12.30.59-300x205.png 300w, https:\/\/lignesauto.fr\/wp-content\/uploads\/2022\/10\/Capture-de\u0301cran-2022-10-09-a\u0300-12.30.59-768x524.png 768w, https:\/\/lignesauto.fr\/wp-content\/uploads\/2022\/10\/Capture-de\u0301cran-2022-10-09-a\u0300-12.30.59.png 1417w\" sizes=\"(max-width: 1024px) 100vw, 1024px\" \/><\/figure>\n\n\n\n<p style=\"font-size:17px\">La version utilitaire de DUO <strong>ci-dessus<\/strong> prend l&#8217;appellation de Bento. Elle n&#8217;a qu&#8217;une seule place, mais embarque un gros caisson arri\u00e8re dont l&#8217;implantation optimale permet d\u2019obtenir un volume utile de pr\u00e8s de 700 litres.<\/p>\n\n\n\n<figure class=\"wp-block-image size-large\"><img loading=\"lazy\" decoding=\"async\" width=\"1024\" height=\"577\" src=\"http:\/\/lignesauto.fr\/wp-content\/uploads\/2022\/10\/LIGNES_MOBI_09-1024x577.jpg\" alt=\"\" class=\"wp-image-26198\" srcset=\"https:\/\/lignesauto.fr\/wp-content\/uploads\/2022\/10\/LIGNES_MOBI_09-1024x577.jpg 1024w, https:\/\/lignesauto.fr\/wp-content\/uploads\/2022\/10\/LIGNES_MOBI_09-300x169.jpg 300w, https:\/\/lignesauto.fr\/wp-content\/uploads\/2022\/10\/LIGNES_MOBI_09-768x433.jpg 768w, https:\/\/lignesauto.fr\/wp-content\/uploads\/2022\/10\/LIGNES_MOBI_09.jpg 1417w\" sizes=\"(max-width: 1024px) 100vw, 1024px\" \/><\/figure>\n\n\n\n<p style=\"font-size:17px\">* La marque Mobilize prend place dans le groupe Renault au c\u00f4t\u00e9 des marques Renault, Dacia et Alpine. Sa vocation est de compter pour 20% du CA du groupe d\u2019ici \u00e0 2030. Mobilize n\u2019est pas une marque automobile comme ses trois s\u0153urs, sa vocation \u00e9tant d\u2019aller au-del\u00e0 du business traditionnel dans les domaines des nouvelles mobilit\u00e9s, des services, de la gestion du cycle de vie des batteries. Elle g\u00e8re \u00e9galement les cr\u00e9dits, les abonnements de cartes de recharge pour v\u00e9hicules \u00e9lectriques et la mise en place de \u00ab&nbsp;<em>Mobilize fast charge<\/em>&nbsp;\u00bb.<\/p>\n\n\n\n<figure class=\"wp-block-image size-large\"><img loading=\"lazy\" decoding=\"async\" width=\"1024\" height=\"638\" src=\"http:\/\/lignesauto.fr\/wp-content\/uploads\/2022\/10\/AA-1024x638.png\" alt=\"\" class=\"wp-image-26205\" srcset=\"https:\/\/lignesauto.fr\/wp-content\/uploads\/2022\/10\/AA-1024x638.png 1024w, https:\/\/lignesauto.fr\/wp-content\/uploads\/2022\/10\/AA-300x187.png 300w, https:\/\/lignesauto.fr\/wp-content\/uploads\/2022\/10\/AA-768x479.png 768w, https:\/\/lignesauto.fr\/wp-content\/uploads\/2022\/10\/AA.png 1417w\" sizes=\"(max-width: 1024px) 100vw, 1024px\" \/><\/figure>\n\n\n\n<p style=\"font-size:17px\">Ce dernier projet ci-dessus consiste \u00e0 d\u00e9ployer un r\u00e9seau de charge ultra-rapide avec des stations pour la plupart int\u00e9gr\u00e9es dans les concessions. 200 sont programm\u00e9es en Europe, dont 90 en France dans un premier temps. L\u2019id\u00e9e est de proposer une station tous les 150 km. Le r\u00e9seau sera complet en 2024 et chaque station comportera six points de charge pour tous les v\u00e9hicules, pas exclusivement Renault. Pendant la recharge, les automobilistes auront acc\u00e8s \u00e0 une zone de d\u00e9tente et de services, accessible 24h\/24 et 7j\/7.<\/p>\n\n\n\n<p class=\"has-medium-font-size\"><strong>VISITEZ NOTRE SITE e-commerce ET D\u00c9COUVREZ NOS OUVRAGES : <a href=\"https:\/\/lignesautoeditions.fr\">https:\/\/lignesautoeditions.fr<\/a><\/strong><\/p>\n\n\n\n<figure class=\"wp-block-image size-large\"><img loading=\"lazy\" decoding=\"async\" width=\"1024\" height=\"704\" src=\"http:\/\/lignesauto.fr\/wp-content\/uploads\/2022\/10\/LIGNES-OFFRE-COLLECTION-1024x704.jpg\" alt=\"\" class=\"wp-image-26219\" srcset=\"https:\/\/lignesauto.fr\/wp-content\/uploads\/2022\/10\/LIGNES-OFFRE-COLLECTION-1024x704.jpg 1024w, https:\/\/lignesauto.fr\/wp-content\/uploads\/2022\/10\/LIGNES-OFFRE-COLLECTION-300x206.jpg 300w, https:\/\/lignesauto.fr\/wp-content\/uploads\/2022\/10\/LIGNES-OFFRE-COLLECTION-768x528.jpg 768w, https:\/\/lignesauto.fr\/wp-content\/uploads\/2022\/10\/LIGNES-OFFRE-COLLECTION.jpg 1417w\" sizes=\"(max-width: 1024px) 100vw, 1024px\" \/><\/figure>\n\n\n<div class=\"wp-block-image\">\n<figure class=\"aligncenter size-full is-resized\"><img loading=\"lazy\" decoding=\"async\" src=\"http:\/\/lignesauto.fr\/wp-content\/uploads\/2022\/10\/image.png\" alt=\"\" class=\"wp-image-26189\" width=\"547\" height=\"196\" srcset=\"https:\/\/lignesauto.fr\/wp-content\/uploads\/2022\/10\/image.png 1024w, https:\/\/lignesauto.fr\/wp-content\/uploads\/2022\/10\/image-300x108.png 300w, https:\/\/lignesauto.fr\/wp-content\/uploads\/2022\/10\/image-768x275.png 768w\" sizes=\"(max-width: 547px) 100vw, 547px\" \/><\/figure><\/div>","protected":false},"excerpt":{"rendered":"<p>Le d\u00e9veloppement de la mobilit\u00e9 individuelle pour les d\u00e9placements urbains touche \u00e0 la fois les particuliers, et bien s\u00fbr les artisans et entreprises. Dans ces nouvelles propositions, le quadricycle \u00e0 ch\u00e2ssis tubulaire accessible \u00e0 partir de 14 ans en France est aujourd\u2019hui l\u2019apanage de Citro\u00ebn avec son Ami. Le groupe [&hellip;]<\/p>\n","protected":false},"author":1,"featured_media":26192,"comment_status":"closed","ping_status":"closed","sticky":false,"template":"","format":"standard","meta":{"footnotes":""},"categories":[1],"tags":[],"_links":{"self":[{"href":"https:\/\/lignesauto.fr\/index.php?rest_route=\/wp\/v2\/posts\/26187"}],"collection":[{"href":"https:\/\/lignesauto.fr\/index.php?rest_route=\/wp\/v2\/posts"}],"about":[{"href":"https:\/\/lignesauto.fr\/index.php?rest_route=\/wp\/v2\/types\/post"}],"author":[{"embeddable":true,"href":"https:\/\/lignesauto.fr\/index.php?rest_route=\/wp\/v2\/users\/1"}],"replies":[{"embeddable":true,"href":"https:\/\/lignesauto.fr\/index.php?rest_route=%2Fwp%2Fv2%2Fcomments&post=26187"}],"version-history":[{"count":14,"href":"https:\/\/lignesauto.fr\/index.php?rest_route=\/wp\/v2\/posts\/26187\/revisions"}],"predecessor-version":[{"id":26220,"href":"https:\/\/lignesauto.fr\/index.php?rest_route=\/wp\/v2\/posts\/26187\/revisions\/26220"}],"wp:featuredmedia":[{"embeddable":true,"href":"https:\/\/lignesauto.fr\/index.php?rest_route=\/wp\/v2\/media\/26192"}],"wp:attachment":[{"href":"https:\/\/lignesauto.fr\/index.php?rest_route=%2Fwp%2Fv2%2Fmedia&parent=26187"}],"wp:term":[{"taxonomy":"category","embeddable":true,"href":"https:\/\/lignesauto.fr\/index.php?rest_route=%2Fwp%2Fv2%2Fcategories&post=26187"},{"taxonomy":"post_tag","embeddable":true,"href":"https:\/\/lignesauto.fr\/index.php?rest_route=%2Fwp%2Fv2%2Ftags&post=26187"}],"curies":[{"name":"wp","href":"https:\/\/api.w.org\/{rel}","templated":true}]}}