{"id":26261,"date":"2022-10-13T06:03:00","date_gmt":"2022-10-13T04:03:00","guid":{"rendered":"http:\/\/lignesauto.fr\/?p=26261"},"modified":"2022-10-13T08:28:56","modified_gmt":"2022-10-13T06:28:56","slug":"alpenglow-quand-alpine-fait-des-bulles","status":"publish","type":"post","link":"https:\/\/lignesauto.fr\/?p=26261","title":{"rendered":"Alpenglow : quand Alpine fait des bulles&#8230;"},"content":{"rendered":"<div class=\"wp-block-image\">\n<figure class=\"aligncenter size-full is-resized\"><img loading=\"lazy\" decoding=\"async\" src=\"http:\/\/lignesauto.fr\/wp-content\/uploads\/2022\/10\/image.png\" alt=\"\" class=\"wp-image-26189\" width=\"543\" height=\"195\" srcset=\"https:\/\/lignesauto.fr\/wp-content\/uploads\/2022\/10\/image.png 1024w, https:\/\/lignesauto.fr\/wp-content\/uploads\/2022\/10\/image-300x108.png 300w, https:\/\/lignesauto.fr\/wp-content\/uploads\/2022\/10\/image-768x275.png 768w\" sizes=\"(max-width: 543px) 100vw, 543px\" \/><\/figure><\/div>\n\n\n<figure class=\"wp-block-image size-large\"><img loading=\"lazy\" decoding=\"async\" width=\"1024\" height=\"576\" src=\"http:\/\/lignesauto.fr\/wp-content\/uploads\/2022\/10\/ALPINE_MANIFESTO-SKETCH_3D_DESIGN_TRANSPARENT-002-169-1024x576.jpg\" alt=\"\" class=\"wp-image-26410\" srcset=\"https:\/\/lignesauto.fr\/wp-content\/uploads\/2022\/10\/ALPINE_MANIFESTO-SKETCH_3D_DESIGN_TRANSPARENT-002-169-1024x576.jpg 1024w, https:\/\/lignesauto.fr\/wp-content\/uploads\/2022\/10\/ALPINE_MANIFESTO-SKETCH_3D_DESIGN_TRANSPARENT-002-169-300x169.jpg 300w, https:\/\/lignesauto.fr\/wp-content\/uploads\/2022\/10\/ALPINE_MANIFESTO-SKETCH_3D_DESIGN_TRANSPARENT-002-169-768x432.jpg 768w, https:\/\/lignesauto.fr\/wp-content\/uploads\/2022\/10\/ALPINE_MANIFESTO-SKETCH_3D_DESIGN_TRANSPARENT-002-169.jpg 1417w\" sizes=\"(max-width: 1024px) 100vw, 1024px\" \/><\/figure>\n\n\n\n<p style=\"font-size:17px\">Le cockpit de l\u2019Alpenglow est coiff\u00e9 d\u2019une immense verri\u00e8re en forme de visi\u00e8re de casque. Cette bulle qui permet de bien voir le pilote aux commandes pourrait-elle \u00eatre conserv\u00e9e sur le prototype des 24 Heures du Mans 2024&nbsp;? On en doute, lorsqu\u2019on regarde les Hypercar (et LMDh) actuellement en comp\u00e9tition.<\/p>\n\n\n\n<figure class=\"wp-block-image size-large\"><img loading=\"lazy\" decoding=\"async\" width=\"1024\" height=\"540\" src=\"http:\/\/lignesauto.fr\/wp-content\/uploads\/2022\/10\/ALPINE_09-1024x540.png\" alt=\"\" class=\"wp-image-26265\" srcset=\"https:\/\/lignesauto.fr\/wp-content\/uploads\/2022\/10\/ALPINE_09-1024x540.png 1024w, https:\/\/lignesauto.fr\/wp-content\/uploads\/2022\/10\/ALPINE_09-300x158.png 300w, https:\/\/lignesauto.fr\/wp-content\/uploads\/2022\/10\/ALPINE_09-768x405.png 768w, https:\/\/lignesauto.fr\/wp-content\/uploads\/2022\/10\/ALPINE_09.png 1417w\" sizes=\"(max-width: 1024px) 100vw, 1024px\" \/><\/figure>\n\n\n\n<p style=\"font-size:17px\">Pourtant, des Alpine ou des Renault Alpine &#8211; voire des Renault pens\u00e9es pour \u00eatre des Alpine&nbsp;!- avec une bulle ne sont pas si rares. A commencer par l\u2019A442B qui a remport\u00e9 la seule victoire de Renault aux 24 H du Mans, en 1978 (ci-dessous). Didier Pironi et Jean-Pierre Jaussaud \u00e9taient au volant. Cette bulle, destin\u00e9e \u00e0 am\u00e9liorer l\u2019a\u00e9rodynamique avait un d\u00e9faut notoire&nbsp;: elle ne ventilait pas assez l\u2019habitacle et Didier Pironi qui a termin\u00e9 la course est sorti de son A442B aux limites du malaise&nbsp;!<\/p>\n\n\n\n<figure class=\"wp-block-image size-large\"><img loading=\"lazy\" decoding=\"async\" width=\"1024\" height=\"668\" src=\"http:\/\/lignesauto.fr\/wp-content\/uploads\/2022\/10\/BULLE_01-1024x668.jpg\" alt=\"\" class=\"wp-image-26267\" srcset=\"https:\/\/lignesauto.fr\/wp-content\/uploads\/2022\/10\/BULLE_01-1024x668.jpg 1024w, https:\/\/lignesauto.fr\/wp-content\/uploads\/2022\/10\/BULLE_01-300x196.jpg 300w, https:\/\/lignesauto.fr\/wp-content\/uploads\/2022\/10\/BULLE_01-768x501.jpg 768w, https:\/\/lignesauto.fr\/wp-content\/uploads\/2022\/10\/BULLE_01.jpg 1417w\" sizes=\"(max-width: 1024px) 100vw, 1024px\" \/><\/figure>\n\n\n\n<p style=\"font-size:17px\">Il y a eu \u00e9galement un projet futuriste d\u2019une F1 Renault, devenue Alpine avec l\u2019arriv\u00e9e de Luca de Meo \u00e0 la t\u00eate du groupe&nbsp;: la R.S. 2027 Vision en 2017. Cette F1 des temps modernes disposait elle aussi d\u2019un cockpit ferm\u00e9 par une bulle, un concept que le championnat am\u00e9ricain IndyCar Series a retenu dans une variante sp\u00e9cifique.<\/p>\n\n\n\n<figure class=\"wp-block-image size-large\"><img loading=\"lazy\" decoding=\"async\" width=\"1024\" height=\"580\" src=\"http:\/\/lignesauto.fr\/wp-content\/uploads\/2022\/10\/BULLE_02-1024x580.png\" alt=\"\" class=\"wp-image-26268\" srcset=\"https:\/\/lignesauto.fr\/wp-content\/uploads\/2022\/10\/BULLE_02-1024x580.png 1024w, https:\/\/lignesauto.fr\/wp-content\/uploads\/2022\/10\/BULLE_02-300x170.png 300w, https:\/\/lignesauto.fr\/wp-content\/uploads\/2022\/10\/BULLE_02-768x435.png 768w, https:\/\/lignesauto.fr\/wp-content\/uploads\/2022\/10\/BULLE_02.png 1417w\" sizes=\"(max-width: 1024px) 100vw, 1024px\" \/><\/figure>\n\n\n\n<p style=\"font-size:17px\">En dehors de la comp\u00e9tition, le concept-car Laguna de 1990 (ci-dessous), dessin\u00e9 par Jean-Pierre Plou\u00e9 disposait lui aussi d\u2019une verri\u00e8re. Elle \u00e9tait coulissante, pour d\u00e9gager son habitacle. Cette Renault avait \u00e9t\u00e9 clairement dessin\u00e9e pour tenter de r\u00e9animer l\u2019esprit Alpine. Patrick le Qu\u00e9ment, alors responsable de Renault Design Industriel, a toujours expliqu\u00e9 que son regret \u00e9tait de ne pas avoir pu pousser les projets de renouvellement de la berlinette en s\u00e9rie.<\/p>\n\n\n\n<figure class=\"wp-block-image size-large\"><img loading=\"lazy\" decoding=\"async\" width=\"1024\" height=\"675\" src=\"http:\/\/lignesauto.fr\/wp-content\/uploads\/2022\/10\/BULLE_03-1024x675.jpg\" alt=\"\" class=\"wp-image-26269\" srcset=\"https:\/\/lignesauto.fr\/wp-content\/uploads\/2022\/10\/BULLE_03-1024x675.jpg 1024w, https:\/\/lignesauto.fr\/wp-content\/uploads\/2022\/10\/BULLE_03-300x198.jpg 300w, https:\/\/lignesauto.fr\/wp-content\/uploads\/2022\/10\/BULLE_03-768x506.jpg 768w, https:\/\/lignesauto.fr\/wp-content\/uploads\/2022\/10\/BULLE_03.jpg 1417w\" sizes=\"(max-width: 1024px) 100vw, 1024px\" \/><\/figure>\n\n\n\n<p style=\"font-size:17px\">Parmi ces projets, il y avait le W71 de 1989 d\u2019une Alpine avec un moteur central arri\u00e8re et au design tr\u00e8s fortement inspir\u00e9 de celui du concept-car Laguna. Ce projet a \u00e9t\u00e9 pouss\u00e9 jusqu\u2019au stade de prototype motoris\u00e9. Ici, la maquette de Guy Greffier, qui n\u2019a pas \u00e9t\u00e9 retenue, dispose d\u2019un cockpit int\u00e9gralement vitr\u00e9. Une verri\u00e8re qui disparaissait sur la version cabriolet \u00e9galement imagin\u00e9e par Guy Greffier.<\/p>\n\n\n\n<figure class=\"wp-block-image size-large\"><img loading=\"lazy\" decoding=\"async\" width=\"1024\" height=\"620\" src=\"http:\/\/lignesauto.fr\/wp-content\/uploads\/2022\/10\/BULLE_04-1024x620.png\" alt=\"\" class=\"wp-image-26270\" srcset=\"https:\/\/lignesauto.fr\/wp-content\/uploads\/2022\/10\/BULLE_04-1024x620.png 1024w, https:\/\/lignesauto.fr\/wp-content\/uploads\/2022\/10\/BULLE_04-300x182.png 300w, https:\/\/lignesauto.fr\/wp-content\/uploads\/2022\/10\/BULLE_04-768x465.png 768w, https:\/\/lignesauto.fr\/wp-content\/uploads\/2022\/10\/BULLE_04.png 1417w\" sizes=\"(max-width: 1024px) 100vw, 1024px\" \/><\/figure>\n\n\n\n<p style=\"font-size:19px\">Vous aimez les Alpine et les Renault sportives ? Lisez la grande interview d&#8217;Axel Breun qui a \u00e9t\u00e9 l&#8217;un des grands designers de Renault, et passionn\u00e9 de la marque Alpine. Il a particip\u00e9 \u00e0 de nombreux projets destin\u00e9s \u00e0 faire rena\u00eetre la berlinette. Ci-dessous:<\/p>\n\n\n\n<figure class=\"wp-block-embed is-type-wp-embed is-provider-lignes-auto wp-block-embed-lignes-auto\"><div class=\"wp-block-embed__wrapper\">\n<blockquote class=\"wp-embedded-content\" data-secret=\"Rl7UxdoJ0v\"><a href=\"https:\/\/lignesauto.fr\/?p=18046\">La longue interview &#8211; Axel Breun : Alpine, hier, aujourd&#8217;hui et demain.<\/a><\/blockquote><iframe class=\"wp-embedded-content\" sandbox=\"allow-scripts\" security=\"restricted\" style=\"position: absolute; clip: rect(1px, 1px, 1px, 1px);\" title=\"&#8220;La longue interview &#8211; Axel Breun : Alpine, hier, aujourd&#8217;hui et demain.&#8221; &#8212; LIGNES\/auto\" src=\"https:\/\/lignesauto.fr\/?p=18046&#038;embed=true#?secret=rLScrk1Ihe#?secret=Rl7UxdoJ0v\" data-secret=\"Rl7UxdoJ0v\" width=\"600\" height=\"338\" frameborder=\"0\" marginwidth=\"0\" marginheight=\"0\" scrolling=\"no\"><\/iframe>\n<\/div><\/figure>\n\n\n<div class=\"wp-block-image\">\n<figure class=\"aligncenter size-full is-resized\"><img loading=\"lazy\" decoding=\"async\" src=\"http:\/\/lignesauto.fr\/wp-content\/uploads\/2022\/10\/image-2.png\" alt=\"\" class=\"wp-image-26272\" width=\"593\" height=\"212\" srcset=\"https:\/\/lignesauto.fr\/wp-content\/uploads\/2022\/10\/image-2.png 1024w, https:\/\/lignesauto.fr\/wp-content\/uploads\/2022\/10\/image-2-300x108.png 300w, https:\/\/lignesauto.fr\/wp-content\/uploads\/2022\/10\/image-2-768x275.png 768w\" sizes=\"(max-width: 593px) 100vw, 593px\" \/><\/figure><\/div>","protected":false},"excerpt":{"rendered":"<p>Le cockpit de l\u2019Alpenglow est coiff\u00e9 d\u2019une immense verri\u00e8re en forme de visi\u00e8re de casque. Cette bulle qui permet de bien voir le pilote aux commandes pourrait-elle \u00eatre conserv\u00e9e sur le prototype des 24 Heures du Mans 2024&nbsp;? On en doute, lorsqu\u2019on regarde les Hypercar (et LMDh) actuellement en comp\u00e9tition. [&hellip;]<\/p>\n","protected":false},"author":1,"featured_media":26265,"comment_status":"closed","ping_status":"closed","sticky":false,"template":"","format":"standard","meta":{"footnotes":""},"categories":[1],"tags":[],"_links":{"self":[{"href":"https:\/\/lignesauto.fr\/index.php?rest_route=\/wp\/v2\/posts\/26261"}],"collection":[{"href":"https:\/\/lignesauto.fr\/index.php?rest_route=\/wp\/v2\/posts"}],"about":[{"href":"https:\/\/lignesauto.fr\/index.php?rest_route=\/wp\/v2\/types\/post"}],"author":[{"embeddable":true,"href":"https:\/\/lignesauto.fr\/index.php?rest_route=\/wp\/v2\/users\/1"}],"replies":[{"embeddable":true,"href":"https:\/\/lignesauto.fr\/index.php?rest_route=%2Fwp%2Fv2%2Fcomments&post=26261"}],"version-history":[{"count":11,"href":"https:\/\/lignesauto.fr\/index.php?rest_route=\/wp\/v2\/posts\/26261\/revisions"}],"predecessor-version":[{"id":26420,"href":"https:\/\/lignesauto.fr\/index.php?rest_route=\/wp\/v2\/posts\/26261\/revisions\/26420"}],"wp:featuredmedia":[{"embeddable":true,"href":"https:\/\/lignesauto.fr\/index.php?rest_route=\/wp\/v2\/media\/26265"}],"wp:attachment":[{"href":"https:\/\/lignesauto.fr\/index.php?rest_route=%2Fwp%2Fv2%2Fmedia&parent=26261"}],"wp:term":[{"taxonomy":"category","embeddable":true,"href":"https:\/\/lignesauto.fr\/index.php?rest_route=%2Fwp%2Fv2%2Fcategories&post=26261"},{"taxonomy":"post_tag","embeddable":true,"href":"https:\/\/lignesauto.fr\/index.php?rest_route=%2Fwp%2Fv2%2Ftags&post=26261"}],"curies":[{"name":"wp","href":"https:\/\/api.w.org\/{rel}","templated":true}]}}