{"id":26445,"date":"2022-10-17T09:31:00","date_gmt":"2022-10-17T07:31:00","guid":{"rendered":"http:\/\/lignesauto.fr\/?p=26445"},"modified":"2024-10-17T18:48:20","modified_gmt":"2024-10-17T16:48:20","slug":"cette-fois-citroen-ne-fera-pas-de-proces-a-renault","status":"publish","type":"post","link":"https:\/\/lignesauto.fr\/?p=26445","title":{"rendered":"Le proc\u00e8s Citro\u00ebn &#8211; Renault n&#8217;a pas eu lieu !"},"content":{"rendered":"<div class=\"wp-block-image\">\n<figure class=\"aligncenter size-full is-resized\"><img loading=\"lazy\" decoding=\"async\" width=\"1024\" height=\"367\" src=\"http:\/\/lignesauto.fr\/wp-content\/uploads\/2022\/09\/image-2.png\" alt=\"\" class=\"wp-image-25928\" style=\"width:524px;height:188px\" srcset=\"https:\/\/lignesauto.fr\/wp-content\/uploads\/2022\/09\/image-2.png 1024w, https:\/\/lignesauto.fr\/wp-content\/uploads\/2022\/09\/image-2-300x108.png 300w, https:\/\/lignesauto.fr\/wp-content\/uploads\/2022\/09\/image-2-768x275.png 768w\" sizes=\"(max-width: 1024px) 100vw, 1024px\" \/><\/figure><\/div>\n\n\n<p style=\"font-size:17px\">Il y a plus de soixante ans, Renault pr\u00e9sentait sa R4 qui fit hurler le patron de Citro\u00ebn de l\u2019\u00e9poque, Pierre Bercot. Pour ce dernier, la R4 n\u2019\u00e9tait qu\u2019un plagiait de sa 2CV. Vous lirez plus bas les manuscrits du patron de Citro\u00ebn pr\u00eat \u00e0 intenter un proc\u00e8s contre la R\u00e9gie Renault d\u2019alors&#8230; Aujourd\u2019hui, c\u2019est la paix qui r\u00e8gne entre les deux constructeurs. Gilles Vidal, patron du design Renault, a beau avoir d\u00e9but\u00e9 sa carri\u00e8re chez&#8230; Citro\u00ebn, il peut croiser Pierre Leclercq, patron du design Citro\u00ebn sans d\u00e9vier de sa trajectoire.<\/p>\n\n\n\n<figure class=\"wp-block-image size-large\"><img loading=\"lazy\" decoding=\"async\" width=\"1024\" height=\"529\" src=\"http:\/\/lignesauto.fr\/wp-content\/uploads\/2022\/10\/LIGNESDREYFUSBERCOT-copie-1024x529.png\" alt=\"\" class=\"wp-image-26456\" srcset=\"https:\/\/lignesauto.fr\/wp-content\/uploads\/2022\/10\/LIGNESDREYFUSBERCOT-copie-1024x529.png 1024w, https:\/\/lignesauto.fr\/wp-content\/uploads\/2022\/10\/LIGNESDREYFUSBERCOT-copie-300x155.png 300w, https:\/\/lignesauto.fr\/wp-content\/uploads\/2022\/10\/LIGNESDREYFUSBERCOT-copie-768x397.png 768w, https:\/\/lignesauto.fr\/wp-content\/uploads\/2022\/10\/LIGNESDREYFUSBERCOT-copie.png 1241w\" sizes=\"(max-width: 1024px) 100vw, 1024px\" \/><\/figure>\n\n\n\n<p style=\"font-size:17px\">Dans son livre&nbsp;<em>\u00ab&nbsp;Mes ann\u00e9es aux usines Citro\u00ebn&nbsp;<\/em>\u00bb (document priv\u00e9, &#8220;la pens\u00e9e universelle&#8221;), le patron de Citro\u00ebn de l\u2019apr\u00e8s-guerre, Pierre Bercot, d\u00e9crit la relation d\u00e9testable qu\u2019il a eu avec son homologue de la R\u00e9gie Renault, Pierre Dreyfus. Sur plus d\u2019une vingtaine de pages, il d\u00e9crit son acharnement \u00e0 vouloir faire un proc\u00e8s pour concurrence d\u00e9loyale en affirmant et d\u00e9taillant par \u00e9crit les similitudes entre sa 2CV et la R4 de la R\u00e9gie. Un proc\u00e8s qui n\u2019eut finalement jamais lieu car, comme l\u2019\u00e9crit Pierre Bercot,&nbsp;<em>\u00ab&nbsp;on fit comprendre \u00e0 Citro\u00ebn qu\u2019on ne plaide par contre l\u2019\u00c9tat&nbsp;\u00bb<\/em>&nbsp;!<\/p>\n\n\n\n<figure class=\"wp-block-image size-large\"><img loading=\"lazy\" decoding=\"async\" width=\"748\" height=\"1024\" src=\"http:\/\/lignesauto.fr\/wp-content\/uploads\/2022\/10\/2CV_R4_03-748x1024.png\" alt=\"\" class=\"wp-image-26459\" srcset=\"https:\/\/lignesauto.fr\/wp-content\/uploads\/2022\/10\/2CV_R4_03-748x1024.png 748w, https:\/\/lignesauto.fr\/wp-content\/uploads\/2022\/10\/2CV_R4_03-219x300.png 219w, https:\/\/lignesauto.fr\/wp-content\/uploads\/2022\/10\/2CV_R4_03-768x1051.png 768w, https:\/\/lignesauto.fr\/wp-content\/uploads\/2022\/10\/2CV_R4_03-1122x1536.png 1122w, https:\/\/lignesauto.fr\/wp-content\/uploads\/2022\/10\/2CV_R4_03.png 1417w\" sizes=\"(max-width: 748px) 100vw, 748px\" \/><figcaption class=\"wp-element-caption\">Chacune de ces deux voitures n&#8217;en sont qu&#8217;au stade du prototype. La 2CV TPV de 1939 et la R4 en essais en 1960&#8230;<\/figcaption><\/figure>\n\n\n\n<p style=\"font-size:17px\"><em>\u00ab&nbsp;Un jour de novembre 1958, une r\u00e9union organis\u00e9e par un banquier priv\u00e9 de la place eut lieu chez Michelin, boulevard Pereire. L\u2019initiative avait \u00e9t\u00e9 prise par le Pr\u00e9sident de la R\u00e9gie Renault. \u00c9taient pr\u00e9sents, outre lui-m\u00eame, les g\u00e9rants de Michelin et les repr\u00e9sentants de Citro\u00ebn. (\u2026) Le Pr\u00e9sident de la R\u00e9gie demanda \u00e0 Michelin de lui c\u00e9der la majorit\u00e9 de Citro\u00ebn, se faisant fort avec l\u2019aide de l\u2019\u00c9tat de payer en deux ans. La r\u00e9ponse fut n\u00e9gative, sans discussion et fermement n\u00e9gative. Le demandeur insista (\u2026) et la r\u00e9ponse resta non. Et le Pr\u00e9sident de la R\u00e9gie, au bout de sa patience, se leva en tapant du poing sur la table et conclut ainsi l\u2019entretien&nbsp;: \u00ab&nbsp;C\u2019est bon, j\u2019userai de tous les moyens.&nbsp;\u00bb<\/em><\/p>\n\n\n\n<figure class=\"wp-block-image size-large\"><img loading=\"lazy\" decoding=\"async\" width=\"732\" height=\"1024\" src=\"http:\/\/lignesauto.fr\/wp-content\/uploads\/2022\/10\/2CV_R4_04-732x1024.png\" alt=\"\" class=\"wp-image-26460\" srcset=\"https:\/\/lignesauto.fr\/wp-content\/uploads\/2022\/10\/2CV_R4_04-732x1024.png 732w, https:\/\/lignesauto.fr\/wp-content\/uploads\/2022\/10\/2CV_R4_04-215x300.png 215w, https:\/\/lignesauto.fr\/wp-content\/uploads\/2022\/10\/2CV_R4_04-768x1074.png 768w, https:\/\/lignesauto.fr\/wp-content\/uploads\/2022\/10\/2CV_R4_04-1099x1536.png 1099w, https:\/\/lignesauto.fr\/wp-content\/uploads\/2022\/10\/2CV_R4_04.png 1417w\" sizes=\"(max-width: 732px) 100vw, 732px\" \/><figcaption class=\"wp-element-caption\">L&#8217;armature tubulaire des si\u00e8ges, commune aux deux voitures, a fait s&#8217;\u00e9trangler le patron de Citro\u00ebn en 1961.<\/figcaption><\/figure>\n\n\n\n<p style=\"font-size:17px\"><em>\u00ab&nbsp;Il a \u00e9t\u00e9 dit partout que la R4 \u00e9tait une imitation de la 2CV. (\u2026)<\/em> <em>La liste est longue des \u00e9l\u00e9ments de constitution et de fabrication que Renault copia purement et simplement sur Citro\u00ebn. Renault utilisant ces \u00e9l\u00e9ments sans que les d\u00e9penses engag\u00e9es et les ann\u00e9es d\u2019\u00e9tudes pour aboutir \u00e0 ces r\u00e9sultats aient \u00e9t\u00e9 partag\u00e9es dans la charge que cela constituait pour Citro\u00ebn. (\u2026)&#8221;<\/em><\/p>\n\n\n\n<figure class=\"wp-block-image size-large\"><img loading=\"lazy\" decoding=\"async\" width=\"684\" height=\"1024\" src=\"http:\/\/lignesauto.fr\/wp-content\/uploads\/2022\/10\/2CV_R4_02-684x1024.png\" alt=\"\" class=\"wp-image-26461\" srcset=\"https:\/\/lignesauto.fr\/wp-content\/uploads\/2022\/10\/2CV_R4_02-684x1024.png 684w, https:\/\/lignesauto.fr\/wp-content\/uploads\/2022\/10\/2CV_R4_02-201x300.png 201w, https:\/\/lignesauto.fr\/wp-content\/uploads\/2022\/10\/2CV_R4_02-768x1149.png 768w, https:\/\/lignesauto.fr\/wp-content\/uploads\/2022\/10\/2CV_R4_02-1027x1536.png 1027w, https:\/\/lignesauto.fr\/wp-content\/uploads\/2022\/10\/2CV_R4_02-1369x2048.png 1369w, https:\/\/lignesauto.fr\/wp-content\/uploads\/2022\/10\/2CV_R4_02.png 1417w\" sizes=\"(max-width: 684px) 100vw, 684px\" \/><figcaption class=\"wp-element-caption\">Le fameux levier de changement de vitesses, commun aux deux voitures.<\/figcaption><\/figure>\n\n\n\n<p style=\"font-size:17px\"><em>&#8220;Renault a attendu que l\u2019exp\u00e9rience Citro\u00ebn ait donn\u00e9 ses r\u00e9sultats pour l\u2019adopter purement et simplement et r\u00e9colter le fruit de ses \u00e9tudes. (\u2026) Renault a \u00e9t\u00e9 jusqu\u2019au bout de sa mauvaise action&nbsp;; il a voulu que cette copie se voie&nbsp;: le dessin et la forme des si\u00e8ges de la R4 sont exactement les m\u00eames que ceux de la 2CV&nbsp;; le changement de vitesses est reproduit exactement dans sa forme ext\u00e9rieure sur la R4. (\u2026)&#8221;<\/em><\/p>\n\n\n\n<figure class=\"wp-block-image size-large\"><img loading=\"lazy\" decoding=\"async\" width=\"758\" height=\"1024\" src=\"http:\/\/lignesauto.fr\/wp-content\/uploads\/2022\/10\/2CV_R4_07-758x1024.png\" alt=\"\" class=\"wp-image-26462\" srcset=\"https:\/\/lignesauto.fr\/wp-content\/uploads\/2022\/10\/2CV_R4_07-758x1024.png 758w, https:\/\/lignesauto.fr\/wp-content\/uploads\/2022\/10\/2CV_R4_07-222x300.png 222w, https:\/\/lignesauto.fr\/wp-content\/uploads\/2022\/10\/2CV_R4_07-768x1037.png 768w, https:\/\/lignesauto.fr\/wp-content\/uploads\/2022\/10\/2CV_R4_07-1138x1536.png 1138w, https:\/\/lignesauto.fr\/wp-content\/uploads\/2022\/10\/2CV_R4_07.png 1417w\" sizes=\"(max-width: 758px) 100vw, 758px\" \/><\/figure>\n\n\n\n<p style=\"font-size:18px\"><em>&#8220;Les pr\u00e9sentations publicitaires en prospectus sont elles-m\u00eames identiques (voir ci-dessus). Renault au salon montre une famille prenant un d\u00e9jeuner sur l\u2019herbe, assise sur les banquettes sorties de la voiture\u00a0: c\u2019est bien l\u2019image que Citro\u00ebn avait plus d\u2019une fois pr\u00e9sent\u00e9e elle-m\u00eame \u00e0 la client\u00e8le.&#8221;<\/em><\/p>\n\n\n\n<figure class=\"wp-block-image size-large\"><img loading=\"lazy\" decoding=\"async\" width=\"670\" height=\"1024\" src=\"http:\/\/lignesauto.fr\/wp-content\/uploads\/2022\/10\/2CV_R4_01-1-670x1024.png\" alt=\"\" class=\"wp-image-26468\" srcset=\"https:\/\/lignesauto.fr\/wp-content\/uploads\/2022\/10\/2CV_R4_01-1-670x1024.png 670w, https:\/\/lignesauto.fr\/wp-content\/uploads\/2022\/10\/2CV_R4_01-1-196x300.png 196w, https:\/\/lignesauto.fr\/wp-content\/uploads\/2022\/10\/2CV_R4_01-1-768x1174.png 768w, https:\/\/lignesauto.fr\/wp-content\/uploads\/2022\/10\/2CV_R4_01-1-1005x1536.png 1005w, https:\/\/lignesauto.fr\/wp-content\/uploads\/2022\/10\/2CV_R4_01-1-1340x2048.png 1340w, https:\/\/lignesauto.fr\/wp-content\/uploads\/2022\/10\/2CV_R4_01-1.png 1417w\" sizes=\"(max-width: 670px) 100vw, 670px\" \/><figcaption class=\"wp-element-caption\">Pour ne pas pousser trop loin la copie, les \u0153ufs ont \u00e9t\u00e9 remplac\u00e9s par des pommes chez Renault !<\/figcaption><\/figure>\n\n\n\n<p style=\"font-size:17px\">S\u2019ensuit de la part de Pierre Bercot un long \u00e9change de lettres avec son homologue de la R\u00e9gie. Une premi\u00e8re est adress\u00e9e \u00e0 Billancourt en octobre 1961. Il y est fait mention des \u00e9l\u00e9ments communs entre la 2CV et la R4&nbsp;:&nbsp;<em>\u00ab&nbsp;(\u2026) le bloc avant de la caisse est en tous points identique \u00e0 celui de notre voiture.<\/em> <em>Ces solutions nouvelles ont \u00e9t\u00e9 adopt\u00e9es par la R\u00e9gie qui n\u2019a eu pour les trouver, aucune d\u00e9pense \u00e0 faire.&#8221;<\/em><\/p>\n\n\n\n<figure class=\"wp-block-image size-large\"><img loading=\"lazy\" decoding=\"async\" width=\"602\" height=\"1024\" src=\"http:\/\/lignesauto.fr\/wp-content\/uploads\/2022\/10\/2CV_R4_05-1-602x1024.png\" alt=\"\" class=\"wp-image-26466\" srcset=\"https:\/\/lignesauto.fr\/wp-content\/uploads\/2022\/10\/2CV_R4_05-1-602x1024.png 602w, https:\/\/lignesauto.fr\/wp-content\/uploads\/2022\/10\/2CV_R4_05-1-176x300.png 176w, https:\/\/lignesauto.fr\/wp-content\/uploads\/2022\/10\/2CV_R4_05-1-768x1306.png 768w, https:\/\/lignesauto.fr\/wp-content\/uploads\/2022\/10\/2CV_R4_05-1-903x1536.png 903w, https:\/\/lignesauto.fr\/wp-content\/uploads\/2022\/10\/2CV_R4_05-1-1205x2048.png 1205w, https:\/\/lignesauto.fr\/wp-content\/uploads\/2022\/10\/2CV_R4_05-1.png 1417w\" sizes=\"(max-width: 602px) 100vw, 602px\" \/><figcaption class=\"wp-element-caption\">La R4 n&#8217;a pas \u00e9t\u00e9 la premi\u00e8re traction avant de la R\u00e9gie. L&#8217;Estafette l&#8217;a pr\u00e9c\u00e9d\u00e9e.<\/figcaption><\/figure>\n\n\n\n<p style=\"font-size:17px\"><em>&#8220;Il nous appara\u00eet que la voiture 3-4CV de Renault est une copie, \u00e0 beaucoup d\u2019\u00e9gards, de la 2CV et que la R\u00e9gie Renault<\/em> <em>ne s\u2019est pas conform\u00e9e aux r\u00e8gles de la concurrence loyale.&#8221;<\/em> En 1962, des entrevues entre les repr\u00e9sentants de Citro\u00ebn et le Minist\u00e8re de l\u2019industrie eurent lieu, sans suite probante. <em>\u00ab&nbsp;La R\u00e9gie Renault a profit\u00e9 ind\u00fbment du travail et de l\u2019exp\u00e9rience de la Soci\u00e9t\u00e9 Citro\u00ebn et du renom de ses voitures&nbsp;\u00bb<\/em> Une deuxi\u00e8me puis une troisi\u00e8me lettre (en 1963) furent de nouveau envoy\u00e9es sans plus de succ\u00e8s. Tout ceci a laiss\u00e9 l\u2019affaire pourrir et fit na\u00eetre une \u00e9norme ranc\u0153ur pour Pierre Bercot envers la R\u00e9gie. Ce ne fut finalement pas Renault qui goba Citro\u00ebn, mais&#8230; Peugeot, en 1974.<\/p>\n\n\n\n<figure class=\"wp-block-image size-large\"><img loading=\"lazy\" decoding=\"async\" width=\"699\" height=\"1024\" src=\"http:\/\/lignesauto.fr\/wp-content\/uploads\/2022\/10\/2CV_R4_06-699x1024.png\" alt=\"\" class=\"wp-image-26469\" srcset=\"https:\/\/lignesauto.fr\/wp-content\/uploads\/2022\/10\/2CV_R4_06-699x1024.png 699w, https:\/\/lignesauto.fr\/wp-content\/uploads\/2022\/10\/2CV_R4_06-205x300.png 205w, https:\/\/lignesauto.fr\/wp-content\/uploads\/2022\/10\/2CV_R4_06-768x1126.png 768w, https:\/\/lignesauto.fr\/wp-content\/uploads\/2022\/10\/2CV_R4_06-1048x1536.png 1048w, https:\/\/lignesauto.fr\/wp-content\/uploads\/2022\/10\/2CV_R4_06-1397x2048.png 1397w, https:\/\/lignesauto.fr\/wp-content\/uploads\/2022\/10\/2CV_R4_06.png 1417w\" sizes=\"(max-width: 699px) 100vw, 699px\" \/><\/figure>\n\n\n<div class=\"wp-block-image\">\n<figure class=\"aligncenter size-full is-resized\"><img loading=\"lazy\" decoding=\"async\" width=\"1024\" height=\"367\" src=\"http:\/\/lignesauto.fr\/wp-content\/uploads\/2022\/09\/image-2.png\" alt=\"\" class=\"wp-image-25928\" style=\"width:589px;height:211px\" srcset=\"https:\/\/lignesauto.fr\/wp-content\/uploads\/2022\/09\/image-2.png 1024w, https:\/\/lignesauto.fr\/wp-content\/uploads\/2022\/09\/image-2-300x108.png 300w, https:\/\/lignesauto.fr\/wp-content\/uploads\/2022\/09\/image-2-768x275.png 768w\" sizes=\"(max-width: 1024px) 100vw, 1024px\" \/><\/figure><\/div>","protected":false},"excerpt":{"rendered":"<p>Il y a plus de soixante ans, Renault pr\u00e9sentait sa R4 qui fit hurler le patron de Citro\u00ebn de l\u2019\u00e9poque, Pierre Bercot. Pour ce dernier, la R4 n\u2019\u00e9tait qu\u2019un plagiait de sa 2CV. Vous lirez plus bas les manuscrits du patron de Citro\u00ebn pr\u00eat \u00e0 intenter un proc\u00e8s contre la [&hellip;]<\/p>\n","protected":false},"author":1,"featured_media":35757,"comment_status":"closed","ping_status":"closed","sticky":false,"template":"","format":"standard","meta":{"footnotes":""},"categories":[1],"tags":[],"_links":{"self":[{"href":"https:\/\/lignesauto.fr\/index.php?rest_route=\/wp\/v2\/posts\/26445"}],"collection":[{"href":"https:\/\/lignesauto.fr\/index.php?rest_route=\/wp\/v2\/posts"}],"about":[{"href":"https:\/\/lignesauto.fr\/index.php?rest_route=\/wp\/v2\/types\/post"}],"author":[{"embeddable":true,"href":"https:\/\/lignesauto.fr\/index.php?rest_route=\/wp\/v2\/users\/1"}],"replies":[{"embeddable":true,"href":"https:\/\/lignesauto.fr\/index.php?rest_route=%2Fwp%2Fv2%2Fcomments&post=26445"}],"version-history":[{"count":18,"href":"https:\/\/lignesauto.fr\/index.php?rest_route=\/wp\/v2\/posts\/26445\/revisions"}],"predecessor-version":[{"id":35750,"href":"https:\/\/lignesauto.fr\/index.php?rest_route=\/wp\/v2\/posts\/26445\/revisions\/35750"}],"wp:featuredmedia":[{"embeddable":true,"href":"https:\/\/lignesauto.fr\/index.php?rest_route=\/wp\/v2\/media\/35757"}],"wp:attachment":[{"href":"https:\/\/lignesauto.fr\/index.php?rest_route=%2Fwp%2Fv2%2Fmedia&parent=26445"}],"wp:term":[{"taxonomy":"category","embeddable":true,"href":"https:\/\/lignesauto.fr\/index.php?rest_route=%2Fwp%2Fv2%2Fcategories&post=26445"},{"taxonomy":"post_tag","embeddable":true,"href":"https:\/\/lignesauto.fr\/index.php?rest_route=%2Fwp%2Fv2%2Ftags&post=26445"}],"curies":[{"name":"wp","href":"https:\/\/api.w.org\/{rel}","templated":true}]}}