{"id":26495,"date":"2022-10-17T09:33:00","date_gmt":"2022-10-17T07:33:00","guid":{"rendered":"http:\/\/lignesauto.fr\/?p=26495"},"modified":"2022-10-15T19:50:15","modified_gmt":"2022-10-15T17:50:15","slug":"design-gilles-vidal-vous-devoile-la-renault-4ever-trophy","status":"publish","type":"post","link":"https:\/\/lignesauto.fr\/?p=26495","title":{"rendered":"DESIGN : Gilles Vidal d\u00e9voile la Renault 4EVER Trophy"},"content":{"rendered":"<div class=\"wp-block-image\">\n<figure class=\"aligncenter size-full is-resized\"><img loading=\"lazy\" decoding=\"async\" src=\"http:\/\/lignesauto.fr\/wp-content\/uploads\/2022\/10\/image-3.png\" alt=\"\" class=\"wp-image-26313\" width=\"571\" height=\"205\" srcset=\"https:\/\/lignesauto.fr\/wp-content\/uploads\/2022\/10\/image-3.png 1024w, https:\/\/lignesauto.fr\/wp-content\/uploads\/2022\/10\/image-3-300x108.png 300w, https:\/\/lignesauto.fr\/wp-content\/uploads\/2022\/10\/image-3-768x275.png 768w\" sizes=\"(max-width: 571px) 100vw, 571px\" \/><\/figure><\/div>\n\n\n<figure class=\"wp-block-image size-large\"><img loading=\"lazy\" decoding=\"async\" width=\"1024\" height=\"602\" src=\"http:\/\/lignesauto.fr\/wp-content\/uploads\/2022\/10\/LIGNES_R4_21-1024x602.png\" alt=\"\" class=\"wp-image-26504\" srcset=\"https:\/\/lignesauto.fr\/wp-content\/uploads\/2022\/10\/LIGNES_R4_21-1024x602.png 1024w, https:\/\/lignesauto.fr\/wp-content\/uploads\/2022\/10\/LIGNES_R4_21-300x176.png 300w, https:\/\/lignesauto.fr\/wp-content\/uploads\/2022\/10\/LIGNES_R4_21-768x451.png 768w, https:\/\/lignesauto.fr\/wp-content\/uploads\/2022\/10\/LIGNES_R4_21.png 1417w\" sizes=\"(max-width: 1024px) 100vw, 1024px\" \/><\/figure>\n\n\n\n<p style=\"font-size:17px\">Lorsque Gilles Vidal a quitt\u00e9 Peugeot pour Renault (voici plus de deux ans&#8230;) nous lui avions demand\u00e9 si c\u2019\u00e9tait la crise de la cinquantaine qui l\u2019avait pouss\u00e9 \u00e0 prendre cette d\u00e9cision. L\u2019embl\u00e8me Renault pas encore sec sur sa veste de costume, il nous avait r\u00e9pondu que non, \u00ab <em>car aller vers une autre marque o\u00f9 l\u2019on va d\u00e9couvrir une nouvelle identit\u00e9, une nouvelle philosophie, un nouvel ADN et puis inventer la suite, \u00e0 un moment o\u00f9 Renault change de paradigme, c\u2019est tr\u00e8s int\u00e9ressant.<\/em>&nbsp;\u00bb<\/p>\n\n\n\n<figure class=\"wp-block-image size-large\"><img loading=\"lazy\" decoding=\"async\" width=\"1024\" height=\"725\" src=\"http:\/\/lignesauto.fr\/wp-content\/uploads\/2022\/05\/Capture-de\u0301cran-2022-05-16-a\u0300-18.36.37-1024x725.png\" alt=\"\" class=\"wp-image-25114\" srcset=\"https:\/\/lignesauto.fr\/wp-content\/uploads\/2022\/05\/Capture-de\u0301cran-2022-05-16-a\u0300-18.36.37-1024x725.png 1024w, https:\/\/lignesauto.fr\/wp-content\/uploads\/2022\/05\/Capture-de\u0301cran-2022-05-16-a\u0300-18.36.37-300x212.png 300w, https:\/\/lignesauto.fr\/wp-content\/uploads\/2022\/05\/Capture-de\u0301cran-2022-05-16-a\u0300-18.36.37-768x544.png 768w, https:\/\/lignesauto.fr\/wp-content\/uploads\/2022\/05\/Capture-de\u0301cran-2022-05-16-a\u0300-18.36.37.png 1417w\" sizes=\"(max-width: 1024px) 100vw, 1024px\" \/><\/figure>\n\n\n\n<p style=\"font-size:17px\">Deux ans se sont pass\u00e9s depuis ces paroles. Apr\u00e8s le concept-car de la prochaine Renault 5 \u00e9lectrique qui a troqu\u00e9 l\u2019orange Andalou de l\u2019originale pour un jaune p\u00e9tillant, apr\u00e8s le futur Renault Sc\u00e9nic (concept Sc\u00e9nic Vision ci-dessus) qui plonge sa caisse dans l\u2019encre noire et son habitacle dans un blanc ivoirin, \u00ab&nbsp;<em>voici venu le temps des rires et des chants<\/em>&nbsp;\u00bb pourrait chanter l\u2019orange Casimir. Car avec le concept 4Ever Trophy, \u00ab&nbsp;<em>c\u2019est tous les jours le printemps.<\/em>&nbsp;\u00bb<\/p>\n\n\n\n<figure class=\"wp-block-image size-large\"><img loading=\"lazy\" decoding=\"async\" width=\"1024\" height=\"679\" src=\"http:\/\/lignesauto.fr\/wp-content\/uploads\/2022\/10\/LIGNES_R4_17-1024x679.png\" alt=\"\" class=\"wp-image-26540\" srcset=\"https:\/\/lignesauto.fr\/wp-content\/uploads\/2022\/10\/LIGNES_R4_17-1024x679.png 1024w, https:\/\/lignesauto.fr\/wp-content\/uploads\/2022\/10\/LIGNES_R4_17-300x199.png 300w, https:\/\/lignesauto.fr\/wp-content\/uploads\/2022\/10\/LIGNES_R4_17-768x509.png 768w, https:\/\/lignesauto.fr\/wp-content\/uploads\/2022\/10\/LIGNES_R4_17.png 1417w\" sizes=\"(max-width: 1024px) 100vw, 1024px\" \/><\/figure>\n\n\n\n<p style=\"font-size:17px\">Dommage qu\u2019il s\u2019habille d\u2019un gris bien \u00e9loign\u00e9 des R4 Safari de 1975, Jogging de 1981, voire tout simplement de l&#8217;orange d&#8217;une R4 de 1968 (ci-dessous) avec sa nouvelle calandre qui a inspir\u00e9 celle du concept-car. Car, oui, le concept-car 4Ever Trophy annonce la future R4 \u00e9lectrique qui sera commercialis\u00e9e en 2025, un an apr\u00e8s la R5.<\/p>\n\n\n\n<figure class=\"wp-block-image size-large\"><img loading=\"lazy\" decoding=\"async\" width=\"1024\" height=\"811\" src=\"http:\/\/lignesauto.fr\/wp-content\/uploads\/2022\/10\/1974-Renault-4-1024x811.jpg\" alt=\"\" class=\"wp-image-26507\" srcset=\"https:\/\/lignesauto.fr\/wp-content\/uploads\/2022\/10\/1974-Renault-4-1024x811.jpg 1024w, https:\/\/lignesauto.fr\/wp-content\/uploads\/2022\/10\/1974-Renault-4-300x238.jpg 300w, https:\/\/lignesauto.fr\/wp-content\/uploads\/2022\/10\/1974-Renault-4-768x608.jpg 768w, https:\/\/lignesauto.fr\/wp-content\/uploads\/2022\/10\/1974-Renault-4.jpg 1417w\" sizes=\"(max-width: 1024px) 100vw, 1024px\" \/><\/figure>\n\n\n\n<p style=\"font-size:17px\">Pour nous convaincre, Gilles Vidal nous explique qu\u2019il faut garder en t\u00eate toutes les parties de la carrosserie en gris clair, gommer l\u2019\u00e9norme semelle du concept Trophy, et vous avez devant les yeux la R4 de s\u00e9rie qui viendra \u00e9pauler sa cousine thermique Captur sur le march\u00e9. Et la R5 viendra en faire de m\u00eame avec la Clio thermique, tout en rempla\u00e7ant \u00e0 terme la Zo\u00e9.<\/p>\n\n\n\n<figure class=\"wp-block-image size-large\"><img loading=\"lazy\" decoding=\"async\" width=\"1024\" height=\"629\" src=\"http:\/\/lignesauto.fr\/wp-content\/uploads\/2022\/10\/LIGNES_R4_02-1024x629.png\" alt=\"\" class=\"wp-image-26509\" srcset=\"https:\/\/lignesauto.fr\/wp-content\/uploads\/2022\/10\/LIGNES_R4_02-1024x629.png 1024w, https:\/\/lignesauto.fr\/wp-content\/uploads\/2022\/10\/LIGNES_R4_02-300x184.png 300w, https:\/\/lignesauto.fr\/wp-content\/uploads\/2022\/10\/LIGNES_R4_02-768x472.png 768w, https:\/\/lignesauto.fr\/wp-content\/uploads\/2022\/10\/LIGNES_R4_02.png 1417w\" sizes=\"(max-width: 1024px) 100vw, 1024px\" \/><\/figure>\n\n\n\n<p style=\"font-size:17px\">\u00ab&nbsp;Ce qui est int\u00e9ressant avec la Renault 4 \u00bb nous dit Gilles Vidal, \u00ab&nbsp;c\u2019est que c\u2019est une voiture assez universelle, avec 8 millions d\u2019exemplaires vendus (8.135.424 exemplaires de berlines et fourgonnettes jusqu\u2019en 1992), elle a \u00e9t\u00e9 commercialis\u00e9e dans une centaine de pays mais elle a \u00e9t\u00e9 pr\u00e9sente partout dans le monde, sans exception. Elle a accompagn\u00e9 toutes les cultures dans tous les pays, elle a transport\u00e9 des bottes de foin dans les fermes et campagnes les plus recul\u00e9es, mais elle a aussi transport\u00e9 des familles, a aussi servi de support \u00e0 des photos de mode avec de c\u00e9l\u00e8bres actrices pour les magazines Vogue ou Elle.&nbsp;\u00bb Ci-dessous.<\/p>\n\n\n\n<figure class=\"wp-block-image size-large\"><img loading=\"lazy\" decoding=\"async\" width=\"1024\" height=\"760\" src=\"http:\/\/lignesauto.fr\/wp-content\/uploads\/2022\/10\/LIGNES_R4_01-1024x760.jpg\" alt=\"\" class=\"wp-image-26511\" srcset=\"https:\/\/lignesauto.fr\/wp-content\/uploads\/2022\/10\/LIGNES_R4_01-1024x760.jpg 1024w, https:\/\/lignesauto.fr\/wp-content\/uploads\/2022\/10\/LIGNES_R4_01-300x223.jpg 300w, https:\/\/lignesauto.fr\/wp-content\/uploads\/2022\/10\/LIGNES_R4_01-768x570.jpg 768w, https:\/\/lignesauto.fr\/wp-content\/uploads\/2022\/10\/LIGNES_R4_01.jpg 1417w\" sizes=\"(max-width: 1024px) 100vw, 1024px\" \/><\/figure>\n\n\n\n<p style=\"font-size:17px\">\u00ab&nbsp;A l\u2019origine, elle reste donc un engin simple, passe-partout et assez baroudeur. C\u2019\u00e9tait finalement un objet design en termes de fonctionnalit\u00e9s. C\u00f4t\u00e9 esth\u00e9tique, le projet de la 4Ever est bien s\u00fbr plus compliqu\u00e9 que celui de la R5 dont la silhouette est adorable, appropriable imm\u00e9diatement. Mais c\u2019est bien pour une \u00e9quipe de designers, c\u2019est un beau challenge&nbsp;!&nbsp;\u00bb<\/p>\n\n\n\n<figure class=\"wp-block-image size-large\"><img loading=\"lazy\" decoding=\"async\" width=\"1024\" height=\"769\" src=\"http:\/\/lignesauto.fr\/wp-content\/uploads\/2022\/10\/LIGNES_R4_07-1024x769.png\" alt=\"\" class=\"wp-image-26553\" srcset=\"https:\/\/lignesauto.fr\/wp-content\/uploads\/2022\/10\/LIGNES_R4_07-1024x769.png 1024w, https:\/\/lignesauto.fr\/wp-content\/uploads\/2022\/10\/LIGNES_R4_07-300x225.png 300w, https:\/\/lignesauto.fr\/wp-content\/uploads\/2022\/10\/LIGNES_R4_07-768x577.png 768w, https:\/\/lignesauto.fr\/wp-content\/uploads\/2022\/10\/LIGNES_R4_07.png 1417w\" sizes=\"(max-width: 1024px) 100vw, 1024px\" \/><\/figure>\n\n\n\n<p style=\"font-size:17px\">\u00ab&nbsp;On a travaill\u00e9 comme pour la R5 et on s\u2019est demand\u00e9 ce que l\u2019on active comme \u00e9l\u00e9ments de reconnaissance sans op\u00e9rer un copier-coller, et faire en sorte que m\u00eame des jeunes soient attir\u00e9s sans conna\u00eetre le mod\u00e8le original. Ces codes passent par la g\u00e9lule oblongue qui int\u00e8gre les phares et le logo, avec un mouvement sous les yeux. Les phares ronds de la R4 des ann\u00e9es 60\u2019 sont tronqu\u00e9s pour conf\u00e9rer un regard plus assertif.&nbsp;\u00bb<\/p>\n\n\n\n<figure class=\"wp-block-image size-large\"><img loading=\"lazy\" decoding=\"async\" width=\"1024\" height=\"844\" src=\"http:\/\/lignesauto.fr\/wp-content\/uploads\/2022\/10\/LIGNES_R4_14-1024x844.png\" alt=\"\" class=\"wp-image-26514\" srcset=\"https:\/\/lignesauto.fr\/wp-content\/uploads\/2022\/10\/LIGNES_R4_14-1024x844.png 1024w, https:\/\/lignesauto.fr\/wp-content\/uploads\/2022\/10\/LIGNES_R4_14-300x247.png 300w, https:\/\/lignesauto.fr\/wp-content\/uploads\/2022\/10\/LIGNES_R4_14-768x633.png 768w, https:\/\/lignesauto.fr\/wp-content\/uploads\/2022\/10\/LIGNES_R4_14.png 1417w\" sizes=\"(max-width: 1024px) 100vw, 1024px\" \/><\/figure>\n\n\n\n<p style=\"font-size:17px\">\u00ab&nbsp;Autre code important, la 3<sup>e<\/sup> vitre lat\u00e9rale fixe, implant\u00e9e juste au-dessus de la roue arri\u00e8re, un \u00e9l\u00e9ment graphique typique de la R4 ainsi que ses feux AR feux verticaux. \u00c9videmment, leur trait\u00e9 est diff\u00e9rent avec ce soin apport\u00e9 aux model\u00e9s, la t\u00f4le qui les affleure et donne un c\u00f4t\u00e9 tr\u00e8s High-Tech dans l\u2019ex\u00e9cution des formes.&nbsp;\u00bb<\/p>\n\n\n\n<figure class=\"wp-block-image size-large\"><img loading=\"lazy\" decoding=\"async\" width=\"1024\" height=\"710\" src=\"http:\/\/lignesauto.fr\/wp-content\/uploads\/2022\/10\/LIGNES_R4_15-1024x710.png\" alt=\"\" class=\"wp-image-26515\" srcset=\"https:\/\/lignesauto.fr\/wp-content\/uploads\/2022\/10\/LIGNES_R4_15-1024x710.png 1024w, https:\/\/lignesauto.fr\/wp-content\/uploads\/2022\/10\/LIGNES_R4_15-300x208.png 300w, https:\/\/lignesauto.fr\/wp-content\/uploads\/2022\/10\/LIGNES_R4_15-768x533.png 768w, https:\/\/lignesauto.fr\/wp-content\/uploads\/2022\/10\/LIGNES_R4_15.png 1417w\" sizes=\"(max-width: 1024px) 100vw, 1024px\" \/><\/figure>\n\n\n\n<p style=\"font-size:17px\">\u00ab&nbsp;La Renault 4 avait des protections con\u00e7ues avec des tubes form\u00e9s aux extr\u00e9mit\u00e9s des pare-chocs. On les a repens\u00e9s en \u00e9l\u00e9ments int\u00e9gr\u00e9s au bouclier qui n\u2019ont rien \u00e0 voir avec leurs anc\u00eatres dans leur forme, mais qui ont la m\u00eame fonction. Et puis nous n\u2019avons pas sacrifi\u00e9 la fonctionnalit\u00e9 au titre de l\u2019esth\u00e9tique. On compose pour pouvoir tomber amoureux au premier coup d\u2019\u0153il tout en conservant les prestations et fonctions de la R4. Vous verrez sur le mod\u00e8le de s\u00e9rie que l\u2019on a beaucoup travaill\u00e9 sur l\u2019entr\u00e9e de coffre, pas encore visible sur ce concept Trophy.&nbsp;\u00bb<\/p>\n\n\n\n<figure class=\"wp-block-image size-large\"><img loading=\"lazy\" decoding=\"async\" width=\"683\" height=\"1024\" src=\"http:\/\/lignesauto.fr\/wp-content\/uploads\/2022\/10\/LIGNES_R4_19-683x1024.png\" alt=\"\" class=\"wp-image-26516\" srcset=\"https:\/\/lignesauto.fr\/wp-content\/uploads\/2022\/10\/LIGNES_R4_19-683x1024.png 683w, https:\/\/lignesauto.fr\/wp-content\/uploads\/2022\/10\/LIGNES_R4_19-200x300.png 200w, https:\/\/lignesauto.fr\/wp-content\/uploads\/2022\/10\/LIGNES_R4_19-768x1152.png 768w, https:\/\/lignesauto.fr\/wp-content\/uploads\/2022\/10\/LIGNES_R4_19-1024x1536.png 1024w, https:\/\/lignesauto.fr\/wp-content\/uploads\/2022\/10\/LIGNES_R4_19-1365x2048.png 1365w, https:\/\/lignesauto.fr\/wp-content\/uploads\/2022\/10\/LIGNES_R4_19.png 1417w\" sizes=\"(max-width: 683px) 100vw, 683px\" \/><\/figure>\n\n\n\n<p style=\"font-size:17px\">\u00ab\u00a0A bord, on a travaill\u00e9 le volume et l\u2019habitabilit\u00e9 sans oublier la modularit\u00e9 et l\u2019accessibilit\u00e9 qui sont des \u00e9l\u00e9ments importants dans ce projet R4. On va chercher \u00e0 \u00eatre cr\u00e9atif dans les d\u00e9tails pour apporter du soin dans toutes les zones de la voiture, y compris dans des zones ext\u00e9rieures souvent n\u00e9glig\u00e9es, comme les protections des ailes qui sont exag\u00e9r\u00e9es bien s\u00fbr sur le concept Trophy.\u00a0\u00bb.<\/p>\n\n\n\n<p style=\"font-size:18px\"><strong>Vous aimez le design et les archives ? Jetez un \u0153il sur nos publications ici : <a href=\"https:\/\/lignesautoeditions.fr\">https:\/\/lignesautoeditions.fr<\/a><\/strong><\/p>\n\n\n\n<figure class=\"wp-block-image size-large\"><img loading=\"lazy\" decoding=\"async\" width=\"1024\" height=\"733\" src=\"http:\/\/lignesauto.fr\/wp-content\/uploads\/2022\/10\/LIGNES_R4_04-1024x733.png\" alt=\"\" class=\"wp-image-26517\" srcset=\"https:\/\/lignesauto.fr\/wp-content\/uploads\/2022\/10\/LIGNES_R4_04-1024x733.png 1024w, https:\/\/lignesauto.fr\/wp-content\/uploads\/2022\/10\/LIGNES_R4_04-300x215.png 300w, https:\/\/lignesauto.fr\/wp-content\/uploads\/2022\/10\/LIGNES_R4_04-768x550.png 768w, https:\/\/lignesauto.fr\/wp-content\/uploads\/2022\/10\/LIGNES_R4_04.png 1417w\" sizes=\"(max-width: 1024px) 100vw, 1024px\" \/><\/figure>\n\n\n\n<p class=\"has-text-align-center\" style=\"font-size:18px\"><strong>&#8220;R\u00e9activer les \u00e9l\u00e9ments de reconnaissance&#8221; : l&#8217;explication par la photo.<\/strong><\/p>\n\n\n\n<p style=\"font-size:17px\">En quelques mots et des photos, voici comment l&#8217;\u00e9quipe de design  a r\u00e9interpr\u00e9t\u00e9 les codes de l&#8217;ADN de la Renault 4 des ann\u00e9es 1960 pour la future R4 de 2025. Ci-dessous, on per\u00e7oit tr\u00e8s nettement cette ligne qui vient du flanc de la voiture et qui plonge de l&#8217;aile sur le bouclier. Cette courbe est directement emprunt\u00e9e \u00e0 la voiture originelle.<\/p>\n\n\n\n<figure class=\"wp-block-image size-large\"><img loading=\"lazy\" decoding=\"async\" width=\"1024\" height=\"669\" src=\"http:\/\/lignesauto.fr\/wp-content\/uploads\/2022\/10\/COMPARO_01-2-1024x669.png\" alt=\"\" class=\"wp-image-26521\" srcset=\"https:\/\/lignesauto.fr\/wp-content\/uploads\/2022\/10\/COMPARO_01-2-1024x669.png 1024w, https:\/\/lignesauto.fr\/wp-content\/uploads\/2022\/10\/COMPARO_01-2-300x196.png 300w, https:\/\/lignesauto.fr\/wp-content\/uploads\/2022\/10\/COMPARO_01-2-768x502.png 768w, https:\/\/lignesauto.fr\/wp-content\/uploads\/2022\/10\/COMPARO_01-2.png 1417w\" sizes=\"(max-width: 1024px) 100vw, 1024px\" \/><\/figure>\n\n\n\n<p style=\"font-size:17px\">Le choix de la calandre de r\u00e9f\u00e9rence s&#8217;est port\u00e9 sur celle de l&#8217;ann\u00e9e mod\u00e8le 1968 (ci-dessous), apparue en septembre 1967 sur la R4. Les designers ont tent\u00e9 d&#8217;y implanter pour 2025 des phares ronds, mais l&#8217;\u00e9quilibre n&#8217;y \u00e9tait pas. Les optiques ont donc \u00e9t\u00e9 tronqu\u00e9es et sont \u00e9videmment bien plus technologiques (!) alors qu&#8217;un mouvement d&#8217;ondulation a \u00e9t\u00e9 ajout\u00e9 sur la ligne inf\u00e9rieure de la calandre pour donner plus de dynamisme.<\/p>\n\n\n\n<figure class=\"wp-block-image size-large\"><img loading=\"lazy\" decoding=\"async\" width=\"1024\" height=\"989\" src=\"http:\/\/lignesauto.fr\/wp-content\/uploads\/2022\/10\/COMPARO_02-1024x989.png\" alt=\"\" class=\"wp-image-26522\" srcset=\"https:\/\/lignesauto.fr\/wp-content\/uploads\/2022\/10\/COMPARO_02-1024x989.png 1024w, https:\/\/lignesauto.fr\/wp-content\/uploads\/2022\/10\/COMPARO_02-300x290.png 300w, https:\/\/lignesauto.fr\/wp-content\/uploads\/2022\/10\/COMPARO_02-768x741.png 768w, https:\/\/lignesauto.fr\/wp-content\/uploads\/2022\/10\/COMPARO_02.png 1417w\" sizes=\"(max-width: 1024px) 100vw, 1024px\" \/><\/figure>\n\n\n\n<p style=\"font-size:17px\">La R4 de 1961 se caract\u00e9risait par sa troisi\u00e8me vitre lat\u00e9rale de forme triangulaire et implant\u00e9e juste au dessus de la roue arri\u00e8re. Un principe qui a \u00e9t\u00e9 calqu\u00e9 par la R4 de 2025. Le cerclage lumineux ne sera \u00e9videmment pas retenu sur le mod\u00e8le de s\u00e9rie.<\/p>\n\n\n\n<figure class=\"wp-block-image size-large\"><img loading=\"lazy\" decoding=\"async\" width=\"1024\" height=\"800\" src=\"http:\/\/lignesauto.fr\/wp-content\/uploads\/2022\/10\/COMPARO_03-1024x800.png\" alt=\"\" class=\"wp-image-26524\" srcset=\"https:\/\/lignesauto.fr\/wp-content\/uploads\/2022\/10\/COMPARO_03-1024x800.png 1024w, https:\/\/lignesauto.fr\/wp-content\/uploads\/2022\/10\/COMPARO_03-300x234.png 300w, https:\/\/lignesauto.fr\/wp-content\/uploads\/2022\/10\/COMPARO_03-768x600.png 768w, https:\/\/lignesauto.fr\/wp-content\/uploads\/2022\/10\/COMPARO_03.png 1417w\" sizes=\"(max-width: 1024px) 100vw, 1024px\" \/><\/figure>\n\n\n\n<p style=\"font-size:17px\">\u00c9l\u00e9ment totalement structurant du style de la voiture des ann\u00e9es 1960 : la ligne qui ceinture le pourtour de la R4 (ci-dessous) a \u00e9t\u00e9 r\u00e9interpr\u00e9t\u00e9e de fa\u00e7on magistrale sur le mod\u00e8le de 2025. Le coffre n&#8217;a pas encore \u00e9t\u00e9 d\u00e9limit\u00e9 sur le concept mais son ouverture et la modularit\u00e9 int\u00e9rieure ont \u00e9t\u00e9 peaufin\u00e9es pour am\u00e9liorer les prestations qu&#8217;on attend de ce futur Crossover \u00e0 tout faire.<\/p>\n\n\n\n<figure class=\"wp-block-image size-large\"><img loading=\"lazy\" decoding=\"async\" width=\"1024\" height=\"893\" src=\"http:\/\/lignesauto.fr\/wp-content\/uploads\/2022\/10\/COMPARO_04-1024x893.png\" alt=\"\" class=\"wp-image-26526\" srcset=\"https:\/\/lignesauto.fr\/wp-content\/uploads\/2022\/10\/COMPARO_04-1024x893.png 1024w, https:\/\/lignesauto.fr\/wp-content\/uploads\/2022\/10\/COMPARO_04-300x262.png 300w, https:\/\/lignesauto.fr\/wp-content\/uploads\/2022\/10\/COMPARO_04-768x670.png 768w, https:\/\/lignesauto.fr\/wp-content\/uploads\/2022\/10\/COMPARO_04.png 1417w\" sizes=\"(max-width: 1024px) 100vw, 1024px\" \/><\/figure>\n\n\n\n<p style=\"font-size:17px\">Dernier \u00e9l\u00e9ment distinctif \u00e0 l&#8217;ext\u00e9rieur, le feu vertical de la R4 de 1961 avec des trois plots lumineux a \u00e9t\u00e9 conserv\u00e9 avec l\u00e0 encore une technologie du moment. L&#8217;implantation du nouveau feu &#8211; dont le design est proche de celui de la s\u00e9rie &#8211; est r\u00e9alis\u00e9e de mani\u00e8re tr\u00e8s affleurante et soign\u00e9e au niveau des galbes de raccordement.<\/p>\n\n\n\n<figure class=\"wp-block-image size-large\"><img loading=\"lazy\" decoding=\"async\" width=\"1024\" height=\"879\" src=\"http:\/\/lignesauto.fr\/wp-content\/uploads\/2022\/10\/COMPARO_05-1024x879.png\" alt=\"\" class=\"wp-image-26525\" srcset=\"https:\/\/lignesauto.fr\/wp-content\/uploads\/2022\/10\/COMPARO_05-1024x879.png 1024w, https:\/\/lignesauto.fr\/wp-content\/uploads\/2022\/10\/COMPARO_05-300x258.png 300w, https:\/\/lignesauto.fr\/wp-content\/uploads\/2022\/10\/COMPARO_05-768x660.png 768w, https:\/\/lignesauto.fr\/wp-content\/uploads\/2022\/10\/COMPARO_05.png 1417w\" sizes=\"(max-width: 1024px) 100vw, 1024px\" \/><\/figure>\n\n\n\n<p class=\"has-text-align-center\" style=\"font-size:19px\"><strong>LE D\u00c9FI DE LIGNES\/auto LANC\u00c9 A GILLES VIDAL<\/strong><\/p>\n\n\n\n<p style=\"font-size:17px\">Puisque le but est de r\u00e9activer les \u00e9l\u00e9ments de reconnaissance de la Renault 4 originelle dans le futur SUV \u00e9lectrique du segment \u00ab&nbsp;B&nbsp;\u00bb, nous mettons au d\u00e9fi Renault et les designers int\u00e9rieur de la 4EVER de 2025 d\u2019implanter \u00ab&nbsp;<em>quelque chose<\/em>&nbsp;\u00bb \u00e0 bord qui rappelle le levier de vitesse embl\u00e9matique de la \u00ab&nbsp;4L&nbsp;\u00bb.<\/p>\n\n\n\n<figure class=\"wp-block-image size-large\"><img loading=\"lazy\" decoding=\"async\" width=\"1017\" height=\"1024\" src=\"http:\/\/lignesauto.fr\/wp-content\/uploads\/2022\/10\/LIGNES_R4_32-1017x1024.jpg\" alt=\"\" class=\"wp-image-26518\" srcset=\"https:\/\/lignesauto.fr\/wp-content\/uploads\/2022\/10\/LIGNES_R4_32-1017x1024.jpg 1017w, https:\/\/lignesauto.fr\/wp-content\/uploads\/2022\/10\/LIGNES_R4_32-298x300.jpg 298w, https:\/\/lignesauto.fr\/wp-content\/uploads\/2022\/10\/LIGNES_R4_32-150x150.jpg 150w, https:\/\/lignesauto.fr\/wp-content\/uploads\/2022\/10\/LIGNES_R4_32-768x773.jpg 768w, https:\/\/lignesauto.fr\/wp-content\/uploads\/2022\/10\/LIGNES_R4_32.jpg 1417w\" sizes=\"(max-width: 1017px) 100vw, 1017px\" \/><\/figure>\n\n\n\n<p style=\"font-size:17px\">A l\u2019\u00e9poque, ce d\u00e9tail s\u2019ajoutait \u00e0 d\u2019autres qui avaient  pouss\u00e9 le patron de Citro\u00ebn (Pierre Bercot) \u00e0 vouloir intenter un proc\u00e8s \u00e0 Renault pour plagiat (lire notre article &#8220;Cette fois Citro\u00ebn ne fera pas de proc\u00e8s \u00e0 Renault&#8221; sur ce site). <strong>Alors, que faire d\u2019un levier de changement de rapport de bo\u00eete de vitesses, lorsqu\u2019il n\u2019y a plus de bo\u00eete de vitesses&nbsp;?<\/strong> Vous avez (presque) trois ans pour trouver.<\/p>\n\n\n\n<p style=\"font-size:17px\"><strong>Mais comme LIGNES\/auto est sympa, voici nos propres id\u00e9es pour transformer ce levier en&nbsp;:<\/strong><br>&#8211; commande manuelle des essuie-glaces, comme sur les premi\u00e8res 2CV<br>&#8211; ouverture int\u00e9rieure de la trappe de recharge ext\u00e9rieure<br>&#8211; porte sac \u00e0 main<br>&#8211; commande de mise en marche \u00ab&nbsp;<em>Start your engine<\/em>&nbsp;\u00bb avec poign\u00e9e translucide qui vire du rouge au bleu \u00e9lectrique.<br>&#8211; commande du si\u00e8ge \u00e9jectable passager, uniquement fonctionnelle lorsque Belle Maman s\u2019assoit \u00e0 bord (<em>qui aime bien ch\u00e2tie bien..<\/em>.)<br>&#8211; commande de bascule de la planche de bord qui laisse alors appara\u00eetre un \u00e9cran g\u00e9ant pour la future 4EVER de d\u00e9l\u00e9gation de conduite niveau 4<br><strong>Vous voyez, ce n\u2019est quand m\u00eame pas tr\u00e8s compliqu\u00e9. A vous de jouer&nbsp;<\/strong> !<\/p>\n\n\n\n<figure class=\"wp-block-image size-large\"><img loading=\"lazy\" decoding=\"async\" width=\"985\" height=\"1024\" src=\"http:\/\/lignesauto.fr\/wp-content\/uploads\/2022\/10\/LIGNES_R4_31-985x1024.png\" alt=\"\" class=\"wp-image-26545\" srcset=\"https:\/\/lignesauto.fr\/wp-content\/uploads\/2022\/10\/LIGNES_R4_31-985x1024.png 985w, https:\/\/lignesauto.fr\/wp-content\/uploads\/2022\/10\/LIGNES_R4_31-289x300.png 289w, https:\/\/lignesauto.fr\/wp-content\/uploads\/2022\/10\/LIGNES_R4_31-768x798.png 768w, https:\/\/lignesauto.fr\/wp-content\/uploads\/2022\/10\/LIGNES_R4_31.png 1417w\" sizes=\"(max-width: 985px) 100vw, 985px\" \/><figcaption>La future Renault 4 \u00e9lectrique sera plus grande que la R5 et positionn\u00e9e sur le segment des Crossovers urbains. Elle sera le pendant de la Captur thermique hybride qui continuera sa vie \u00e0 ses c\u00f4t\u00e9s.<\/figcaption><\/figure>\n\n\n\n<figure class=\"wp-block-image size-large\"><img loading=\"lazy\" decoding=\"async\" width=\"1024\" height=\"533\" src=\"http:\/\/lignesauto.fr\/wp-content\/uploads\/2022\/10\/LIGNES_R4_24-1024x533.png\" alt=\"\" class=\"wp-image-26513\" srcset=\"https:\/\/lignesauto.fr\/wp-content\/uploads\/2022\/10\/LIGNES_R4_24-1024x533.png 1024w, https:\/\/lignesauto.fr\/wp-content\/uploads\/2022\/10\/LIGNES_R4_24-300x156.png 300w, https:\/\/lignesauto.fr\/wp-content\/uploads\/2022\/10\/LIGNES_R4_24-768x399.png 768w, https:\/\/lignesauto.fr\/wp-content\/uploads\/2022\/10\/LIGNES_R4_24.png 1417w\" sizes=\"(max-width: 1024px) 100vw, 1024px\" \/><\/figure>\n\n\n<div class=\"wp-block-image\">\n<figure class=\"aligncenter size-full is-resized\"><img loading=\"lazy\" decoding=\"async\" src=\"http:\/\/lignesauto.fr\/wp-content\/uploads\/2022\/10\/image-4.png\" alt=\"\" class=\"wp-image-26501\" width=\"623\" height=\"223\" srcset=\"https:\/\/lignesauto.fr\/wp-content\/uploads\/2022\/10\/image-4.png 1024w, https:\/\/lignesauto.fr\/wp-content\/uploads\/2022\/10\/image-4-300x108.png 300w, https:\/\/lignesauto.fr\/wp-content\/uploads\/2022\/10\/image-4-768x275.png 768w\" sizes=\"(max-width: 623px) 100vw, 623px\" \/><\/figure><\/div>","protected":false},"excerpt":{"rendered":"<p>Lorsque Gilles Vidal a quitt\u00e9 Peugeot pour Renault (voici plus de deux ans&#8230;) nous lui avions demand\u00e9 si c\u2019\u00e9tait la crise de la cinquantaine qui l\u2019avait pouss\u00e9 \u00e0 prendre cette d\u00e9cision. L\u2019embl\u00e8me Renault pas encore sec sur sa veste de costume, il nous avait r\u00e9pondu que non, \u00ab car aller [&hellip;]<\/p>\n","protected":false},"author":1,"featured_media":26514,"comment_status":"closed","ping_status":"closed","sticky":false,"template":"","format":"standard","meta":{"footnotes":""},"categories":[1],"tags":[],"_links":{"self":[{"href":"https:\/\/lignesauto.fr\/index.php?rest_route=\/wp\/v2\/posts\/26495"}],"collection":[{"href":"https:\/\/lignesauto.fr\/index.php?rest_route=\/wp\/v2\/posts"}],"about":[{"href":"https:\/\/lignesauto.fr\/index.php?rest_route=\/wp\/v2\/types\/post"}],"author":[{"embeddable":true,"href":"https:\/\/lignesauto.fr\/index.php?rest_route=\/wp\/v2\/users\/1"}],"replies":[{"embeddable":true,"href":"https:\/\/lignesauto.fr\/index.php?rest_route=%2Fwp%2Fv2%2Fcomments&post=26495"}],"version-history":[{"count":47,"href":"https:\/\/lignesauto.fr\/index.php?rest_route=\/wp\/v2\/posts\/26495\/revisions"}],"predecessor-version":[{"id":26608,"href":"https:\/\/lignesauto.fr\/index.php?rest_route=\/wp\/v2\/posts\/26495\/revisions\/26608"}],"wp:featuredmedia":[{"embeddable":true,"href":"https:\/\/lignesauto.fr\/index.php?rest_route=\/wp\/v2\/media\/26514"}],"wp:attachment":[{"href":"https:\/\/lignesauto.fr\/index.php?rest_route=%2Fwp%2Fv2%2Fmedia&parent=26495"}],"wp:term":[{"taxonomy":"category","embeddable":true,"href":"https:\/\/lignesauto.fr\/index.php?rest_route=%2Fwp%2Fv2%2Fcategories&post=26495"},{"taxonomy":"post_tag","embeddable":true,"href":"https:\/\/lignesauto.fr\/index.php?rest_route=%2Fwp%2Fv2%2Ftags&post=26495"}],"curies":[{"name":"wp","href":"https:\/\/api.w.org\/{rel}","templated":true}]}}