{"id":26915,"date":"2022-11-19T17:40:01","date_gmt":"2022-11-19T16:40:01","guid":{"rendered":"http:\/\/lignesauto.fr\/?p=26915"},"modified":"2022-11-19T17:40:02","modified_gmt":"2022-11-19T16:40:02","slug":"il-y-a-40-ans-renault-demandait-a-marcello-gandini-de-concevoir-une-nouvelle-r4","status":"publish","type":"post","link":"https:\/\/lignesauto.fr\/?p=26915","title":{"rendered":"Il y a 40 ans, Renault demandait \u00e0 Marcello Gandini de concevoir une nouvelle R4 !"},"content":{"rendered":"<div class=\"wp-block-image\">\n<figure class=\"aligncenter size-full is-resized\"><img loading=\"lazy\" decoding=\"async\" src=\"http:\/\/lignesauto.fr\/wp-content\/uploads\/2022\/09\/image-2.png\" alt=\"\" class=\"wp-image-25928\" width=\"595\" height=\"213\" srcset=\"https:\/\/lignesauto.fr\/wp-content\/uploads\/2022\/09\/image-2.png 1024w, https:\/\/lignesauto.fr\/wp-content\/uploads\/2022\/09\/image-2-300x108.png 300w, https:\/\/lignesauto.fr\/wp-content\/uploads\/2022\/09\/image-2-768x275.png 768w\" sizes=\"(max-width: 595px) 100vw, 595px\" \/><\/figure><\/div>\n\n\n<p style=\"font-size:17px\"><strong>Alors que Renault r\u00e9invente la R4 qui sera commercialis\u00e9e en 2025, il y a 40 ans, en 1982, Marcello Gandini concevait une nouvelle R4 \u00e0 la demande de Renault.<\/strong><\/p>\n\n\n\n<figure class=\"wp-block-image size-large\"><img loading=\"lazy\" decoding=\"async\" width=\"1024\" height=\"683\" src=\"http:\/\/lignesauto.fr\/wp-content\/uploads\/2022\/11\/R4_GANDINI_04-1024x683.jpg\" alt=\"\" class=\"wp-image-26920\" srcset=\"https:\/\/lignesauto.fr\/wp-content\/uploads\/2022\/11\/R4_GANDINI_04-1024x683.jpg 1024w, https:\/\/lignesauto.fr\/wp-content\/uploads\/2022\/11\/R4_GANDINI_04-300x200.jpg 300w, https:\/\/lignesauto.fr\/wp-content\/uploads\/2022\/11\/R4_GANDINI_04-768x512.jpg 768w, https:\/\/lignesauto.fr\/wp-content\/uploads\/2022\/11\/R4_GANDINI_04.jpg 1417w\" sizes=\"(max-width: 1024px) 100vw, 1024px\" \/><\/figure>\n\n\n\n<p style=\"font-size:17px\">Marcello Gandini a dessin\u00e9 des concept-cars inoubliables, comme l\u2019Alfa Romeo 33 Carabo ci-dessous. Mais il a aussi dessin\u00e9 la Lamborghini Miura (ci-dessus) et&#8230; la Citro\u00ebn BX, ainsi que la Renault Supercinq et un projet de succession de la 4L dont voici l\u2019histoire tr\u00e8s chaotique.<\/p>\n\n\n\n<figure class=\"wp-block-image size-large\"><img loading=\"lazy\" decoding=\"async\" width=\"1024\" height=\"528\" src=\"http:\/\/lignesauto.fr\/wp-content\/uploads\/2022\/11\/R4_GANDINI_18-1024x528.png\" alt=\"\" class=\"wp-image-26922\" srcset=\"https:\/\/lignesauto.fr\/wp-content\/uploads\/2022\/11\/R4_GANDINI_18-1024x528.png 1024w, https:\/\/lignesauto.fr\/wp-content\/uploads\/2022\/11\/R4_GANDINI_18-300x155.png 300w, https:\/\/lignesauto.fr\/wp-content\/uploads\/2022\/11\/R4_GANDINI_18-768x396.png 768w, https:\/\/lignesauto.fr\/wp-content\/uploads\/2022\/11\/R4_GANDINI_18.png 1417w\" sizes=\"(max-width: 1024px) 100vw, 1024px\" \/><\/figure>\n\n\n\n<p style=\"font-size:17px\">Lorsque Marcello Gandini quitte la <em>carrozzeria<\/em> Bertone en 1979, son successeur Marc Deschamps explique que le ma\u00eetre designer italien voulait se lier avec un grand constructeur. Gandini noue effectivement d\u00e8s la fin des ann\u00e9es 1970 une relation de consultant tr\u00e8s privil\u00e9gi\u00e9 avec celle qu\u2019on appelle encore la R\u00e9gie Nationale des Usines Renault. Cette alliance avec l\u2019un des designers les plus r\u00e9put\u00e9s de l\u2019univers des \u00ab&nbsp;cr\u00e9ateurs de modes automobiles&nbsp;\u00bb, accouche de projets tr\u00e8s en avance, comme le camion Renault AE de 1990 (dessin d&#8217;avant phase ci-dessous : archives Car Design Archives) qui sera produit en France pendant plus de vingt ans, sans jamais prendre une ride, ou encore le projet de renouvellement de la R5 avec le projet Supercinq.<\/p>\n\n\n\n<figure class=\"wp-block-image size-large\"><img loading=\"lazy\" decoding=\"async\" width=\"1024\" height=\"632\" src=\"http:\/\/lignesauto.fr\/wp-content\/uploads\/2022\/11\/R4_GANDINI_16-1024x632.jpg\" alt=\"\" class=\"wp-image-26924\" srcset=\"https:\/\/lignesauto.fr\/wp-content\/uploads\/2022\/11\/R4_GANDINI_16-1024x632.jpg 1024w, https:\/\/lignesauto.fr\/wp-content\/uploads\/2022\/11\/R4_GANDINI_16-300x185.jpg 300w, https:\/\/lignesauto.fr\/wp-content\/uploads\/2022\/11\/R4_GANDINI_16-768x474.jpg 768w, https:\/\/lignesauto.fr\/wp-content\/uploads\/2022\/11\/R4_GANDINI_16.jpg 1417w\" sizes=\"(max-width: 1024px) 100vw, 1024px\" \/><\/figure>\n\n\n\n<p style=\"font-size:17px\">Mais les id\u00e9es avant-gardistes de Marcello Gandini propos\u00e9es chez Renault sont comme l\u2019eau et l\u2019huile&nbsp;: peu miscible&nbsp;! Ainsi celle d\u2019une voiture tout en plastique, orange et rouge, la Piccola que le maestro a apport\u00e9e au bureau de style dans une caisse en bois pour l\u2019assembler en moins d\u2019une heure avec trois fois rien comme outils. Autant dire que les responsables de la R\u00e9gie achet\u00e8rent imm\u00e9diatement le concept pour ne pas le produire \u2013 il aurait fallu raser les usines&nbsp;! \u2013 et surtout, pour qu\u2019il ne tombe pas entre les mains des concurrents\u2026<\/p>\n\n\n\n<figure class=\"wp-block-image size-large\"><img loading=\"lazy\" decoding=\"async\" width=\"1024\" height=\"697\" src=\"http:\/\/lignesauto.fr\/wp-content\/uploads\/2022\/11\/R4_GANDINI_12-1024x697.jpg\" alt=\"\" class=\"wp-image-26926\" srcset=\"https:\/\/lignesauto.fr\/wp-content\/uploads\/2022\/11\/R4_GANDINI_12-1024x697.jpg 1024w, https:\/\/lignesauto.fr\/wp-content\/uploads\/2022\/11\/R4_GANDINI_12-300x204.jpg 300w, https:\/\/lignesauto.fr\/wp-content\/uploads\/2022\/11\/R4_GANDINI_12-768x523.jpg 768w, https:\/\/lignesauto.fr\/wp-content\/uploads\/2022\/11\/R4_GANDINI_12.jpg 1417w\" sizes=\"(max-width: 1024px) 100vw, 1024px\" \/><\/figure>\n\n\n\n<p style=\"font-size:17px\">En parall\u00e8le au programme de renouvellement de la Renault 5 qui aboutira en 1984 \u00e0 la pr\u00e9sentation de la Supercinq, Marcello Gandini travaille pour Renault sur les diff\u00e9rents projets du gigantesque plan VBG &#8211; V\u00e9hicules Bas de Gamme &#8211; que la R\u00e9gie a initialis\u00e9 en 1973, soit un an apr\u00e8s la commercialisation de la R5. L\u2019objectif de ce programme titanesque est d\u2019ouvrir de nouveaux horizons \u00e0 une petite Renault intelligente, capable de remplacer le duo R4\/R6. Le programme VBG doit surtout porter \u00e0 son paroxysme le concept d\u2019une R5, certes tr\u00e8s attachante, mais reposant sur des \u00e9l\u00e9ments techniques d\u00e9pass\u00e9s car emprunt\u00e9s \u00e0 la vieillissante R4. Le cahier des charges originel se r\u00e9sume en deux phrases <em>\u00ab le v\u00e9hicule ne doit pas payer le tribut \u00e0 l\u2019esth\u00e9tisme&nbsp;\u00bb <\/em>et <em>\u00ab&nbsp;le v\u00e9hicule doit d\u2019abord se d\u00e9finir par ses usages.&nbsp;\u00bb<\/em><\/p>\n\n\n\n<figure class=\"wp-block-image size-large\"><img loading=\"lazy\" decoding=\"async\" width=\"1024\" height=\"985\" src=\"http:\/\/lignesauto.fr\/wp-content\/uploads\/2022\/11\/R4_GANDINI_05-1024x985.png\" alt=\"\" class=\"wp-image-26927\" srcset=\"https:\/\/lignesauto.fr\/wp-content\/uploads\/2022\/11\/R4_GANDINI_05-1024x985.png 1024w, https:\/\/lignesauto.fr\/wp-content\/uploads\/2022\/11\/R4_GANDINI_05-300x289.png 300w, https:\/\/lignesauto.fr\/wp-content\/uploads\/2022\/11\/R4_GANDINI_05-768x739.png 768w, https:\/\/lignesauto.fr\/wp-content\/uploads\/2022\/11\/R4_GANDINI_05.png 1417w\" sizes=\"(max-width: 1024px) 100vw, 1024px\" \/><\/figure>\n\n\n\n<p style=\"font-size:17px\">Finalement chahut\u00e9 par le succ\u00e8s de la R5 que Renault n\u2019ose pas toucher de peur de casser une incroyable dynamique, le programme VBG est proche de l\u2019implosion&nbsp;: son cahier des charges ne cesse d\u2019\u00eatre modifi\u00e9. Les premi\u00e8res maquettes fa\u00e7onn\u00e9es au milieu des ann\u00e9es 1970 sont extr\u00eamement int\u00e9ressantes mais elles reposent sur un soubassement technique co\u00fbteux car imposant un nouveau moteur trois cylindres tr\u00e8s en avance sur son temps et des trains roulants in\u00e9dits.<\/p>\n\n\n\n<figure class=\"wp-block-image size-large\"><img loading=\"lazy\" decoding=\"async\" width=\"1024\" height=\"606\" src=\"http:\/\/lignesauto.fr\/wp-content\/uploads\/2022\/11\/R4_GANDINI_08-1024x606.png\" alt=\"\" class=\"wp-image-26928\" srcset=\"https:\/\/lignesauto.fr\/wp-content\/uploads\/2022\/11\/R4_GANDINI_08-1024x606.png 1024w, https:\/\/lignesauto.fr\/wp-content\/uploads\/2022\/11\/R4_GANDINI_08-300x178.png 300w, https:\/\/lignesauto.fr\/wp-content\/uploads\/2022\/11\/R4_GANDINI_08-768x455.png 768w, https:\/\/lignesauto.fr\/wp-content\/uploads\/2022\/11\/R4_GANDINI_08.png 1417w\" sizes=\"(max-width: 1024px) 100vw, 1024px\" \/><figcaption class=\"wp-element-caption\">Le programme VBG commence au milieu des ann\u00e9es 1970. Le projet de Gaston Juchet propose des portes pendulaires : elles se d\u00e9tachent du bas de caisse et coulissent sur un rail int\u00e9gr\u00e9 au pavillon.<\/figcaption><\/figure>\n\n\n\n<p style=\"font-size:17px\">Et comme la R5 est une poule aux \u0153ufs d\u2019or, pourquoi rompre avec elle&nbsp;en imaginant un v\u00e9hicule tr\u00e8s on\u00e9reux \u00e0 concevoir et \u00e0 produire ? En 1976 pourtant, alors que Renault pr\u00e9pare la commercialisation de sa R14 elle aussi tr\u00e8s en avance sur son temps (Gandini n\u2019y est pour rien, on doit son style \u00e0 Robert Broyer), la direction de la R\u00e9gie se rend sur ses bases secr\u00e8tes de Lardy en r\u00e9gion parisienne pour d\u00e9couvrir un nombre impressionnant de maquettes du programme VBG. C\u2019est la proposition du styliste Jacques Nocher (ci-dessous) qui est s\u00e9lectionn\u00e9e pour passer le cap du prototype roulant. Un prototype que <em>l\u2019auto-journal<\/em> photographie en 1979 en titrant <em>\u00ab&nbsp;Voici la future Renault 2&nbsp;\u00bb<\/em> nourrissant du m\u00eame coup la confusion, car la Renault de Nocher \u00e9tait plus imposante que la R5 et n\u2019avait pas l\u2019ambition de devenir une \u00ab&nbsp;petite&nbsp;\u00bb Renault 2. Mais trop co\u00fbteux, le programme VBG est longtemps mis en veille. Avant d\u2019\u00eatre relanc\u00e9 en 1981.<\/p>\n\n\n\n<figure class=\"wp-block-image size-large\"><img loading=\"lazy\" decoding=\"async\" width=\"1024\" height=\"494\" src=\"http:\/\/lignesauto.fr\/wp-content\/uploads\/2022\/11\/R4_GANDINI_11-1024x494.jpg\" alt=\"\" class=\"wp-image-26929\" srcset=\"https:\/\/lignesauto.fr\/wp-content\/uploads\/2022\/11\/R4_GANDINI_11-1024x494.jpg 1024w, https:\/\/lignesauto.fr\/wp-content\/uploads\/2022\/11\/R4_GANDINI_11-300x145.jpg 300w, https:\/\/lignesauto.fr\/wp-content\/uploads\/2022\/11\/R4_GANDINI_11-768x371.jpg 768w, https:\/\/lignesauto.fr\/wp-content\/uploads\/2022\/11\/R4_GANDINI_11.jpg 1417w\" sizes=\"(max-width: 1024px) 100vw, 1024px\" \/><figcaption class=\"wp-element-caption\">La proposition de Jacques Nocher en 1977 sera celle finalement retenue pour produire un prototype roulant.<\/figcaption><\/figure>\n\n\n\n<p style=\"font-size:17px\">A cette \u00e9poque, la Renault 5 a enfin re\u00e7u deux portes suppl\u00e9mentaires et la Renault 4 f\u00eate ses vingt ans. Renault est bien conscient qu\u2019il lui faut voir plus loin&nbsp;et concevoir enfin un successeur \u00e0 sa \u00ab&nbsp;4L&nbsp;\u00bb. D\u00e8s le mois de mai 1982, nous retrouvons Marcello Gandini qui s\u2019attaque \u00e0 cette nouvelle \u00e9tude (le projet \u00ab&nbsp;Z&nbsp;\u00bb). De nombreuses propositions fleurissent, rappelant les heures folles du d\u00e9but du programme VBG de la d\u00e9cennie 1970.<\/p>\n\n\n\n<figure class=\"wp-block-image size-large\"><img loading=\"lazy\" decoding=\"async\" width=\"1024\" height=\"667\" src=\"http:\/\/lignesauto.fr\/wp-content\/uploads\/2022\/11\/R4_GANDINI_01-1024x667.jpg\" alt=\"\" class=\"wp-image-26921\" srcset=\"https:\/\/lignesauto.fr\/wp-content\/uploads\/2022\/11\/R4_GANDINI_01-1024x667.jpg 1024w, https:\/\/lignesauto.fr\/wp-content\/uploads\/2022\/11\/R4_GANDINI_01-300x195.jpg 300w, https:\/\/lignesauto.fr\/wp-content\/uploads\/2022\/11\/R4_GANDINI_01-768x500.jpg 768w, https:\/\/lignesauto.fr\/wp-content\/uploads\/2022\/11\/R4_GANDINI_01.jpg 1417w\" sizes=\"(max-width: 1024px) 100vw, 1024px\" \/><figcaption class=\"wp-element-caption\">Seconde vie du projet VBG, en 1982, le projet veut renouveler la R4. Voici la proposition de Marcello Gandini.<\/figcaption><\/figure>\n\n\n\n<p style=\"font-size:17px\">Mais, emp\u00eatr\u00e9 dans une passe financi\u00e8re catastrophique, Renault se voit dans l\u2019obligation de stopper ces nombreux projets en 1985, pour n\u2019en retenir finalement que deux&nbsp;: la future Renault X-57 qui doit donner naissance \u00e0 la rempla\u00e7ante de la Supercinq (ce sera la Clio de 1990) et la future Renault X-45 qui doit donner vie au successeur de la Renault 4. Il aura donc fallu une d\u00e9cennie depuis le lancement du programme VBG pour que Renault lui offre enfin un cap fiable et s\u2019ins\u00e9rant parfaitement dans une logique de d\u00e9veloppement produits.<\/p>\n\n\n\n<figure class=\"wp-block-image size-large\"><img loading=\"lazy\" decoding=\"async\" width=\"1024\" height=\"692\" src=\"http:\/\/lignesauto.fr\/wp-content\/uploads\/2022\/11\/R4_GANDINI_101-1024x692.jpg\" alt=\"\" class=\"wp-image-26934\" srcset=\"https:\/\/lignesauto.fr\/wp-content\/uploads\/2022\/11\/R4_GANDINI_101-1024x692.jpg 1024w, https:\/\/lignesauto.fr\/wp-content\/uploads\/2022\/11\/R4_GANDINI_101-300x203.jpg 300w, https:\/\/lignesauto.fr\/wp-content\/uploads\/2022\/11\/R4_GANDINI_101-768x519.jpg 768w, https:\/\/lignesauto.fr\/wp-content\/uploads\/2022\/11\/R4_GANDINI_101.jpg 1417w\" sizes=\"(max-width: 1024px) 100vw, 1024px\" \/><figcaption class=\"wp-element-caption\">Gandini \u0153uvre pour Renault en consultant privil\u00e9gi\u00e9, mais Giugiaro ne s&#8217;emp\u00eache pas de travailler sur le renouvellement de la Supercinq : la future 1\u00e8re Clio (\u00e0 droite, la proposition de l&#8217;Italien qui ne sera pas retenue.)<\/figcaption><\/figure>\n\n\n\n<p style=\"font-size:17px\">Si le projet X-57 de la Clio \u00ab&nbsp;\u00e9chappe&nbsp;\u00bb \u00e0 Marcello Gandini (il apprendra que Giorgetto Giugiaro fut consult\u00e9 pour ce programme, ci-dessus maquette \u00e0 droite, sans plus de succ\u00e8s), sa maquette de la future Renault 4 (projet X-45) s\u00e9duit pleinement la direction. Mais la concurrence est large sur ce programme&nbsp;: le style Renault r\u00e9alise ses propres maquettes avec notamment une proposition du designer Alain Jan, et Matra qui vient de lancer la production de l\u2019Espace, est convi\u00e9 \u00e0 la f\u00eate. C\u2019est aussi une p\u00e9riode o\u00f9 l\u2019on assiste \u00e0 une r\u00e9volution culturelle au centre de style Renault avec les premiers travaux issus directement de l\u2019ordinateur. La future Renault 4 (X-45) se pr\u00e9sente comme une berline assez cubique d\u2019une longueur de 3,54 m (3,65 m pour la R4 de 1961), assez large (1,57 m) et raisonnablement haute (1,48 m).<\/p>\n\n\n\n<figure class=\"wp-block-image size-large\"><img loading=\"lazy\" decoding=\"async\" width=\"1024\" height=\"669\" src=\"http:\/\/lignesauto.fr\/wp-content\/uploads\/2022\/11\/R4_GANDINI_02-1024x669.jpg\" alt=\"\" class=\"wp-image-26932\" srcset=\"https:\/\/lignesauto.fr\/wp-content\/uploads\/2022\/11\/R4_GANDINI_02-1024x669.jpg 1024w, https:\/\/lignesauto.fr\/wp-content\/uploads\/2022\/11\/R4_GANDINI_02-300x196.jpg 300w, https:\/\/lignesauto.fr\/wp-content\/uploads\/2022\/11\/R4_GANDINI_02-768x502.jpg 768w, https:\/\/lignesauto.fr\/wp-content\/uploads\/2022\/11\/R4_GANDINI_02.jpg 1417w\" sizes=\"(max-width: 1024px) 100vw, 1024px\" \/><figcaption class=\"wp-element-caption\">En 1982, la Panda n&#8217;a que deux ans et la R4 de Gandini aurait pu lui faire du tort : le duel Gandini-Giugiaro aurait alors bascul\u00e9 dans l&#8217;univers des toutes petites voitures !<\/figcaption><\/figure>\n\n\n\n<p style=\"font-size:17px\">Marcello Gandini lui offre une proue pinc\u00e9e avec un dessin des ailes avant venant largement d\u00e9border sur la calandre noire. La proposition italienne est tr\u00e8s moderne si l\u2019on veut bien la resituer dans son contexte&nbsp;: Renault vient tout juste de commercialiser sa Supercinq plus citadine et moins rustique, Citro\u00ebn n\u2019a pas encore d\u00e9voil\u00e9 son AX et Peugeot a tr\u00e8s nettement embourgeois\u00e9 son offre d\u2019entr\u00e9e de gamme avec sa 205 qui va arriver sur le march\u00e9. Mais quel peut-\u00eatre le poids de l\u2019originalit\u00e9, fut-elle sign\u00e9e Gandini, face au d\u00e9clin&nbsp;? Renault est au bord du gouffre avec un d\u00e9ficit abyssal. \u00c9dith Cresson, alors \u00e0 la t\u00eate de Matignon, fait pression sur Bernard Hanon (ci-dessous \u00e0 droite aux c\u00f4t\u00e9s de Gaston Juchet), le patron de la R\u00e9gie Nationale des Usines Renault pour\u2026 pr\u00e9cipiter son d\u00e9part. M\u00eame le pr\u00e9sident de la R\u00e9publique Fran\u00e7ois Mitterrand y va de sa petite phrase assassine&nbsp;: <em>\u00ab&nbsp;il y a un grave probl\u00e8me Renault auquel il faudra r\u00e9pondre dans les prochains jours&nbsp;\u00bb<\/em>.<\/p>\n\n\n\n<figure class=\"wp-block-image size-large\"><img loading=\"lazy\" decoding=\"async\" width=\"786\" height=\"1024\" src=\"http:\/\/lignesauto.fr\/wp-content\/uploads\/2022\/11\/R4_GANDINI_R4_200-786x1024.jpg\" alt=\"\" class=\"wp-image-26939\" srcset=\"https:\/\/lignesauto.fr\/wp-content\/uploads\/2022\/11\/R4_GANDINI_R4_200-786x1024.jpg 786w, https:\/\/lignesauto.fr\/wp-content\/uploads\/2022\/11\/R4_GANDINI_R4_200-230x300.jpg 230w, https:\/\/lignesauto.fr\/wp-content\/uploads\/2022\/11\/R4_GANDINI_R4_200-768x1001.jpg 768w, https:\/\/lignesauto.fr\/wp-content\/uploads\/2022\/11\/R4_GANDINI_R4_200-1179x1536.jpg 1179w, https:\/\/lignesauto.fr\/wp-content\/uploads\/2022\/11\/R4_GANDINI_R4_200.jpg 1417w\" sizes=\"(max-width: 786px) 100vw, 786px\" \/><figcaption class=\"wp-element-caption\">Gaston Juchet \u00e0 gauche, Bernard Hanon \u00e0 droite.<\/figcaption><\/figure>\n\n\n\n<p style=\"font-size:17px\">Le 23 janvier 1985, le Conseil des ministres nomme Georges Besse, jusqu\u2019alors P.-D.G. de Pechiney, \u00e0 la pr\u00e9sidence du conseil d\u2019administration de la R\u00e9gie Renault en remplacement de Bernard Hanon, dont le d\u00e9part n&#8217;avait \u00e9t\u00e9 annonc\u00e9 que le 21. Le <em>\u00ab grave probl\u00e8me \u00bb,<\/em> pour reprendre les termes employ\u00e9s le 16 janvier par le chef de l&#8217;\u00c9tat, est d&#8217;ordre financier : les pertes de la R\u00e9gie se situeraient pour 1984 entre 8 et 10 milliards de francs.<\/p>\n\n\n\n<figure class=\"wp-block-image size-large\"><img loading=\"lazy\" decoding=\"async\" width=\"1024\" height=\"667\" src=\"http:\/\/lignesauto.fr\/wp-content\/uploads\/2022\/11\/R4_GANDINI_09-1024x667.jpg\" alt=\"\" class=\"wp-image-26936\" srcset=\"https:\/\/lignesauto.fr\/wp-content\/uploads\/2022\/11\/R4_GANDINI_09-1024x667.jpg 1024w, https:\/\/lignesauto.fr\/wp-content\/uploads\/2022\/11\/R4_GANDINI_09-300x195.jpg 300w, https:\/\/lignesauto.fr\/wp-content\/uploads\/2022\/11\/R4_GANDINI_09-768x500.jpg 768w, https:\/\/lignesauto.fr\/wp-content\/uploads\/2022\/11\/R4_GANDINI_09.jpg 1417w\" sizes=\"(max-width: 1024px) 100vw, 1024px\" \/><figcaption class=\"wp-element-caption\">La maquette de Gandini dispose de deux flancs diff\u00e9rents : c\u00f4t\u00e9 passager, c&#8217;est une version \u00e0 une seule porte lat\u00e9rale qui est pr\u00e9sent\u00e9e.<\/figcaption><\/figure>\n\n\n\n<p style=\"font-size:17px\">Les maquettes du programme de la future R4 (ci-dessus en version 3 portes) r\u00e9pondent parfaitement au cahier des charges \u00e9tabli en 1973 lors du lancement du plan VBG&nbsp;: <em>\u00ab le v\u00e9hicule ne doit pas payer le tribut \u00e0 l\u2019esth\u00e9tisme&nbsp;\u00bb <\/em>et <em>\u00ab&nbsp;le v\u00e9hicule doit d\u2019abord se d\u00e9finir par ses usages.&nbsp;\u00bb <\/em>Mais aussi parfaites soient-elles, ces propositions sont mises sous l\u2019\u00e9teignoir par Georges Besse. C\u2019en est d\u00e9finitivement fini d\u2019un \u00e9ventuel remplacement de la R4. Jusqu\u2019\u00e0 l\u2019arriv\u00e9e de Luca de Meo \u00e0 la t\u00eate de Renault et de son programme Amp\u00e8re qui r\u00e9unit les Renault 100% \u00e9lectriques&nbsp;: la M\u00e9gane E-Tech, la future R5, le Sc\u00e9nic familial et enfin, les deux silhouettes d\u2019une R4 r\u00e9interpr\u00e9t\u00e9e en petit SUV urbain et en v\u00e9hicule utilitaire fourgonnette (ci-dessous).<\/p>\n\n\n\n<figure class=\"wp-block-image size-large\"><img loading=\"lazy\" decoding=\"async\" width=\"1024\" height=\"598\" src=\"http:\/\/lignesauto.fr\/wp-content\/uploads\/2022\/11\/R4_GANDINI_102-1024x598.png\" alt=\"\" class=\"wp-image-26942\" srcset=\"https:\/\/lignesauto.fr\/wp-content\/uploads\/2022\/11\/R4_GANDINI_102-1024x598.png 1024w, https:\/\/lignesauto.fr\/wp-content\/uploads\/2022\/11\/R4_GANDINI_102-300x175.png 300w, https:\/\/lignesauto.fr\/wp-content\/uploads\/2022\/11\/R4_GANDINI_102-768x448.png 768w, https:\/\/lignesauto.fr\/wp-content\/uploads\/2022\/11\/R4_GANDINI_102.png 1417w\" sizes=\"(max-width: 1024px) 100vw, 1024px\" \/><figcaption class=\"wp-element-caption\">La future R4 de 2025 annonc\u00e9e par Luca de Meo aura droit \u00e0 sa variante fourgonnette, de m\u00eame longueur que le prochain crossover R4.<\/figcaption><\/figure>\n\n\n\n<p style=\"font-size:17px\">Le responsable du style Renault de l\u2019\u00e9poque du projet VBG tentaculaire, Gaston Juchet, livrait sa vision un peu d\u00e9sabus\u00e9e du projet VBG : <em>\u00ab&nbsp;comment apr\u00e8s tant et tant d\u2019\u00e9tudes et de propositions de petits v\u00e9hicules n\u2019a-t-il pas \u00e9merg\u00e9 ce que nous avons longtemps appel\u00e9 la \u00ab&nbsp;nouvelle R4&nbsp;\u00bb&nbsp;? Les 2 CV et R4 ont-elles tout simplement profit\u00e9 des conditions tout \u00e0 fait particuli\u00e8res d\u2019absence automobile due aux ann\u00e9es de guerre&nbsp;? Comment renoncer aux ingr\u00e9dients st\u00e9r\u00e9otyp\u00e9s de la routi\u00e8re classique, impr\u00e9gn\u00e9e de vitesse, de confort luxueux, de sur\u00e9quipement et d\u2019ostentation sociale souvent agressive, au profit d\u2019autres valeurs que ce programme repr\u00e9sentait&nbsp;? Il a pourtant donn\u00e9 naissance \u00e0 des voitures pratiques, peu vuln\u00e9rables, \u00e9conomiques, discr\u00e8tes dans l\u2019environnement, mais aussi plaisantes, ludiques, capables comme le Blue-Jean de traverser les couches sociales, les ann\u00e9es et les continents&nbsp;!&nbsp;\u00bb<\/em><\/p>\n\n\n\n<figure class=\"wp-block-image size-large\"><img loading=\"lazy\" decoding=\"async\" width=\"1024\" height=\"916\" src=\"http:\/\/lignesauto.fr\/wp-content\/uploads\/2022\/11\/R4_GANDINI_100-1024x916.png\" alt=\"\" class=\"wp-image-26944\" srcset=\"https:\/\/lignesauto.fr\/wp-content\/uploads\/2022\/11\/R4_GANDINI_100-1024x916.png 1024w, https:\/\/lignesauto.fr\/wp-content\/uploads\/2022\/11\/R4_GANDINI_100-300x268.png 300w, https:\/\/lignesauto.fr\/wp-content\/uploads\/2022\/11\/R4_GANDINI_100-768x687.png 768w, https:\/\/lignesauto.fr\/wp-content\/uploads\/2022\/11\/R4_GANDINI_100.png 1417w\" sizes=\"(max-width: 1024px) 100vw, 1024px\" \/><figcaption class=\"wp-element-caption\">Apr\u00e8s les fabuleux projets propos\u00e9s \u00e0 la R\u00e9gie par Gandini, ce sera au tour du ma\u00eetre Giugiaro de travailler pour Renault sur les programmes R21 et R19.<\/figcaption><\/figure>\n\n\n\n<p style=\"font-size:17px\">Marcello Gandini, dont Renault avait tant aim\u00e9 l\u2019inspiration, fut d\u00e9bord\u00e9 au c\u0153ur m\u00eame du style de la R\u00e9gie nationale par Giorgetto Giugiaro qui sera retenu pour le style de Renault 21 de 1986 et dessina la R19 de 1988. Et la Renault 4, elle, disparut au d\u00e9but de la d\u00e9cennie 1990. Son successeur \u00e9lectrique, tel le Phoenix, est attendu pour 2025. L\u2019histoire balbutie donc pour le plus grand plaisir des fanatiques de cette R4 populaire. Mais sans Gandini cette fois&#8230;<\/p>\n\n\n\n<figure class=\"wp-block-image size-large\"><img loading=\"lazy\" decoding=\"async\" width=\"1024\" height=\"629\" src=\"http:\/\/lignesauto.fr\/wp-content\/uploads\/2022\/11\/R4_GANDINI_14-1024x629.png\" alt=\"\" class=\"wp-image-26945\" srcset=\"https:\/\/lignesauto.fr\/wp-content\/uploads\/2022\/11\/R4_GANDINI_14-1024x629.png 1024w, https:\/\/lignesauto.fr\/wp-content\/uploads\/2022\/11\/R4_GANDINI_14-300x184.png 300w, https:\/\/lignesauto.fr\/wp-content\/uploads\/2022\/11\/R4_GANDINI_14-768x472.png 768w, https:\/\/lignesauto.fr\/wp-content\/uploads\/2022\/11\/R4_GANDINI_14.png 1417w\" sizes=\"(max-width: 1024px) 100vw, 1024px\" \/><figcaption class=\"wp-element-caption\">La R4 arrivera sur le march\u00e9 en 2025 sous la forme d&#8217;un petit SUV urbain.<\/figcaption><\/figure>\n\n\n\n<p><em><strong>Texte de l&#8217;auteur publi\u00e9 dans le magazine Gazoline de juillet 2018.<\/strong><\/em><\/p>\n\n\n<div class=\"wp-block-image\">\n<figure class=\"aligncenter size-full is-resized\"><img loading=\"lazy\" decoding=\"async\" src=\"http:\/\/lignesauto.fr\/wp-content\/uploads\/2022\/11\/image.png\" alt=\"\" class=\"wp-image-26951\" width=\"499\" height=\"179\" srcset=\"https:\/\/lignesauto.fr\/wp-content\/uploads\/2022\/11\/image.png 1024w, https:\/\/lignesauto.fr\/wp-content\/uploads\/2022\/11\/image-300x108.png 300w, https:\/\/lignesauto.fr\/wp-content\/uploads\/2022\/11\/image-768x275.png 768w\" sizes=\"(max-width: 499px) 100vw, 499px\" \/><\/figure><\/div>","protected":false},"excerpt":{"rendered":"<p>Alors que Renault r\u00e9invente la R4 qui sera commercialis\u00e9e en 2025, il y a 40 ans, en 1982, Marcello Gandini concevait une nouvelle R4 \u00e0 la demande de Renault. Marcello Gandini a dessin\u00e9 des concept-cars inoubliables, comme l\u2019Alfa Romeo 33 Carabo ci-dessous. Mais il a aussi dessin\u00e9 la Lamborghini Miura [&hellip;]<\/p>\n","protected":false},"author":1,"featured_media":26949,"comment_status":"closed","ping_status":"closed","sticky":false,"template":"","format":"standard","meta":{"footnotes":""},"categories":[1],"tags":[],"_links":{"self":[{"href":"https:\/\/lignesauto.fr\/index.php?rest_route=\/wp\/v2\/posts\/26915"}],"collection":[{"href":"https:\/\/lignesauto.fr\/index.php?rest_route=\/wp\/v2\/posts"}],"about":[{"href":"https:\/\/lignesauto.fr\/index.php?rest_route=\/wp\/v2\/types\/post"}],"author":[{"embeddable":true,"href":"https:\/\/lignesauto.fr\/index.php?rest_route=\/wp\/v2\/users\/1"}],"replies":[{"embeddable":true,"href":"https:\/\/lignesauto.fr\/index.php?rest_route=%2Fwp%2Fv2%2Fcomments&post=26915"}],"version-history":[{"count":41,"href":"https:\/\/lignesauto.fr\/index.php?rest_route=\/wp\/v2\/posts\/26915\/revisions"}],"predecessor-version":[{"id":27006,"href":"https:\/\/lignesauto.fr\/index.php?rest_route=\/wp\/v2\/posts\/26915\/revisions\/27006"}],"wp:featuredmedia":[{"embeddable":true,"href":"https:\/\/lignesauto.fr\/index.php?rest_route=\/wp\/v2\/media\/26949"}],"wp:attachment":[{"href":"https:\/\/lignesauto.fr\/index.php?rest_route=%2Fwp%2Fv2%2Fmedia&parent=26915"}],"wp:term":[{"taxonomy":"category","embeddable":true,"href":"https:\/\/lignesauto.fr\/index.php?rest_route=%2Fwp%2Fv2%2Fcategories&post=26915"},{"taxonomy":"post_tag","embeddable":true,"href":"https:\/\/lignesauto.fr\/index.php?rest_route=%2Fwp%2Fv2%2Ftags&post=26915"}],"curies":[{"name":"wp","href":"https:\/\/api.w.org\/{rel}","templated":true}]}}