{"id":27008,"date":"2023-01-04T08:54:00","date_gmt":"2023-01-04T07:54:00","guid":{"rendered":"http:\/\/lignesauto.fr\/?p=27008"},"modified":"2023-01-04T10:18:30","modified_gmt":"2023-01-04T09:18:30","slug":"exclusif-les-secrets-du-style-des-futures-lancia-et-le-nouveau-langage-formel-pura-design","status":"publish","type":"post","link":"https:\/\/lignesauto.fr\/?p=27008","title":{"rendered":"Exclusif : les secrets du style des futures Lancia et le nouveau langage formel &#8216;Pu+Ra Design&#8217;"},"content":{"rendered":"<div class=\"wp-block-image\">\n<figure class=\"aligncenter size-full is-resized\"><img loading=\"lazy\" decoding=\"async\" src=\"http:\/\/lignesauto.fr\/wp-content\/uploads\/2022\/10\/image-5.png\" alt=\"\" class=\"wp-image-26624\" width=\"450\" height=\"161\" srcset=\"https:\/\/lignesauto.fr\/wp-content\/uploads\/2022\/10\/image-5.png 1024w, https:\/\/lignesauto.fr\/wp-content\/uploads\/2022\/10\/image-5-300x108.png 300w, https:\/\/lignesauto.fr\/wp-content\/uploads\/2022\/10\/image-5-768x275.png 768w\" sizes=\"(max-width: 450px) 100vw, 450px\" \/><\/figure><\/div>\n\n\n<p style=\"font-size:17px\">Luca Nopolitano (ci-dessous \u00e0 gauche), directeur de la marque, a annonc\u00e9 ce lundi 28 novembre 2022 que \u00ab&nbsp;<em>Lancia sera \u00e0 nouveau une marque d\u00e9sirable, respect\u00e9e et fiable sur le march\u00e9 europ\u00e9en du haut de gamme. Aujourd&#8217;hui, c&#8217;est le d\u00e9but de la nouvelle \u00e8re Lancia !&nbsp;\u00bb<\/em> <strong>Premiers indices du design des futures Lancia \u00e0 la fin de ce post&#8230;<\/strong><\/p>\n\n\n\n<figure class=\"wp-block-image size-large\"><img loading=\"lazy\" decoding=\"async\" width=\"1024\" height=\"683\" src=\"http:\/\/lignesauto.fr\/wp-content\/uploads\/2022\/11\/LANCIA_20-1024x683.jpeg\" alt=\"\" class=\"wp-image-27016\" srcset=\"https:\/\/lignesauto.fr\/wp-content\/uploads\/2022\/11\/LANCIA_20-1024x683.jpeg 1024w, https:\/\/lignesauto.fr\/wp-content\/uploads\/2022\/11\/LANCIA_20-300x200.jpeg 300w, https:\/\/lignesauto.fr\/wp-content\/uploads\/2022\/11\/LANCIA_20-768x512.jpeg 768w, https:\/\/lignesauto.fr\/wp-content\/uploads\/2022\/11\/LANCIA_20.jpeg 1417w\" sizes=\"(max-width: 1024px) 100vw, 1024px\" \/><\/figure>\n\n\n\n<p style=\"font-size:17px\">Pour ce premier rendez-vous avec ce futur de Lancia, Jean-Pierre Plou\u00e9 (ci-dessus \u00e0 droite), le directeur du design de la marque, a pris un risque, celui de s\u2019adresser \u00e0 un univers bien plus ouvert que celui que les aficionados de la marque Lancia et du monde automobile attendaient. Avec son manifeste Pu+Ra Zero, le design Lancia qu\u2019il dirige (c\u2019est en fait une \u00e9quipe r\u00e9duite, fa\u00e7on start-up) d\u00e9voile sa strat\u00e9gie design, et nous offre quelques \u00e9l\u00e9ments concrets qui viendront construire le style des futures Ypsilon (2024), vaisseau amiral (2026) et enfin, Delta de 2028.<\/p>\n\n\n\n<figure class=\"wp-block-image size-large\"><img loading=\"lazy\" decoding=\"async\" width=\"768\" height=\"1024\" src=\"http:\/\/lignesauto.fr\/wp-content\/uploads\/2022\/11\/LANCIA_18-768x1024.jpeg\" alt=\"\" class=\"wp-image-27019\" srcset=\"https:\/\/lignesauto.fr\/wp-content\/uploads\/2022\/11\/LANCIA_18-768x1024.jpeg 768w, https:\/\/lignesauto.fr\/wp-content\/uploads\/2022\/11\/LANCIA_18-225x300.jpeg 225w, https:\/\/lignesauto.fr\/wp-content\/uploads\/2022\/11\/LANCIA_18-1152x1536.jpeg 1152w, https:\/\/lignesauto.fr\/wp-content\/uploads\/2022\/11\/LANCIA_18.jpeg 1417w\" sizes=\"(max-width: 768px) 100vw, 768px\" \/><\/figure>\n\n\n\n<p style=\"font-size:17px\">Cette sculpture \u00e0 mi-chemin entre \u0153uvre d\u2019art et automobile, doit \u00eatre d\u00e9crypt\u00e9e avec pr\u00e9caution. Elle ne repr\u00e9sente bien \u00e9videmment aucune des silhouettes des trois prochaines Lancia. Coupons court aux affabulations&nbsp;: m\u00eame si les Lancia du futur seront dot\u00e9es de tous les syst\u00e8mes de d\u00e9l\u00e9gations de conduite autoris\u00e9s, elles seront bien dot\u00e9es de roues. Dommage, la repr\u00e9sentation de la voiture de l\u2019an 2000 que se faisaient nos a\u00efeux dans les ann\u00e9es 1950, r\u00e9v\u00e9lait des voitures volantes ambitieuses.<\/p>\n\n\n\n<figure class=\"wp-block-image size-large\"><img loading=\"lazy\" decoding=\"async\" width=\"1024\" height=\"662\" src=\"http:\/\/lignesauto.fr\/wp-content\/uploads\/2022\/11\/LANCIA_200-1024x662.jpg\" alt=\"\" class=\"wp-image-27020\" srcset=\"https:\/\/lignesauto.fr\/wp-content\/uploads\/2022\/11\/LANCIA_200-1024x662.jpg 1024w, https:\/\/lignesauto.fr\/wp-content\/uploads\/2022\/11\/LANCIA_200-300x194.jpg 300w, https:\/\/lignesauto.fr\/wp-content\/uploads\/2022\/11\/LANCIA_200-768x496.jpg 768w, https:\/\/lignesauto.fr\/wp-content\/uploads\/2022\/11\/LANCIA_200.jpg 1417w\" sizes=\"(max-width: 1024px) 100vw, 1024px\" \/><figcaption class=\"wp-element-caption\"><strong>L&#8217;un des rares &#8220;concept-car&#8221; sans roue de ces derni\u00e8res d\u00e9cennies : la Renault Reinastella cr\u00e9\u00e9e pour Euro Disneyland. Louis Schweitzer est \u00e0 gauche et Patrick le Qu\u00e9ment, \u00e0 droite.<\/strong><\/figcaption><\/figure>\n\n\n\n<p style=\"font-size:17px\">Certains, dont LIGNES\/auto fait partie, \u00e9voqueront aussi l\u2019originale Renault Reinastella (ci-dessus) d\u00e9voil\u00e9e \u00e0 l\u2019occasion de l\u2019inauguration du parc Disneyland en 1992. Mais chez Lancia, il n\u2019est pas question d\u2019un jeu, plut\u00f4t d\u2019une intention solide et m\u00fbrement travaill\u00e9e pour le futur de la marque. Pr\u00e9cisons tout de suite que le manifeste d\u00e9voil\u00e9 ce 28 novembre 2022 sera suivi en avril prochain d\u2019un (vrai) concept-car. Il ne sera pas une \u00e9vocation de la prochaine Ypsilon, mais il concr\u00e9tisera plus finement encore la nouvelle philosophie du design Lancia. Ce dernier s\u2019appuie sur des g\u00e9om\u00e9tries simples, tels que le rond, le triangle ou la ligne droite.<\/p>\n\n\n\n<figure class=\"wp-block-image size-large\"><img loading=\"lazy\" decoding=\"async\" width=\"768\" height=\"1024\" src=\"http:\/\/lignesauto.fr\/wp-content\/uploads\/2022\/11\/LANCIA_19-768x1024.jpeg\" alt=\"\" class=\"wp-image-27024\" srcset=\"https:\/\/lignesauto.fr\/wp-content\/uploads\/2022\/11\/LANCIA_19-768x1024.jpeg 768w, https:\/\/lignesauto.fr\/wp-content\/uploads\/2022\/11\/LANCIA_19-225x300.jpeg 225w, https:\/\/lignesauto.fr\/wp-content\/uploads\/2022\/11\/LANCIA_19-1152x1536.jpeg 1152w, https:\/\/lignesauto.fr\/wp-content\/uploads\/2022\/11\/LANCIA_19.jpeg 1417w\" sizes=\"(max-width: 768px) 100vw, 768px\" \/><\/figure>\n\n\n\n<p style=\"font-size:17px\">Le rond, on le trouvera d\u2019abord en 2024 sur les feux arri\u00e8re de l\u2019Ypsilon, qui encadreront le nom Lancia \u00e0 la typographie bien plus inspir\u00e9e qu\u2019auparavant. Le triangle quant \u00e0 lui est bien pr\u00e9sent sur le manifeste. Il reprend celui du capot moteur de la l\u00e9gendaire Stratos Zero, un Dream-car enfant\u00e9 par Gandini en 1970 (ci-dessous).<\/p>\n\n\n\n<figure class=\"wp-block-image size-large\"><img loading=\"lazy\" decoding=\"async\" width=\"1024\" height=\"703\" src=\"http:\/\/lignesauto.fr\/wp-content\/uploads\/2022\/11\/LANCIA_23-1024x703.jpg\" alt=\"\" class=\"wp-image-27025\" srcset=\"https:\/\/lignesauto.fr\/wp-content\/uploads\/2022\/11\/LANCIA_23-1024x703.jpg 1024w, https:\/\/lignesauto.fr\/wp-content\/uploads\/2022\/11\/LANCIA_23-300x206.jpg 300w, https:\/\/lignesauto.fr\/wp-content\/uploads\/2022\/11\/LANCIA_23-768x527.jpg 768w, https:\/\/lignesauto.fr\/wp-content\/uploads\/2022\/11\/LANCIA_23.jpg 1417w\" sizes=\"(max-width: 1024px) 100vw, 1024px\" \/><\/figure>\n\n\n\n<p style=\"font-size:17px\">Les flancs seront en revanche construits autour de volumes fluides, alors que le rond central qui perce le pavillon de Pu+Ra Zero sugg\u00e8re l\u2019extr\u00eame collusion entre le design exter et l\u2019inter. Au sujet de ce dernier, Lancia a annonc\u00e9 son partenariat avec Cassina. Nulle intention de demander \u00e0 cette soci\u00e9t\u00e9 italienne de mobilier de plus d\u2019un si\u00e8cle de dessiner les futurs habitacles des Lancia. Mais l\u2019association sera productive sur d\u2019autres aspects, dont la pr\u00e9sence de 50% de mat\u00e9riaux recycl\u00e9s \u00e0 bord de ces trois futures Lancia ne sera pas le moindre.<\/p>\n\n\n\n<figure class=\"wp-block-image size-large\"><img loading=\"lazy\" decoding=\"async\" width=\"1024\" height=\"576\" src=\"http:\/\/lignesauto.fr\/wp-content\/uploads\/2022\/11\/LANCIA_11-1024x576.jpeg\" alt=\"\" class=\"wp-image-27029\" srcset=\"https:\/\/lignesauto.fr\/wp-content\/uploads\/2022\/11\/LANCIA_11-1024x576.jpeg 1024w, https:\/\/lignesauto.fr\/wp-content\/uploads\/2022\/11\/LANCIA_11-300x169.jpeg 300w, https:\/\/lignesauto.fr\/wp-content\/uploads\/2022\/11\/LANCIA_11-768x432.jpeg 768w, https:\/\/lignesauto.fr\/wp-content\/uploads\/2022\/11\/LANCIA_11.jpeg 1417w\" sizes=\"(max-width: 1024px) 100vw, 1024px\" \/><\/figure>\n\n\n\n<p style=\"font-size:17px\">Le constructeur pr\u00e9cise<em> que \u00ab&nbsp;les int\u00e9rieurs des futures Lancia seront parfaitement coh\u00e9rents avec le design de leurs ext\u00e9rieurs. Une fois \u00e0 bord, le conducteur et les passagers seront embrass\u00e9s par l&#8217;\u00e9l\u00e9gance typique de Lancia, avec des int\u00e9rieurs inspir\u00e9s des ic\u00f4nes du pass\u00e9 comme la Gamma coup\u00e9, la Thema et la Flavia, qui sont aujourd&#8217;hui enrichis d&#8217;une technologie simple et intuitive conforme \u00e0 l&#8217;ADN de la marque. Le r\u00e9sultat est une atmosph\u00e8re de &#8220;salon&#8221; authentique, offrant une sensation similaire \u00e0 celle que l&#8217;on ressent dans une maison italienne typique. \u00bb<\/em><\/p>\n\n\n\n<figure class=\"wp-block-image size-large\"><img loading=\"lazy\" decoding=\"async\" width=\"1024\" height=\"576\" src=\"http:\/\/lignesauto.fr\/wp-content\/uploads\/2022\/11\/LANCIA_15-1024x576.jpeg\" alt=\"\" class=\"wp-image-27028\" srcset=\"https:\/\/lignesauto.fr\/wp-content\/uploads\/2022\/11\/LANCIA_15-1024x576.jpeg 1024w, https:\/\/lignesauto.fr\/wp-content\/uploads\/2022\/11\/LANCIA_15-300x169.jpeg 300w, https:\/\/lignesauto.fr\/wp-content\/uploads\/2022\/11\/LANCIA_15-768x432.jpeg 768w, https:\/\/lignesauto.fr\/wp-content\/uploads\/2022\/11\/LANCIA_15.jpeg 1417w\" sizes=\"(max-width: 1024px) 100vw, 1024px\" \/><\/figure>\n\n\n\n<p style=\"font-size:17px\">Le concept Pu+Ra Zero r\u00e9interpr\u00e8te \u00e9galement la calandre historique avec le fameux \u2018calice\u2019 d\u00e9sormais repr\u00e9sent\u00e9 par trois rayons de lumi\u00e8re. Cette nouvelle signature lumineuse frontale permettra instantan\u00e9ment de reconna\u00eetre de jour comme de nuit les trois prochaines Lancia. Sur ces trois derni\u00e8res, le nom de la marque sera positionn\u00e9 au-dessus de cette calandre r\u00e9interpr\u00e9t\u00e9e, avec la nouvelle typo. La Lancia Pu+Ra Zero emprunte au design des Aurelia B20 et Flaminia les lignes douces et fluides de ses flancs, alors que le toit circulaire est sens\u00e9 inonder l&#8217;habitacle de lumi\u00e8re. Il rappelle aussi le cercle des vitrages de la Lancia Sibilo (Bertone)de 1978&nbsp;(ci-dessous. <strong>Photos : R\u00e9mi Dardegen.<\/strong><\/p>\n\n\n\n<figure class=\"wp-block-image size-large\"><img loading=\"lazy\" decoding=\"async\" width=\"1024\" height=\"778\" src=\"http:\/\/lignesauto.fr\/wp-content\/uploads\/2022\/11\/LANCIA_05-1024x778.png\" alt=\"\" class=\"wp-image-27030\" srcset=\"https:\/\/lignesauto.fr\/wp-content\/uploads\/2022\/11\/LANCIA_05-1024x778.png 1024w, https:\/\/lignesauto.fr\/wp-content\/uploads\/2022\/11\/LANCIA_05-300x228.png 300w, https:\/\/lignesauto.fr\/wp-content\/uploads\/2022\/11\/LANCIA_05-768x583.png 768w, https:\/\/lignesauto.fr\/wp-content\/uploads\/2022\/11\/LANCIA_05.png 1417w\" sizes=\"(max-width: 1024px) 100vw, 1024px\" \/><\/figure>\n\n\n\n<p style=\"font-size:17px\">\u00c0 l&#8217;arri\u00e8re, les feux rappellent ceux de la Stratos et seront repris sur la nouvelle Ypsilon, avec le nouveau lettrage Lancia positionn\u00e9 entre eux. On note \u00e9galement la pr\u00e9sence du (nouveau) logo sur les flancs de ce manifeste, une solution sans doute retenue pour les trois Lancia \u00e0 venir.<\/p>\n\n\n\n<figure class=\"wp-block-image size-large\"><img loading=\"lazy\" decoding=\"async\" width=\"1024\" height=\"715\" src=\"http:\/\/lignesauto.fr\/wp-content\/uploads\/2022\/11\/LANCIA_24-1024x715.jpg\" alt=\"\" class=\"wp-image-27032\" srcset=\"https:\/\/lignesauto.fr\/wp-content\/uploads\/2022\/11\/LANCIA_24-1024x715.jpg 1024w, https:\/\/lignesauto.fr\/wp-content\/uploads\/2022\/11\/LANCIA_24-300x210.jpg 300w, https:\/\/lignesauto.fr\/wp-content\/uploads\/2022\/11\/LANCIA_24-768x537.jpg 768w, https:\/\/lignesauto.fr\/wp-content\/uploads\/2022\/11\/LANCIA_24.jpg 1417w\" sizes=\"(max-width: 1024px) 100vw, 1024px\" \/><\/figure>\n\n\n\n<p style=\"font-size:17px\">Ce manifeste est la premi\u00e8re \u00e9chographie d\u2019une (re)naissance annonc\u00e9e. On per\u00e7oit sur l\u2019\u00e9cran que l\u2019enfant se porte bien. On ne conna\u00eet pas encore son sexe, mais son c\u0153ur bat. La prochaine \u00e9chographie est donc attendue en avril 2023 &#8211; avec le concept-car &#8211; , avant de voir na\u00eetre un premier enfant en 2024 sous les traits d\u2019une Ypsilon qui n\u2019aura plus grand-chose \u00e0 voir avec l\u2019actuelle.<\/p>\n\n\n\n<p class=\"has-medium-font-size\"><strong>EXCLUSIFS : PREMIERS INDICES DU DESIGN DES FUTURES LANCIA<\/strong><\/p>\n\n\n\n<figure class=\"wp-block-image size-large\"><img loading=\"lazy\" decoding=\"async\" width=\"1024\" height=\"733\" src=\"http:\/\/lignesauto.fr\/wp-content\/uploads\/2022\/11\/LANCIA_01-1024x733.jpg\" alt=\"\" class=\"wp-image-27038\" srcset=\"https:\/\/lignesauto.fr\/wp-content\/uploads\/2022\/11\/LANCIA_01-1024x733.jpg 1024w, https:\/\/lignesauto.fr\/wp-content\/uploads\/2022\/11\/LANCIA_01-300x215.jpg 300w, https:\/\/lignesauto.fr\/wp-content\/uploads\/2022\/11\/LANCIA_01-768x550.jpg 768w, https:\/\/lignesauto.fr\/wp-content\/uploads\/2022\/11\/LANCIA_01.jpg 1417w\" sizes=\"(max-width: 1024px) 100vw, 1024px\" \/><\/figure>\n\n\n\n<p style=\"font-size:17px\">Les documents qui suivent n&#8217;ont pas \u00e9t\u00e9 communiqu\u00e9s par le constructeur mais ont \u00e9t\u00e9 &#8220;captur\u00e9s&#8221; lors de la conf\u00e9rence de presse. Ils sont (peut-\u00eatre&#8230;) pour certains d&#8217;entre eux des esquisses de ce que l&#8217;on trouvera sur le prochain concept-car au printemps lors de la &#8220;Milan Design Week&#8221; du 17 au 23 avril 2023&#8230;<\/p>\n\n\n\n<figure class=\"wp-block-image size-large\"><img loading=\"lazy\" decoding=\"async\" width=\"1024\" height=\"741\" src=\"http:\/\/lignesauto.fr\/wp-content\/uploads\/2022\/11\/LANCIA_101-1024x741.jpg\" alt=\"\" class=\"wp-image-27039\" srcset=\"https:\/\/lignesauto.fr\/wp-content\/uploads\/2022\/11\/LANCIA_101-1024x741.jpg 1024w, https:\/\/lignesauto.fr\/wp-content\/uploads\/2022\/11\/LANCIA_101-300x217.jpg 300w, https:\/\/lignesauto.fr\/wp-content\/uploads\/2022\/11\/LANCIA_101-768x556.jpg 768w, https:\/\/lignesauto.fr\/wp-content\/uploads\/2022\/11\/LANCIA_101.jpg 1417w\" sizes=\"(max-width: 1024px) 100vw, 1024px\" \/><\/figure>\n\n\n\n<p style=\"font-size:17px\"><strong>Style ext\u00e9rieur, ci-dessus<\/strong>. Cette image est-elle celle de la face avant du prochain concept-car ? Celle d&#8217;une \u00e9tude de la future Delta ? Ce qui est certain, c&#8217;est qu&#8217;elle illustrait la communication sur le nouveau langage de style des futures Lancia, le &#8220;Pu+Ra&#8221;, PURE et RADICAL. On y retrouve <strong>en 1<\/strong> l&#8217;inscription Lancia au dessus de la nouvelle signature lumineuse en trois lignes : deux horizontales, une verticale (<strong>en 2<\/strong>). <strong>En 3<\/strong>, cette vue confirme les mots de Jean-Pierre Plou\u00e9 : les formes g\u00e9om\u00e9triques seront reines, comme ici des lignes verticales. Mais il y aura aussi des ronds, et pas seulement \u00e0 bord puisqu&#8217;on en devine ici, <strong>en 4<\/strong> sur le soft-nose. Enfin, les flancs des futures Lancia seront fluides, sensuels et compos\u00e9s de volumes souples, <strong>en 5<\/strong>.<\/p>\n\n\n\n<figure class=\"wp-block-image size-large\"><img loading=\"lazy\" decoding=\"async\" width=\"1024\" height=\"913\" src=\"http:\/\/lignesauto.fr\/wp-content\/uploads\/2022\/11\/LANCIA_104-1024x913.jpg\" alt=\"\" class=\"wp-image-27041\" srcset=\"https:\/\/lignesauto.fr\/wp-content\/uploads\/2022\/11\/LANCIA_104-1024x913.jpg 1024w, https:\/\/lignesauto.fr\/wp-content\/uploads\/2022\/11\/LANCIA_104-300x268.jpg 300w, https:\/\/lignesauto.fr\/wp-content\/uploads\/2022\/11\/LANCIA_104-768x685.jpg 768w, https:\/\/lignesauto.fr\/wp-content\/uploads\/2022\/11\/LANCIA_104.jpg 1417w\" sizes=\"(max-width: 1024px) 100vw, 1024px\" \/><\/figure>\n\n\n\n<p style=\"font-size:17px\">Ci-dessus, toujours extraite de la vid\u00e9o de conf\u00e9rence, cette jante adopte en son centre les trois lignes de l&#8217;identit\u00e9 lumineuse du &#8220;calice&#8221; r\u00e9interpr\u00e9t\u00e9 sur la calandre des futures Lancia.<\/p>\n\n\n\n<figure class=\"wp-block-image size-large\"><img loading=\"lazy\" decoding=\"async\" width=\"1024\" height=\"717\" src=\"http:\/\/lignesauto.fr\/wp-content\/uploads\/2022\/11\/LANCIA_102-1-1024x717.jpg\" alt=\"\" class=\"wp-image-27042\" srcset=\"https:\/\/lignesauto.fr\/wp-content\/uploads\/2022\/11\/LANCIA_102-1-1024x717.jpg 1024w, https:\/\/lignesauto.fr\/wp-content\/uploads\/2022\/11\/LANCIA_102-1-300x210.jpg 300w, https:\/\/lignesauto.fr\/wp-content\/uploads\/2022\/11\/LANCIA_102-1-768x538.jpg 768w, https:\/\/lignesauto.fr\/wp-content\/uploads\/2022\/11\/LANCIA_102-1.jpg 1417w\" sizes=\"(max-width: 1024px) 100vw, 1024px\" \/><\/figure>\n\n\n\n<p style=\"font-size:17px\"><strong>Cette vue d&#8217;un habitacle futuriste<\/strong> met en avant le &#8220;rond&#8221; avec, en guise de console, <strong>l&#8217;\u00e9l\u00e9ment cl\u00e9 qui pourrait bien \u00eatre l&#8217;innovation majeure des futurs mod\u00e8les<\/strong>. Explications : les Lancia offriront une technologie embarqu\u00e9e simple et intuitive. Le S.A.L.A., Sound Air Light Augmented qui sera une interface minimaliste et intelligente et donnera au client le contr\u00f4le total de l&#8217;habitacle du v\u00e9hicule, de la sonorisation \u00e0 la climatisation en passant par l&#8217;\u00e9clairage, via une seule commande. Serait-elle situ\u00e9e sur cette tablette toute ronde ?<\/p>\n\n\n\n<figure class=\"wp-block-image size-large\"><img loading=\"lazy\" decoding=\"async\" width=\"861\" height=\"1024\" src=\"http:\/\/lignesauto.fr\/wp-content\/uploads\/2022\/11\/LANCIA_09-861x1024.png\" alt=\"\" class=\"wp-image-27044\" srcset=\"https:\/\/lignesauto.fr\/wp-content\/uploads\/2022\/11\/LANCIA_09-861x1024.png 861w, https:\/\/lignesauto.fr\/wp-content\/uploads\/2022\/11\/LANCIA_09-252x300.png 252w, https:\/\/lignesauto.fr\/wp-content\/uploads\/2022\/11\/LANCIA_09-768x913.png 768w, https:\/\/lignesauto.fr\/wp-content\/uploads\/2022\/11\/LANCIA_09-1292x1536.png 1292w, https:\/\/lignesauto.fr\/wp-content\/uploads\/2022\/11\/LANCIA_09.png 1417w\" sizes=\"(max-width: 861px) 100vw, 861px\" \/><\/figure>\n\n\n\n<p style=\"font-size:17px\">Ci-dessus, <strong>une vue assez pr\u00e9cise d&#8217;une \u00e9tude de planche de bord<\/strong> (celle du concept ou une \u00e9tude de s\u00e9rie ?) qui met en avant une fois encore les \u00e9l\u00e9ments qui ont \u00e9t\u00e9 repris dans l&#8217;ADN de Lancia, comme les orifices (<strong>en 1<\/strong>) parfaitement visibles sur la coiffe de planche qui \u00e9voquent ceux de la planche de bord de la Lancia Trevi, sign\u00e9e Bellini. <strong>En 2<\/strong>, le corps de planche est un \u00e9cran total alors qu&#8217;<strong>en 3<\/strong>, les branches du volant reprennent les trois lignes du &#8220;calice&#8221; de la signature lumineuse. <strong>En 4<\/strong>, peut-\u00eatre est-ce la commande S.A.L.A. du &#8220;Sound Air Light Augmented&#8221; ?<\/p>\n\n\n\n<figure class=\"wp-block-image size-large\"><img loading=\"lazy\" decoding=\"async\" width=\"803\" height=\"1024\" src=\"http:\/\/lignesauto.fr\/wp-content\/uploads\/2022\/11\/LANCIA_07-803x1024.png\" alt=\"\" class=\"wp-image-27051\" srcset=\"https:\/\/lignesauto.fr\/wp-content\/uploads\/2022\/11\/LANCIA_07-803x1024.png 803w, https:\/\/lignesauto.fr\/wp-content\/uploads\/2022\/11\/LANCIA_07-235x300.png 235w, https:\/\/lignesauto.fr\/wp-content\/uploads\/2022\/11\/LANCIA_07-768x980.png 768w, https:\/\/lignesauto.fr\/wp-content\/uploads\/2022\/11\/LANCIA_07-1204x1536.png 1204w, https:\/\/lignesauto.fr\/wp-content\/uploads\/2022\/11\/LANCIA_07.png 1417w\" sizes=\"(max-width: 803px) 100vw, 803px\" \/><\/figure>\n\n\n\n<p style=\"font-size:17px\">En haut, une nouvelle <strong>vue du studio de style qui met en avant le confort \u00e0 l&#8217;italienne<\/strong>. Est-ce la banquette arri\u00e8re du concept-car \u00e0 venir ? Toujours est-il qu&#8217;on retrouve la forme ronde en guise de console centrale arri\u00e8re alors que, juste en dessous, voici le canap\u00e9 Divano de l&#8217;italien d\u2019ameublement de luxe Cassina avec lequel Lancia coop\u00e8re d\u00e9sormais. <strong>Des indices forts sur le futur des habitacles de Lancia&#8230;<\/strong><\/p>\n\n\n\n<figure class=\"wp-block-image size-large\"><img loading=\"lazy\" decoding=\"async\" width=\"827\" height=\"1024\" src=\"http:\/\/lignesauto.fr\/wp-content\/uploads\/2022\/11\/LANCIA_201-827x1024.png\" alt=\"\" class=\"wp-image-27054\" srcset=\"https:\/\/lignesauto.fr\/wp-content\/uploads\/2022\/11\/LANCIA_201-827x1024.png 827w, https:\/\/lignesauto.fr\/wp-content\/uploads\/2022\/11\/LANCIA_201-242x300.png 242w, https:\/\/lignesauto.fr\/wp-content\/uploads\/2022\/11\/LANCIA_201-768x951.png 768w, https:\/\/lignesauto.fr\/wp-content\/uploads\/2022\/11\/LANCIA_201-1241x1536.png 1241w, https:\/\/lignesauto.fr\/wp-content\/uploads\/2022\/11\/LANCIA_201.png 1417w\" sizes=\"(max-width: 827px) 100vw, 827px\" \/><\/figure>\n\n\n\n<p style=\"font-size:17px\">Et puisque l&#8217;on \u00e9voque l&#8217;Italien Cassina et la coop\u00e9ration avec Lancia, signalons que la grande marque de luxe propose la m\u00e9ridienne de Le Corbusier \u00e0 son catalogue (en haut). Inspirera-t-elle les designers de Lancia ? Toujours est-il que J\u00e9r\u00e9my Lebonnois, designer Citro\u00ebn, a d\u00e9j\u00e0 implant\u00e9 cette m\u00e9ridienne -largement revue-, \u00e0 bord du concept-car 19_19 en 2019. Et, \u00f4 hasard, le responsable des concept-cars Citro\u00ebn de l&#8217;\u00e9poque \u00e9tait Fr\u00e9d\u00e9ric Duvernier, aujourd&#8217;hui responsable du style ext\u00e9rieur de&#8230; Lancia. Le monde est d\u00e9cid\u00e9ment tr\u00e8s petit !<\/p>\n\n\n<div class=\"wp-block-image\">\n<figure class=\"aligncenter size-full is-resized\"><img loading=\"lazy\" decoding=\"async\" src=\"http:\/\/lignesauto.fr\/wp-content\/uploads\/2022\/10\/image-5.png\" alt=\"\" class=\"wp-image-26624\" width=\"549\" height=\"197\" srcset=\"https:\/\/lignesauto.fr\/wp-content\/uploads\/2022\/10\/image-5.png 1024w, https:\/\/lignesauto.fr\/wp-content\/uploads\/2022\/10\/image-5-300x108.png 300w, https:\/\/lignesauto.fr\/wp-content\/uploads\/2022\/10\/image-5-768x275.png 768w\" sizes=\"(max-width: 549px) 100vw, 549px\" \/><\/figure><\/div>","protected":false},"excerpt":{"rendered":"<p>Luca Nopolitano (ci-dessous \u00e0 gauche), directeur de la marque, a annonc\u00e9 ce lundi 28 novembre 2022 que \u00ab&nbsp;Lancia sera \u00e0 nouveau une marque d\u00e9sirable, respect\u00e9e et fiable sur le march\u00e9 europ\u00e9en du haut de gamme. Aujourd&#8217;hui, c&#8217;est le d\u00e9but de la nouvelle \u00e8re Lancia !&nbsp;\u00bb Premiers indices du design des [&hellip;]<\/p>\n","protected":false},"author":1,"featured_media":27039,"comment_status":"closed","ping_status":"closed","sticky":false,"template":"","format":"standard","meta":{"footnotes":""},"categories":[1],"tags":[],"_links":{"self":[{"href":"https:\/\/lignesauto.fr\/index.php?rest_route=\/wp\/v2\/posts\/27008"}],"collection":[{"href":"https:\/\/lignesauto.fr\/index.php?rest_route=\/wp\/v2\/posts"}],"about":[{"href":"https:\/\/lignesauto.fr\/index.php?rest_route=\/wp\/v2\/types\/post"}],"author":[{"embeddable":true,"href":"https:\/\/lignesauto.fr\/index.php?rest_route=\/wp\/v2\/users\/1"}],"replies":[{"embeddable":true,"href":"https:\/\/lignesauto.fr\/index.php?rest_route=%2Fwp%2Fv2%2Fcomments&post=27008"}],"version-history":[{"count":55,"href":"https:\/\/lignesauto.fr\/index.php?rest_route=\/wp\/v2\/posts\/27008\/revisions"}],"predecessor-version":[{"id":27145,"href":"https:\/\/lignesauto.fr\/index.php?rest_route=\/wp\/v2\/posts\/27008\/revisions\/27145"}],"wp:featuredmedia":[{"embeddable":true,"href":"https:\/\/lignesauto.fr\/index.php?rest_route=\/wp\/v2\/media\/27039"}],"wp:attachment":[{"href":"https:\/\/lignesauto.fr\/index.php?rest_route=%2Fwp%2Fv2%2Fmedia&parent=27008"}],"wp:term":[{"taxonomy":"category","embeddable":true,"href":"https:\/\/lignesauto.fr\/index.php?rest_route=%2Fwp%2Fv2%2Fcategories&post=27008"},{"taxonomy":"post_tag","embeddable":true,"href":"https:\/\/lignesauto.fr\/index.php?rest_route=%2Fwp%2Fv2%2Ftags&post=27008"}],"curies":[{"name":"wp","href":"https:\/\/api.w.org\/{rel}","templated":true}]}}