{"id":27058,"date":"2023-01-04T08:54:00","date_gmt":"2023-01-04T07:54:00","guid":{"rendered":"http:\/\/lignesauto.fr\/?p=27058"},"modified":"2023-01-04T10:18:06","modified_gmt":"2023-01-04T09:18:06","slug":"exclusive-the-design-secrets-of-future-lancia-models-and-the-new-pura-design-language","status":"publish","type":"post","link":"https:\/\/lignesauto.fr\/?p=27058","title":{"rendered":"Exclusive: the design secrets of future Lancia models and the new Pu+Ra Design language"},"content":{"rendered":"<div class=\"wp-block-image\">\n<figure class=\"aligncenter size-full is-resized\"><img loading=\"lazy\" decoding=\"async\" src=\"http:\/\/lignesauto.fr\/wp-content\/uploads\/2022\/10\/image-5.png\" alt=\"\" class=\"wp-image-26624\" width=\"450\" height=\"161\" srcset=\"https:\/\/lignesauto.fr\/wp-content\/uploads\/2022\/10\/image-5.png 1024w, https:\/\/lignesauto.fr\/wp-content\/uploads\/2022\/10\/image-5-300x108.png 300w, https:\/\/lignesauto.fr\/wp-content\/uploads\/2022\/10\/image-5-768x275.png 768w\" sizes=\"(max-width: 450px) 100vw, 450px\" \/><\/figure><\/div>\n\n\n<p style=\"font-size:17px\">Luca Nopolitano (below left), brand director, announced on Monday 28th November 2022 that &#8220;Lancia will once again be a desirable, respected and reliable brand in the European premium market. Today is the beginning of the new Lancia era! <strong>First hints of the future Lancia design at the end of this post\u2026<\/strong><\/p>\n\n\n\n<figure class=\"wp-block-image size-large\"><img loading=\"lazy\" decoding=\"async\" width=\"1024\" height=\"683\" src=\"http:\/\/lignesauto.fr\/wp-content\/uploads\/2022\/11\/LANCIA_20-1024x683.jpeg\" alt=\"\" class=\"wp-image-27016\" srcset=\"https:\/\/lignesauto.fr\/wp-content\/uploads\/2022\/11\/LANCIA_20-1024x683.jpeg 1024w, https:\/\/lignesauto.fr\/wp-content\/uploads\/2022\/11\/LANCIA_20-300x200.jpeg 300w, https:\/\/lignesauto.fr\/wp-content\/uploads\/2022\/11\/LANCIA_20-768x512.jpeg 768w, https:\/\/lignesauto.fr\/wp-content\/uploads\/2022\/11\/LANCIA_20.jpeg 1417w\" sizes=\"(max-width: 1024px) 100vw, 1024px\" \/><\/figure>\n\n\n\n<p style=\"font-size:17px\">For this first meeting with the future of Lancia, Jean-Pierre Plou\u00e9 (above right), the brand&#8217;s design director, took a risk, that of addressing a much more open universe than that expected by Lancia aficionados and the automotive world. With his Pu+Ra Zero manifesto, the Lancia design team he heads (it&#8217;s actually a small team, like a start-up) unveils its design strategy, and offers us some concrete elements that will build the style of the future Ypsilon (2024), flagship (2026) and finally, Delta of 2028.<\/p>\n\n\n\n<figure class=\"wp-block-image size-large\"><img loading=\"lazy\" decoding=\"async\" width=\"768\" height=\"1024\" src=\"http:\/\/lignesauto.fr\/wp-content\/uploads\/2022\/11\/LANCIA_18-768x1024.jpeg\" alt=\"\" class=\"wp-image-27019\" srcset=\"https:\/\/lignesauto.fr\/wp-content\/uploads\/2022\/11\/LANCIA_18-768x1024.jpeg 768w, https:\/\/lignesauto.fr\/wp-content\/uploads\/2022\/11\/LANCIA_18-225x300.jpeg 225w, https:\/\/lignesauto.fr\/wp-content\/uploads\/2022\/11\/LANCIA_18-1152x1536.jpeg 1152w, https:\/\/lignesauto.fr\/wp-content\/uploads\/2022\/11\/LANCIA_18.jpeg 1417w\" sizes=\"(max-width: 768px) 100vw, 768px\" \/><\/figure>\n\n\n\n<p style=\"font-size:17px\">This sculpture, halfway between a work of art and a car, must be deciphered with care. It does not represent any of the silhouettes of the next three Lancias. Let&#8217;s cut through the fabrications: even if the Lancias of the future will be equipped with all the authorised driver control systems, they will still have wheels. It&#8217;s a pity, because our forefathers&#8217; vision of the car of the year 2000 in the 1950s showed ambitious flying cars.<\/p>\n\n\n\n<figure class=\"wp-block-image size-large\"><img loading=\"lazy\" decoding=\"async\" width=\"1024\" height=\"662\" src=\"http:\/\/lignesauto.fr\/wp-content\/uploads\/2022\/11\/LANCIA_200-1024x662.jpg\" alt=\"\" class=\"wp-image-27020\" srcset=\"https:\/\/lignesauto.fr\/wp-content\/uploads\/2022\/11\/LANCIA_200-1024x662.jpg 1024w, https:\/\/lignesauto.fr\/wp-content\/uploads\/2022\/11\/LANCIA_200-300x194.jpg 300w, https:\/\/lignesauto.fr\/wp-content\/uploads\/2022\/11\/LANCIA_200-768x496.jpg 768w, https:\/\/lignesauto.fr\/wp-content\/uploads\/2022\/11\/LANCIA_200.jpg 1417w\" sizes=\"(max-width: 1024px) 100vw, 1024px\" \/><figcaption class=\"wp-element-caption\"><strong>One of the few wheel-less concept cars of recent decades: the Renault Reinastella created for Euro Disneyland. Louis Schweitzer is on the left and Patrick le Qu\u00e9ment on the right.<\/strong><\/figcaption><\/figure>\n\n\n\n<p style=\"font-size:17px\">Some, including LIGNES\/auto, will also recall the original Renault Reinastella (above) unveiled for the opening of Disneyland Park in 1992. But this is not a game, but rather a solid and well thought-out intention for the future of Lancia. Let&#8217;s make it clear right away that this manifesto, unveiled on November 28, 2022, will be followed by a (real) concept car next spring. It will not be an evocation of the next Ypsilon, but it will be an even finer expression of the new Lancia design philosophy. The latter is based on simple geometries, such as the round, the triangle or the straight line.<\/p>\n\n\n\n<figure class=\"wp-block-image size-large\"><img loading=\"lazy\" decoding=\"async\" width=\"768\" height=\"1024\" src=\"http:\/\/lignesauto.fr\/wp-content\/uploads\/2022\/11\/LANCIA_19-768x1024.jpeg\" alt=\"\" class=\"wp-image-27024\" srcset=\"https:\/\/lignesauto.fr\/wp-content\/uploads\/2022\/11\/LANCIA_19-768x1024.jpeg 768w, https:\/\/lignesauto.fr\/wp-content\/uploads\/2022\/11\/LANCIA_19-225x300.jpeg 225w, https:\/\/lignesauto.fr\/wp-content\/uploads\/2022\/11\/LANCIA_19-1152x1536.jpeg 1152w, https:\/\/lignesauto.fr\/wp-content\/uploads\/2022\/11\/LANCIA_19.jpeg 1417w\" sizes=\"(max-width: 768px) 100vw, 768px\" \/><\/figure>\n\n\n\n<p style=\"font-size:17px\">The circle will first be found in 2024 on the rear lights of the Ypsilon, which will frame the Lancia name in a much more inspired typography than before. As for the triangle, it is present on the manifesto. It is taken from the bonnet of the legendary Stratos Zero, a Dream-car created by Gandini in 1970 (below).<\/p>\n\n\n\n<figure class=\"wp-block-image size-large\"><img loading=\"lazy\" decoding=\"async\" width=\"1024\" height=\"703\" src=\"http:\/\/lignesauto.fr\/wp-content\/uploads\/2022\/11\/LANCIA_23-1024x703.jpg\" alt=\"\" class=\"wp-image-27025\" srcset=\"https:\/\/lignesauto.fr\/wp-content\/uploads\/2022\/11\/LANCIA_23-1024x703.jpg 1024w, https:\/\/lignesauto.fr\/wp-content\/uploads\/2022\/11\/LANCIA_23-300x206.jpg 300w, https:\/\/lignesauto.fr\/wp-content\/uploads\/2022\/11\/LANCIA_23-768x527.jpg 768w, https:\/\/lignesauto.fr\/wp-content\/uploads\/2022\/11\/LANCIA_23.jpg 1417w\" sizes=\"(max-width: 1024px) 100vw, 1024px\" \/><\/figure>\n\n\n\n<p style=\"font-size:17px\">The sides, on the other hand, will be built around flowing volumes, while the central circle that pierces the roof of Pu+Ra Zero suggests the extreme collusion between the exterior design and the interior. Regarding the latter, Lancia has announced its partnership with Cassina. There is no intention of asking this Italian furniture company of more than a century to design the future interiors of Lancia. But the partnership will be productive in other respects, not least the presence of 50% recycled materials on board these three future Lancias.<\/p>\n\n\n\n<figure class=\"wp-block-image size-large\"><img loading=\"lazy\" decoding=\"async\" width=\"1024\" height=\"576\" src=\"http:\/\/lignesauto.fr\/wp-content\/uploads\/2022\/11\/LANCIA_11-1024x576.jpeg\" alt=\"\" class=\"wp-image-27029\" srcset=\"https:\/\/lignesauto.fr\/wp-content\/uploads\/2022\/11\/LANCIA_11-1024x576.jpeg 1024w, https:\/\/lignesauto.fr\/wp-content\/uploads\/2022\/11\/LANCIA_11-300x169.jpeg 300w, https:\/\/lignesauto.fr\/wp-content\/uploads\/2022\/11\/LANCIA_11-768x432.jpeg 768w, https:\/\/lignesauto.fr\/wp-content\/uploads\/2022\/11\/LANCIA_11.jpeg 1417w\" sizes=\"(max-width: 1024px) 100vw, 1024px\" \/><\/figure>\n\n\n\n<p style=\"font-size:17px\">The manufacturer states that &#8220;the interiors of future Lancia cars will be perfectly consistent with the design of their exteriors. Once on board, drivers and passengers will be embraced by the typical Lancia elegance, with interiors inspired by past icons such as the Gamma coup\u00e9, Thema and Flavia, which are now enriched with simple and intuitive technology in line with the brand&#8217;s DNA. The result is an authentic &#8216;living room&#8217; atmosphere, offering a feeling similar to that felt in a typical Italian home.&#8221;<\/p>\n\n\n\n<figure class=\"wp-block-image size-large\"><img loading=\"lazy\" decoding=\"async\" width=\"1024\" height=\"576\" src=\"http:\/\/lignesauto.fr\/wp-content\/uploads\/2022\/11\/LANCIA_15-1024x576.jpeg\" alt=\"\" class=\"wp-image-27028\" srcset=\"https:\/\/lignesauto.fr\/wp-content\/uploads\/2022\/11\/LANCIA_15-1024x576.jpeg 1024w, https:\/\/lignesauto.fr\/wp-content\/uploads\/2022\/11\/LANCIA_15-300x169.jpeg 300w, https:\/\/lignesauto.fr\/wp-content\/uploads\/2022\/11\/LANCIA_15-768x432.jpeg 768w, https:\/\/lignesauto.fr\/wp-content\/uploads\/2022\/11\/LANCIA_15.jpeg 1417w\" sizes=\"(max-width: 1024px) 100vw, 1024px\" \/><\/figure>\n\n\n\n<p style=\"font-size:17px\">The Pu+Ra Zero concept also reinterprets the historic grille with the famous &#8216;calice&#8217; now represented by three rays of light. This new front light signature will make the next three Lancia cars instantly recognisable by day or night. On the latter three, the brand name will be positioned above the reinterpreted grille, with the new typeface. The Lancia Pu+Ra Zero borrows the soft, flowing lines of its sides from the Aurelia B20 and Flaminia, while the circular roof is supposed to flood the cabin with light. It is also reminiscent of the circle of windows on the 1978 Lancia Sibilo (below) <strong>PHOTOS : R\u00e9mi Dardegen<\/strong><\/p>\n\n\n\n<figure class=\"wp-block-image size-large\"><img loading=\"lazy\" decoding=\"async\" width=\"1024\" height=\"778\" src=\"http:\/\/lignesauto.fr\/wp-content\/uploads\/2022\/11\/LANCIA_05-1024x778.png\" alt=\"\" class=\"wp-image-27030\" srcset=\"https:\/\/lignesauto.fr\/wp-content\/uploads\/2022\/11\/LANCIA_05-1024x778.png 1024w, https:\/\/lignesauto.fr\/wp-content\/uploads\/2022\/11\/LANCIA_05-300x228.png 300w, https:\/\/lignesauto.fr\/wp-content\/uploads\/2022\/11\/LANCIA_05-768x583.png 768w, https:\/\/lignesauto.fr\/wp-content\/uploads\/2022\/11\/LANCIA_05.png 1417w\" sizes=\"(max-width: 1024px) 100vw, 1024px\" \/><\/figure>\n\n\n\n<p style=\"font-size:17px\">At the rear, the lights are reminiscent of those of the Stratos and will be used on the new Ypsilon, with the new Lancia lettering positioned between them. We also note the presence of the (new) logo on the sides of this manifesto, a solution no doubt retained for the three Lancias to come.<\/p>\n\n\n\n<figure class=\"wp-block-image size-large\"><img loading=\"lazy\" decoding=\"async\" width=\"1024\" height=\"715\" src=\"http:\/\/lignesauto.fr\/wp-content\/uploads\/2022\/11\/LANCIA_24-1024x715.jpg\" alt=\"\" class=\"wp-image-27032\" srcset=\"https:\/\/lignesauto.fr\/wp-content\/uploads\/2022\/11\/LANCIA_24-1024x715.jpg 1024w, https:\/\/lignesauto.fr\/wp-content\/uploads\/2022\/11\/LANCIA_24-300x210.jpg 300w, https:\/\/lignesauto.fr\/wp-content\/uploads\/2022\/11\/LANCIA_24-768x537.jpg 768w, https:\/\/lignesauto.fr\/wp-content\/uploads\/2022\/11\/LANCIA_24.jpg 1417w\" sizes=\"(max-width: 1024px) 100vw, 1024px\" \/><\/figure>\n\n\n\n<p style=\"font-size:17px\">This manifesto is the first ultrasound of an announced (re)birth. On the screen we can see that the baby is doing well. Its sex is not yet known, but its heart is beating. The next ultrasound is expected in April 2023 &#8211; with the concept car &#8211; before the first child is born in 2024 in the shape of a Ypsilon that will have little to do with the current one.<\/p>\n\n\n\n<p class=\"has-medium-font-size\"><strong>EXCLUSIVE : FIRST HINTS AT FUTURE LANCIA DESIGNS<\/strong><\/p>\n\n\n\n<figure class=\"wp-block-image size-large\"><img loading=\"lazy\" decoding=\"async\" width=\"1024\" height=\"733\" src=\"http:\/\/lignesauto.fr\/wp-content\/uploads\/2022\/11\/LANCIA_01-1024x733.jpg\" alt=\"\" class=\"wp-image-27038\" srcset=\"https:\/\/lignesauto.fr\/wp-content\/uploads\/2022\/11\/LANCIA_01-1024x733.jpg 1024w, https:\/\/lignesauto.fr\/wp-content\/uploads\/2022\/11\/LANCIA_01-300x215.jpg 300w, https:\/\/lignesauto.fr\/wp-content\/uploads\/2022\/11\/LANCIA_01-768x550.jpg 768w, https:\/\/lignesauto.fr\/wp-content\/uploads\/2022\/11\/LANCIA_01.jpg 1417w\" sizes=\"(max-width: 1024px) 100vw, 1024px\" \/><\/figure>\n\n\n\n<p style=\"font-size:17px\">The following documents have not been released by the manufacturer but I have &#8220;captured&#8221; them during the press conference. Some of them are (maybe\u2026) sketches of what we will find on the next concept car in the spring during the &#8220;Milan Design Week&#8221; from 17 to 23 April 2023\u2026<\/p>\n\n\n\n<figure class=\"wp-block-image size-large\"><img loading=\"lazy\" decoding=\"async\" width=\"1024\" height=\"741\" src=\"http:\/\/lignesauto.fr\/wp-content\/uploads\/2022\/11\/LANCIA_101-1024x741.jpg\" alt=\"\" class=\"wp-image-27039\" srcset=\"https:\/\/lignesauto.fr\/wp-content\/uploads\/2022\/11\/LANCIA_101-1024x741.jpg 1024w, https:\/\/lignesauto.fr\/wp-content\/uploads\/2022\/11\/LANCIA_101-300x217.jpg 300w, https:\/\/lignesauto.fr\/wp-content\/uploads\/2022\/11\/LANCIA_101-768x556.jpg 768w, https:\/\/lignesauto.fr\/wp-content\/uploads\/2022\/11\/LANCIA_101.jpg 1417w\" sizes=\"(max-width: 1024px) 100vw, 1024px\" \/><\/figure>\n\n\n\n<p style=\"font-size:17px\"><strong>Exterior styling, above<\/strong>. Is this image the front end of the next concept car? Or a study of the future Delta? What is certain is that it illustrates the communication on the new style language of the future Lancia, the &#8220;Pu+Ra&#8221;, PURE and RADICAL. <strong>In 1<\/strong>, we see the Lancia inscription above the new light signature in three lines: two horizontal, one vertical (<strong>in 2<\/strong>). <strong>In 3<\/strong>, this view confirms the words of Jean-Pierre Plou\u00e9: geometrical shapes will be king, like here vertical lines. But there will also be circles, and not only on board, as we can see here, <strong>in 4<\/strong>. Finally, the sides of the future Lancia will be fluid, sensual and composed of soft volumes, <strong>in 5<\/strong>.<\/p>\n\n\n\n<figure class=\"wp-block-image size-large\"><img loading=\"lazy\" decoding=\"async\" width=\"1024\" height=\"913\" src=\"http:\/\/lignesauto.fr\/wp-content\/uploads\/2022\/11\/LANCIA_104-1024x913.jpg\" alt=\"\" class=\"wp-image-27041\" srcset=\"https:\/\/lignesauto.fr\/wp-content\/uploads\/2022\/11\/LANCIA_104-1024x913.jpg 1024w, https:\/\/lignesauto.fr\/wp-content\/uploads\/2022\/11\/LANCIA_104-300x268.jpg 300w, https:\/\/lignesauto.fr\/wp-content\/uploads\/2022\/11\/LANCIA_104-768x685.jpg 768w, https:\/\/lignesauto.fr\/wp-content\/uploads\/2022\/11\/LANCIA_104.jpg 1417w\" sizes=\"(max-width: 1024px) 100vw, 1024px\" \/><\/figure>\n\n\n\n<p style=\"font-size:17px\">Above, again taken from the conference video, this wheel adopts in its centre the three lines of the luminous identity and the &#8220;calice&#8221; reinterpreted on the grille of future Lancia cars.<\/p>\n\n\n\n<figure class=\"wp-block-image size-large\"><img loading=\"lazy\" decoding=\"async\" width=\"1024\" height=\"717\" src=\"http:\/\/lignesauto.fr\/wp-content\/uploads\/2022\/11\/LANCIA_102-1-1024x717.jpg\" alt=\"\" class=\"wp-image-27042\" srcset=\"https:\/\/lignesauto.fr\/wp-content\/uploads\/2022\/11\/LANCIA_102-1-1024x717.jpg 1024w, https:\/\/lignesauto.fr\/wp-content\/uploads\/2022\/11\/LANCIA_102-1-300x210.jpg 300w, https:\/\/lignesauto.fr\/wp-content\/uploads\/2022\/11\/LANCIA_102-1-768x538.jpg 768w, https:\/\/lignesauto.fr\/wp-content\/uploads\/2022\/11\/LANCIA_102-1.jpg 1417w\" sizes=\"(max-width: 1024px) 100vw, 1024px\" \/><\/figure>\n\n\n\n<p style=\"font-size:17px\">This view of a <strong>futuristic interior <\/strong>shows the &#8217;round&#8217; with the key element of the console, which could be the major innovation of future models. Explanations: Lancia will offer simple and intuitive on-board technology. The S.A.L.A., Sound Air Light Augmented, which will be a minimalist and intelligent interface and will give the customer total control of the vehicle&#8217;s interior, from the sound system to the air conditioning and lighting, via a single command. Would it be located on that round tablet?<\/p>\n\n\n\n<figure class=\"wp-block-image size-large\"><img loading=\"lazy\" decoding=\"async\" width=\"861\" height=\"1024\" src=\"http:\/\/lignesauto.fr\/wp-content\/uploads\/2022\/11\/LANCIA_09-861x1024.png\" alt=\"\" class=\"wp-image-27044\" srcset=\"https:\/\/lignesauto.fr\/wp-content\/uploads\/2022\/11\/LANCIA_09-861x1024.png 861w, https:\/\/lignesauto.fr\/wp-content\/uploads\/2022\/11\/LANCIA_09-252x300.png 252w, https:\/\/lignesauto.fr\/wp-content\/uploads\/2022\/11\/LANCIA_09-768x913.png 768w, https:\/\/lignesauto.fr\/wp-content\/uploads\/2022\/11\/LANCIA_09-1292x1536.png 1292w, https:\/\/lignesauto.fr\/wp-content\/uploads\/2022\/11\/LANCIA_09.png 1417w\" sizes=\"(max-width: 861px) 100vw, 861px\" \/><\/figure>\n\n\n\n<p style=\"font-size:17px\">Above, a r<strong>ather precise view of a dashboard study<\/strong> (the concept one or a production study?) which once again highlights the elements that have been taken from Lancia&#8217;s DNA, such as the perfectly visible holes (<strong>in 1<\/strong>) on the dashboard cover that evoke those of the dashboard of the Lancia Trevi, designed by Bellini. <strong>In 2<\/strong>, the body of the dashboard is a total screen, while <strong>in 3<\/strong>, the steering wheel arms repeat the three lines of the &#8220;chalice&#8221; of the light signature. <strong>In 4<\/strong>, perhaps it&#8217;s the S.A.L.A. control for &#8220;Sound Air Light Augmented&#8221;?<\/p>\n\n\n\n<figure class=\"wp-block-image size-large\"><img loading=\"lazy\" decoding=\"async\" width=\"803\" height=\"1024\" src=\"http:\/\/lignesauto.fr\/wp-content\/uploads\/2022\/11\/LANCIA_07-803x1024.png\" alt=\"\" class=\"wp-image-27051\" srcset=\"https:\/\/lignesauto.fr\/wp-content\/uploads\/2022\/11\/LANCIA_07-803x1024.png 803w, https:\/\/lignesauto.fr\/wp-content\/uploads\/2022\/11\/LANCIA_07-235x300.png 235w, https:\/\/lignesauto.fr\/wp-content\/uploads\/2022\/11\/LANCIA_07-768x980.png 768w, https:\/\/lignesauto.fr\/wp-content\/uploads\/2022\/11\/LANCIA_07-1204x1536.png 1204w, https:\/\/lignesauto.fr\/wp-content\/uploads\/2022\/11\/LANCIA_07.png 1417w\" sizes=\"(max-width: 803px) 100vw, 803px\" \/><\/figure>\n\n\n\n<p style=\"font-size:17px\">Above, a new view from the styling studio that emphasises Italian comfort. Is this the rear seat of the forthcoming concept car? The round shape of the rear centre console is still there, while just below it is the Divano sofa from the Italian luxury furniture company Cassina, with whom Lancia is now cooperating. Strong clues to the future of Lancia&#8217;s interiors\u2026<\/p>\n\n\n\n<figure class=\"wp-block-image size-large\"><img loading=\"lazy\" decoding=\"async\" width=\"827\" height=\"1024\" src=\"http:\/\/lignesauto.fr\/wp-content\/uploads\/2022\/11\/LANCIA_201-827x1024.png\" alt=\"\" class=\"wp-image-27054\" srcset=\"https:\/\/lignesauto.fr\/wp-content\/uploads\/2022\/11\/LANCIA_201-827x1024.png 827w, https:\/\/lignesauto.fr\/wp-content\/uploads\/2022\/11\/LANCIA_201-242x300.png 242w, https:\/\/lignesauto.fr\/wp-content\/uploads\/2022\/11\/LANCIA_201-768x951.png 768w, https:\/\/lignesauto.fr\/wp-content\/uploads\/2022\/11\/LANCIA_201-1241x1536.png 1241w, https:\/\/lignesauto.fr\/wp-content\/uploads\/2022\/11\/LANCIA_201.png 1417w\" sizes=\"(max-width: 827px) 100vw, 827px\" \/><\/figure>\n\n\n\n<p style=\"font-size:17px\">And since we are talking about the Italian Cassina and the cooperation with Lancia, let&#8217;s mention that the big luxury brand offers Le Corbusier&#8217;s meridienne in its catalogue (above). Will it inspire Lancia&#8217;s designers? Citro\u00ebn designer J\u00e9r\u00e9my Lebonnois has already put this &#8211; largely revised &#8211; meridian on board the 19_19 concept car in 2019. And, by chance, the person in charge of Citro\u00ebn&#8217;s concept cars at the time was Fr\u00e9d\u00e9ric Duvernier, who is now in charge of the exterior styling of\u2026 Lancia. It&#8217;s a very small world indeed!<\/p>\n\n\n<div class=\"wp-block-image\">\n<figure class=\"aligncenter size-full is-resized\"><img loading=\"lazy\" decoding=\"async\" src=\"http:\/\/lignesauto.fr\/wp-content\/uploads\/2022\/10\/image-5.png\" alt=\"\" class=\"wp-image-26624\" width=\"549\" height=\"197\" srcset=\"https:\/\/lignesauto.fr\/wp-content\/uploads\/2022\/10\/image-5.png 1024w, https:\/\/lignesauto.fr\/wp-content\/uploads\/2022\/10\/image-5-300x108.png 300w, https:\/\/lignesauto.fr\/wp-content\/uploads\/2022\/10\/image-5-768x275.png 768w\" sizes=\"(max-width: 549px) 100vw, 549px\" \/><\/figure><\/div>","protected":false},"excerpt":{"rendered":"<p>Luca Nopolitano (below left), brand director, announced on Monday 28th November 2022 that &#8220;Lancia will once again be a desirable, respected and reliable brand in the European premium market. Today is the beginning of the new Lancia era! First hints of the future Lancia design at the end of this [&hellip;]<\/p>\n","protected":false},"author":1,"featured_media":27039,"comment_status":"closed","ping_status":"closed","sticky":false,"template":"","format":"standard","meta":{"footnotes":""},"categories":[1],"tags":[],"_links":{"self":[{"href":"https:\/\/lignesauto.fr\/index.php?rest_route=\/wp\/v2\/posts\/27058"}],"collection":[{"href":"https:\/\/lignesauto.fr\/index.php?rest_route=\/wp\/v2\/posts"}],"about":[{"href":"https:\/\/lignesauto.fr\/index.php?rest_route=\/wp\/v2\/types\/post"}],"author":[{"embeddable":true,"href":"https:\/\/lignesauto.fr\/index.php?rest_route=\/wp\/v2\/users\/1"}],"replies":[{"embeddable":true,"href":"https:\/\/lignesauto.fr\/index.php?rest_route=%2Fwp%2Fv2%2Fcomments&post=27058"}],"version-history":[{"count":27,"href":"https:\/\/lignesauto.fr\/index.php?rest_route=\/wp\/v2\/posts\/27058\/revisions"}],"predecessor-version":[{"id":27143,"href":"https:\/\/lignesauto.fr\/index.php?rest_route=\/wp\/v2\/posts\/27058\/revisions\/27143"}],"wp:featuredmedia":[{"embeddable":true,"href":"https:\/\/lignesauto.fr\/index.php?rest_route=\/wp\/v2\/media\/27039"}],"wp:attachment":[{"href":"https:\/\/lignesauto.fr\/index.php?rest_route=%2Fwp%2Fv2%2Fmedia&parent=27058"}],"wp:term":[{"taxonomy":"category","embeddable":true,"href":"https:\/\/lignesauto.fr\/index.php?rest_route=%2Fwp%2Fv2%2Fcategories&post=27058"},{"taxonomy":"post_tag","embeddable":true,"href":"https:\/\/lignesauto.fr\/index.php?rest_route=%2Fwp%2Fv2%2Ftags&post=27058"}],"curies":[{"name":"wp","href":"https:\/\/api.w.org\/{rel}","templated":true}]}}