{"id":27086,"date":"2023-01-03T08:54:00","date_gmt":"2023-01-03T07:54:00","guid":{"rendered":"http:\/\/lignesauto.fr\/?p=27086"},"modified":"2023-04-15T09:09:46","modified_gmt":"2023-04-15T07:09:46","slug":"concept-pura-zero-interview-jean-pierre-ploue-directeur-du-design-lancia","status":"publish","type":"post","link":"https:\/\/lignesauto.fr\/?p=27086","title":{"rendered":"Bient\u00f4t le vrai concept-car Lancia. Interview Jean-Pierre Plou\u00e9, directeur du design Lancia"},"content":{"rendered":"<div class=\"wp-block-image\">\n<figure class=\"aligncenter size-full is-resized\"><img loading=\"lazy\" decoding=\"async\" src=\"http:\/\/lignesauto.fr\/wp-content\/uploads\/2022\/10\/image-5.png\" alt=\"\" class=\"wp-image-26624\" width=\"591\" height=\"212\" srcset=\"https:\/\/lignesauto.fr\/wp-content\/uploads\/2022\/10\/image-5.png 1024w, https:\/\/lignesauto.fr\/wp-content\/uploads\/2022\/10\/image-5-300x108.png 300w, https:\/\/lignesauto.fr\/wp-content\/uploads\/2022\/10\/image-5-768x275.png 768w\" sizes=\"(max-width: 591px) 100vw, 591px\" \/><\/figure><\/div>\n\n\n<p style=\"font-size:17px\">Le 15 avril, le concept-car Lancia sera r\u00e9v\u00e9l\u00e9 \u00e0 Milan. L&#8217;occasion de relire l&#8217;interview de Jean-Pierre Plou\u00e9, directeur du design de la marque italienne, r\u00e9alis\u00e9e lors de la pr\u00e9sentation du manifeste Pu+Ra Zero.<\/p>\n\n\n\n<figure class=\"wp-block-image size-large\"><img loading=\"lazy\" decoding=\"async\" width=\"1024\" height=\"683\" src=\"http:\/\/lignesauto.fr\/wp-content\/uploads\/2022\/11\/LANCIA_26-1024x683.jpeg\" alt=\"\" class=\"wp-image-27088\" srcset=\"https:\/\/lignesauto.fr\/wp-content\/uploads\/2022\/11\/LANCIA_26-1024x683.jpeg 1024w, https:\/\/lignesauto.fr\/wp-content\/uploads\/2022\/11\/LANCIA_26-300x200.jpeg 300w, https:\/\/lignesauto.fr\/wp-content\/uploads\/2022\/11\/LANCIA_26-768x512.jpeg 768w, https:\/\/lignesauto.fr\/wp-content\/uploads\/2022\/11\/LANCIA_26.jpeg 1417w\" sizes=\"(max-width: 1024px) 100vw, 1024px\" \/><\/figure>\n\n\n\n<p style=\"font-size:17px\">Jean-Pierre Plou\u00e9 est le responsable design de Stellantis Europe. Mais depuis la cr\u00e9ation de Stellantis, il est \u00e9galement le directeur du design de la marque Lancia. La pr\u00e9sentation du manifeste Pu+Ra Zero est l&#8217;occasion de le rencontrer \u00e0 nouveau.<\/p>\n\n\n\n<figure class=\"wp-block-image size-large\"><img loading=\"lazy\" decoding=\"async\" width=\"1024\" height=\"717\" src=\"http:\/\/lignesauto.fr\/wp-content\/uploads\/2022\/11\/LANCIA_22-1024x717.jpg\" alt=\"\" class=\"wp-image-27089\" srcset=\"https:\/\/lignesauto.fr\/wp-content\/uploads\/2022\/11\/LANCIA_22-1024x717.jpg 1024w, https:\/\/lignesauto.fr\/wp-content\/uploads\/2022\/11\/LANCIA_22-300x210.jpg 300w, https:\/\/lignesauto.fr\/wp-content\/uploads\/2022\/11\/LANCIA_22-768x538.jpg 768w, https:\/\/lignesauto.fr\/wp-content\/uploads\/2022\/11\/LANCIA_22.jpg 1417w\" sizes=\"(max-width: 1024px) 100vw, 1024px\" \/><\/figure>\n\n\n\n<p style=\"font-size:17px\"><strong>S\u2019inspirer des ic\u00f4nes de Lancia, c\u2019est revisiter un sacr\u00e9 h\u00e9ritage&nbsp;: Pininfarina pour les Flaminia et Gamma coup\u00e9, Bertone pour la Stratos Zero et enfin Giorgietto Giugiaro pour la Delta. Ce n\u2019est pas trop lourd sur vos \u00e9paules&nbsp;?<\/strong><br>\u00ab&nbsp;Je n\u2019ai pas ce sentiment-l\u00e0, j\u2019ai un peu d\u2019exp\u00e9rience quand m\u00eame&nbsp;! En fait, c\u2019est la magie de l\u2019exercice qui est incroyable, la renaissance d\u2019une marque sur la base de son h\u00e9ritage. C\u2019est quelque chose d\u2019incroyable dans la vie d\u2019un designer. J\u2019ai eu la chance de conna\u00eetre deux fois ce sentiment, avec DS tout d\u2019abord, et aujourd\u2019hui Lancia. Je me sers de toute l\u2019expertise de mes ann\u00e9es d\u2019exp\u00e9rience, ce qui fait qu\u2019on est all\u00e9 tr\u00e8s vite et \u00e7a a march\u00e9 plut\u00f4t bien, et naturellement. On l\u2019a fait avec beaucoup de plaisir&nbsp;! On a beaucoup de pression bien s\u00fbr,&nbsp; que ce soit de timing, ou \u00e9conomique, mais c\u2019est venu assez naturellement. 80% de l\u2019\u00e9quipe est italienne et moi je vis ici, en Italie, avec ma famille 60% de mon temps, le reste en France.&nbsp;\u00bb<\/p>\n\n\n\n<figure class=\"wp-block-image size-large\"><img loading=\"lazy\" decoding=\"async\" width=\"1024\" height=\"576\" src=\"http:\/\/lignesauto.fr\/wp-content\/uploads\/2022\/11\/LANCIA_14-1024x576.jpeg\" alt=\"\" class=\"wp-image-27094\" srcset=\"https:\/\/lignesauto.fr\/wp-content\/uploads\/2022\/11\/LANCIA_14-1024x576.jpeg 1024w, https:\/\/lignesauto.fr\/wp-content\/uploads\/2022\/11\/LANCIA_14-300x169.jpeg 300w, https:\/\/lignesauto.fr\/wp-content\/uploads\/2022\/11\/LANCIA_14-768x432.jpeg 768w, https:\/\/lignesauto.fr\/wp-content\/uploads\/2022\/11\/LANCIA_14.jpeg 1417w\" sizes=\"(max-width: 1024px) 100vw, 1024px\" \/><\/figure>\n\n\n\n<p style=\"font-size:17px\"><strong>Faire rena\u00eetre Lancia, c\u2019est plus simple que de cr\u00e9er DS&nbsp;?<\/strong><br>\u00ab&nbsp;C\u2019est plus simple parce que l\u2019ADN est fort aussi, mais l\u2019h\u00e9ritage est encore pr\u00e9sent et connu. DS, c\u2019est diff\u00e9rent, car c\u2019est une marque totalement nouvelle, m\u00eame si elle \u00e9voquait la DS historique. Lancia est une marque historique avec 116 ans d\u2019histoire, et avec plusieurs voitures iconiques dans cette histoire. C\u2019est une marque qui parle \u00e0 tous les passionn\u00e9s d\u2019automobiles.&nbsp;\u00bb<\/p>\n\n\n\n<p style=\"font-size:17px\"><strong>On travaille sur quel th\u00e8me dans ce cas-l\u00e0&nbsp;?<\/strong><br>\u00ab&nbsp;On reprend l\u2019ADN, la valeur, les codes et surtout, pas de r\u00e9tro design. &nbsp;Lancia restera toujours moderne. On utilise des \u00e9l\u00e9ments typiques de la marque, comme les feux ronds qui seront pr\u00e9sents sur l\u2019Ypsilon, alors que la face avant \u00e9voque clairement le \u2018calice\u2019 historique de Lancia. On a repris l\u2019essentiel des codes pour en faire un design moderne et surtout, durable.&nbsp;\u00bb<\/p>\n\n\n\n<figure class=\"wp-block-image size-large\"><img loading=\"lazy\" decoding=\"async\" width=\"1024\" height=\"741\" src=\"http:\/\/lignesauto.fr\/wp-content\/uploads\/2022\/11\/LARTERTYETNCIA_101-1024x741.jpg\" alt=\"\" class=\"wp-image-27090\" srcset=\"https:\/\/lignesauto.fr\/wp-content\/uploads\/2022\/11\/LARTERTYETNCIA_101-1024x741.jpg 1024w, https:\/\/lignesauto.fr\/wp-content\/uploads\/2022\/11\/LARTERTYETNCIA_101-300x217.jpg 300w, https:\/\/lignesauto.fr\/wp-content\/uploads\/2022\/11\/LARTERTYETNCIA_101-768x556.jpg 768w, https:\/\/lignesauto.fr\/wp-content\/uploads\/2022\/11\/LARTERTYETNCIA_101.jpg 1417w\" sizes=\"(max-width: 1024px) 100vw, 1024px\" \/><\/figure>\n\n\n\n<p style=\"font-size:17px\"><strong>La Delta sera la derni\u00e8re des trois Lancia annonc\u00e9es, en 2028. Pourquoi pas avant&nbsp;?<\/strong><br>\u00ab&nbsp;Il y avait des priorit\u00e9s comme renouveler l\u2019Ypsilon qui existe et qui est la derni\u00e8re repr\u00e9sentante de la marque aujourd\u2019hui. On l\u2019a r\u00e9invent\u00e9e et imagin\u00e9e diff\u00e9remment. L\u2019Ypsilon, c\u2019est un peu comme une petite braise sur laquelle on a souffl\u00e9 pour penser le futur. La marque a tenu gr\u00e2ce \u00e0 elle et il y a une partie de son histoire qu\u2019on r\u00e9active \u00e0 travers la renaissance de Lancia.&nbsp;Concernant la Delta, oui, il y a eu bien s\u00fbr des d\u00e9bats. Le choix a \u00e9t\u00e9 fait pour diff\u00e9rentes raisons \u00e9conomiques et industrielles, mais l\u2019Ypsilon \u00e9tait prioritaire.&nbsp;\u00bb<\/p>\n\n\n\n<figure class=\"wp-block-image size-large\"><img loading=\"lazy\" decoding=\"async\" width=\"1024\" height=\"576\" src=\"http:\/\/lignesauto.fr\/wp-content\/uploads\/2022\/11\/LANCIA_17-1024x576.jpeg\" alt=\"\" class=\"wp-image-27014\" srcset=\"https:\/\/lignesauto.fr\/wp-content\/uploads\/2022\/11\/LANCIA_17-1024x576.jpeg 1024w, https:\/\/lignesauto.fr\/wp-content\/uploads\/2022\/11\/LANCIA_17-300x169.jpeg 300w, https:\/\/lignesauto.fr\/wp-content\/uploads\/2022\/11\/LANCIA_17-768x432.jpeg 768w, https:\/\/lignesauto.fr\/wp-content\/uploads\/2022\/11\/LANCIA_17.jpeg 1417w\" sizes=\"(max-width: 1024px) 100vw, 1024px\" \/><\/figure>\n\n\n\n<p style=\"font-size:17px\"><strong>Comment arrivez-vous \u00e0 switcher entre votre fonction de directeur de design Lancia et celle de directeurs du design Stellantis Europe&nbsp;?<\/strong><br>\u00ab&nbsp;La premi\u00e8re chose, c\u2019est que lorsque j\u2019\u00e9tais au style Citro\u00ebn, je l\u2019ai fait avec mes tripes. Depuis, j\u2019ai pris un peu de recul et j\u2019ai nomm\u00e9 un responsable de design pour chaque marque. Les nouveaux directeurs de design mettent tous autant leurs valeurs, leur esprit, leur cr\u00e9ativit\u00e9 au service de leur marque qu\u2019ils connaissent chacun tr\u00e8s bien. Alors oui, il m\u2019arrive d\u2019arbitrer des designs qui se rejoignent parfois, mais si on travaille avec l\u2019ADN et les valeurs de la marque, chaque mod\u00e8le devient unique. Notre calandre Lancia ne pourrait pas se trouver sur une DS ou une Peugeot. Quant \u00e0 nos designers chez Lancia, ils ont toute la maturit\u00e9 et l\u2019expertise pour ce travail. On am\u00e8ne des r\u00e9ponses diff\u00e9rentes \u00e0 celles des autres marques. M\u00eame entre Alfa et Lancia, il n\u2019y a pas de question qui se posent&nbsp;: d\u2019un c\u00f4t\u00e9 il y a la sportivit\u00e9 d\u2019Alfa, de l\u2019autre l\u2019\u00e9l\u00e9gance \u00e0 l\u2019italienne pour Lancia.&nbsp;\u00bb<\/p>\n\n\n\n<figure class=\"wp-block-image size-large\"><img loading=\"lazy\" decoding=\"async\" width=\"1024\" height=\"933\" src=\"http:\/\/lignesauto.fr\/wp-content\/uploads\/2022\/11\/LANCIA_04-1024x933.png\" alt=\"\" class=\"wp-image-27091\" srcset=\"https:\/\/lignesauto.fr\/wp-content\/uploads\/2022\/11\/LANCIA_04-1024x933.png 1024w, https:\/\/lignesauto.fr\/wp-content\/uploads\/2022\/11\/LANCIA_04-300x273.png 300w, https:\/\/lignesauto.fr\/wp-content\/uploads\/2022\/11\/LANCIA_04-768x700.png 768w, https:\/\/lignesauto.fr\/wp-content\/uploads\/2022\/11\/LANCIA_04.png 1417w\" sizes=\"(max-width: 1024px) 100vw, 1024px\" \/><\/figure>\n\n\n\n<p style=\"font-size:17px\"><strong>Votre collaboration avec Cassina (ci-dessus le fauteuil FELTRI By Gaetano Pesce<\/strong>) <strong>va-t-elle impacter le design int\u00e9rieur&nbsp;?<\/strong><br>\u00ab C\u2019est une coop\u00e9ration qui est n\u00e9e naturellement, car on a des valeurs communes, un ADN commun et tout ceci en Italie. Nous voulons des int\u00e9rieurs tr\u00e8s cozy, confortables avec un bien \u00eatre italien, alors on s\u2019est dit que partager une d\u00e9marche commune \u00e9tait une \u00e9vidence. Les designers de Lancia et de Cassina se voient, oui, mais en aucun cas nos designers font dessiner des produits Cassina et inversement, les designers Cassina ne vont pas dessiner nos int\u00e9rieurs.<strong>&#8220;<\/strong><\/p>\n\n\n<div class=\"wp-block-image\">\n<figure class=\"aligncenter size-full is-resized\"><img loading=\"lazy\" decoding=\"async\" src=\"http:\/\/lignesauto.fr\/wp-content\/uploads\/2022\/10\/image-5.png\" alt=\"\" class=\"wp-image-26624\" width=\"631\" height=\"226\" srcset=\"https:\/\/lignesauto.fr\/wp-content\/uploads\/2022\/10\/image-5.png 1024w, https:\/\/lignesauto.fr\/wp-content\/uploads\/2022\/10\/image-5-300x108.png 300w, https:\/\/lignesauto.fr\/wp-content\/uploads\/2022\/10\/image-5-768x275.png 768w\" sizes=\"(max-width: 631px) 100vw, 631px\" \/><\/figure><\/div>","protected":false},"excerpt":{"rendered":"<p>Le 15 avril, le concept-car Lancia sera r\u00e9v\u00e9l\u00e9 \u00e0 Milan. L&#8217;occasion de relire l&#8217;interview de Jean-Pierre Plou\u00e9, directeur du design de la marque italienne, r\u00e9alis\u00e9e lors de la pr\u00e9sentation du manifeste Pu+Ra Zero. Jean-Pierre Plou\u00e9 est le responsable design de Stellantis Europe. Mais depuis la cr\u00e9ation de Stellantis, il est [&hellip;]<\/p>\n","protected":false},"author":1,"featured_media":27106,"comment_status":"closed","ping_status":"closed","sticky":false,"template":"","format":"standard","meta":{"footnotes":""},"categories":[1],"tags":[],"_links":{"self":[{"href":"https:\/\/lignesauto.fr\/index.php?rest_route=\/wp\/v2\/posts\/27086"}],"collection":[{"href":"https:\/\/lignesauto.fr\/index.php?rest_route=\/wp\/v2\/posts"}],"about":[{"href":"https:\/\/lignesauto.fr\/index.php?rest_route=\/wp\/v2\/types\/post"}],"author":[{"embeddable":true,"href":"https:\/\/lignesauto.fr\/index.php?rest_route=\/wp\/v2\/users\/1"}],"replies":[{"embeddable":true,"href":"https:\/\/lignesauto.fr\/index.php?rest_route=%2Fwp%2Fv2%2Fcomments&post=27086"}],"version-history":[{"count":21,"href":"https:\/\/lignesauto.fr\/index.php?rest_route=\/wp\/v2\/posts\/27086\/revisions"}],"predecessor-version":[{"id":28424,"href":"https:\/\/lignesauto.fr\/index.php?rest_route=\/wp\/v2\/posts\/27086\/revisions\/28424"}],"wp:featuredmedia":[{"embeddable":true,"href":"https:\/\/lignesauto.fr\/index.php?rest_route=\/wp\/v2\/media\/27106"}],"wp:attachment":[{"href":"https:\/\/lignesauto.fr\/index.php?rest_route=%2Fwp%2Fv2%2Fmedia&parent=27086"}],"wp:term":[{"taxonomy":"category","embeddable":true,"href":"https:\/\/lignesauto.fr\/index.php?rest_route=%2Fwp%2Fv2%2Fcategories&post=27086"},{"taxonomy":"post_tag","embeddable":true,"href":"https:\/\/lignesauto.fr\/index.php?rest_route=%2Fwp%2Fv2%2Ftags&post=27086"}],"curies":[{"name":"wp","href":"https:\/\/api.w.org\/{rel}","templated":true}]}}