{"id":27219,"date":"2023-01-06T01:01:00","date_gmt":"2023-01-06T00:01:00","guid":{"rendered":"http:\/\/lignesauto.fr\/?p=27219"},"modified":"2023-01-06T10:58:12","modified_gmt":"2023-01-06T09:58:12","slug":"peugeot-inception-concept-2023-face-a-e-legend-2018","status":"publish","type":"post","link":"https:\/\/lignesauto.fr\/?p=27219","title":{"rendered":"Peugeot Inception Concept (2023) face \u00e0 e-Legend (2018)"},"content":{"rendered":"<div class=\"wp-block-image\">\n<figure class=\"aligncenter size-full is-resized\"><img loading=\"lazy\" decoding=\"async\" src=\"http:\/\/lignesauto.fr\/wp-content\/uploads\/2022\/12\/image-1.png\" alt=\"\" class=\"wp-image-27214\" width=\"593\" height=\"212\" srcset=\"https:\/\/lignesauto.fr\/wp-content\/uploads\/2022\/12\/image-1.png 1024w, https:\/\/lignesauto.fr\/wp-content\/uploads\/2022\/12\/image-1-300x108.png 300w, https:\/\/lignesauto.fr\/wp-content\/uploads\/2022\/12\/image-1-768x275.png 768w\" sizes=\"(max-width: 593px) 100vw, 593px\" \/><\/figure><\/div>\n\n\n<p style=\"font-size:17px\">Le concept Peugeot Inception est le manifeste de l&#8217;\u00e9quipe de Matthias Hossann &#8211; directeur du design Peugeot depuis juillet 2020 &#8211; qui annonce une rupture et une nouvelle \u00e8re du constructeur. Il \u00e9voque \u00e9galement pour les amoureux de design, d&#8217;architecture et d&#8217;innovations automobiles, un sacr\u00e9 bond en avant par rapport au dernier concept e-Legend de 2018. Pour autant, les deux concepts ont \u00e9t\u00e9 suivis par Matthias Hossann, responsable des concept-cars \u00e0 l&#8217;\u00e9poque de e-Legend. Si ce dernier a \u00e9t\u00e9 dessin\u00e9 par Nicolas Brissonneau pour l&#8217;ext\u00e9rieur, c&#8217;est Maxime Blandin, chapeaut\u00e9 par S\u00e9bastien Criquet (auteur du design de l&#8217;actuelle 308 berline), qui a dessin\u00e9 l&#8217;Inception Concept, avec Guillaume Lema\u00eetre pour l&#8217;int\u00e9rieur. Maud Rondot a pris en charge le domaine des couleurs et mati\u00e8res, tr\u00e8s sp\u00e9cifiques et novateurs sur ce concept-car de 2023.<\/p>\n\n\n\n<figure class=\"wp-block-image size-large\"><img loading=\"lazy\" decoding=\"async\" width=\"1024\" height=\"416\" src=\"http:\/\/lignesauto.fr\/wp-content\/uploads\/2023\/01\/ELEGEND_08-1024x416.png\" alt=\"\" class=\"wp-image-27230\" srcset=\"https:\/\/lignesauto.fr\/wp-content\/uploads\/2023\/01\/ELEGEND_08-1024x416.png 1024w, https:\/\/lignesauto.fr\/wp-content\/uploads\/2023\/01\/ELEGEND_08-300x122.png 300w, https:\/\/lignesauto.fr\/wp-content\/uploads\/2023\/01\/ELEGEND_08-768x312.png 768w, https:\/\/lignesauto.fr\/wp-content\/uploads\/2023\/01\/ELEGEND_08.png 1417w\" sizes=\"(max-width: 1024px) 100vw, 1024px\" \/><\/figure>\n\n\n\n<p style=\"font-size:17px\">Alors, peut-on parler avec Inception Concept de &#8220;grande&#8221; s\u0153ur de la e-Legend qui a tant plu en 2018 ? Vous vous ferez votre propre opinion, car notre ambition est seulement ici de marquer les \u00e9volutions conceptuelles op\u00e9r\u00e9es en cinq ann\u00e9es.<\/p>\n\n\n\n<figure class=\"wp-block-image size-large\"><img loading=\"lazy\" decoding=\"async\" width=\"1024\" height=\"947\" src=\"http:\/\/lignesauto.fr\/wp-content\/uploads\/2023\/01\/ELEGEND_09-1024x947.png\" alt=\"\" class=\"wp-image-27234\" srcset=\"https:\/\/lignesauto.fr\/wp-content\/uploads\/2023\/01\/ELEGEND_09-1024x947.png 1024w, https:\/\/lignesauto.fr\/wp-content\/uploads\/2023\/01\/ELEGEND_09-300x278.png 300w, https:\/\/lignesauto.fr\/wp-content\/uploads\/2023\/01\/ELEGEND_09-768x711.png 768w, https:\/\/lignesauto.fr\/wp-content\/uploads\/2023\/01\/ELEGEND_09.png 1417w\" sizes=\"(max-width: 1024px) 100vw, 1024px\" \/><\/figure>\n\n\n\n<p style=\"font-size:17px\">Si les proportions sont bien diff\u00e9rentes, les th\u00e8mes esth\u00e9tiques sont proches sur certains items, comme les flancs, la structure de la proue avec des contours de boucliers assez semblables et un regard ac\u00e9r\u00e9 et f\u00e9lin, pourtant trait\u00e9 diff\u00e9remment de l&#8217;une \u00e0 l&#8217;autre. N&#8217;oublions pas que la e-Legend est une r\u00e9interpr\u00e9tation du coup\u00e9 504 alors que l&#8217;Inception Concept est libre de toute r\u00e9f\u00e9rence historique puisqu&#8217;elle se projette uniquement dans l&#8217;avenir.<\/p>\n\n\n\n<figure class=\"wp-block-image size-large\"><img loading=\"lazy\" decoding=\"async\" width=\"1024\" height=\"418\" src=\"http:\/\/lignesauto.fr\/wp-content\/uploads\/2023\/01\/ELEGEND_06-1024x418.png\" alt=\"\" class=\"wp-image-27222\" srcset=\"https:\/\/lignesauto.fr\/wp-content\/uploads\/2023\/01\/ELEGEND_06-1024x418.png 1024w, https:\/\/lignesauto.fr\/wp-content\/uploads\/2023\/01\/ELEGEND_06-300x123.png 300w, https:\/\/lignesauto.fr\/wp-content\/uploads\/2023\/01\/ELEGEND_06-768x314.png 768w, https:\/\/lignesauto.fr\/wp-content\/uploads\/2023\/01\/ELEGEND_06.png 1417w\" sizes=\"(max-width: 1024px) 100vw, 1024px\" \/><\/figure>\n\n\n\n<p style=\"font-size:17px\">Les trois barrettes de feux n\u00e9es sur le coup\u00e9 504 ont bien s\u00fbr \u00e9t\u00e9 reprises sur la e-Legend et redimensionn\u00e9es sur l&#8217;Inception Concept. Elles sont int\u00e9gr\u00e9es \u00e0 la large plaque de verre qui habille la poupe, faisant \u00e9cho au nouveau &#8220;fusion mask&#8221; de la proue qui sera celle des futures Peugeot.<\/p>\n\n\n\n<figure class=\"wp-block-image size-large\"><img loading=\"lazy\" decoding=\"async\" width=\"1024\" height=\"781\" src=\"http:\/\/lignesauto.fr\/wp-content\/uploads\/2023\/01\/ELEGEND_05-1024x781.png\" alt=\"\" class=\"wp-image-27223\" srcset=\"https:\/\/lignesauto.fr\/wp-content\/uploads\/2023\/01\/ELEGEND_05-1024x781.png 1024w, https:\/\/lignesauto.fr\/wp-content\/uploads\/2023\/01\/ELEGEND_05-300x229.png 300w, https:\/\/lignesauto.fr\/wp-content\/uploads\/2023\/01\/ELEGEND_05-768x586.png 768w, https:\/\/lignesauto.fr\/wp-content\/uploads\/2023\/01\/ELEGEND_05.png 1417w\" sizes=\"(max-width: 1024px) 100vw, 1024px\" \/><\/figure>\n\n\n\n<p style=\"font-size:17px\">Le profil des deux concepts est tr\u00e8s automobile. Mais si la e-Legend reste sur une architecture classique malgr\u00e9 sa motorisation \u00e9lectrique, l&#8217;Inception Concept cr\u00e9e une ambiance spectaculaire lorsqu&#8217;on bascule en vue de dessus pour d\u00e9couvrir un habitacle totalement repens\u00e9 gr\u00e2ce aux possibilit\u00e9s offertes par les nouvelles plateformes e-Native du groupe Stellantis. <\/p>\n\n\n\n<figure class=\"wp-block-image size-large\"><img loading=\"lazy\" decoding=\"async\" width=\"786\" height=\"1024\" src=\"http:\/\/lignesauto.fr\/wp-content\/uploads\/2023\/01\/ELEGEND_07-786x1024.png\" alt=\"\" class=\"wp-image-27225\" srcset=\"https:\/\/lignesauto.fr\/wp-content\/uploads\/2023\/01\/ELEGEND_07-786x1024.png 786w, https:\/\/lignesauto.fr\/wp-content\/uploads\/2023\/01\/ELEGEND_07-230x300.png 230w, https:\/\/lignesauto.fr\/wp-content\/uploads\/2023\/01\/ELEGEND_07-768x1000.png 768w, https:\/\/lignesauto.fr\/wp-content\/uploads\/2023\/01\/ELEGEND_07-1180x1536.png 1180w, https:\/\/lignesauto.fr\/wp-content\/uploads\/2023\/01\/ELEGEND_07.png 1417w\" sizes=\"(max-width: 786px) 100vw, 786px\" \/><\/figure>\n\n\n\n<p style=\"font-size:17px\">Autre point commun aux deux concepts, le pare-brise int\u00e9gre deux fenestrons de part et d&#8217;autre. Si la e-Legend avait offert une vraie \u00e9volution au niveau des si\u00e8ges, l&#8217;Inception Concept r\u00e9volutionne l&#8217;habitat automobile du futur. Toutes les proportions des si\u00e8ges ont \u00e9t\u00e9 retravaill\u00e9es, avec plus de largeur et un confort immersif : le Comfort Fit. L\u2019architecture et la structure apparente du si\u00e8ge sont ajust\u00e9es au plus pr\u00e8s du corps. Il n\u2019est plus question de s\u2019asseoir dans un si\u00e8ge automobile, mais de s\u2019installer dans un mobilier in\u00e9dit, adapt\u00e9 aux conditions d\u2019une conduite dynamique, ou en mode apaisant lors de la d\u00e9l\u00e9gation de conduite. Les appuie-t\u00eates ne d\u00e9passent pas la ceinture de caisse. L\u2019assise basse permet cette architecture in\u00e9dite qui lib\u00e8re l\u2019espace.<\/p>\n\n\n\n<figure class=\"wp-block-image size-large\"><img loading=\"lazy\" decoding=\"async\" width=\"843\" height=\"1024\" src=\"http:\/\/lignesauto.fr\/wp-content\/uploads\/2023\/01\/ELEGEND_01-843x1024.png\" alt=\"\" class=\"wp-image-27226\" srcset=\"https:\/\/lignesauto.fr\/wp-content\/uploads\/2023\/01\/ELEGEND_01-843x1024.png 843w, https:\/\/lignesauto.fr\/wp-content\/uploads\/2023\/01\/ELEGEND_01-247x300.png 247w, https:\/\/lignesauto.fr\/wp-content\/uploads\/2023\/01\/ELEGEND_01-768x933.png 768w, https:\/\/lignesauto.fr\/wp-content\/uploads\/2023\/01\/ELEGEND_01-1265x1536.png 1265w, https:\/\/lignesauto.fr\/wp-content\/uploads\/2023\/01\/ELEGEND_01.png 1417w\" sizes=\"(max-width: 843px) 100vw, 843px\" \/><\/figure>\n\n\n\n<p style=\"font-size:17px\">S&#8217;il est juste d&#8217;\u00e9crire que le premier i-Cockpit est apparu en 2010 \u00e0 bord du concept Peugeot SR1 (voir ci-dessous), c&#8217;est bien la premi\u00e8re g\u00e9n\u00e9ration de 208 en 2012 qui l&#8217;a inaugur\u00e9 en s\u00e9rie. Puis le concept-car Quartz l&#8217;a fait \u00e9voluer avec une instrumentation digitale en 3D adopt\u00e9e sur les 3008\/308 et m\u00eame 208 par la suite. Aujourd&#8217;hui, l&#8217;Inception Concept propulse cette architecture au c\u0153ur des ann\u00e9es 2020 puisque l&#8217;Hypersquare va remplacer le volant (voir le sujet sur l&#8217;Inception Concept). La e-Legend ne peut lutter face \u00e0 sa grande s\u0153ur qui se dispense de traverse et de planche de bord.<\/p>\n\n\n\n<figure class=\"wp-block-image size-large is-resized\"><img loading=\"lazy\" decoding=\"async\" src=\"http:\/\/lignesauto.fr\/wp-content\/uploads\/2023\/01\/lignesauto.fr_-1024x681.jpg\" alt=\"\" class=\"wp-image-27289\" width=\"840\" height=\"558\" srcset=\"https:\/\/lignesauto.fr\/wp-content\/uploads\/2023\/01\/lignesauto.fr_-1024x681.jpg 1024w, https:\/\/lignesauto.fr\/wp-content\/uploads\/2023\/01\/lignesauto.fr_-300x200.jpg 300w, https:\/\/lignesauto.fr\/wp-content\/uploads\/2023\/01\/lignesauto.fr_-768x511.jpg 768w, https:\/\/lignesauto.fr\/wp-content\/uploads\/2023\/01\/lignesauto.fr_.jpg 1417w\" sizes=\"(max-width: 840px) 100vw, 840px\" \/><figcaption class=\"wp-element-caption\"><strong>CONCEPT-CAR SR1 DE 2010 AVEC LE PREMIER i-COCKPIT<\/strong><\/figcaption><\/figure>\n\n\n\n<p style=\"font-size:17px\">Ci-dessous, il va donc falloir vous habituer \u00e0 conduire &#8211; pardon, piloter- les Peugeot de demain avec cet Hypersquare dont les essais sur des prototypes ont d\u00e9j\u00e0 d\u00e9but\u00e9. Peugeot l&#8217;annonce pour 2025, soit vraisemblablement sur les futures g\u00e9n\u00e9rations de 208 et 2008.<\/p>\n\n\n\n<figure class=\"wp-block-image size-large\"><img loading=\"lazy\" decoding=\"async\" width=\"888\" height=\"1024\" src=\"http:\/\/lignesauto.fr\/wp-content\/uploads\/2023\/01\/ELEGEND_03-888x1024.png\" alt=\"\" class=\"wp-image-27228\" srcset=\"https:\/\/lignesauto.fr\/wp-content\/uploads\/2023\/01\/ELEGEND_03-888x1024.png 888w, https:\/\/lignesauto.fr\/wp-content\/uploads\/2023\/01\/ELEGEND_03-260x300.png 260w, https:\/\/lignesauto.fr\/wp-content\/uploads\/2023\/01\/ELEGEND_03-768x886.png 768w, https:\/\/lignesauto.fr\/wp-content\/uploads\/2023\/01\/ELEGEND_03-1332x1536.png 1332w, https:\/\/lignesauto.fr\/wp-content\/uploads\/2023\/01\/ELEGEND_03.png 1417w\" sizes=\"(max-width: 888px) 100vw, 888px\" \/><\/figure>\n\n\n\n<p style=\"font-size:17px\">Les deux concept-cars ont \u00e9galement en commun la possibilit\u00e9 de se recharger par induction. Mais l&#8217;Inception Concept b\u00e9n\u00e9ficie de la plateforme STLA Large avec ses deux moteurs \u00e9lectriques, ses quatre roues motrices et ses 680 ch. La e-Legend s&#8217;incline avec seulement 460 ch.<\/p>\n\n\n\n<figure class=\"wp-block-image size-large\"><img loading=\"lazy\" decoding=\"async\" width=\"1024\" height=\"683\" src=\"http:\/\/lignesauto.fr\/wp-content\/uploads\/2023\/01\/ELEGEND_02-1024x683.jpg\" alt=\"\" class=\"wp-image-27231\" srcset=\"https:\/\/lignesauto.fr\/wp-content\/uploads\/2023\/01\/ELEGEND_02-1024x683.jpg 1024w, https:\/\/lignesauto.fr\/wp-content\/uploads\/2023\/01\/ELEGEND_02-300x200.jpg 300w, https:\/\/lignesauto.fr\/wp-content\/uploads\/2023\/01\/ELEGEND_02-768x512.jpg 768w, https:\/\/lignesauto.fr\/wp-content\/uploads\/2023\/01\/ELEGEND_02.jpg 1417w\" sizes=\"(max-width: 1024px) 100vw, 1024px\" \/><\/figure>\n\n\n\n<p style=\"font-size:17px\">Autant la e-Legend vous accueille visuellement dans un habitacle qui exprime son confort au premier coup d\u2019\u0153il, autant l&#8217;Inception Concept a d\u00e9cid\u00e9 de r\u00e9volutionner le sien et vous demandera quelques secondes, voire minutes, avant d&#8217;en ressentir toute la g\u00e9n\u00e9rosit\u00e9. Mais pas de doute \u00e0 bord, vous \u00eates assis bas et le pare-brise qui tombe \u00e0 l&#8217;aplomb de vos pieds vous offre une vision du voyage jusqu&#8217;alors inconnue&#8230;<\/p>\n\n\n\n<figure class=\"wp-block-image size-large\"><img loading=\"lazy\" decoding=\"async\" width=\"767\" height=\"1024\" src=\"http:\/\/lignesauto.fr\/wp-content\/uploads\/2023\/01\/ELEGEND_04-767x1024.png\" alt=\"\" class=\"wp-image-27232\" srcset=\"https:\/\/lignesauto.fr\/wp-content\/uploads\/2023\/01\/ELEGEND_04-767x1024.png 767w, https:\/\/lignesauto.fr\/wp-content\/uploads\/2023\/01\/ELEGEND_04-225x300.png 225w, https:\/\/lignesauto.fr\/wp-content\/uploads\/2023\/01\/ELEGEND_04-768x1025.png 768w, https:\/\/lignesauto.fr\/wp-content\/uploads\/2023\/01\/ELEGEND_04-1150x1536.png 1150w, https:\/\/lignesauto.fr\/wp-content\/uploads\/2023\/01\/ELEGEND_04.png 1417w\" sizes=\"(max-width: 767px) 100vw, 767px\" \/><\/figure>\n\n\n\n<p style=\"font-size:17px\">En r\u00e9sum\u00e9, le concept Inception Concept peut \u00eatre consid\u00e9r\u00e9 comme le grand fr\u00e8re de e-Legend, au vu de sa taille ! Le bond effectu\u00e9 en cinq ann\u00e9es est ph\u00e9nom\u00e9nal en termes de technologie (quel \u00e9volution cet Hypersquare) et plus mod\u00e9r\u00e9 en termes de style. Logique, l&#8217;ADN de la marque est pr\u00e9serv\u00e9. On saluera avant-tout l&#8217;audace esth\u00e9tique de cette proue tr\u00e8s high-tech, et la prouesse du design qui a su habiller la nouvelle plateforme STLA d&#8217;une cellule habitacle spectaculaire, coiffant un habitacle qui l&#8217;est tout autant !<\/p>\n\n\n<div class=\"wp-block-image\">\n<figure class=\"aligncenter size-full is-resized\"><img loading=\"lazy\" decoding=\"async\" src=\"http:\/\/lignesauto.fr\/wp-content\/uploads\/2022\/12\/image-1.png\" alt=\"\" class=\"wp-image-27214\" width=\"542\" height=\"194\" srcset=\"https:\/\/lignesauto.fr\/wp-content\/uploads\/2022\/12\/image-1.png 1024w, https:\/\/lignesauto.fr\/wp-content\/uploads\/2022\/12\/image-1-300x108.png 300w, https:\/\/lignesauto.fr\/wp-content\/uploads\/2022\/12\/image-1-768x275.png 768w\" sizes=\"(max-width: 542px) 100vw, 542px\" \/><\/figure><\/div>","protected":false},"excerpt":{"rendered":"<p>Le concept Peugeot Inception est le manifeste de l&#8217;\u00e9quipe de Matthias Hossann &#8211; directeur du design Peugeot depuis juillet 2020 &#8211; qui annonce une rupture et une nouvelle \u00e8re du constructeur. Il \u00e9voque \u00e9galement pour les amoureux de design, d&#8217;architecture et d&#8217;innovations automobiles, un sacr\u00e9 bond en avant par rapport [&hellip;]<\/p>\n","protected":false},"author":1,"featured_media":27234,"comment_status":"closed","ping_status":"closed","sticky":false,"template":"","format":"standard","meta":{"footnotes":""},"categories":[1],"tags":[],"_links":{"self":[{"href":"https:\/\/lignesauto.fr\/index.php?rest_route=\/wp\/v2\/posts\/27219"}],"collection":[{"href":"https:\/\/lignesauto.fr\/index.php?rest_route=\/wp\/v2\/posts"}],"about":[{"href":"https:\/\/lignesauto.fr\/index.php?rest_route=\/wp\/v2\/types\/post"}],"author":[{"embeddable":true,"href":"https:\/\/lignesauto.fr\/index.php?rest_route=\/wp\/v2\/users\/1"}],"replies":[{"embeddable":true,"href":"https:\/\/lignesauto.fr\/index.php?rest_route=%2Fwp%2Fv2%2Fcomments&post=27219"}],"version-history":[{"count":37,"href":"https:\/\/lignesauto.fr\/index.php?rest_route=\/wp\/v2\/posts\/27219\/revisions"}],"predecessor-version":[{"id":27405,"href":"https:\/\/lignesauto.fr\/index.php?rest_route=\/wp\/v2\/posts\/27219\/revisions\/27405"}],"wp:featuredmedia":[{"embeddable":true,"href":"https:\/\/lignesauto.fr\/index.php?rest_route=\/wp\/v2\/media\/27234"}],"wp:attachment":[{"href":"https:\/\/lignesauto.fr\/index.php?rest_route=%2Fwp%2Fv2%2Fmedia&parent=27219"}],"wp:term":[{"taxonomy":"category","embeddable":true,"href":"https:\/\/lignesauto.fr\/index.php?rest_route=%2Fwp%2Fv2%2Fcategories&post=27219"},{"taxonomy":"post_tag","embeddable":true,"href":"https:\/\/lignesauto.fr\/index.php?rest_route=%2Fwp%2Fv2%2Ftags&post=27219"}],"curies":[{"name":"wp","href":"https:\/\/api.w.org\/{rel}","templated":true}]}}