{"id":28212,"date":"2023-03-28T18:03:58","date_gmt":"2023-03-28T16:03:58","guid":{"rendered":"http:\/\/lignesauto.fr\/?p=28212"},"modified":"2023-03-28T18:03:58","modified_gmt":"2023-03-28T16:03:58","slug":"archives-renault-espace-4-petites-histoires-dans-la-grande-histoire","status":"publish","type":"post","link":"https:\/\/lignesauto.fr\/?p=28212","title":{"rendered":"Archives : Renault Espace, 4 petites histoires dans la grande histoire"},"content":{"rendered":"<div class=\"wp-block-image\">\n<figure class=\"aligncenter size-full is-resized\"><img loading=\"lazy\" decoding=\"async\" src=\"http:\/\/lignesauto.fr\/wp-content\/uploads\/2023\/03\/image-2.png\" alt=\"\" class=\"wp-image-28020\" width=\"507\" height=\"182\" srcset=\"https:\/\/lignesauto.fr\/wp-content\/uploads\/2023\/03\/image-2.png 1024w, https:\/\/lignesauto.fr\/wp-content\/uploads\/2023\/03\/image-2-300x108.png 300w, https:\/\/lignesauto.fr\/wp-content\/uploads\/2023\/03\/image-2-768x275.png 768w\" sizes=\"(max-width: 507px) 100vw, 507px\" \/><\/figure><\/div>\n\n\n<figure class=\"wp-block-image size-large\"><img loading=\"lazy\" decoding=\"async\" width=\"1024\" height=\"531\" src=\"http:\/\/lignesauto.fr\/wp-content\/uploads\/2023\/03\/ESPACE_1000-1024x531.png\" alt=\"\" class=\"wp-image-28301\" srcset=\"https:\/\/lignesauto.fr\/wp-content\/uploads\/2023\/03\/ESPACE_1000-1024x531.png 1024w, https:\/\/lignesauto.fr\/wp-content\/uploads\/2023\/03\/ESPACE_1000-300x156.png 300w, https:\/\/lignesauto.fr\/wp-content\/uploads\/2023\/03\/ESPACE_1000-768x398.png 768w, https:\/\/lignesauto.fr\/wp-content\/uploads\/2023\/03\/ESPACE_1000.png 1417w\" sizes=\"(max-width: 1024px) 100vw, 1024px\" \/><\/figure>\n\n\n\n<p style=\"font-size:17px\">Profitons de l&#8217;arriv\u00e9e de la nouvelle g\u00e9n\u00e9ration de l&#8217;Espace (un Austral allong\u00e9 \u00e0 sept places) pour revenir sur cette l\u00e9gende du monospace familial. Voici quatre coups de projecteurs sur des particules de vie de ce v\u00e9hicule pas comme les autres.<\/p>\n\n\n\n<figure class=\"wp-block-image size-large\"><img loading=\"lazy\" decoding=\"async\" width=\"1024\" height=\"645\" src=\"http:\/\/lignesauto.fr\/wp-content\/uploads\/2023\/03\/ESPACE_07-1024x645.png\" alt=\"\" class=\"wp-image-28288\" srcset=\"https:\/\/lignesauto.fr\/wp-content\/uploads\/2023\/03\/ESPACE_07-1024x645.png 1024w, https:\/\/lignesauto.fr\/wp-content\/uploads\/2023\/03\/ESPACE_07-300x189.png 300w, https:\/\/lignesauto.fr\/wp-content\/uploads\/2023\/03\/ESPACE_07-768x483.png 768w, https:\/\/lignesauto.fr\/wp-content\/uploads\/2023\/03\/ESPACE_07.png 1417w\" sizes=\"(max-width: 1024px) 100vw, 1024px\" \/><\/figure>\n\n\n\n<p class=\"has-text-align-center\" style=\"font-size:18px\"><strong>Histoire 1<br>\u00c9volution du style, de Matra \u00e0 Renault<\/strong><\/p>\n\n\n\n<p style=\"font-size:17px\">Cette histoire se passe pratiquement \u00e0 la fin du d\u00e9veloppement du projet de la premi\u00e8re g\u00e9n\u00e9ration d\u2019Espace. Apr\u00e8s avoir pr\u00e9sent\u00e9 son concept \u00e0 Peugeot qui l\u2019a refus\u00e9, Matra a chang\u00e9 l\u2019architecture technique en abandonnant le moteur transversal des Talbot Simca d\u2019origine, pour un moteur implant\u00e9 longitudinalement. Ce moteur est emprunt\u00e9 \u00e0 la banque d\u2019organes Renault, car ce dernier s\u2019est montr\u00e9 int\u00e9ress\u00e9 par le produit.<\/p>\n\n\n\n<figure class=\"wp-block-image size-large is-resized\"><img loading=\"lazy\" decoding=\"async\" src=\"http:\/\/lignesauto.fr\/wp-content\/uploads\/2023\/03\/ESPACE_102_BIS-919x1024.png\" alt=\"\" class=\"wp-image-28266\" width=\"840\" height=\"935\" srcset=\"https:\/\/lignesauto.fr\/wp-content\/uploads\/2023\/03\/ESPACE_102_BIS-919x1024.png 919w, https:\/\/lignesauto.fr\/wp-content\/uploads\/2023\/03\/ESPACE_102_BIS-269x300.png 269w, https:\/\/lignesauto.fr\/wp-content\/uploads\/2023\/03\/ESPACE_102_BIS-768x856.png 768w, https:\/\/lignesauto.fr\/wp-content\/uploads\/2023\/03\/ESPACE_102_BIS-1378x1536.png 1378w, https:\/\/lignesauto.fr\/wp-content\/uploads\/2023\/03\/ESPACE_102_BIS.png 1417w\" sizes=\"(max-width: 840px) 100vw, 840px\" \/><figcaption class=\"wp-element-caption\"><strong>En haut, la maquette Matra d\u00e9finitive, en bas, celle de Renault apr\u00e8s quelques modifications : capot recouvrant l\u00e9g\u00e8rement la calandre, boucliers, protections lat\u00e9rales, poign\u00e9es de portes  ainsi que le pavillon de couleur caisse.<\/strong> Photos : Jean-Marie Souquet<\/figcaption><\/figure>\n\n\n\n<p style=\"font-size:17px\">La maquette P23 qui d\u00e9coule de ces changements profonds est donc la derni\u00e8re sign\u00e9e par Matra \u00e0 recevoir &#8211; enfin&nbsp;! &#8211; &nbsp;l\u2019aval du constructeur. Cependant, l\u2019\u00e9quipe de style Renault, men\u00e9e par Jacques Nocher, va apporter la touche maison en \u00e9quilibrant certaines lignes, quelques d\u00e9tails, et en propulsant la voiture dans l\u2019univers plut\u00f4t haut de gamme. Notamment en proposant un moteur 2.0 l, ce que les premi\u00e8res \u00e9tudes sur base Simca se refusaient.<\/p>\n\n\n\n<figure class=\"wp-block-image size-large\"><img loading=\"lazy\" decoding=\"async\" width=\"1024\" height=\"942\" src=\"http:\/\/lignesauto.fr\/wp-content\/uploads\/2023\/03\/ESPACE_10-1024x942.png\" alt=\"\" class=\"wp-image-28281\" srcset=\"https:\/\/lignesauto.fr\/wp-content\/uploads\/2023\/03\/ESPACE_10-1024x942.png 1024w, https:\/\/lignesauto.fr\/wp-content\/uploads\/2023\/03\/ESPACE_10-300x276.png 300w, https:\/\/lignesauto.fr\/wp-content\/uploads\/2023\/03\/ESPACE_10-768x706.png 768w, https:\/\/lignesauto.fr\/wp-content\/uploads\/2023\/03\/ESPACE_10.png 1417w\" sizes=\"(max-width: 1024px) 100vw, 1024px\" \/><figcaption class=\"wp-element-caption\"><strong>La maquette d&#8217;habitabilit\u00e9 avec une modularit\u00e9 100% Renault. Celle-l\u00e0 m\u00eame qui fera peut-\u00eatre d\u00e9faut \u00e0 la nouvelle g\u00e9n\u00e9ration.<\/strong> Photo : Jean-Marie Souquet<\/figcaption><\/figure>\n\n\n\n<p style=\"font-size:17px\">Voici pour la premi\u00e8re fois les deux maquettes mises face-\u00e0-face pour mieux appr\u00e9hender les \u00e9volutions de d\u00e9tails. L\u00e0 o\u00f9 se niche le diable&#8230; Le travail a \u00e9t\u00e9 ex\u00e9cut\u00e9 en avril 1983 sous le nom de &#8220;Van Matra-Renault&#8221;.<\/p>\n\n\n\n<figure class=\"wp-block-image size-large\"><img loading=\"lazy\" decoding=\"async\" width=\"975\" height=\"1024\" src=\"http:\/\/lignesauto.fr\/wp-content\/uploads\/2023\/03\/ESPACE_101_BIS-975x1024.png\" alt=\"\" class=\"wp-image-28265\" srcset=\"https:\/\/lignesauto.fr\/wp-content\/uploads\/2023\/03\/ESPACE_101_BIS-975x1024.png 975w, https:\/\/lignesauto.fr\/wp-content\/uploads\/2023\/03\/ESPACE_101_BIS-286x300.png 286w, https:\/\/lignesauto.fr\/wp-content\/uploads\/2023\/03\/ESPACE_101_BIS-768x806.png 768w, https:\/\/lignesauto.fr\/wp-content\/uploads\/2023\/03\/ESPACE_101_BIS.png 1417w\" sizes=\"(max-width: 975px) 100vw, 975px\" \/><figcaption class=\"wp-element-caption\">De la maquette<strong> Matra P23 en haut \u00e0 celle de Renault, peu de changement, mais ils font la diff\u00e9rence, comme cette ligne du hayon abaiss\u00e9e pour suivre celle des flancs.<\/strong> Photos : Jean-Marie Souquet<\/figcaption><\/figure>\n\n\n\n<p class=\"has-text-align-center\" style=\"font-size:18px\"><strong>Histoire 2<br>La maquette qui a tout chang\u00e9<\/strong><\/p>\n\n\n\n<p style=\"font-size:17px\">La force de l\u2019Espace, c\u2019est sa modularit\u00e9 int\u00e9rieure, celle dont Matra n\u2019avait pas d\u00e9velopp\u00e9 le concept pour la proposition Peugeot, ni sur celle propos\u00e9e \u00e0 l\u2019origine \u00e0 Renault. Et pour cause, les premiers prototypes reprenaient une banquette arri\u00e8re&#8230; Comme l&#8217;Espace de 2023 ! Le projet Matra arriv\u00e9 chez Renault va emprunter les travaux effectu\u00e9s sur le programme VVA (V\u00e9hicule Vert Alpine) de 1979, transform\u00e9 ensuite en VGR (V\u00e9hicule Grande Randonn\u00e9e) en 1980 avant d\u2019\u00eatre abandonn\u00e9.<\/p>\n\n\n\n<figure class=\"wp-block-image size-large\"><img loading=\"lazy\" decoding=\"async\" width=\"1024\" height=\"740\" src=\"http:\/\/lignesauto.fr\/wp-content\/uploads\/2023\/03\/AMBULANCE-ALPINE-VVA_05-1024x740.jpg\" alt=\"\" class=\"wp-image-28269\" srcset=\"https:\/\/lignesauto.fr\/wp-content\/uploads\/2023\/03\/AMBULANCE-ALPINE-VVA_05-1024x740.jpg 1024w, https:\/\/lignesauto.fr\/wp-content\/uploads\/2023\/03\/AMBULANCE-ALPINE-VVA_05-300x217.jpg 300w, https:\/\/lignesauto.fr\/wp-content\/uploads\/2023\/03\/AMBULANCE-ALPINE-VVA_05-768x555.jpg 768w, https:\/\/lignesauto.fr\/wp-content\/uploads\/2023\/03\/AMBULANCE-ALPINE-VVA_05.jpg 1417w\" sizes=\"(max-width: 1024px) 100vw, 1024px\" \/><figcaption class=\"wp-element-caption\"><strong>Le projet &#8220;V\u00e9hicule Vert Alpine&#8221; devenu ensuite &#8220;V\u00e9hicule de Grande Randonn\u00e9e&#8221; dispose d&#8217;un habitacle \u00e0 la modularit\u00e9 proche de celle que l&#8217;Espace de 1984 proposera.. <\/strong><\/figcaption><\/figure>\n\n\n\n<p style=\"font-size:17px\">Dans le programme de l\u2019Alpine d\u00e9velopp\u00e9e par le Berex avec le designer Yves Legal, les architectes avaient imagin\u00e9 une \u00ab&nbsp;Alpine Ambulance&nbsp;\u00bb (oui, oui&#8230;)<\/p>\n\n\n\n<figure class=\"wp-block-image size-large\"><img loading=\"lazy\" decoding=\"async\" width=\"1024\" height=\"505\" src=\"http:\/\/lignesauto.fr\/wp-content\/uploads\/2023\/03\/AMBULANCE-ALPINE-VVA_04-1024x505.png\" alt=\"\" class=\"wp-image-28268\" srcset=\"https:\/\/lignesauto.fr\/wp-content\/uploads\/2023\/03\/AMBULANCE-ALPINE-VVA_04-1024x505.png 1024w, https:\/\/lignesauto.fr\/wp-content\/uploads\/2023\/03\/AMBULANCE-ALPINE-VVA_04-300x148.png 300w, https:\/\/lignesauto.fr\/wp-content\/uploads\/2023\/03\/AMBULANCE-ALPINE-VVA_04-768x379.png 768w, https:\/\/lignesauto.fr\/wp-content\/uploads\/2023\/03\/AMBULANCE-ALPINE-VVA_04.png 1417w\" sizes=\"(max-width: 1024px) 100vw, 1024px\" \/><figcaption class=\"wp-element-caption\"><strong>Maquette d&#8217;habitabilit\u00e9 du v\u00e9hicule VVA Alpine devenu VGR Renault.<\/strong> Photo : Jean-Marie Souquet<\/figcaption><\/figure>\n\n\n\n<p style=\"font-size:17px\">Renault a repens\u00e9 \u00e0 ce concept \u00ab&nbsp;pin-pon-pin&nbsp;\u00bb pour proposer \u00e0 bord de l\u2019Espace des si\u00e8ges ind\u00e9pendants. Un concept \u00e9galement d\u00e9frich\u00e9 dans les ann\u00e9es 1970 par le programme VBG (voir sur ce site). Ce dernier a offert \u00e0 l\u2019Espace ces si\u00e8ges avant qui se retournent pour converser avec les occupants arri\u00e8re.<\/p>\n\n\n\n<figure class=\"wp-block-image size-large\"><img loading=\"lazy\" decoding=\"async\" width=\"1024\" height=\"620\" src=\"http:\/\/lignesauto.fr\/wp-content\/uploads\/2023\/03\/AMBULANCE-ALPINE-VVA_03-1024x620.png\" alt=\"\" class=\"wp-image-28271\" srcset=\"https:\/\/lignesauto.fr\/wp-content\/uploads\/2023\/03\/AMBULANCE-ALPINE-VVA_03-1024x620.png 1024w, https:\/\/lignesauto.fr\/wp-content\/uploads\/2023\/03\/AMBULANCE-ALPINE-VVA_03-300x182.png 300w, https:\/\/lignesauto.fr\/wp-content\/uploads\/2023\/03\/AMBULANCE-ALPINE-VVA_03-768x465.png 768w, https:\/\/lignesauto.fr\/wp-content\/uploads\/2023\/03\/AMBULANCE-ALPINE-VVA_03.png 1417w\" sizes=\"(max-width: 1024px) 100vw, 1024px\" \/><figcaption class=\"wp-element-caption\"><strong>A bord, la modularit\u00e9 est \u00e9tudi\u00e9e pour tous les types de v\u00e9hicules, y compris cette variante ambulance avec deux brancards !<\/strong> Photo : Jean-Marie Souquet<\/figcaption><\/figure>\n\n\n\n<p style=\"font-size:17px\">Les innovations \u00e0 l\u2019origine con\u00e7ues pour le bas de gamme se retrouvent donc en haut de gamme. Rien ne se perd. Il suffit de bien choisir sur les \u00e9tag\u00e8res quelques innovations en prenant soin de les d\u00e9poussi\u00e9rer.<\/p>\n\n\n\n<figure class=\"wp-block-image size-large\"><img loading=\"lazy\" decoding=\"async\" width=\"1024\" height=\"702\" src=\"http:\/\/lignesauto.fr\/wp-content\/uploads\/2023\/03\/AMBULANCE-ALPINE-VVA_02-1024x702.png\" alt=\"\" class=\"wp-image-28272\" srcset=\"https:\/\/lignesauto.fr\/wp-content\/uploads\/2023\/03\/AMBULANCE-ALPINE-VVA_02-1024x702.png 1024w, https:\/\/lignesauto.fr\/wp-content\/uploads\/2023\/03\/AMBULANCE-ALPINE-VVA_02-300x206.png 300w, https:\/\/lignesauto.fr\/wp-content\/uploads\/2023\/03\/AMBULANCE-ALPINE-VVA_02-768x527.png 768w, https:\/\/lignesauto.fr\/wp-content\/uploads\/2023\/03\/AMBULANCE-ALPINE-VVA_02.png 1417w\" sizes=\"(max-width: 1024px) 100vw, 1024px\" \/><figcaption class=\"wp-element-caption\">Photo : Jean-Marie Souquet<\/figcaption><\/figure>\n\n\n\n<p class=\"has-text-align-center\" style=\"font-size:18px\"><strong>Histoire 3<br>De la t\u00f4le, au grand d\u00e9sarroi de Matra<\/strong><\/p>\n\n\n\n<p style=\"font-size:17px\">Louis Schweitzer, patron de Renault \u00e0 l&#8217;\u00e9poque, va changer l\u2019histoire de l\u2019Espace avec la quatri\u00e8me g\u00e9n\u00e9ration du genre. Cette nouvelle g\u00e9n\u00e9ration ne sera plus industrialis\u00e9e en mat\u00e9riaux composites chez Matra, mais faite de t\u00f4le, et produite chez Renault. L\u2019accord scell\u00e9 entre les deux entreprises tient compte d\u2019un d\u00e9riv\u00e9 \u00ab&nbsp;coup\u00e9 Espace&nbsp;\u00bb dont la production reviendra \u00e0 Matra. C\u2019est le futur Avantime (ci-dessous) qui se profile.<\/p>\n\n\n\n<figure class=\"wp-block-image size-large\"><img loading=\"lazy\" decoding=\"async\" width=\"1024\" height=\"486\" src=\"http:\/\/lignesauto.fr\/wp-content\/uploads\/2023\/03\/AVANTIME-LIGNESAUTO-1024x486.png\" alt=\"\" class=\"wp-image-28286\" srcset=\"https:\/\/lignesauto.fr\/wp-content\/uploads\/2023\/03\/AVANTIME-LIGNESAUTO-1024x486.png 1024w, https:\/\/lignesauto.fr\/wp-content\/uploads\/2023\/03\/AVANTIME-LIGNESAUTO-300x142.png 300w, https:\/\/lignesauto.fr\/wp-content\/uploads\/2023\/03\/AVANTIME-LIGNESAUTO-768x364.png 768w, https:\/\/lignesauto.fr\/wp-content\/uploads\/2023\/03\/AVANTIME-LIGNESAUTO.png 1417w\" sizes=\"(max-width: 1024px) 100vw, 1024px\" \/><figcaption class=\"wp-element-caption\"><strong>Dessin de Thierry M\u00e9troz, aujourd&#8217;hui du responsable du design DS et auteur du design de l&#8217;Avantim<\/strong>e<\/figcaption><\/figure>\n\n\n\n<p style=\"font-size:17px\">Ce dernier conna\u00eetra h\u00e9las des soucis d\u2019industrialisation, notamment avec ses portes \u00e0 double cin\u00e9matique. On connait la suite avec des volumes de production bien en de\u00e7\u00e0 des objectifs. S\u2019y ajoutera l\u2019incompr\u00e9hension avec la sortie quasi simultan\u00e9e des Avantime et berline Vel Satis. Il est int\u00e9ressant de noter que pour le Sc\u00e9nic de 1996, Louis Schweitzer avait abandonn\u00e9 l\u2019id\u00e9e de produire ce v\u00e9hicule in\u00e9dit en mat\u00e9riaux composites au profit de la t\u00f4le, avec les investissements lourds qui allaient avec. Le succ\u00e8s a donn\u00e9 raison au patron \u00e0 cette \u00e9poque. L\u2019histoire ne s\u2019est pas r\u00e9p\u00e9t\u00e9e avec l\u2019Espace en t\u00f4le&#8230;<\/p>\n\n\n\n<figure class=\"wp-block-image size-large\"><img loading=\"lazy\" decoding=\"async\" width=\"1024\" height=\"547\" src=\"http:\/\/lignesauto.fr\/wp-content\/uploads\/2023\/03\/ESPACE_12-1024x547.png\" alt=\"\" class=\"wp-image-28273\" srcset=\"https:\/\/lignesauto.fr\/wp-content\/uploads\/2023\/03\/ESPACE_12-1024x547.png 1024w, https:\/\/lignesauto.fr\/wp-content\/uploads\/2023\/03\/ESPACE_12-300x160.png 300w, https:\/\/lignesauto.fr\/wp-content\/uploads\/2023\/03\/ESPACE_12-768x410.png 768w, https:\/\/lignesauto.fr\/wp-content\/uploads\/2023\/03\/ESPACE_12.png 1417w\" sizes=\"(max-width: 1024px) 100vw, 1024px\" \/><figcaption class=\"wp-element-caption\"><strong>A Boulogne, devant le studio de design, une maquette de l&#8217;Espace 4 est d\u00e9voil\u00e9e \u00e0 Louis Schweitzer et le projet d\u00e9laisse Matra pour \u00eatre industrialis\u00e9 chez Renault.<\/strong> Photo : Jean-Marie Souquet<\/figcaption><\/figure>\n\n\n\n<p class=\"has-text-align-center\" style=\"font-size:18px\"><strong>Histoire 4<br>Le coup\u00e9 Espace avant-gardiste<\/strong><\/p>\n\n\n\n<p style=\"font-size:17px\">Pendant trois ans, de 2014 \u00e0 2017, une cellule appel\u00e9e <em>\u00ab projets sp\u00e9ciaux \u00bb <\/em>sera cr\u00e9\u00e9e par Laurens van den Acker avec l\u2019ambition de cr\u00e9er un lien entre le savoir-faire de Renault Design et les d\u00e9cideurs de l\u2019entreprise. Elle doit \u00eatre une force de propositions internes et les projets qui seront r\u00e9alis\u00e9s derri\u00e8re les murs de cette entit\u00e9 n\u2019ont aucune vocation \u00e0 concurrencer les concept-cars. Les <em>\u00ab projets sp\u00e9ciaux \u00bb <\/em>cr\u00e9\u00e9s avec des \u00e9quipes r\u00e9duites, sorte de commandos, doivent proposer des silhouettes ou v\u00e9hicules qui pourraient compl\u00e9ter la gamme.<\/p>\n\n\n\n<figure class=\"wp-block-image size-large\"><img loading=\"lazy\" decoding=\"async\" width=\"1024\" height=\"679\" src=\"http:\/\/lignesauto.fr\/wp-content\/uploads\/2023\/03\/ESPACE_17-1024x679.jpg\" alt=\"\" class=\"wp-image-28276\" srcset=\"https:\/\/lignesauto.fr\/wp-content\/uploads\/2023\/03\/ESPACE_17-1024x679.jpg 1024w, https:\/\/lignesauto.fr\/wp-content\/uploads\/2023\/03\/ESPACE_17-300x199.jpg 300w, https:\/\/lignesauto.fr\/wp-content\/uploads\/2023\/03\/ESPACE_17-768x509.jpg 768w, https:\/\/lignesauto.fr\/wp-content\/uploads\/2023\/03\/ESPACE_17.jpg 1417w\" sizes=\"(max-width: 1024px) 100vw, 1024px\" \/><\/figure>\n\n\n\n<p style=\"font-size:17px\">\u00c0 l\u2019\u00e9poque, Volkswagen ou m\u00eame Mercedes font envie avec leurs gammes aux multiples silhouettes. Ainsi, des breaks sportifs sur base de M\u00e9gane et Talisman, une silhouette Talisman <em>Shooting Brake <\/em>(ci-dessous) ou encore un coup\u00e9 Espace (ci-dessus) sont r\u00e9alis\u00e9s \u00e0 l\u2019\u00e9chelle 1\/1 dans des d\u00e9lais ultracourts. Car l\u2019une des forces de cette cellule est de ne pas passer par des maquettes Clay puisque les projets sont int\u00e9gralement g\u00e9r\u00e9s en num\u00e9rique.<\/p>\n\n\n\n<figure class=\"wp-block-image size-large\"><img loading=\"lazy\" decoding=\"async\" width=\"1024\" height=\"437\" src=\"http:\/\/lignesauto.fr\/wp-content\/uploads\/2023\/03\/LIGNESAUTOTALISMAN-1024x437.png\" alt=\"\" class=\"wp-image-28278\" srcset=\"https:\/\/lignesauto.fr\/wp-content\/uploads\/2023\/03\/LIGNESAUTOTALISMAN-1024x437.png 1024w, https:\/\/lignesauto.fr\/wp-content\/uploads\/2023\/03\/LIGNESAUTOTALISMAN-300x128.png 300w, https:\/\/lignesauto.fr\/wp-content\/uploads\/2023\/03\/LIGNESAUTOTALISMAN-768x328.png 768w, https:\/\/lignesauto.fr\/wp-content\/uploads\/2023\/03\/LIGNESAUTOTALISMAN.png 1417w\" sizes=\"(max-width: 1024px) 100vw, 1024px\" \/><\/figure>\n\n\n\n<p style=\"font-size:17px\">De 2014 \u00e0 2017, les <em>\u00ab projets sp\u00e9ciaux \u00bb <\/em>ont \u00e9t\u00e9 r\u00e9v\u00e9l\u00e9s lors de grandes pr\u00e9sentations face \u00e0 la direction et aussi les responsables de toutes les r\u00e9gions du monde, pour convaincre et tenter d\u2019inclure ces nouvelles silhouettes au plan produit. Mais apr\u00e8s tous les patrons que Laurens van den Acker aura c\u00f4toy\u00e9s en seulement une d\u00e9cennie (Patrick P\u00e9lata jusqu\u2019en 2011, Carlos Tavares jusqu\u2019en 2013, J\u00e9r\u00f4me Stoll jusqu\u2019en 2018), Thierry Bollor\u00e9 alors n\u00b0 2 de Renault n\u2019a pas donn\u00e9 plus de suite \u00e0 ces projets internes. Le coup\u00e9 Espace a loup\u00e9 le coche&#8230;<\/p>\n\n\n\n<p style=\"font-size:18px\"><strong>LIRE &#8220;Le nouvel Esapce efface l&#8217;erreur strat\u00e9gique de Carlos Ghosn. Sans audace&#8221; ici : <a href=\"http:\/\/lignesauto.fr\/?p=28223\">http:\/\/lignesauto.fr\/?p=28223<\/a><\/strong><\/p>\n\n\n\n<figure class=\"wp-block-image size-large\"><img loading=\"lazy\" decoding=\"async\" width=\"1024\" height=\"566\" src=\"http:\/\/lignesauto.fr\/wp-content\/uploads\/2023\/03\/Nouveau_Renault_Espace-1-1024x566.jpg\" alt=\"\" class=\"wp-image-28294\" srcset=\"https:\/\/lignesauto.fr\/wp-content\/uploads\/2023\/03\/Nouveau_Renault_Espace-1-1024x566.jpg 1024w, https:\/\/lignesauto.fr\/wp-content\/uploads\/2023\/03\/Nouveau_Renault_Espace-1-300x166.jpg 300w, https:\/\/lignesauto.fr\/wp-content\/uploads\/2023\/03\/Nouveau_Renault_Espace-1-768x425.jpg 768w, https:\/\/lignesauto.fr\/wp-content\/uploads\/2023\/03\/Nouveau_Renault_Espace-1-1536x849.jpg 1536w, https:\/\/lignesauto.fr\/wp-content\/uploads\/2023\/03\/Nouveau_Renault_Espace-1-2048x1133.jpg 2048w\" sizes=\"(max-width: 1024px) 100vw, 1024px\" \/><\/figure>\n\n\n<div class=\"wp-block-image\">\n<figure class=\"aligncenter size-full is-resized\"><img loading=\"lazy\" decoding=\"async\" src=\"http:\/\/lignesauto.fr\/wp-content\/uploads\/2023\/03\/image-2.png\" alt=\"\" class=\"wp-image-28020\" width=\"507\" height=\"182\" srcset=\"https:\/\/lignesauto.fr\/wp-content\/uploads\/2023\/03\/image-2.png 1024w, https:\/\/lignesauto.fr\/wp-content\/uploads\/2023\/03\/image-2-300x108.png 300w, https:\/\/lignesauto.fr\/wp-content\/uploads\/2023\/03\/image-2-768x275.png 768w\" sizes=\"(max-width: 507px) 100vw, 507px\" \/><\/figure><\/div>","protected":false},"excerpt":{"rendered":"<p>Profitons de l&#8217;arriv\u00e9e de la nouvelle g\u00e9n\u00e9ration de l&#8217;Espace (un Austral allong\u00e9 \u00e0 sept places) pour revenir sur cette l\u00e9gende du monospace familial. Voici quatre coups de projecteurs sur des particules de vie de ce v\u00e9hicule pas comme les autres. Histoire 1\u00c9volution du style, de Matra \u00e0 Renault Cette histoire [&hellip;]<\/p>\n","protected":false},"author":1,"featured_media":28301,"comment_status":"closed","ping_status":"closed","sticky":false,"template":"","format":"standard","meta":{"footnotes":""},"categories":[1],"tags":[],"_links":{"self":[{"href":"https:\/\/lignesauto.fr\/index.php?rest_route=\/wp\/v2\/posts\/28212"}],"collection":[{"href":"https:\/\/lignesauto.fr\/index.php?rest_route=\/wp\/v2\/posts"}],"about":[{"href":"https:\/\/lignesauto.fr\/index.php?rest_route=\/wp\/v2\/types\/post"}],"author":[{"embeddable":true,"href":"https:\/\/lignesauto.fr\/index.php?rest_route=\/wp\/v2\/users\/1"}],"replies":[{"embeddable":true,"href":"https:\/\/lignesauto.fr\/index.php?rest_route=%2Fwp%2Fv2%2Fcomments&post=28212"}],"version-history":[{"count":52,"href":"https:\/\/lignesauto.fr\/index.php?rest_route=\/wp\/v2\/posts\/28212\/revisions"}],"predecessor-version":[{"id":28353,"href":"https:\/\/lignesauto.fr\/index.php?rest_route=\/wp\/v2\/posts\/28212\/revisions\/28353"}],"wp:featuredmedia":[{"embeddable":true,"href":"https:\/\/lignesauto.fr\/index.php?rest_route=\/wp\/v2\/media\/28301"}],"wp:attachment":[{"href":"https:\/\/lignesauto.fr\/index.php?rest_route=%2Fwp%2Fv2%2Fmedia&parent=28212"}],"wp:term":[{"taxonomy":"category","embeddable":true,"href":"https:\/\/lignesauto.fr\/index.php?rest_route=%2Fwp%2Fv2%2Fcategories&post=28212"},{"taxonomy":"post_tag","embeddable":true,"href":"https:\/\/lignesauto.fr\/index.php?rest_route=%2Fwp%2Fv2%2Ftags&post=28212"}],"curies":[{"name":"wp","href":"https:\/\/api.w.org\/{rel}","templated":true}]}}